{"id":2079563,"date":"2026-08-05T10:23:56","date_gmt":"2026-08-05T07:23:56","guid":{"rendered":"https:\/\/analyse.optim.biz\/?p=2079563"},"modified":"2026-08-05T10:23:56","modified_gmt":"2026-08-05T07:23:56","slug":"accident-mortal-pe-dn-2e-la-sasca-un-biciclist-de-60-de-ani-a-decedat","status":"publish","type":"post","link":"https:\/\/analyse.optim.biz\/?p=2079563","title":{"rendered":"Accident mortal pe DN 2E, la Sasca. Un biciclist de 60 de ani a decedat"},"content":{"rendered":"<p>[analyse_image type=&#8221;featured&#8221; src=&#8221;https:\/\/www.newsbucovina.ro\/wp-content\/uploads\/2026\/08\/accident-noaptea-ambulanta-4.jpeghttps:\/\/cdn.newsbucovina.ro\/wp-content\/uploads\/2026\/08\/accident-noaptea-ambulanta-4.jpeg&#8221;]<\/p>\n<div class=\"td-post-content tagdiv-type\">\n<div class=\"td-a-rec td-a-rec-id-content_top  tdi_3 td_block_template_1\"><strong>Intr\u0103 acum \u0219i \u00een grupul de <\/p>\n<div class=\"wp-block-button\"><a class=\"wp-block-button__link wp-element-button\" href=\"https:\/\/t.me\/+TH8wcfnp8fw5NWI0\">Telegram News Bucovina<\/a><\/div>\n<p><\/strong><\/div>\n<p class=\"wp-block-paragraph\">Miercuri, 5 august 2026, \u00een jurul orei 01:00, pe DN 2E, pe raza localit\u0103\u021bii Sasca, s-a produs un accident rutier soldat cu decesul unui biciclist.<\/p>\n<figure class=\"wp-block-image size-large\"><a href=\"https:\/\/cdn.newsbucovina.ro\/wp-content\/uploads\/2026\/08\/accident-noaptea-ambulanta-4.jpeg\"><img loading=\"lazy\" decoding=\"async\" width=\"1024\" height=\"768\" src=\"https:\/\/cdn.newsbucovina.ro\/wp-content\/uploads\/2026\/08\/accident-noaptea-ambulanta-4-1024x768.jpeg\" alt class=\"wp-image-445678\"><\/a><\/figure>\n<p class=\"wp-block-paragraph\">Potrivit poli\u021bi\u0219tilor din cadrul Poli\u021biei Municipiului F\u0103lticeni, un b\u0103rbat de 60 de ani din Sasca se deplasa pe biciclet\u0103 pe direc\u021bia Gura Humorului \u2013 F\u0103lticeni. Acesta a virat brusc spre st\u00e2nga \u0219i a fost acro\u0219at de o autoutilitar\u0103 Renault condus\u0103 de un b\u0103rbat de 40 de ani din F\u0103lticeni, care circula pe aceea\u0219i direc\u021bie.<\/p>\n<p class=\"wp-block-paragraph\">\u00cen urma impactului, biciclistul a decedat.<\/p>\n<p class=\"wp-block-paragraph\">Conduc\u0103torul auto a fost testat cu aparatul etilometru, rezultatul fiind 0,00 mg\/l alcool pur \u00een aerul expirat.<\/p>\n<p class=\"wp-block-paragraph\">Poli\u021bi\u0219tii au \u00eentocmit dosar penal sub aspectul s\u0103v\u00e2r\u0219irii infrac\u021biunii de ucidere din culp\u0103, fapt\u0103 prev\u0103zut\u0103 de art. 192 alin. 1 \u0219i 2 din Codul Penal.<\/p>\n<figure class=\"wp-block-embed is-type-video is-provider-youtube wp-block-embed-youtube wp-embed-aspect-16-9 wp-has-aspect-ratio\">\n<div class=\"wp-block-embed__wrapper\">\n<div class=\"youtube-embed\" data-video_id=\"uYtccfvP5bg\"><iframe loading=\"lazy\" title=\"Ce n-a v\u0103zut Paris-ul .. va vedea Suceava!! Nu-i chip s\u0103-i opre\u0219ti! Pe 4 septembrie va fi STOP joc\u2026\" width=\"696\" height=\"392\" src=\"https:\/\/www.youtube.com\/embed\/uYtccfvP5bg?feature=oembed&amp;enablejsapi=1\" frameborder allow=\"accelerometer; autoplay; clipboard-write; encrypted-media; gyroscope; picture-in-picture; web-share\" referrerpolicy=\"strict-origin-when-cross-origin\" allowfullscreen><\/iframe><\/div>\n<\/div>\n<\/figure>\n<div class=\"td-a-rec td-a-rec-id-content_bottom  tdi_4 td_block_template_1\"><strong>Intr\u0103 acum \u0219i \u00een grupul de <\/p>\n<div class=\"wp-block-button\"><a class=\"wp-block-button__link wp-element-button\" href=\"https:\/\/t.me\/+TH8wcfnp8fw5NWI0\">Telegram News Bucovina<\/a><\/div>\n<p><\/strong><\/div>\n<\/div>\n<div class=\"td-post-content tagdiv-type\">\n<div class=\"td-a-rec td-a-rec-id-content_top  tdi_3 td_block_template_1\"><strong>Intr\u0103 acum \u0219i \u00een grupul de <\/p>\n<div class=\"wp-block-button\"><a class=\"wp-block-button__link wp-element-button\" href=\"https:\/\/t.me\/+TH8wcfnp8fw5NWI0\">Telegram News Bucovina<\/a><\/div>\n<p><\/strong><\/div>\n<p class=\"wp-block-paragraph\">Miercuri, 5 august 2026, \u00een jurul orei 01:00, pe DN 2E, pe raza localit\u0103\u021bii Sasca, s-a produs un accident rutier soldat cu decesul unui biciclist.<\/p>\n<figure class=\"wp-block-image size-large\"><a href=\"https:\/\/cdn.newsbucovina.ro\/wp-content\/uploads\/2026\/08\/accident-noaptea-ambulanta-4.jpeg\"><img loading=\"lazy\" decoding=\"async\" width=\"1024\" height=\"768\" src=\"https:\/\/cdn.newsbucovina.ro\/wp-content\/uploads\/2026\/08\/accident-noaptea-ambulanta-4-1024x768.jpeg\" alt class=\"wp-image-445678\"><\/a><\/figure>\n<p class=\"wp-block-paragraph\">Potrivit poli\u021bi\u0219tilor din cadrul Poli\u021biei Municipiului F\u0103lticeni, un b\u0103rbat de 60 de ani din Sasca se deplasa pe biciclet\u0103 pe direc\u021bia Gura Humorului \u2013 F\u0103lticeni. Acesta a virat brusc spre st\u00e2nga \u0219i a fost acro\u0219at de o autoutilitar\u0103 Renault condus\u0103 de un b\u0103rbat de 40 de ani din F\u0103lticeni, care circula pe aceea\u0219i direc\u021bie.<\/p>\n<p class=\"wp-block-paragraph\">\u00cen urma impactului, biciclistul a decedat.<\/p>\n<p class=\"wp-block-paragraph\">Conduc\u0103torul auto a fost testat cu aparatul etilometru, rezultatul fiind 0,00 mg\/l alcool pur \u00een aerul expirat.<\/p>\n<p class=\"wp-block-paragraph\">Poli\u021bi\u0219tii au \u00eentocmit dosar penal sub aspectul s\u0103v\u00e2r\u0219irii infrac\u021biunii de ucidere din culp\u0103, fapt\u0103 prev\u0103zut\u0103 de art. 192 alin. 1 \u0219i 2 din Codul Penal.<\/p>\n<figure class=\"wp-block-embed is-type-video is-provider-youtube wp-block-embed-youtube wp-embed-aspect-16-9 wp-has-aspect-ratio\">\n<div class=\"wp-block-embed__wrapper\">\n<div class=\"youtube-embed\" data-video_id=\"uYtccfvP5bg\"><iframe loading=\"lazy\" title=\"Ce n-a v\u0103zut Paris-ul .. va vedea Suceava!! Nu-i chip s\u0103-i opre\u0219ti! Pe 4 septembrie va fi STOP joc\u2026\" width=\"696\" height=\"392\" src=\"https:\/\/www.youtube.com\/embed\/uYtccfvP5bg?feature=oembed&amp;enablejsapi=1\" frameborder allow=\"accelerometer; autoplay; clipboard-write; encrypted-media; gyroscope; picture-in-picture; web-share\" referrerpolicy=\"strict-origin-when-cross-origin\" allowfullscreen><\/iframe><\/div>\n<\/div>\n<\/figure>\n<div class=\"td-a-rec td-a-rec-id-content_bottom  tdi_4 td_block_template_1\"><strong>Intr\u0103 acum \u0219i \u00een grupul de <\/p>\n<div class=\"wp-block-button\"><a class=\"wp-block-button__link wp-element-button\" href=\"https:\/\/t.me\/+TH8wcfnp8fw5NWI0\">Telegram News Bucovina<\/a><\/div>\n<p><\/strong><\/div>\n<\/div>\n<p>[analyse_source url=&#8221;https:\/\/www.newsbucovina.ro\/social\/445725\/accident-mortal-pe-dn-2e-la-sasca-un-biciclist-de-60-de-ani-a-decedat&#8221;]<\/p>\n","protected":false},"excerpt":{"rendered":"<p>[analyse_image type=&#8221;featured&#8221; src=&#8221;https:\/\/www.newsbucovina.ro\/wp-content\/uploads\/2026\/08\/accident-noaptea-ambulanta-4.jpeghttps:\/\/cdn.newsbucovina.ro\/wp-content\/uploads\/2026\/08\/accident-noaptea-ambulanta-4.jpeg&#8221;] Intr\u0103 acum \u0219i \u00een grupul de Telegram News Bucovina Miercuri, 5 august 2026, \u00een jurul orei 01:00, pe DN 2E, pe raza localit\u0103\u021bii Sasca, s-a produs un accident rutier soldat cu decesul unui biciclist. Potrivit poli\u021bi\u0219tilor din cadrul Poli\u021biei Municipiului F\u0103lticeni, un b\u0103rbat de 60 de ani din Sasca se deplasa pe [&hellip;]<\/p>\n","protected":false},"author":1,"featured_media":0,"comment_status":"open","ping_status":"","sticky":false,"template":"","format":"standard","meta":{"footnotes":""},"categories":[89],"tags":[226,165],"class_list":["post-2079563","post","type-post","status-publish","format-standard","hentry","category-romania","tag-crawlmanager","tag-newsbucovina-ro"],"_links":{"self":[{"href":"https:\/\/analyse.optim.biz\/index.php?rest_route=\/wp\/v2\/posts\/2079563","targetHints":{"allow":["GET"]}}],"collection":[{"href":"https:\/\/analyse.optim.biz\/index.php?rest_route=\/wp\/v2\/posts"}],"about":[{"href":"https:\/\/analyse.optim.biz\/index.php?rest_route=\/wp\/v2\/types\/post"}],"author":[{"embeddable":true,"href":"https:\/\/analyse.optim.biz\/index.php?rest_route=\/wp\/v2\/users\/1"}],"replies":[{"embeddable":true,"href":"https:\/\/analyse.optim.biz\/index.php?rest_route=%2Fwp%2Fv2%2Fcomments&post=2079563"}],"version-history":[{"count":0,"href":"https:\/\/analyse.optim.biz\/index.php?rest_route=\/wp\/v2\/posts\/2079563\/revisions"}],"wp:attachment":[{"href":"https:\/\/analyse.optim.biz\/index.php?rest_route=%2Fwp%2Fv2%2Fmedia&parent=2079563"}],"wp:term":[{"taxonomy":"category","embeddable":true,"href":"https:\/\/analyse.optim.biz\/index.php?rest_route=%2Fwp%2Fv2%2Fcategories&post=2079563"},{"taxonomy":"post_tag","embeddable":true,"href":"https:\/\/analyse.optim.biz\/index.php?rest_route=%2Fwp%2Fv2%2Ftags&post=2079563"}],"curies":[{"name":"wp","href":"https:\/\/api.w.org\/{rel}","templated":true}]}}