{"id":2079562,"date":"2026-08-05T10:21:51","date_gmt":"2026-08-05T07:21:51","guid":{"rendered":"https:\/\/analyse.optim.biz\/?p=2079562"},"modified":"2026-08-05T10:21:51","modified_gmt":"2026-08-05T07:21:51","slug":"inselaciune-prin-metoda-angajat-de-banca-la-falticeni-un-barbat-a-transferat-17-600-de-lei","status":"publish","type":"post","link":"https:\/\/analyse.optim.biz\/?p=2079562","title":{"rendered":"\u00cen\u0219el\u0103ciune prin metoda \u201eangajat de banc\u0103\u201d la F\u0103lticeni. Un b\u0103rbat a transferat 17.600 de lei"},"content":{"rendered":"<p>[analyse_image type=&#8221;featured&#8221; src=&#8221;https:\/\/www.newsbucovina.ro\/wp-content\/uploads\/2022\/12\/inselaciune-online.pnghttps:\/\/cdn.newsbucovina.ro\/wp-content\/uploads\/2022\/12\/inselaciune-online.png&#8221;]<\/p>\n<div class=\"td-post-content tagdiv-type\">\n<div class=\"td-a-rec td-a-rec-id-content_top  tdi_3 td_block_template_1\"><strong>Intr\u0103 acum \u0219i \u00een grupul de <\/p>\n<div class=\"wp-block-button\"><a class=\"wp-block-button__link wp-element-button\" href=\"https:\/\/t.me\/+TH8wcfnp8fw5NWI0\">Telegram News Bucovina<\/a><\/div>\n<p><\/strong><\/div>\n<p class=\"wp-block-paragraph\">Un b\u0103rbat din zona F\u0103lticeni a sesizat, mar\u021bi, 4 august 2026, Poli\u021bia Municipiului F\u0103lticeni c\u0103 a fost victima unei \u00een\u0219el\u0103ciuni.<\/p>\n<div class=\"wp-block-image\">\n<figure class=\"aligncenter size-full\"><a href=\"https:\/\/cdn.newsbucovina.ro\/wp-content\/uploads\/2022\/12\/inselaciune-online.png\"><img loading=\"lazy\" decoding=\"async\" width=\"507\" height=\"336\" src=\"https:\/\/cdn.newsbucovina.ro\/wp-content\/uploads\/2022\/12\/inselaciune-online.png.webp\" alt class=\"wp-image-355140\"><\/a><\/figure>\n<\/div>\n<p class=\"wp-block-paragraph\">Potrivit declara\u021biilor, pe 21 iulie 2026, persoana v\u0103t\u0103mat\u0103 a fost contactat\u0103 telefonic de un b\u0103rbat care s-a prezentat drept lucr\u0103tor din cadrul BCR \u2013 Celula Protectiv\u0103. Acesta i-a spus c\u0103 este victima unei fraude bancare \u0219i c\u0103, pentru a-\u0219i proteja banii din cont, trebuie s\u0103-i transfere \u00eentr-un cont al institu\u021biei, de unde i-ar putea ridica ulterior de la orice sucursal\u0103 BCR.<\/p>\n<p class=\"wp-block-paragraph\">\u00cen aceea\u0219i zi, victima a efectuat un transfer de 17.600 de lei din contul personal c\u0103tre contul indicat de presupusul angajat al b\u0103ncii.<\/p>\n<p class=\"wp-block-paragraph\">Pe 3 august 2026, b\u0103rbatul a fost contactat din nou de aceea\u0219i persoan\u0103, care i-a solicitat s\u0103 contracteze un credit prin aplica\u021bia Revolut. Abia atunci a realizat c\u0103 a fost \u00een\u0219elat.<\/p>\n<p class=\"wp-block-paragraph\">Poli\u021bi\u0219tii au \u00eentocmit dosar penal sub aspectul s\u0103v\u00e2r\u0219irii infrac\u021biunii de \u00een\u0219el\u0103ciune.<\/p>\n<figure class=\"wp-block-embed is-type-video is-provider-youtube wp-block-embed-youtube wp-embed-aspect-16-9 wp-has-aspect-ratio\">\n<div class=\"wp-block-embed__wrapper\">\n<div class=\"youtube-embed\" data-video_id=\"uYtccfvP5bg\"><iframe loading=\"lazy\" title=\"Ce n-a v\u0103zut Paris-ul .. va vedea Suceava!! Nu-i chip s\u0103-i opre\u0219ti! Pe 4 septembrie va fi STOP joc\u2026\" width=\"696\" height=\"392\" src=\"https:\/\/www.youtube.com\/embed\/uYtccfvP5bg?feature=oembed&amp;enablejsapi=1\" frameborder allow=\"accelerometer; autoplay; clipboard-write; encrypted-media; gyroscope; picture-in-picture; web-share\" referrerpolicy=\"strict-origin-when-cross-origin\" allowfullscreen><\/iframe><\/div>\n<\/div>\n<\/figure>\n<div class=\"td-a-rec td-a-rec-id-content_bottom  tdi_4 td_block_template_1\"><strong>Intr\u0103 acum \u0219i \u00een grupul de <\/p>\n<div class=\"wp-block-button\"><a class=\"wp-block-button__link wp-element-button\" href=\"https:\/\/t.me\/+TH8wcfnp8fw5NWI0\">Telegram News Bucovina<\/a><\/div>\n<p><\/strong><\/div>\n<\/div>\n<div class=\"td-post-content tagdiv-type\">\n<div class=\"td-a-rec td-a-rec-id-content_top  tdi_3 td_block_template_1\"><strong>Intr\u0103 acum \u0219i \u00een grupul de <\/p>\n<div class=\"wp-block-button\"><a class=\"wp-block-button__link wp-element-button\" href=\"https:\/\/t.me\/+TH8wcfnp8fw5NWI0\">Telegram News Bucovina<\/a><\/div>\n<p><\/strong><\/div>\n<p class=\"wp-block-paragraph\">Un b\u0103rbat din zona F\u0103lticeni a sesizat, mar\u021bi, 4 august 2026, Poli\u021bia Municipiului F\u0103lticeni c\u0103 a fost victima unei \u00een\u0219el\u0103ciuni.<\/p>\n<div class=\"wp-block-image\">\n<figure class=\"aligncenter size-full\"><a href=\"https:\/\/cdn.newsbucovina.ro\/wp-content\/uploads\/2022\/12\/inselaciune-online.png\"><img loading=\"lazy\" decoding=\"async\" width=\"507\" height=\"336\" src=\"https:\/\/cdn.newsbucovina.ro\/wp-content\/uploads\/2022\/12\/inselaciune-online.png.webp\" alt class=\"wp-image-355140\"><\/a><\/figure>\n<\/div>\n<p class=\"wp-block-paragraph\">Potrivit declara\u021biilor, pe 21 iulie 2026, persoana v\u0103t\u0103mat\u0103 a fost contactat\u0103 telefonic de un b\u0103rbat care s-a prezentat drept lucr\u0103tor din cadrul BCR \u2013 Celula Protectiv\u0103. Acesta i-a spus c\u0103 este victima unei fraude bancare \u0219i c\u0103, pentru a-\u0219i proteja banii din cont, trebuie s\u0103-i transfere \u00eentr-un cont al institu\u021biei, de unde i-ar putea ridica ulterior de la orice sucursal\u0103 BCR.<\/p>\n<p class=\"wp-block-paragraph\">\u00cen aceea\u0219i zi, victima a efectuat un transfer de 17.600 de lei din contul personal c\u0103tre contul indicat de presupusul angajat al b\u0103ncii.<\/p>\n<p class=\"wp-block-paragraph\">Pe 3 august 2026, b\u0103rbatul a fost contactat din nou de aceea\u0219i persoan\u0103, care i-a solicitat s\u0103 contracteze un credit prin aplica\u021bia Revolut. Abia atunci a realizat c\u0103 a fost \u00een\u0219elat.<\/p>\n<p class=\"wp-block-paragraph\">Poli\u021bi\u0219tii au \u00eentocmit dosar penal sub aspectul s\u0103v\u00e2r\u0219irii infrac\u021biunii de \u00een\u0219el\u0103ciune.<\/p>\n<figure class=\"wp-block-embed is-type-video is-provider-youtube wp-block-embed-youtube wp-embed-aspect-16-9 wp-has-aspect-ratio\">\n<div class=\"wp-block-embed__wrapper\">\n<div class=\"youtube-embed\" data-video_id=\"uYtccfvP5bg\"><iframe loading=\"lazy\" title=\"Ce n-a v\u0103zut Paris-ul .. va vedea Suceava!! Nu-i chip s\u0103-i opre\u0219ti! Pe 4 septembrie va fi STOP joc\u2026\" width=\"696\" height=\"392\" src=\"https:\/\/www.youtube.com\/embed\/uYtccfvP5bg?feature=oembed&amp;enablejsapi=1\" frameborder allow=\"accelerometer; autoplay; clipboard-write; encrypted-media; gyroscope; picture-in-picture; web-share\" referrerpolicy=\"strict-origin-when-cross-origin\" allowfullscreen><\/iframe><\/div>\n<\/div>\n<\/figure>\n<div class=\"td-a-rec td-a-rec-id-content_bottom  tdi_4 td_block_template_1\"><strong>Intr\u0103 acum \u0219i \u00een grupul de <\/p>\n<div class=\"wp-block-button\"><a class=\"wp-block-button__link wp-element-button\" href=\"https:\/\/t.me\/+TH8wcfnp8fw5NWI0\">Telegram News Bucovina<\/a><\/div>\n<p><\/strong><\/div>\n<\/div>\n<p>[analyse_source url=&#8221;https:\/\/www.newsbucovina.ro\/falticeni\/445723\/inselaciune-prin-metoda-angajat-de-banca-la-falticeni-un-barbat-a-transferat-17-600-de-lei&#8221;]<\/p>\n","protected":false},"excerpt":{"rendered":"<p>[analyse_image type=&#8221;featured&#8221; src=&#8221;https:\/\/www.newsbucovina.ro\/wp-content\/uploads\/2022\/12\/inselaciune-online.pnghttps:\/\/cdn.newsbucovina.ro\/wp-content\/uploads\/2022\/12\/inselaciune-online.png&#8221;] Intr\u0103 acum \u0219i \u00een grupul de Telegram News Bucovina Un b\u0103rbat din zona F\u0103lticeni a sesizat, mar\u021bi, 4 august 2026, Poli\u021bia Municipiului F\u0103lticeni c\u0103 a fost victima unei \u00een\u0219el\u0103ciuni. Potrivit declara\u021biilor, pe 21 iulie 2026, persoana v\u0103t\u0103mat\u0103 a fost contactat\u0103 telefonic de un b\u0103rbat care s-a prezentat drept lucr\u0103tor din cadrul BCR [&hellip;]<\/p>\n","protected":false},"author":1,"featured_media":0,"comment_status":"open","ping_status":"","sticky":false,"template":"","format":"standard","meta":{"footnotes":""},"categories":[89],"tags":[226,165],"class_list":["post-2079562","post","type-post","status-publish","format-standard","hentry","category-romania","tag-crawlmanager","tag-newsbucovina-ro"],"_links":{"self":[{"href":"https:\/\/analyse.optim.biz\/index.php?rest_route=\/wp\/v2\/posts\/2079562","targetHints":{"allow":["GET"]}}],"collection":[{"href":"https:\/\/analyse.optim.biz\/index.php?rest_route=\/wp\/v2\/posts"}],"about":[{"href":"https:\/\/analyse.optim.biz\/index.php?rest_route=\/wp\/v2\/types\/post"}],"author":[{"embeddable":true,"href":"https:\/\/analyse.optim.biz\/index.php?rest_route=\/wp\/v2\/users\/1"}],"replies":[{"embeddable":true,"href":"https:\/\/analyse.optim.biz\/index.php?rest_route=%2Fwp%2Fv2%2Fcomments&post=2079562"}],"version-history":[{"count":0,"href":"https:\/\/analyse.optim.biz\/index.php?rest_route=\/wp\/v2\/posts\/2079562\/revisions"}],"wp:attachment":[{"href":"https:\/\/analyse.optim.biz\/index.php?rest_route=%2Fwp%2Fv2%2Fmedia&parent=2079562"}],"wp:term":[{"taxonomy":"category","embeddable":true,"href":"https:\/\/analyse.optim.biz\/index.php?rest_route=%2Fwp%2Fv2%2Fcategories&post=2079562"},{"taxonomy":"post_tag","embeddable":true,"href":"https:\/\/analyse.optim.biz\/index.php?rest_route=%2Fwp%2Fv2%2Ftags&post=2079562"}],"curies":[{"name":"wp","href":"https:\/\/api.w.org\/{rel}","templated":true}]}}