{"id":2079559,"date":"2026-08-05T12:15:19","date_gmt":"2026-08-05T09:15:19","guid":{"rendered":"https:\/\/analyse.optim.biz\/?p=2079559"},"modified":"2026-08-05T12:15:19","modified_gmt":"2026-08-05T09:15:19","slug":"edward-maya-aduce-proiectul-simfonic-hyperborea-la-simfonii-de-toamna-a-doua-seara-a-festivalului-pe-5-septembrie-la-suceava","status":"publish","type":"post","link":"https:\/\/analyse.optim.biz\/?p=2079559","title":{"rendered":"Edward Maya aduce proiectul simfonic \u201eHyperborea\u201d la \u201eSimfonii de Toamn\u0103\u201d. A doua sear\u0103 a festivalului, pe 5 septembrie, la Suceava"},"content":{"rendered":"<p>[analyse_image type=&#8221;featured&#8221; src=&#8221;https:\/\/www.newsbucovina.ro\/wp-content\/uploads\/2026\/08\/foto-afis.jpghttps:\/\/cdn.newsbucovina.ro\/wp-content\/uploads\/2026\/08\/foto-afis.jpg&#8221;]<\/p>\n<div class=\"td-post-content tagdiv-type\">\n<div class=\"td-a-rec td-a-rec-id-content_top  tdi_3 td_block_template_1\"><strong>Intr\u0103 acum \u0219i \u00een grupul de <\/p>\n<div class=\"wp-block-button\"><a class=\"wp-block-button__link wp-element-button\" href=\"https:\/\/t.me\/+TH8wcfnp8fw5NWI0\">Telegram News Bucovina<\/a><\/div>\n<p><\/strong><\/div>\n<p class=\"wp-block-paragraph\">Festivalul \u201eSimfonii de Toamn\u0103\u201d \u00ee\u0219i completeaz\u0103 edi\u021bia a XIII-a cu o propunere artistic\u0103 deosebit\u0103. S\u00e2mb\u0103t\u0103, 5 septembrie 2026, pe Esplanada Casei de Cultur\u0103 din Suceava, publicul va putea urm\u0103ri proiectul simfonic \u201eHyperborea\u201d, creat \u0219i orchestrat de produc\u0103torul \u0219i compozitorul Edward Maya, \u00een interpretarea Orchestrei Hyperborea, sub bagheta Simonei Strungaru.<\/p>\n<figure class=\"wp-block-image size-large\"><a href=\"https:\/\/cdn.newsbucovina.ro\/wp-content\/uploads\/2026\/08\/foto-afis.jpg\"><img loading=\"lazy\" decoding=\"async\" width=\"1024\" height=\"683\" src=\"https:\/\/cdn.newsbucovina.ro\/wp-content\/uploads\/2026\/08\/foto-afis-1024x683.jpg\" alt class=\"wp-image-445730\"><\/a><\/figure>\n<p class=\"wp-block-paragraph\">Organizat de Rotary Club Suceava-Bucovina \u0219i KIMARO Entertainment, festivalul \u2013 devenit deja o tradi\u021bie de 13 ani \u00een via\u021ba cultural\u0103 a ora\u0219ului \u2013 \u00ee\u0219i propune, prin aceast\u0103 a doua sear\u0103, s\u0103 uneasc\u0103 muzica electronic\u0103 cu m\u0103re\u021bia unei orchestre simfonice. Conceptul \u201eHyperborea\u201d este inspirat de mitul t\u0103r\u00e2mului legendar al luminii \u0219i armoniei, \u00een care muzica era v\u0103zut\u0103 ca un limbaj universal. Pe scen\u0103, ritmurile moderne se vor \u00eempleti cu instrumentele clasice, \u00eentr-un spectacol care reinterpreteaz\u0103 compozi\u021bii proprii ale artistului \u0219i teme universale.<\/p>\n<p class=\"wp-block-paragraph\">Edward Maya (Eduard Marian Ilie) este cunoscut ca primul produc\u0103tor rom\u00e2n care a atins faima interna\u021bional\u0103 la un nivel istoric prin piesa \u201eStereo Love\u201d, fenomen global certificat cu discuri de aur \u0219i platin\u0103 \u00een zeci de \u021b\u0103ri \u0219i premiat la Billboard Music Awards. Dincolo de succesul \u00een muzica dance, artistul are o formare solid\u0103 \u00een muzica clasic\u0103 \u0219i se afirm\u0103 ca un compozitor \u0219i instrumentist complex. Prezen\u021ba sa la Suceava marcheaz\u0103 o etap\u0103 nou\u0103 pentru festival, care continu\u0103 s\u0103 \u00eembine noble\u021bea muzicii clasice cu propuneri contemporane.<\/p>\n<p class=\"wp-block-paragraph\">Ca \u0219i \u00een seara dedicat\u0103 Angelei Gheorghiu, organizatorii pun \u00een v\u00e2nzare bilete pentru locurile din zonele apropiate scenei. Achizi\u021bionarea unui bilet reprezint\u0103 o contribu\u021bie simbolic\u0103 la men\u021binerea standardelor ridicate ale evenimentului. Detalii despre program \u0219i bilete pot fi g\u0103site pe site-ul oficial al festivalului \u0219i pe paginile de social media ale organizatorilor.<\/p>\n<p class=\"wp-block-paragraph\">Astfel, \u201eSimfonii de Toamn\u0103\u201d 2026 propune publicului sucevean dou\u0103 seri consecutive de excelen\u021b\u0103 artistic\u0103, confirm\u00e2nd \u00eenc\u0103 o dat\u0103 rolul s\u0103u de reper cultural al regiunii.<\/p>\n<figure class=\"wp-block-embed is-type-video is-provider-youtube wp-block-embed-youtube wp-embed-aspect-16-9 wp-has-aspect-ratio\">\n<div class=\"wp-block-embed__wrapper\">\n<div class=\"youtube-embed\" data-video_id=\"uYtccfvP5bg\"><iframe loading=\"lazy\" title=\"Ce n-a v\u0103zut Paris-ul .. va vedea Suceava!! Nu-i chip s\u0103-i opre\u0219ti! Pe 4 septembrie va fi STOP joc\u2026\" width=\"696\" height=\"392\" src=\"https:\/\/www.youtube.com\/embed\/uYtccfvP5bg?feature=oembed&amp;enablejsapi=1\" frameborder allow=\"accelerometer; autoplay; clipboard-write; encrypted-media; gyroscope; picture-in-picture; web-share\" referrerpolicy=\"strict-origin-when-cross-origin\" allowfullscreen><\/iframe><\/div>\n<\/div>\n<\/figure>\n<div class=\"td-a-rec td-a-rec-id-content_bottom  tdi_4 td_block_template_1\"><strong>Intr\u0103 acum \u0219i \u00een grupul de <\/p>\n<div class=\"wp-block-button\"><a class=\"wp-block-button__link wp-element-button\" href=\"https:\/\/t.me\/+TH8wcfnp8fw5NWI0\">Telegram News Bucovina<\/a><\/div>\n<p><\/strong><\/div>\n<\/div>\n<div class=\"td-post-content tagdiv-type\">\n<div class=\"td-a-rec td-a-rec-id-content_top  tdi_3 td_block_template_1\"><strong>Intr\u0103 acum \u0219i \u00een grupul de <\/p>\n<div class=\"wp-block-button\"><a class=\"wp-block-button__link wp-element-button\" href=\"https:\/\/t.me\/+TH8wcfnp8fw5NWI0\">Telegram News Bucovina<\/a><\/div>\n<p><\/strong><\/div>\n<p class=\"wp-block-paragraph\">Festivalul \u201eSimfonii de Toamn\u0103\u201d \u00ee\u0219i completeaz\u0103 edi\u021bia a XIII-a cu o propunere artistic\u0103 deosebit\u0103. S\u00e2mb\u0103t\u0103, 5 septembrie 2026, pe Esplanada Casei de Cultur\u0103 din Suceava, publicul va putea urm\u0103ri proiectul simfonic \u201eHyperborea\u201d, creat \u0219i orchestrat de produc\u0103torul \u0219i compozitorul Edward Maya, \u00een interpretarea Orchestrei Hyperborea, sub bagheta Simonei Strungaru.<\/p>\n<figure class=\"wp-block-image size-large\"><a href=\"https:\/\/cdn.newsbucovina.ro\/wp-content\/uploads\/2026\/08\/foto-afis.jpg\"><img loading=\"lazy\" decoding=\"async\" width=\"1024\" height=\"683\" src=\"https:\/\/cdn.newsbucovina.ro\/wp-content\/uploads\/2026\/08\/foto-afis-1024x683.jpg\" alt class=\"wp-image-445730\"><\/a><\/figure>\n<p class=\"wp-block-paragraph\">Organizat de Rotary Club Suceava-Bucovina \u0219i KIMARO Entertainment, festivalul \u2013 devenit deja o tradi\u021bie de 13 ani \u00een via\u021ba cultural\u0103 a ora\u0219ului \u2013 \u00ee\u0219i propune, prin aceast\u0103 a doua sear\u0103, s\u0103 uneasc\u0103 muzica electronic\u0103 cu m\u0103re\u021bia unei orchestre simfonice. Conceptul \u201eHyperborea\u201d este inspirat de mitul t\u0103r\u00e2mului legendar al luminii \u0219i armoniei, \u00een care muzica era v\u0103zut\u0103 ca un limbaj universal. Pe scen\u0103, ritmurile moderne se vor \u00eempleti cu instrumentele clasice, \u00eentr-un spectacol care reinterpreteaz\u0103 compozi\u021bii proprii ale artistului \u0219i teme universale.<\/p>\n<p class=\"wp-block-paragraph\">Edward Maya (Eduard Marian Ilie) este cunoscut ca primul produc\u0103tor rom\u00e2n care a atins faima interna\u021bional\u0103 la un nivel istoric prin piesa \u201eStereo Love\u201d, fenomen global certificat cu discuri de aur \u0219i platin\u0103 \u00een zeci de \u021b\u0103ri \u0219i premiat la Billboard Music Awards. Dincolo de succesul \u00een muzica dance, artistul are o formare solid\u0103 \u00een muzica clasic\u0103 \u0219i se afirm\u0103 ca un compozitor \u0219i instrumentist complex. Prezen\u021ba sa la Suceava marcheaz\u0103 o etap\u0103 nou\u0103 pentru festival, care continu\u0103 s\u0103 \u00eembine noble\u021bea muzicii clasice cu propuneri contemporane.<\/p>\n<p class=\"wp-block-paragraph\">Ca \u0219i \u00een seara dedicat\u0103 Angelei Gheorghiu, organizatorii pun \u00een v\u00e2nzare bilete pentru locurile din zonele apropiate scenei. Achizi\u021bionarea unui bilet reprezint\u0103 o contribu\u021bie simbolic\u0103 la men\u021binerea standardelor ridicate ale evenimentului. Detalii despre program \u0219i bilete pot fi g\u0103site pe site-ul oficial al festivalului \u0219i pe paginile de social media ale organizatorilor.<\/p>\n<p class=\"wp-block-paragraph\">Astfel, \u201eSimfonii de Toamn\u0103\u201d 2026 propune publicului sucevean dou\u0103 seri consecutive de excelen\u021b\u0103 artistic\u0103, confirm\u00e2nd \u00eenc\u0103 o dat\u0103 rolul s\u0103u de reper cultural al regiunii.<\/p>\n<figure class=\"wp-block-embed is-type-video is-provider-youtube wp-block-embed-youtube wp-embed-aspect-16-9 wp-has-aspect-ratio\">\n<div class=\"wp-block-embed__wrapper\">\n<div class=\"youtube-embed\" data-video_id=\"uYtccfvP5bg\"><iframe loading=\"lazy\" title=\"Ce n-a v\u0103zut Paris-ul .. va vedea Suceava!! Nu-i chip s\u0103-i opre\u0219ti! Pe 4 septembrie va fi STOP joc\u2026\" width=\"696\" height=\"392\" src=\"https:\/\/www.youtube.com\/embed\/uYtccfvP5bg?feature=oembed&amp;enablejsapi=1\" frameborder allow=\"accelerometer; autoplay; clipboard-write; encrypted-media; gyroscope; picture-in-picture; web-share\" referrerpolicy=\"strict-origin-when-cross-origin\" allowfullscreen><\/iframe><\/div>\n<\/div>\n<\/figure>\n<div class=\"td-a-rec td-a-rec-id-content_bottom  tdi_4 td_block_template_1\"><strong>Intr\u0103 acum \u0219i \u00een grupul de <\/p>\n<div class=\"wp-block-button\"><a class=\"wp-block-button__link wp-element-button\" href=\"https:\/\/t.me\/+TH8wcfnp8fw5NWI0\">Telegram News Bucovina<\/a><\/div>\n<p><\/strong><\/div>\n<\/div>\n<p>[analyse_source url=&#8221;https:\/\/www.newsbucovina.ro\/evenimente\/445729\/edward-maya-aduce-proiectul-simfonic-hyperborea-la-simfonii-de-toamna-a-doua-seara-a-festivalului-pe-5-septembrie-la-suceava&#8221;]<\/p>\n","protected":false},"excerpt":{"rendered":"<p>[analyse_image type=&#8221;featured&#8221; src=&#8221;https:\/\/www.newsbucovina.ro\/wp-content\/uploads\/2026\/08\/foto-afis.jpghttps:\/\/cdn.newsbucovina.ro\/wp-content\/uploads\/2026\/08\/foto-afis.jpg&#8221;] Intr\u0103 acum \u0219i \u00een grupul de Telegram News Bucovina Festivalul \u201eSimfonii de Toamn\u0103\u201d \u00ee\u0219i completeaz\u0103 edi\u021bia a XIII-a cu o propunere artistic\u0103 deosebit\u0103. S\u00e2mb\u0103t\u0103, 5 septembrie 2026, pe Esplanada Casei de Cultur\u0103 din Suceava, publicul va putea urm\u0103ri proiectul simfonic \u201eHyperborea\u201d, creat \u0219i orchestrat de produc\u0103torul \u0219i compozitorul Edward Maya, \u00een interpretarea [&hellip;]<\/p>\n","protected":false},"author":1,"featured_media":0,"comment_status":"open","ping_status":"","sticky":false,"template":"","format":"standard","meta":{"footnotes":""},"categories":[89],"tags":[226,165],"class_list":["post-2079559","post","type-post","status-publish","format-standard","hentry","category-romania","tag-crawlmanager","tag-newsbucovina-ro"],"_links":{"self":[{"href":"https:\/\/analyse.optim.biz\/index.php?rest_route=\/wp\/v2\/posts\/2079559","targetHints":{"allow":["GET"]}}],"collection":[{"href":"https:\/\/analyse.optim.biz\/index.php?rest_route=\/wp\/v2\/posts"}],"about":[{"href":"https:\/\/analyse.optim.biz\/index.php?rest_route=\/wp\/v2\/types\/post"}],"author":[{"embeddable":true,"href":"https:\/\/analyse.optim.biz\/index.php?rest_route=\/wp\/v2\/users\/1"}],"replies":[{"embeddable":true,"href":"https:\/\/analyse.optim.biz\/index.php?rest_route=%2Fwp%2Fv2%2Fcomments&post=2079559"}],"version-history":[{"count":0,"href":"https:\/\/analyse.optim.biz\/index.php?rest_route=\/wp\/v2\/posts\/2079559\/revisions"}],"wp:attachment":[{"href":"https:\/\/analyse.optim.biz\/index.php?rest_route=%2Fwp%2Fv2%2Fmedia&parent=2079559"}],"wp:term":[{"taxonomy":"category","embeddable":true,"href":"https:\/\/analyse.optim.biz\/index.php?rest_route=%2Fwp%2Fv2%2Fcategories&post=2079559"},{"taxonomy":"post_tag","embeddable":true,"href":"https:\/\/analyse.optim.biz\/index.php?rest_route=%2Fwp%2Fv2%2Ftags&post=2079559"}],"curies":[{"name":"wp","href":"https:\/\/api.w.org\/{rel}","templated":true}]}}