{"id":2079558,"date":"2026-08-05T09:37:58","date_gmt":"2026-08-05T06:37:58","guid":{"rendered":"https:\/\/analyse.optim.biz\/?p=2079558"},"modified":"2026-08-05T09:37:58","modified_gmt":"2026-08-05T06:37:58","slug":"patru-zile-de-atmosfera-medievala-la-cetatea-de-scaun-festivalul-stefan-cel-mare-revine-la-suceava-intre-13-si-16-august","status":"publish","type":"post","link":"https:\/\/analyse.optim.biz\/?p=2079558","title":{"rendered":"Patru zile de atmosfer\u0103 medieval\u0103 la Cetatea de Scaun. Festivalul \u201e\u0218tefan cel Mare\u201d revine la Suceava \u00eentre 13 \u0219i 16 august"},"content":{"rendered":"<p>[analyse_image type=&#8221;featured&#8221; src=&#8221;https:\/\/www.newsbucovina.ro\/wp-content\/uploads\/2026\/08\/afis-medieval-1.jpghttps:\/\/cdn.newsbucovina.ro\/wp-content\/uploads\/2026\/08\/afis-medieval-1.jpg&#8221;]<\/p>\n<div class=\"td-post-content tagdiv-type\">\n<div class=\"td-a-rec td-a-rec-id-content_top  tdi_3 td_block_template_1\"><strong>Intr\u0103 acum \u0219i \u00een grupul de <\/p>\n<div class=\"wp-block-button\"><a class=\"wp-block-button__link wp-element-button\" href=\"https:\/\/t.me\/+TH8wcfnp8fw5NWI0\">Telegram News Bucovina<\/a><\/div>\n<p><\/strong><\/div>\n<p class=\"wp-block-paragraph\">Cetatea de Scaun a Sucevei se preg\u0103te\u0219te s\u0103 prind\u0103 din nou via\u021b\u0103 \u00een spiritul Evului Mediu. \u00centre 13 \u0219i 16 august 2026, Muzeul Na\u021bional al Bucovinei organizeaz\u0103 Festivalul de Art\u0103 Medieval\u0103 \u201e\u0218tefan cel Mare\u201d, un eveniment care promite patru zile de spectacol, reconstituiri \u0219i experien\u021be autentice pentru publicul de toate v\u00e2rstele.<\/p>\n<figure class=\"wp-block-image size-large\"><a href=\"https:\/\/cdn.newsbucovina.ro\/wp-content\/uploads\/2026\/08\/afis-medieval.jpg\"><img loading=\"lazy\" decoding=\"async\" width=\"715\" height=\"1024\" src=\"https:\/\/cdn.newsbucovina.ro\/wp-content\/uploads\/2026\/08\/afis-medieval-715x1024.jpg\" alt class=\"wp-image-445712\"><\/a><\/figure>\n<p class=\"wp-block-paragraph\">La festival vor participa arti\u0219ti, cavaleri, domni\u021be \u0219i p\u0103pu\u0219ari din Rom\u00e2nia, Ungaria, Turcia, Republica Moldova, Slovacia, Cehia, Bulgaria \u0219i Danemarca. Programul include dansuri \u0219i reconstituiri medievale, spectacole cu foc \u0219i lasere, demonstra\u021bii ecvestre, pantomim\u0103, Commedia dell\u2019Arte \u0219i teatru, \u0219coli de lupt\u0103 \u0219i tir cu arcul, muzic\u0103 medieval\u0103, prezent\u0103ri cu p\u0103s\u0103ri de v\u00e2n\u0103toare, precum \u0219i numeroase concursuri \u0219i activit\u0103\u021bi dedicate copiilor.<\/p>\n<p class=\"wp-block-paragraph\">Vizitatorii vor putea lua parte \u0219i la ateliere de gastronomie medieval\u0103, demonstra\u021bii de art\u0103 textil\u0103, fier\u0103rie, piel\u0103rie, dulgherie \u0219i caligrafie, dar \u0219i la ateliere de magie. Organizatorii \u00ee\u0219i propun s\u0103 ofere o experien\u021b\u0103 complet\u0103, care s\u0103 readuc\u0103 farmecul vremurilor de odinioar\u0103 \u00eentre zidurile cet\u0103\u021bii.<\/p>\n<p class=\"wp-block-paragraph\">Proiectul este aprobat \u0219i finan\u021bat de Consiliul Jude\u021bean Suceava, realizat \u00een asociere cu Municipiul Suceava \u0219i aprobat de Consiliul Local al Municipiului Suceava. Organizator este Muzeul Na\u021bional al Bucovinei.<\/p>\n<p class=\"wp-block-paragraph\">Publicul este invitat s\u0103 tr\u0103iasc\u0103 \u00eempreun\u0103 aceste patru zile de poveste medieval\u0103, \u00eentr-unul dintre cele mai spectaculoase festivaluri istorice din Rom\u00e2nia.<\/p>\n<figure class=\"wp-block-embed is-type-video is-provider-youtube wp-block-embed-youtube wp-embed-aspect-16-9 wp-has-aspect-ratio\">\n<div class=\"wp-block-embed__wrapper\">\n<div class=\"youtube-embed\" data-video_id=\"uYtccfvP5bg\"><iframe loading=\"lazy\" title=\"Ce n-a v\u0103zut Paris-ul .. va vedea Suceava!! Nu-i chip s\u0103-i opre\u0219ti! Pe 4 septembrie va fi STOP joc\u2026\" width=\"696\" height=\"392\" src=\"https:\/\/www.youtube.com\/embed\/uYtccfvP5bg?feature=oembed&amp;enablejsapi=1\" frameborder allow=\"accelerometer; autoplay; clipboard-write; encrypted-media; gyroscope; picture-in-picture; web-share\" referrerpolicy=\"strict-origin-when-cross-origin\" allowfullscreen><\/iframe><\/div>\n<\/div>\n<\/figure>\n<div class=\"td-a-rec td-a-rec-id-content_bottom  tdi_4 td_block_template_1\"><strong>Intr\u0103 acum \u0219i \u00een grupul de <\/p>\n<div class=\"wp-block-button\"><a class=\"wp-block-button__link wp-element-button\" href=\"https:\/\/t.me\/+TH8wcfnp8fw5NWI0\">Telegram News Bucovina<\/a><\/div>\n<p><\/strong><\/div>\n<\/div>\n<div class=\"td-post-content tagdiv-type\">\n<div class=\"td-a-rec td-a-rec-id-content_top  tdi_3 td_block_template_1\"><strong>Intr\u0103 acum \u0219i \u00een grupul de <\/p>\n<div class=\"wp-block-button\"><a class=\"wp-block-button__link wp-element-button\" href=\"https:\/\/t.me\/+TH8wcfnp8fw5NWI0\">Telegram News Bucovina<\/a><\/div>\n<p><\/strong><\/div>\n<p class=\"wp-block-paragraph\">Cetatea de Scaun a Sucevei se preg\u0103te\u0219te s\u0103 prind\u0103 din nou via\u021b\u0103 \u00een spiritul Evului Mediu. \u00centre 13 \u0219i 16 august 2026, Muzeul Na\u021bional al Bucovinei organizeaz\u0103 Festivalul de Art\u0103 Medieval\u0103 \u201e\u0218tefan cel Mare\u201d, un eveniment care promite patru zile de spectacol, reconstituiri \u0219i experien\u021be autentice pentru publicul de toate v\u00e2rstele.<\/p>\n<figure class=\"wp-block-image size-large\"><a href=\"https:\/\/cdn.newsbucovina.ro\/wp-content\/uploads\/2026\/08\/afis-medieval.jpg\"><img loading=\"lazy\" decoding=\"async\" width=\"715\" height=\"1024\" src=\"https:\/\/cdn.newsbucovina.ro\/wp-content\/uploads\/2026\/08\/afis-medieval-715x1024.jpg\" alt class=\"wp-image-445712\"><\/a><\/figure>\n<p class=\"wp-block-paragraph\">La festival vor participa arti\u0219ti, cavaleri, domni\u021be \u0219i p\u0103pu\u0219ari din Rom\u00e2nia, Ungaria, Turcia, Republica Moldova, Slovacia, Cehia, Bulgaria \u0219i Danemarca. Programul include dansuri \u0219i reconstituiri medievale, spectacole cu foc \u0219i lasere, demonstra\u021bii ecvestre, pantomim\u0103, Commedia dell\u2019Arte \u0219i teatru, \u0219coli de lupt\u0103 \u0219i tir cu arcul, muzic\u0103 medieval\u0103, prezent\u0103ri cu p\u0103s\u0103ri de v\u00e2n\u0103toare, precum \u0219i numeroase concursuri \u0219i activit\u0103\u021bi dedicate copiilor.<\/p>\n<p class=\"wp-block-paragraph\">Vizitatorii vor putea lua parte \u0219i la ateliere de gastronomie medieval\u0103, demonstra\u021bii de art\u0103 textil\u0103, fier\u0103rie, piel\u0103rie, dulgherie \u0219i caligrafie, dar \u0219i la ateliere de magie. Organizatorii \u00ee\u0219i propun s\u0103 ofere o experien\u021b\u0103 complet\u0103, care s\u0103 readuc\u0103 farmecul vremurilor de odinioar\u0103 \u00eentre zidurile cet\u0103\u021bii.<\/p>\n<p class=\"wp-block-paragraph\">Proiectul este aprobat \u0219i finan\u021bat de Consiliul Jude\u021bean Suceava, realizat \u00een asociere cu Municipiul Suceava \u0219i aprobat de Consiliul Local al Municipiului Suceava. Organizator este Muzeul Na\u021bional al Bucovinei.<\/p>\n<p class=\"wp-block-paragraph\">Publicul este invitat s\u0103 tr\u0103iasc\u0103 \u00eempreun\u0103 aceste patru zile de poveste medieval\u0103, \u00eentr-unul dintre cele mai spectaculoase festivaluri istorice din Rom\u00e2nia.<\/p>\n<figure class=\"wp-block-embed is-type-video is-provider-youtube wp-block-embed-youtube wp-embed-aspect-16-9 wp-has-aspect-ratio\">\n<div class=\"wp-block-embed__wrapper\">\n<div class=\"youtube-embed\" data-video_id=\"uYtccfvP5bg\"><iframe loading=\"lazy\" title=\"Ce n-a v\u0103zut Paris-ul .. va vedea Suceava!! Nu-i chip s\u0103-i opre\u0219ti! Pe 4 septembrie va fi STOP joc\u2026\" width=\"696\" height=\"392\" src=\"https:\/\/www.youtube.com\/embed\/uYtccfvP5bg?feature=oembed&amp;enablejsapi=1\" frameborder allow=\"accelerometer; autoplay; clipboard-write; encrypted-media; gyroscope; picture-in-picture; web-share\" referrerpolicy=\"strict-origin-when-cross-origin\" allowfullscreen><\/iframe><\/div>\n<\/div>\n<\/figure>\n<div class=\"td-a-rec td-a-rec-id-content_bottom  tdi_4 td_block_template_1\"><strong>Intr\u0103 acum \u0219i \u00een grupul de <\/p>\n<div class=\"wp-block-button\"><a class=\"wp-block-button__link wp-element-button\" href=\"https:\/\/t.me\/+TH8wcfnp8fw5NWI0\">Telegram News Bucovina<\/a><\/div>\n<p><\/strong><\/div>\n<\/div>\n<p>[analyse_source url=&#8221;https:\/\/www.newsbucovina.ro\/evenimente\/445711\/patru-zile-de-atmosfera-medievala-la-cetatea-de-scaun-festivalul-stefan-cel-mare-revine-la-suceava-intre-13-si-16-august&#8221;]<\/p>\n","protected":false},"excerpt":{"rendered":"<p>[analyse_image type=&#8221;featured&#8221; src=&#8221;https:\/\/www.newsbucovina.ro\/wp-content\/uploads\/2026\/08\/afis-medieval-1.jpghttps:\/\/cdn.newsbucovina.ro\/wp-content\/uploads\/2026\/08\/afis-medieval-1.jpg&#8221;] Intr\u0103 acum \u0219i \u00een grupul de Telegram News Bucovina Cetatea de Scaun a Sucevei se preg\u0103te\u0219te s\u0103 prind\u0103 din nou via\u021b\u0103 \u00een spiritul Evului Mediu. \u00centre 13 \u0219i 16 august 2026, Muzeul Na\u021bional al Bucovinei organizeaz\u0103 Festivalul de Art\u0103 Medieval\u0103 \u201e\u0218tefan cel Mare\u201d, un eveniment care promite patru zile de spectacol, reconstituiri [&hellip;]<\/p>\n","protected":false},"author":1,"featured_media":0,"comment_status":"open","ping_status":"","sticky":false,"template":"","format":"standard","meta":{"footnotes":""},"categories":[89],"tags":[226,165],"class_list":["post-2079558","post","type-post","status-publish","format-standard","hentry","category-romania","tag-crawlmanager","tag-newsbucovina-ro"],"_links":{"self":[{"href":"https:\/\/analyse.optim.biz\/index.php?rest_route=\/wp\/v2\/posts\/2079558","targetHints":{"allow":["GET"]}}],"collection":[{"href":"https:\/\/analyse.optim.biz\/index.php?rest_route=\/wp\/v2\/posts"}],"about":[{"href":"https:\/\/analyse.optim.biz\/index.php?rest_route=\/wp\/v2\/types\/post"}],"author":[{"embeddable":true,"href":"https:\/\/analyse.optim.biz\/index.php?rest_route=\/wp\/v2\/users\/1"}],"replies":[{"embeddable":true,"href":"https:\/\/analyse.optim.biz\/index.php?rest_route=%2Fwp%2Fv2%2Fcomments&post=2079558"}],"version-history":[{"count":0,"href":"https:\/\/analyse.optim.biz\/index.php?rest_route=\/wp\/v2\/posts\/2079558\/revisions"}],"wp:attachment":[{"href":"https:\/\/analyse.optim.biz\/index.php?rest_route=%2Fwp%2Fv2%2Fmedia&parent=2079558"}],"wp:term":[{"taxonomy":"category","embeddable":true,"href":"https:\/\/analyse.optim.biz\/index.php?rest_route=%2Fwp%2Fv2%2Fcategories&post=2079558"},{"taxonomy":"post_tag","embeddable":true,"href":"https:\/\/analyse.optim.biz\/index.php?rest_route=%2Fwp%2Fv2%2Ftags&post=2079558"}],"curies":[{"name":"wp","href":"https:\/\/api.w.org\/{rel}","templated":true}]}}