{"id":2079556,"date":"2026-08-05T12:30:15","date_gmt":"2026-08-05T09:30:15","guid":{"rendered":"https:\/\/analyse.optim.biz\/?p=2079556"},"modified":"2026-08-05T12:30:15","modified_gmt":"2026-08-05T09:30:15","slug":"arhiepiscopia-sucevei-si-radautilor-nu-urmarim-proprietatile-personale-ale-preotilor-ci-ca-bunurile-parohiale-insusite-de-unii-prin-falsuri-sa-fie-redate-bisericii","status":"publish","type":"post","link":"https:\/\/analyse.optim.biz\/?p=2079556","title":{"rendered":"Arhiepiscopia Sucevei \u0219i R\u0103d\u0103u\u021bilor: Nu urm\u0103rim propriet\u0103\u021bile personale ale preo\u021bilor, ci ca bunurile parohiale \u00eensu\u0219ite de unii prin falsuri s\u0103 fie redate Bisericii"},"content":{"rendered":"<p>[analyse_image type=&#8221;featured&#8221; src=&#8221;https:\/\/www.newsbucovina.ro\/wp-content\/uploads\/2024\/01\/calinic-1-1.jpghttps:\/\/cdn.newsbucovina.ro\/wp-content\/uploads\/2024\/01\/calinic-1-1.jpg&#8221;]<\/p>\n<div class=\"td-post-content tagdiv-type\">\n<div class=\"td-a-rec td-a-rec-id-content_top  tdi_3 td_block_template_1\"><strong>Intr\u0103 acum \u0219i \u00een grupul de <\/p>\n<div class=\"wp-block-button\"><a class=\"wp-block-button__link wp-element-button\" href=\"https:\/\/t.me\/+TH8wcfnp8fw5NWI0\">Telegram News Bucovina<\/a><\/div>\n<p><\/strong><\/div>\n<p class=\"wp-block-paragraph\">Arhiepiscopia Sucevei \u0219i R\u0103d\u0103u\u021bilor a emis un comunicat de pres\u0103 prin care respinge categoric afirma\u021biile ap\u0103rute \u00een spa\u021biul public cu privire la presupuse demersuri referitoare la bunurile unor clerici.<\/p>\n<figure class=\"wp-block-image size-large\"><a href=\"https:\/\/cdn.newsbucovina.ro\/wp-content\/uploads\/2024\/01\/calinic-1-1.jpg\"><img loading=\"lazy\" decoding=\"async\" width=\"1024\" height=\"648\" src=\"https:\/\/cdn.newsbucovina.ro\/wp-content\/uploads\/2024\/01\/calinic-1-1-1024x648.jpg\" alt class=\"wp-image-378625\"><\/a><\/figure>\n<p class=\"wp-block-paragraph\">Institu\u021bia subliniaz\u0103 c\u0103 \u00cenaltpreasfin\u021bitul P\u0103rinte Calinic \u0219i autorit\u0103\u021bile eparhiale nu urm\u0103resc \u0219i nu au urm\u0103rit niciodat\u0103 dob\u00e2ndirea propriet\u0103\u021bilor personale ale preo\u021bilor.<\/p>\n<p class=\"wp-block-paragraph\">\u201eArhiepiscopia Sucevei \u0219i R\u0103d\u0103u\u021bilor respinge categoric orice \u00eencercare de a induce \u00een opinia public\u0103 ideea c\u0103 \u00cenaltpreasfin\u021bitul P\u0103rinte Calinic sau autorit\u0103\u021bile eparhiale ar urm\u0103ri dob\u00e2ndirea propriet\u0103\u021bilor personale ale preo\u021bilor. Subliniem \u00eenc\u0103 o dat\u0103, c\u0103 Arhiepiscopia nu urm\u0103re\u0219te \u0219i nu a urm\u0103rit niciodat\u0103 dob\u00e2ndirea propriet\u0103\u021bilor personale ale vreunui preot. Demersurile \u00eentreprinse vizeaz\u0103 exclusiv readucerea \u00een patrimoniul Bisericii a acelor bunuri biserice\u0219ti care au fost edificate din contribu\u021bia credincio\u0219ilor \u0219i pentru folosin\u021ba comunit\u0103\u021bilor parohiale, dar care, de-a lungul timpului, au fost \u00eenscrise sau intabulate, \u00een mod nelegal ori cu \u00eenc\u0103lcarea dispozi\u021biilor statutare \u0219i legale, pe numele unor persoane fizice sau al unor asocia\u021bii de drept privat. Aceste bunuri trebuie s\u0103 revin\u0103, \u00een condi\u021biile legii, \u00een patrimoniul parohiilor pentru care au fost construite\u201d, se arat\u0103 \u00een comunicat.<\/p>\n<p class=\"wp-block-paragraph\">Arhiepiscopia Sucevei \u0219i R\u0103d\u0103u\u021bilor arat\u0103 astfel c\u0103 demersurile \u00eentreprinse vizeaz\u0103 exclusiv readucerea \u00een patrimoniul Bisericii a acelor bunuri biserice\u0219ti care au fost edificate din contribu\u021bia credincio\u0219ilor \u0219i pentru folosin\u021ba comunit\u0103\u021bilor parohiale, dar care, de-a lungul timpului, au fost \u00eenscrise sau intabulate \u00een mod nelegal ori cu \u00eenc\u0103lcarea dispozi\u021biilor statutare \u0219i legale pe numele unor persoane fizice sau al unor asocia\u021bii de drept privat.<\/p>\n<p class=\"wp-block-paragraph\">\u201eAceste bunuri trebuie s\u0103 revin\u0103, \u00een condi\u021biile legii, \u00een patrimoniul parohiilor pentru care au fost construite\u201d, se arat\u0103 \u00een comunicat. Protejarea patrimoniului bisericesc reprezint\u0103 o obliga\u021bie legal\u0103, statutar\u0103 \u0219i moral\u0103 a autorit\u0103\u021bii eparhiale.<\/p>\n<p class=\"wp-block-paragraph\">Arhiepiscopia regret\u0103 \u00eencerc\u0103rile de deformare a acestui demers institu\u021bional prin afirma\u021bii lipsite de fundament \u0219i reitereaz\u0103 c\u0103 \u00ee\u0219i desf\u0103\u0219oar\u0103 activitatea cu deplin respect fa\u021b\u0103 de lege, fa\u021b\u0103 de dreptul de proprietate \u0219i fa\u021b\u0103 de r\u00e2nduiala canonic\u0103 a Bisericii Ortodoxe Rom\u00e2ne. Scopul este ca bunurile parohiale \u00eensu\u0219ite de unii prin falsuri s\u0103 fie redate Bisericii.<\/p>\n<figure class=\"wp-block-embed is-type-video is-provider-youtube wp-block-embed-youtube wp-embed-aspect-16-9 wp-has-aspect-ratio\">\n<div class=\"wp-block-embed__wrapper\">\n<div class=\"youtube-embed\" data-video_id=\"uYtccfvP5bg\"><iframe loading=\"lazy\" title=\"Ce n-a v\u0103zut Paris-ul .. va vedea Suceava!! Nu-i chip s\u0103-i opre\u0219ti! Pe 4 septembrie va fi STOP joc\u2026\" width=\"696\" height=\"392\" src=\"https:\/\/www.youtube.com\/embed\/uYtccfvP5bg?feature=oembed&amp;enablejsapi=1\" frameborder allow=\"accelerometer; autoplay; clipboard-write; encrypted-media; gyroscope; picture-in-picture; web-share\" referrerpolicy=\"strict-origin-when-cross-origin\" allowfullscreen><\/iframe><\/div>\n<\/div>\n<\/figure>\n<div class=\"td-a-rec td-a-rec-id-content_bottom  tdi_4 td_block_template_1\"><strong>Intr\u0103 acum \u0219i \u00een grupul de <\/p>\n<div class=\"wp-block-button\"><a class=\"wp-block-button__link wp-element-button\" href=\"https:\/\/t.me\/+TH8wcfnp8fw5NWI0\">Telegram News Bucovina<\/a><\/div>\n<p><\/strong><\/div>\n<\/div>\n<div class=\"td-post-content tagdiv-type\">\n<div class=\"td-a-rec td-a-rec-id-content_top  tdi_3 td_block_template_1\"><strong>Intr\u0103 acum \u0219i \u00een grupul de <\/p>\n<div class=\"wp-block-button\"><a class=\"wp-block-button__link wp-element-button\" href=\"https:\/\/t.me\/+TH8wcfnp8fw5NWI0\">Telegram News Bucovina<\/a><\/div>\n<p><\/strong><\/div>\n<p class=\"wp-block-paragraph\">Arhiepiscopia Sucevei \u0219i R\u0103d\u0103u\u021bilor a emis un comunicat de pres\u0103 prin care respinge categoric afirma\u021biile ap\u0103rute \u00een spa\u021biul public cu privire la presupuse demersuri referitoare la bunurile unor clerici.<\/p>\n<figure class=\"wp-block-image size-large\"><a href=\"https:\/\/cdn.newsbucovina.ro\/wp-content\/uploads\/2024\/01\/calinic-1-1.jpg\"><img loading=\"lazy\" decoding=\"async\" width=\"1024\" height=\"648\" src=\"https:\/\/cdn.newsbucovina.ro\/wp-content\/uploads\/2024\/01\/calinic-1-1-1024x648.jpg\" alt class=\"wp-image-378625\"><\/a><\/figure>\n<p class=\"wp-block-paragraph\">Institu\u021bia subliniaz\u0103 c\u0103 \u00cenaltpreasfin\u021bitul P\u0103rinte Calinic \u0219i autorit\u0103\u021bile eparhiale nu urm\u0103resc \u0219i nu au urm\u0103rit niciodat\u0103 dob\u00e2ndirea propriet\u0103\u021bilor personale ale preo\u021bilor.<\/p>\n<p class=\"wp-block-paragraph\">\u201eArhiepiscopia Sucevei \u0219i R\u0103d\u0103u\u021bilor respinge categoric orice \u00eencercare de a induce \u00een opinia public\u0103 ideea c\u0103 \u00cenaltpreasfin\u021bitul P\u0103rinte Calinic sau autorit\u0103\u021bile eparhiale ar urm\u0103ri dob\u00e2ndirea propriet\u0103\u021bilor personale ale preo\u021bilor. Subliniem \u00eenc\u0103 o dat\u0103, c\u0103 Arhiepiscopia nu urm\u0103re\u0219te \u0219i nu a urm\u0103rit niciodat\u0103 dob\u00e2ndirea propriet\u0103\u021bilor personale ale vreunui preot. Demersurile \u00eentreprinse vizeaz\u0103 exclusiv readucerea \u00een patrimoniul Bisericii a acelor bunuri biserice\u0219ti care au fost edificate din contribu\u021bia credincio\u0219ilor \u0219i pentru folosin\u021ba comunit\u0103\u021bilor parohiale, dar care, de-a lungul timpului, au fost \u00eenscrise sau intabulate, \u00een mod nelegal ori cu \u00eenc\u0103lcarea dispozi\u021biilor statutare \u0219i legale, pe numele unor persoane fizice sau al unor asocia\u021bii de drept privat. Aceste bunuri trebuie s\u0103 revin\u0103, \u00een condi\u021biile legii, \u00een patrimoniul parohiilor pentru care au fost construite\u201d, se arat\u0103 \u00een comunicat.<\/p>\n<p class=\"wp-block-paragraph\">Arhiepiscopia Sucevei \u0219i R\u0103d\u0103u\u021bilor arat\u0103 astfel c\u0103 demersurile \u00eentreprinse vizeaz\u0103 exclusiv readucerea \u00een patrimoniul Bisericii a acelor bunuri biserice\u0219ti care au fost edificate din contribu\u021bia credincio\u0219ilor \u0219i pentru folosin\u021ba comunit\u0103\u021bilor parohiale, dar care, de-a lungul timpului, au fost \u00eenscrise sau intabulate \u00een mod nelegal ori cu \u00eenc\u0103lcarea dispozi\u021biilor statutare \u0219i legale pe numele unor persoane fizice sau al unor asocia\u021bii de drept privat.<\/p>\n<p class=\"wp-block-paragraph\">\u201eAceste bunuri trebuie s\u0103 revin\u0103, \u00een condi\u021biile legii, \u00een patrimoniul parohiilor pentru care au fost construite\u201d, se arat\u0103 \u00een comunicat. Protejarea patrimoniului bisericesc reprezint\u0103 o obliga\u021bie legal\u0103, statutar\u0103 \u0219i moral\u0103 a autorit\u0103\u021bii eparhiale.<\/p>\n<p class=\"wp-block-paragraph\">Arhiepiscopia regret\u0103 \u00eencerc\u0103rile de deformare a acestui demers institu\u021bional prin afirma\u021bii lipsite de fundament \u0219i reitereaz\u0103 c\u0103 \u00ee\u0219i desf\u0103\u0219oar\u0103 activitatea cu deplin respect fa\u021b\u0103 de lege, fa\u021b\u0103 de dreptul de proprietate \u0219i fa\u021b\u0103 de r\u00e2nduiala canonic\u0103 a Bisericii Ortodoxe Rom\u00e2ne. Scopul este ca bunurile parohiale \u00eensu\u0219ite de unii prin falsuri s\u0103 fie redate Bisericii.<\/p>\n<figure class=\"wp-block-embed is-type-video is-provider-youtube wp-block-embed-youtube wp-embed-aspect-16-9 wp-has-aspect-ratio\">\n<div class=\"wp-block-embed__wrapper\">\n<div class=\"youtube-embed\" data-video_id=\"uYtccfvP5bg\"><iframe loading=\"lazy\" title=\"Ce n-a v\u0103zut Paris-ul .. va vedea Suceava!! Nu-i chip s\u0103-i opre\u0219ti! Pe 4 septembrie va fi STOP joc\u2026\" width=\"696\" height=\"392\" src=\"https:\/\/www.youtube.com\/embed\/uYtccfvP5bg?feature=oembed&amp;enablejsapi=1\" frameborder allow=\"accelerometer; autoplay; clipboard-write; encrypted-media; gyroscope; picture-in-picture; web-share\" referrerpolicy=\"strict-origin-when-cross-origin\" allowfullscreen><\/iframe><\/div>\n<\/div>\n<\/figure>\n<div class=\"td-a-rec td-a-rec-id-content_bottom  tdi_4 td_block_template_1\"><strong>Intr\u0103 acum \u0219i \u00een grupul de <\/p>\n<div class=\"wp-block-button\"><a class=\"wp-block-button__link wp-element-button\" href=\"https:\/\/t.me\/+TH8wcfnp8fw5NWI0\">Telegram News Bucovina<\/a><\/div>\n<p><\/strong><\/div>\n<\/div>\n<p>[analyse_source url=&#8221;https:\/\/www.newsbucovina.ro\/actualitate\/445735\/arhiepiscopia-sucevei-si-radautilor-nu-urmarim-proprietatile-personale-ale-preotilor-ci-ca-bunurile-parohiale-insusite-de-unii-prin-falsuri-sa-fie-redate-bisericii&#8221;]<\/p>\n","protected":false},"excerpt":{"rendered":"<p>[analyse_image type=&#8221;featured&#8221; src=&#8221;https:\/\/www.newsbucovina.ro\/wp-content\/uploads\/2024\/01\/calinic-1-1.jpghttps:\/\/cdn.newsbucovina.ro\/wp-content\/uploads\/2024\/01\/calinic-1-1.jpg&#8221;] Intr\u0103 acum \u0219i \u00een grupul de Telegram News Bucovina Arhiepiscopia Sucevei \u0219i R\u0103d\u0103u\u021bilor a emis un comunicat de pres\u0103 prin care respinge categoric afirma\u021biile ap\u0103rute \u00een spa\u021biul public cu privire la presupuse demersuri referitoare la bunurile unor clerici. Institu\u021bia subliniaz\u0103 c\u0103 \u00cenaltpreasfin\u021bitul P\u0103rinte Calinic \u0219i autorit\u0103\u021bile eparhiale nu urm\u0103resc \u0219i nu au [&hellip;]<\/p>\n","protected":false},"author":1,"featured_media":0,"comment_status":"open","ping_status":"","sticky":false,"template":"","format":"standard","meta":{"footnotes":""},"categories":[89],"tags":[226,165],"class_list":["post-2079556","post","type-post","status-publish","format-standard","hentry","category-romania","tag-crawlmanager","tag-newsbucovina-ro"],"_links":{"self":[{"href":"https:\/\/analyse.optim.biz\/index.php?rest_route=\/wp\/v2\/posts\/2079556","targetHints":{"allow":["GET"]}}],"collection":[{"href":"https:\/\/analyse.optim.biz\/index.php?rest_route=\/wp\/v2\/posts"}],"about":[{"href":"https:\/\/analyse.optim.biz\/index.php?rest_route=\/wp\/v2\/types\/post"}],"author":[{"embeddable":true,"href":"https:\/\/analyse.optim.biz\/index.php?rest_route=\/wp\/v2\/users\/1"}],"replies":[{"embeddable":true,"href":"https:\/\/analyse.optim.biz\/index.php?rest_route=%2Fwp%2Fv2%2Fcomments&post=2079556"}],"version-history":[{"count":0,"href":"https:\/\/analyse.optim.biz\/index.php?rest_route=\/wp\/v2\/posts\/2079556\/revisions"}],"wp:attachment":[{"href":"https:\/\/analyse.optim.biz\/index.php?rest_route=%2Fwp%2Fv2%2Fmedia&parent=2079556"}],"wp:term":[{"taxonomy":"category","embeddable":true,"href":"https:\/\/analyse.optim.biz\/index.php?rest_route=%2Fwp%2Fv2%2Fcategories&post=2079556"},{"taxonomy":"post_tag","embeddable":true,"href":"https:\/\/analyse.optim.biz\/index.php?rest_route=%2Fwp%2Fv2%2Ftags&post=2079556"}],"curies":[{"name":"wp","href":"https:\/\/api.w.org\/{rel}","templated":true}]}}