{"id":2079547,"date":"2026-08-05T18:48:11","date_gmt":"2026-08-05T15:48:11","guid":{"rendered":"https:\/\/analyse.optim.biz\/?p=2079547"},"modified":"2026-08-05T18:48:11","modified_gmt":"2026-08-05T15:48:11","slug":"video-o-drona-a-fost-gasita-in-mare-in-mamaia-in-zona-loft","status":"publish","type":"post","link":"https:\/\/analyse.optim.biz\/?p=2079547","title":{"rendered":"VIDEO | O dron\u0103 a fost g\u0103sit\u0103 \u00een mare, \u00een Mamaia, \u00een zona Loft"},"content":{"rendered":"<p>[analyse_image type=&#8221;featured&#8221; src=&#8221;https:\/\/r3media.ro\/wp-content\/uploads\/2026\/07\/plaja-goala-e1783365335558.pnghttps:\/\/r3media.ro\/wp-content\/uploads\/2026\/07\/plaja-goala-e1783365335558.png&#8221;]<\/p>\n<article id=\"template-id-109\" class=\"post-109 tdb_templates type-tdb_templates status-publish post\">\n<div id=\"tdi_2\" class=\"tdc-zone\">\n<div class=\"tdc_zone tdi_3  wpb_row td-pb-row\">\n<div id=\"tdi_4\" class=\"tdc-row\">\n<div class=\"vc_row tdi_5  wpb_row td-pb-row\">\n<div class=\"vc_column tdi_7  wpb_column vc_column_container tdc-column td-pb-span8\">\n<div class=\"wpb_wrapper\">\n<div class=\"td_block_wrap tdb_breadcrumbs tdi_8 td-pb-border-top td_block_template_1 tdb-breadcrumbs \" data-td-block-uid=\"tdi_8\">\n<div class=\"tdb-block-inner td-fix-index\"><span><a title=\"Vede\u021bi toate articolele \u00een FEATURED\" class=\"tdb-entry-crumb\" href=\"https:\/\/r3media.ro\/category\/featured\/\">FEATURED<\/a><\/span><span class=\"tdb-bred-no-url-last\">VIDEO | O dron\u0103 a fost g\u0103sit\u0103 \u00een mare, \u00een Mamaia, \u00een&#8230;<\/span><\/div>\n<\/div>\n<div class=\"td_block_wrap tdb_single_categories tdi_9 td-pb-border-top td_block_template_1 \" data-td-block-uid=\"tdi_9\">\n<div class=\"tdb-category td-fix-index\"><a class=\"tdb-entry-category\" href=\"https:\/\/r3media.ro\/category\/featured\/\">FEATURED<\/a><a class=\"tdb-entry-category\" href=\"https:\/\/r3media.ro\/category\/stiri\/\">\u0218TIRI<\/a><\/div>\n<\/div>\n<div class=\"td_block_wrap tdb_title tdi_10 tdb-single-title td-pb-border-top td_block_template_1\" data-td-block-uid=\"tdi_10\">\n<div class=\"tdb-block-inner td-fix-index\">\n<h1 class=\"tdb-title-text\">VIDEO | O dron\u0103 a fost g\u0103sit\u0103 \u00een mare, \u00een Mamaia, \u00een zona Loft<\/h1>\n<\/div>\n<\/div>\n<div class=\"vc_row_inner tdi_12  vc_row vc_inner wpb_row td-pb-row\">\n<div class=\"vc_column_inner tdi_14  wpb_column vc_column_container tdc-inner-column td-pb-span12\">\n<div class=\"vc_column-inner\">\n<div class=\"wpb_wrapper\">\n<div class=\"td_block_wrap tdb_single_author tdi_15 td-pb-border-top td_block_template_1 tdb-post-meta\" data-td-block-uid=\"tdi_15\">\n<div class=\"tdb-block-inner td-fix-index\">\n<div class=\"tdb-author-name-wrap\"><a class=\"tdb-author-name\" href=\"https:\/\/r3media.ro\/author\/oana\/\">Oana Ivan<\/a><\/div>\n<\/div>\n<\/div>\n<div class=\"td_block_wrap tdb_single_date tdi_16 td-pb-border-top td_block_template_1 tdb-post-meta\" data-td-block-uid=\"tdi_16\">\n<div class=\"tdb-block-inner td-fix-index\"><time class=\"entry-date updated td-module-date\" datetime=\"2026-08-05T21:48:11+03:00\">05\/08\/2026<\/time><\/div>\n<\/div>\n<\/div>\n<\/div>\n<\/div>\n<\/div>\n<div class=\"td_block_wrap tdb_single_featured_image tdi_17 tdb-content-horiz-left td-pb-border-top td_block_template_1\" data-td-block-uid=\"tdi_17\">\n<div class=\"tdb-block-inner td-fix-index\">\n<figure><figcaption class=\"tdb-caption-text\">Surs\u0103 &#8211; Unsplash<\/figcaption><\/figure>\n<\/div>\n<\/div>\n<div class=\"td_block_wrap tdb_single_content tdi_18 td-pb-border-top td_block_template_1 td-post-content tagdiv-type\" data-td-block-uid=\"tdi_18\">\n<div class=\"tdb-block-inner td-fix-index\">\n<p><strong>O dron\u0103 a fost descoperit\u0103 miercuri pe o plaj\u0103 cunoscut\u0103 din Mamaia, Constan\u021ba. Poli\u021bi\u0219tii \u0219i ISU Constan\u021ba au fost sesiza\u021bi cu privire la existen\u021ba unei drone \u00een ap\u0103, conform <a href=\"https:\/\/focuspress.ro\/video-alerta-in-mamaia-o-drona-a-fost-gasita-in-apa-in-zona-loft-91deecaca\/\" target=\"_blank\" rel=\"noopener\">FocusPress<\/a>.<\/strong><\/p>\n<p>La fa\u021ba locului au fost mobilizate mai multe echipaje, iar accesul \u00een zon\u0103 a fost restric\u021bionat. Potrivit sursei citate este vorba despre plaja din zona clubului Loft din Mamaia.<\/p>\n<p>Se pare c\u0103 ar fi vorba de o dron\u0103 f\u0103r\u0103 material explozibil. Din imagini nu se poate \u00een\u021belege dac\u0103 e vorba de o dron\u0103 maritim\u0103 sau dron\u0103 aerian\u0103.<\/p>\n<p>\u201eAu fost g\u0103site r\u0103m\u0103\u0219i\u021be dintr-o dron\u0103 pe o plaj\u0103 din sta\u021biunea Mamaia. Acestea nu au elemente pirotehnice \u0219i nu prezint\u0103 niciun pericol. Au fost preluate de Garda de Coast\u0103\u201d, a precizat prefectul jude\u021bului Constan\u021ba.<\/p>\n\n<h2><strong>O dron\u0103 marin\u0103 ucrainean\u0103 a explodat \u00een Portul Constan\u021ba<\/strong><\/h2>\n<p>\u00a0<\/p>\n<p>O dron\u0103 marin\u0103 <strong><a href=\"https:\/\/r3media.ro\/drona-marina-constanta-explozie-mapn-razboi-rusia-ucraina-video\/\" target=\"_blank\" rel=\"noopener\">s-a autodetonat pe 5 iunie<\/a><\/strong> \u00een Portul Constan\u021ba. Momentul exploziei a fost surprins din mai multe unghiuri \u0219i chiar \u00een direct, la TVR INFO. Incidentul a avut loc la dana 78 din port.<\/p>\n<p>De\u0219i drona a fost detectat\u0103 de la primele ore ale dimine\u021bii, p\u00e2n\u0103 \u00een jurul orei c\u00e2nd a explodat nu s-au luat m\u0103suri de protec\u021bie a popula\u021biei, conform jurnali\u0219tilor locali. Din fericire, p\u00e2n\u0103 la acest moment nu au fost raportate victime.<\/p>\n<p>Fostul pre\u0219edinte al Rom\u00e2niei, Traian B\u0103sescu, a spus c\u0103 drona ucrainean\u0103 a fost <strong><a href=\"https:\/\/r3media.ro\/video-exploziv-traian-basescu-ucraina-drona-constanta\/\" target=\"_blank\" rel=\"noopener\">dirijat\u0103 inten\u021bionat<\/a><\/strong> \u00een portul Constan\u021ba, iar faptul c\u0103 Rom\u00e2nia nu a reac\u021bionat la adresa acestui stat este \u201eo ru\u0219ine\u201d.<\/p>\n<p>\u201eFaptul c\u0103 n-am reac\u021bionat s\u0103-i bu\u0219im pe ucraineni e o ru\u0219ine. Eu am intrat pe l\u00e2ng\u0103 acest dig de sute de ori \u0219i am operat nava \u00een acele dane c\u00e2nd eram comandant de nav\u0103. Acolo nu se poate intra dec\u00e2t dirijat. Deci acea dron\u0103 a fost dirijat\u0103. Norocul a fost c\u0103 acea dron\u0103 s-a lovit de acest sistem de protec\u021bie \u0219i s-a rupt elicea.<\/p>\n<p>N-am reac\u021bionat s\u0103-i bu\u0219im pe ucraineni e o ru\u0219ine. Nu au nicio justificare. Putea s\u0103 fie \u0219i mama r\u0103zboiului\u201d, a spus Traian B\u0103sescu la Televiziunea Rom\u00e2n\u0103.<\/p>\n<h2><strong>Dronele aeriene din r\u0103zboiul din Ucraina ajung \u00een Rom\u00e2nia<\/strong><\/h2>\n<p>\u00a0<\/p>\n<p>Proximitatea fizic\u0103 dintre porturile ucrainene de la Dun\u0103re (Reni, Izmail, Chilia) \u0219i teritoriul rom\u00e2nesc este principalul motiv pentru care dronele ajung \u00een Rom\u00e2nia. \u00cen timpul atacurilor lansate asupra acestei infrastructuri de grani\u021b\u0103, spa\u021biul aerian rom\u00e2nesc devine vulnerabil din cauza distan\u021belor de doar c\u00e2teva sute de metri care separ\u0103 cele dou\u0103 \u021b\u0103ri.<\/p>\n<p>Abaterile sunt cauzate de multe ori de r\u0103zboiul electronic \u0219i de defec\u021biunile tehnice. Bruiajul intens al semnalelor GPS dezorienteaz\u0103 sistemele de naviga\u021bie ale dronelor, iar aparatele avariate de ap\u0103rarea antiaerian\u0103 sau cele folosite ca momeal\u0103 \u00ee\u0219i pierd traiectoria \u0219i se pr\u0103bu\u0219esc din iner\u021bie peste grani\u021b\u0103.<\/p>\n<div class=\"crp_related     crp-masonry\">\n<h2>\u00ceN CONTEXT<\/h2>\n<ul>\n<li><a href=\"https:\/\/r3media.ro\/fara-tine-in-google-r3media-dispare-iata-ce-poti-face-in-10-secunde\/\" class=\"crp_link post-119031\"><span class=\"crp_title\">F\u0103r\u0103 tine \u00een Google, R3media dispare. Iat\u0103 ce po\u021bi face \u00een 10 secunde<\/span><\/a><\/li>\n<li><a href=\"https:\/\/r3media.ro\/drona-marina-constanta-explozie-mapn-razboi-rusia-ucraina-video\/\" class=\"crp_link post-117786\"><span class=\"crp_title\">VIDEO | O dron\u0103 marin\u0103 a explodat vineri \u00een Portul Constan\u021ba. MApN: Este de tipul celor\u2026<\/span><\/a><\/li>\n<li><a href=\"https:\/\/r3media.ro\/ucraina-scuze-grecia-drona-marina-insula-lefkada-expolozie-portul-constanta\/\" class=\"crp_link post-117814\"><span class=\"crp_title\">Ucraina i-a cerut scuze Greciei pentru c\u0103 o dron\u0103 marin\u0103 a ajuns l\u00e2ng\u0103 Insula Lefkada. Nicio\u2026<\/span><\/a><\/li>\n<\/ul>\n<\/div>\n<\/div>\n<\/div>\n<div class=\"td_block_wrap tdb_single_tags tdi_19 td-pb-border-top td_block_template_1\" data-td-block-uid=\"tdi_19\">\n<div class=\"tdb-block-inner td-fix-index\">\n<ul class=\"tdb-tags\">\n<li><span>SUBIECTE FIERBIN\u021aI<\/span><\/li>\n<li><a href=\"https:\/\/r3media.ro\/tag\/constanta\/\">constanta<\/a><\/li>\n<li><a href=\"https:\/\/r3media.ro\/tag\/drona-marina\/\">drona marina<\/a><\/li>\n<\/ul>\n<\/div>\n<\/div>\n<div class=\"td_block_wrap td_block_9 tdi_20 td_with_ajax_pagination td-pb-border-top td_block_template_1 td-column-2 td_block_padding td_block_bot_line\" data-td-block-uid=\"tdi_20\">\n<div class=\"td-block-title-wrap\">\n<h4 class=\"block-title td-block-title\"><span class=\"td-pulldown-size\">CITE\u0218TE MAI MULT<\/span><\/h4>\n<\/div>\n<div id=\"tdi_20\" class=\"td_block_inner\">\n<div class=\"td-block-row\">\n<div class=\"td-block-span6\">\n<div class=\"td_module_8 td_module_wrap\">\n<div class=\"item-details\">\n<h3 class=\"entry-title td-module-title\"><a href=\"https:\/\/r3media.ro\/cand-incepe-scoala-in-2026-structura-an-nou-scolar\/\" rel=\"bookmark\" title=\"C\u00e2nd \u00eencepe \u0219coala \u00een 2026: Structura noului an \u0219colar, vacan\u021bele \u0219i zilele libere\">C\u00e2nd \u00eencepe \u0219coala \u00een 2026: Structura noului an \u0219colar, vacan\u021bele \u0219i zilele libere<\/a><\/h3>\n<div class=\"td-module-meta-info\"><a href=\"https:\/\/r3media.ro\/category\/actualitate\/\" class=\"td-post-category\">ACTUALITATE<\/a><span class=\"td-post-author-name\"><a href=\"https:\/\/r3media.ro\/author\/oana\/\">Oana Ivan<\/a><span>&#8211;<\/span><\/span><span class=\"td-post-date\"><time class=\"entry-date updated td-module-date\" datetime=\"2026-08-03T22:23:20+03:00\">03\/08\/2026<\/time><\/span><\/div>\n<\/div>\n<\/div>\n<\/div>\n<div class=\"td-block-span6\">\n<div class=\"td_module_8 td_module_wrap\">\n<div class=\"item-details\">\n<h3 class=\"entry-title td-module-title\"><a href=\"https:\/\/r3media.ro\/tara-europa-norvegia-masini-electrice-inmatriculate-cota-ridicata\/\" rel=\"bookmark\" title=\"\u021aara din Europa unde aproape toate ma\u0219inile \u00eenmatriculate sune electrice. Cota a ajuns la 97,6% \u00een iulie\">\u021aara din Europa unde aproape toate ma\u0219inile \u00eenmatriculate sune electrice. Cota a ajuns la&#8230;<\/a><\/h3>\n<div class=\"td-module-meta-info\"><a href=\"https:\/\/r3media.ro\/category\/actualitate\/\" class=\"td-post-category\">ACTUALITATE<\/a><span class=\"td-post-author-name\"><a href=\"https:\/\/r3media.ro\/author\/oana\/\">Oana Ivan<\/a><span>&#8211;<\/span><\/span><span class=\"td-post-date\"><time class=\"entry-date updated td-module-date\" datetime=\"2026-08-03T17:01:21+03:00\">03\/08\/2026<\/time><\/span><\/div>\n<\/div>\n<\/div>\n<\/div>\n<\/div>\n<div class=\"td-block-row\">\n<div class=\"td-block-span6\">\n<div class=\"td_module_8 td_module_wrap\">\n<div class=\"item-details\">\n<h3 class=\"entry-title td-module-title\"><a href=\"https:\/\/r3media.ro\/puterea-mitologica-instalata-a-romaniei\/\" rel=\"bookmark\" title=\"Puterea mitologic\u0103 instalat\u0103 a Rom\u00e2niei\">Puterea mitologic\u0103 instalat\u0103 a Rom\u00e2niei<\/a><\/h3>\n<div class=\"td-module-meta-info\"><a href=\"https:\/\/r3media.ro\/category\/opinii\/\" class=\"td-post-category\">OPINII<\/a><span class=\"td-post-author-name\"><a href=\"https:\/\/r3media.ro\/author\/tru\/\">TRU (Traian Ungureanu)<\/a><span>&#8211;<\/span><\/span><span class=\"td-post-date\"><time class=\"entry-date updated td-module-date\" datetime=\"2026-08-02T22:08:04+03:00\">02\/08\/2026<\/time><\/span><\/div>\n<\/div>\n<\/div>\n<\/div>\n<div class=\"td-block-span6\">\n<div class=\"td_module_8 td_module_wrap\">\n<div class=\"item-details\">\n<h3 class=\"entry-title td-module-title\"><a href=\"https:\/\/r3media.ro\/hyundai-recheama-service-masini-electrice-inster-risc-incendiu\/\" rel=\"bookmark\" title=\"Hyundai recheam\u0103 \u00een service zeci de mii de ma\u0219ini electrice din cauza riscului de incendiu\">Hyundai recheam\u0103 \u00een service zeci de mii de ma\u0219ini electrice din cauza riscului de&#8230;<\/a><\/h3>\n<div class=\"td-module-meta-info\"><a href=\"https:\/\/r3media.ro\/category\/actualitate\/\" class=\"td-post-category\">ACTUALITATE<\/a><span class=\"td-post-author-name\"><a href=\"https:\/\/r3media.ro\/author\/oana\/\">Oana Ivan<\/a><span>&#8211;<\/span><\/span><span class=\"td-post-date\"><time class=\"entry-date updated td-module-date\" datetime=\"2026-08-02T08:34:05+03:00\">02\/08\/2026<\/time><\/span><\/div>\n<\/div>\n<\/div>\n<\/div>\n<\/div>\n<div class=\"td-block-row\">\n<div class=\"td-block-span6\">\n<div class=\"td_module_8 td_module_wrap\">\n<div class=\"item-details\">\n<h3 class=\"entry-title td-module-title\"><a href=\"https:\/\/r3media.ro\/dragostea-care-transcende-epoci-descult-in-parc-1967\/\" rel=\"bookmark\" title=\"Dragostea care transcende epoci \u2014 Descul\u021b \u00een parc (1967)\">Dragostea care transcende epoci \u2014 Descul\u021b \u00een parc (1967)<\/a><\/h3>\n<div class=\"td-module-meta-info\"><a href=\"https:\/\/r3media.ro\/category\/opinii\/\" class=\"td-post-category\">OPINII<\/a><span class=\"td-post-author-name\"><a href=\"https:\/\/r3media.ro\/author\/costi_balasoiu\/\">Constantin B\u0103l\u0103\u0219oiu<\/a><span>&#8211;<\/span><\/span><span class=\"td-post-date\"><time class=\"entry-date updated td-module-date\" datetime=\"2026-08-01T13:45:14+03:00\">01\/08\/2026<\/time><\/span><\/div>\n<\/div>\n<\/div>\n<\/div>\n<div class=\"td-block-span6\">\n<div class=\"td_module_8 td_module_wrap\">\n<div class=\"item-details\">\n<h3 class=\"entry-title td-module-title\"><a href=\"https:\/\/r3media.ro\/masina-electrica-foc-turcia-incarcat-vehicul-explozie-pompieri-stingere-incendiu-video\/\" rel=\"bookmark\" title=\"VIDEO | O ma\u0219in\u0103 electric\u0103 a luat foc \u00een timp ce se afla la \u00eenc\u0103rcat. Vehiculul a explodat chiar c\u00e2nd pompierii \u00eencercau s\u0103 sting\u0103 incendiul folosind o p\u0103tur\u0103 ignifug\u0103\">VIDEO | O ma\u0219in\u0103 electric\u0103 a luat foc \u00een timp ce se afla la&#8230;<\/a><\/h3>\n<div class=\"td-module-meta-info\"><a href=\"https:\/\/r3media.ro\/category\/actualitate\/\" class=\"td-post-category\">ACTUALITATE<\/a><span class=\"td-post-author-name\"><a href=\"https:\/\/r3media.ro\/author\/oana\/\">Oana Ivan<\/a><span>&#8211;<\/span><\/span><span class=\"td-post-date\"><time class=\"entry-date updated td-module-date\" datetime=\"2026-07-31T13:33:48+03:00\">31\/07\/2026<\/time><\/span><\/div>\n<\/div>\n<\/div>\n<\/div>\n<\/div>\n<div class=\"td-block-row\">\n<div class=\"td-block-span6\">\n<div class=\"td_module_8 td_module_wrap\">\n<div class=\"item-details\">\n<h3 class=\"entry-title td-module-title\"><a href=\"https:\/\/r3media.ro\/spania-asediu-migranti-exclava-ceuta-africa-madrid-trupe-securitate-video\/\" rel=\"bookmark\" title=\"VIDEO | Spania se afl\u0103 sub asediu: Mii de migran\u021bi au luat cu asalt exclava Ceuta din Africa. Madridul a trimis trupe pentru a consolida securitatea\">VIDEO | Spania se afl\u0103 sub asediu: Mii de migran\u021bi au luat cu asalt&#8230;<\/a><\/h3>\n<div class=\"td-module-meta-info\"><a href=\"https:\/\/r3media.ro\/category\/actualitate\/\" class=\"td-post-category\">ACTUALITATE<\/a><span class=\"td-post-author-name\"><a href=\"https:\/\/r3media.ro\/author\/oana\/\">Oana Ivan<\/a><span>&#8211;<\/span><\/span><span class=\"td-post-date\"><time class=\"entry-date updated td-module-date\" datetime=\"2026-07-31T12:39:57+03:00\">31\/07\/2026<\/time><\/span><\/div>\n<\/div>\n<\/div>\n<\/div>\n<div class=\"td-block-span6\">\n<div class=\"td_module_8 td_module_wrap\">\n<div class=\"item-details\">\n<h3 class=\"entry-title td-module-title\"><a href=\"https:\/\/r3media.ro\/expert-ucraina-faliment-agricultura-romaneasca-tehnologii-ue\/\" rel=\"bookmark\" title=\"Un expert explic\u0103 felul \u00een care concuren\u021ba din Ucraina bag\u0103 \u00een faliment agricultura rom\u00e2neasc\u0103: Folosesc tehnologii interzise \u00een UE\">Un expert explic\u0103 felul \u00een care concuren\u021ba din Ucraina bag\u0103 \u00een faliment agricultura rom\u00e2neasc\u0103:&#8230;<\/a><\/h3>\n<div class=\"td-module-meta-info\"><a href=\"https:\/\/r3media.ro\/category\/actualitate\/\" class=\"td-post-category\">ACTUALITATE<\/a><span class=\"td-post-author-name\"><a href=\"https:\/\/r3media.ro\/author\/radu_ursan\/\">Radu Ursan<\/a><span>&#8211;<\/span><\/span><span class=\"td-post-date\"><time class=\"entry-date updated td-module-date\" datetime=\"2026-07-30T09:51:48+03:00\">30\/07\/2026<\/time><\/span><\/div>\n<\/div>\n<\/div>\n<\/div>\n<\/div>\n<div class=\"td-block-row\">\n<div class=\"td-block-span6\">\n<div class=\"td_module_8 td_module_wrap\">\n<div class=\"item-details\">\n<h3 class=\"entry-title td-module-title\"><a href=\"https:\/\/r3media.ro\/cornel-nistorescu-drone-razboi-ucraina\/\" rel=\"bookmark\" title=\"Cornel Nistorescu, dup\u0103 incidentele cu drone: Adie a aer de r\u0103zboi. De mirare c\u0103 dronele ucrainene nu au st\u00e2rnit at\u00e2ta t\u0103r\u0103boi\">Cornel Nistorescu, dup\u0103 incidentele cu drone: Adie a aer de r\u0103zboi. De mirare c\u0103&#8230;<\/a><\/h3>\n<div class=\"td-module-meta-info\"><a href=\"https:\/\/r3media.ro\/category\/actualitate\/\" class=\"td-post-category\">ACTUALITATE<\/a><span class=\"td-post-author-name\"><a href=\"https:\/\/r3media.ro\/author\/radu_ursan\/\">Radu Ursan<\/a><span>&#8211;<\/span><\/span><span class=\"td-post-date\"><time class=\"entry-date updated td-module-date\" datetime=\"2026-07-28T10:21:51+03:00\">28\/07\/2026<\/time><\/span><\/div>\n<\/div>\n<\/div>\n<\/div>\n<div class=\"td-block-span6\">\n<div class=\"td_module_8 td_module_wrap\">\n<div class=\"item-details\">\n<h3 class=\"entry-title td-module-title\"><a href=\"https:\/\/r3media.ro\/bnr-recomanda-romani-rezerve-de-cash-atacuri-cibernetice-numerar-relevant-criza\/\" rel=\"bookmark\" title=\"BNR le recomand\u0103 rom\u00e2nilor s\u0103 p\u0103streze rezerve de cash: Numerarul se poate dovedi relevant \u00een criz\u0103\">BNR le recomand\u0103 rom\u00e2nilor s\u0103 p\u0103streze rezerve de cash: Numerarul se poate dovedi relevant&#8230;<\/a><\/h3>\n<div class=\"td-module-meta-info\"><a href=\"https:\/\/r3media.ro\/category\/actualitate\/\" class=\"td-post-category\">ACTUALITATE<\/a><span class=\"td-post-author-name\"><a href=\"https:\/\/r3media.ro\/author\/oana\/\">Oana Ivan<\/a><span>&#8211;<\/span><\/span><span class=\"td-post-date\"><time class=\"entry-date updated td-module-date\" datetime=\"2026-07-27T13:11:47+03:00\">27\/07\/2026<\/time><\/span><\/div>\n<\/div>\n<\/div>\n<\/div>\n<\/div>\n<div class=\"td-block-row\">\n<div class=\"td-block-span6\">\n<div class=\"td_module_8 td_module_wrap\">\n<div class=\"item-details\">\n<h3 class=\"entry-title td-module-title\"><a href=\"https:\/\/r3media.ro\/statul-roman-a-semnat-actul-propriei-disparitii\/\" rel=\"bookmark\" title=\"Statul rom\u00e2n a semnat actul propriei dispari\u021bii?\">Statul rom\u00e2n a semnat actul propriei dispari\u021bii?<\/a><\/h3>\n<div class=\"td-module-meta-info\"><a href=\"https:\/\/r3media.ro\/category\/opinii\/\" class=\"td-post-category\">OPINII<\/a><span class=\"td-post-author-name\"><a href=\"https:\/\/r3media.ro\/author\/gabipopa\/\">Gabriel Popa<\/a><span>&#8211;<\/span><\/span><span class=\"td-post-date\"><time class=\"entry-date updated td-module-date\" datetime=\"2026-07-27T15:07:05+03:00\">27\/07\/2026<\/time><\/span><\/div>\n<\/div>\n<\/div>\n<\/div>\n<div class=\"td-block-span6\">\n<div class=\"td_module_8 td_module_wrap\">\n<div class=\"item-details\">\n<h3 class=\"entry-title td-module-title\"><a href=\"https:\/\/r3media.ro\/prima-oara-istorie-presedintia-document-primplan-patriotism-european\/\" rel=\"bookmark\" title=\"Pentru prima oar\u0103 \u00een istorie, Pre\u0219edin\u021bia Rom\u00e2niei emite un document care pune pe primul plan o alt\u0103 entitate dec\u00e2t \u021bara noastr\u0103: patriotismul european\">Pentru prima oar\u0103 \u00een istorie, Pre\u0219edin\u021bia Rom\u00e2niei emite un document care pune pe primul&#8230;<\/a><\/h3>\n<div class=\"td-module-meta-info\"><a href=\"https:\/\/r3media.ro\/category\/actualitate\/\" class=\"td-post-category\">ACTUALITATE<\/a><span class=\"td-post-author-name\"><a href=\"https:\/\/r3media.ro\/author\/teodor_stan\/\">Teodor Stan<\/a><span>&#8211;<\/span><\/span><span class=\"td-post-date\"><time class=\"entry-date updated td-module-date\" datetime=\"2026-07-26T11:44:31+03:00\">26\/07\/2026<\/time><\/span><\/div>\n<\/div>\n<\/div>\n<\/div>\n<\/div>\n<\/div>\n<div class=\"td-load-more-wrap td-load-more-infinite-wrap\" id=\"infinite-lm-tdi_20\"><a href=\"https:\/\/r3media.ro\/drona-gasita-mare-mamaia-zona-loft-video\/\" class=\"td_ajax_load_more td_ajax_load_more_js\" aria-label=\"\u00cenc\u0103rca\u021bi mai multe\" id=\"next-page-tdi_20\" data-td_block_id=\"tdi_20\">\u00cenc\u0103rca\u021bi mai multe<\/a><\/div>\n<\/div>\n<div class=\"td_block_wrap tdb_single_comments tdi_21 tdb-comm-layout2 td-pb-border-top td_block_template_1\" data-td-block-uid=\"tdi_21\">\n<div class=\"tdb-block-inner td-fix-index\">\n<div class=\"comments\" id=\"comments\">\n<div id=\"respond\" class=\"comment-respond\">\n<h3 id=\"reply-title\" class=\"comment-reply-title\">AI CEVA DE SPUS? <small><a rel=\"nofollow\" id=\"cancel-comment-reply-link\" href=\"https:\/\/r3media.ro\/drona-gasita-mare-mamaia-zona-loft-video\/#respond\">Renun\u021ba\u021bi la r\u0103spuns<\/a><\/small><\/h3>\n<div class=\"comment-form-input-wrap td-form-comment\">\n<div class=\"td-warning-comment\">V\u0103 rug\u0103m s\u0103 introduce\u021bi comentariul dvs.!<\/div>\n<\/div>\n<div class=\"comment-form-input-wrap td-form-author\">\n<div class=\"td-warning-author\">Introduce\u021bi aici numele dvs.<\/div>\n<\/div>\n<div class=\"comment-form-input-wrap td-form-email\">\n<div class=\"td-warning-email-error\">A\u021bi introdus o adres\u0103 de e-mail incorect\u0103!<\/div>\n<div class=\"td-warning-email\">V\u0103 rug\u0103m s\u0103 introduce\u021bi adresa dvs. de e-mail aici<\/div>\n<\/div>\n<\/div>\n<\/div>\n<\/div>\n<\/div>\n<\/div>\n<\/div>\n<div class=\"vc_column tdi_23  wpb_column vc_column_container tdc-column td-pb-span4 td-is-sticky\">\n<div class=\"wpb_wrapper\" data-sticky-enabled-on=\"W3RydWUsdHJ1ZSx0cnVlLHRydWVd\" data-sticky-offset=\"20\" data-sticky-is-width-auto=\"W2ZhbHNlLGZhbHNlLGZhbHNlLGZhbHNlXQ==\">\n<div class=\"wpb_wrapper td_block_wrap vc_widget_sidebar tdi_25 \">\n<div class=\"td_block_wrap td_block_7 td_block_widget tdi_26 td-pb-border-top td_block_template_1 td-column-1 td_block_padding\" data-td-block-uid=\"tdi_26\">\n<div class=\"td-block-title-wrap\">\n<h4 class=\"block-title td-block-title\"><span class=\"td-pulldown-size\">Articole RELA\u021aIONATE<\/span><\/h4>\n<\/div>\n<div id=\"tdi_26\" class=\"td_block_inner\">\n<div class=\"td-block-span12\">\n<div class=\"td_module_6 td_module_wrap td-animation-stack\">\n<div class=\"td-module-thumb\"><a href=\"https:\/\/r3media.ro\/catalin-avramescu-pornografie-infantila\/\" rel=\"bookmark\" class=\"td-image-wrap \" title=\"C\u0103t\u0103lin Avramescu, fost consilier preziden\u021bial, suspect \u00eentr-un dosar de pornografie infantil\u0103\"><img loading=\"lazy\" decoding=\"async\" class=\"entry-thumb\" src=\"https:\/\/r3media.ro\/wp-content\/uploads\/2026\/08\/Catalin-Avramescu-1200x616-1-100x70.jpg\" alt title=\"C\u0103t\u0103lin Avramescu, fost consilier preziden\u021bial, suspect \u00eentr-un dosar de pornografie infantil\u0103\" width=\"100\" height=\"70\"><\/a><\/div>\n<div class=\"item-details\">\n<h3 class=\"entry-title td-module-title\"><a href=\"https:\/\/r3media.ro\/catalin-avramescu-pornografie-infantila\/\" rel=\"bookmark\" title=\"C\u0103t\u0103lin Avramescu, fost consilier preziden\u021bial, suspect \u00eentr-un dosar de pornografie infantil\u0103\">C\u0103t\u0103lin Avramescu, fost consilier preziden\u021bial, suspect \u00eentr-un dosar de pornografie infantil\u0103<\/a><\/h3>\n<div class=\"td-module-meta-info\"><span class=\"td-post-date\"><time class=\"entry-date updated td-module-date\" datetime=\"2026-08-05T13:47:30+03:00\">05\/08\/2026<\/time><\/span><\/div>\n<\/div>\n<\/div>\n<\/div>\n<div class=\"td-block-span12\">\n<div class=\"td_module_6 td_module_wrap td-animation-stack\">\n<div class=\"td-module-thumb\"><a href=\"https:\/\/r3media.ro\/invatamant-portugalia-haos-erori-digitalizarea-procesului-evaluare-elevi\/\" rel=\"bookmark\" class=\"td-image-wrap \" title=\"\u00cenv\u0103\u021b\u0103m\u00e2ntul din Portugalia, \u00een haos din cauza erorilor cauzate de digitalizarea procesului de evaluare a elevilor\"><img loading=\"lazy\" decoding=\"async\" class=\"entry-thumb\" src=\"https:\/\/r3media.ro\/wp-content\/uploads\/2026\/02\/digitalizare-scoala-100x70.jpg\" alt title=\"\u00cenv\u0103\u021b\u0103m\u00e2ntul din Portugalia, \u00een haos din cauza erorilor cauzate de digitalizarea procesului de evaluare a elevilor\" width=\"100\" height=\"70\"><\/a><\/div>\n<div class=\"item-details\">\n<h3 class=\"entry-title td-module-title\"><a href=\"https:\/\/r3media.ro\/invatamant-portugalia-haos-erori-digitalizarea-procesului-evaluare-elevi\/\" rel=\"bookmark\" title=\"\u00cenv\u0103\u021b\u0103m\u00e2ntul din Portugalia, \u00een haos din cauza erorilor cauzate de digitalizarea procesului de evaluare a elevilor\">\u00cenv\u0103\u021b\u0103m\u00e2ntul din Portugalia, \u00een haos din cauza erorilor cauzate de digitalizarea&#8230;<\/a><\/h3>\n<div class=\"td-module-meta-info\"><span class=\"td-post-date\"><time class=\"entry-date updated td-module-date\" datetime=\"2026-08-05T12:18:39+03:00\">05\/08\/2026<\/time><\/span><\/div>\n<\/div>\n<\/div>\n<\/div>\n<div class=\"td-block-span12\">\n<div class=\"td_module_6 td_module_wrap td-animation-stack\">\n<div class=\"td-module-thumb\"><a href=\"https:\/\/r3media.ro\/bulgaria-nivelul-scazut-al-apelor-dunarii-nu-afecteaza-centrala-nucleara-de-la-kozlodui\/\" rel=\"bookmark\" class=\"td-image-wrap \" title=\"Bulgaria: Nivelul sc\u0103zut al apelor Dun\u0103rii NU afecteaz\u0103 centrala nuclear\u0103 de la Kozlodui\"><img loading=\"lazy\" decoding=\"async\" class=\"entry-thumb\" src=\"https:\/\/r3media.ro\/wp-content\/uploads\/2026\/08\/centrala-kozlodui-bulgaria-100x70.jpg\" alt title=\"Bulgaria: Nivelul sc\u0103zut al apelor Dun\u0103rii NU afecteaz\u0103 centrala nuclear\u0103 de la Kozlodui\" width=\"100\" height=\"70\"><\/a><\/div>\n<div class=\"item-details\">\n<h3 class=\"entry-title td-module-title\"><a href=\"https:\/\/r3media.ro\/bulgaria-nivelul-scazut-al-apelor-dunarii-nu-afecteaza-centrala-nucleara-de-la-kozlodui\/\" rel=\"bookmark\" title=\"Bulgaria: Nivelul sc\u0103zut al apelor Dun\u0103rii NU afecteaz\u0103 centrala nuclear\u0103 de la Kozlodui\">Bulgaria: Nivelul sc\u0103zut al apelor Dun\u0103rii NU afecteaz\u0103 centrala nuclear\u0103 de&#8230;<\/a><\/h3>\n<div class=\"td-module-meta-info\"><span class=\"td-post-date\"><time class=\"entry-date updated td-module-date\" datetime=\"2026-08-05T11:26:56+03:00\">05\/08\/2026<\/time><\/span><\/div>\n<\/div>\n<\/div>\n<\/div>\n<div class=\"td-block-span12\">\n<div class=\"td_module_6 td_module_wrap td-animation-stack\">\n<div class=\"td-module-thumb\"><a href=\"https:\/\/r3media.ro\/interdictie-apa-halkidiki-grecia-turisti-romani\/\" rel=\"bookmark\" class=\"td-image-wrap \" title=\"Interdic\u021bie la folosirea apei de la robinet \u00een Halkidiki, regiune popular\u0103 printre turi\u0219tii rom\u00e2ni din Grecia\"><img loading=\"lazy\" decoding=\"async\" class=\"entry-thumb\" src=\"https:\/\/r3media.ro\/wp-content\/uploads\/2026\/08\/halkidiki-apa-100x70.jpg\" alt title=\"Interdic\u021bie la folosirea apei de la robinet \u00een Halkidiki, regiune popular\u0103 printre turi\u0219tii rom\u00e2ni din Grecia\" width=\"100\" height=\"70\"><\/a><\/div>\n<div class=\"item-details\">\n<h3 class=\"entry-title td-module-title\"><a href=\"https:\/\/r3media.ro\/interdictie-apa-halkidiki-grecia-turisti-romani\/\" rel=\"bookmark\" title=\"Interdic\u021bie la folosirea apei de la robinet \u00een Halkidiki, regiune popular\u0103 printre turi\u0219tii rom\u00e2ni din Grecia\">Interdic\u021bie la folosirea apei de la robinet \u00een Halkidiki, regiune popular\u0103&#8230;<\/a><\/h3>\n<div class=\"td-module-meta-info\"><span class=\"td-post-date\"><time class=\"entry-date updated td-module-date\" datetime=\"2026-08-05T10:49:31+03:00\">05\/08\/2026<\/time><\/span><\/div>\n<\/div>\n<\/div>\n<\/div>\n<div class=\"td-block-span12\">\n<div class=\"td_module_6 td_module_wrap td-animation-stack\">\n<div class=\"td-module-thumb\"><a href=\"https:\/\/r3media.ro\/strategia-biodiversitatii-adoptata-30-teritoriu-activitati-economice\/\" rel=\"bookmark\" class=\"td-image-wrap \" title=\"Strategia biodiversit\u0103\u021bii, adoptat\u0103 de Senat dup\u0103 amendamente. Disputa se poart\u0103 pe \u021bintele de 30% \u0219i 10% din teritoriu exclus activit\u0103\u021bilor economice\"><img loading=\"lazy\" decoding=\"async\" class=\"entry-thumb\" src=\"https:\/\/r3media.ro\/wp-content\/uploads\/2020\/09\/teren-agricol-economica-100x70.jpg\" alt title=\"Strategia biodiversit\u0103\u021bii, adoptat\u0103 de Senat dup\u0103 amendamente. Disputa se poart\u0103 pe \u021bintele de 30% \u0219i 10% din teritoriu exclus activit\u0103\u021bilor economice\" width=\"100\" height=\"70\"><\/a><\/div>\n<div class=\"item-details\">\n<h3 class=\"entry-title td-module-title\"><a href=\"https:\/\/r3media.ro\/strategia-biodiversitatii-adoptata-30-teritoriu-activitati-economice\/\" rel=\"bookmark\" title=\"Strategia biodiversit\u0103\u021bii, adoptat\u0103 de Senat dup\u0103 amendamente. Disputa se poart\u0103 pe \u021bintele de 30% \u0219i 10% din teritoriu exclus activit\u0103\u021bilor economice\">Strategia biodiversit\u0103\u021bii, adoptat\u0103 de Senat dup\u0103 amendamente. Disputa se poart\u0103 pe&#8230;<\/a><\/h3>\n<div class=\"td-module-meta-info\"><span class=\"td-post-date\"><time class=\"entry-date updated td-module-date\" datetime=\"2026-08-04T22:57:11+03:00\">04\/08\/2026<\/time><\/span><\/div>\n<\/div>\n<\/div>\n<\/div>\n<div class=\"td-block-span12\">\n<div class=\"td_module_6 td_module_wrap td-animation-stack\">\n<div class=\"td-module-thumb\"><a href=\"https:\/\/r3media.ro\/la-mihail-kogalniceanu-apa-segarcea-restrictii\/\" rel=\"bookmark\" class=\"td-image-wrap \" title=\"La Mihail Kog\u0103lniceanu se opre\u0219te apa \u00een timpul nop\u021bii. La Segarcea, restric\u021biile sunt valabile \u0219i ziua\"><img loading=\"lazy\" decoding=\"async\" class=\"entry-thumb\" src=\"https:\/\/r3media.ro\/wp-content\/uploads\/2026\/08\/restrictii-apa-100x70.png\" alt title=\"La Mihail Kog\u0103lniceanu se opre\u0219te apa \u00een timpul nop\u021bii. La Segarcea, restric\u021biile sunt valabile \u0219i ziua\" width=\"100\" height=\"70\"><\/a><\/div>\n<div class=\"item-details\">\n<h3 class=\"entry-title td-module-title\"><a href=\"https:\/\/r3media.ro\/la-mihail-kogalniceanu-apa-segarcea-restrictii\/\" rel=\"bookmark\" title=\"La Mihail Kog\u0103lniceanu se opre\u0219te apa \u00een timpul nop\u021bii. La Segarcea, restric\u021biile sunt valabile \u0219i ziua\">La Mihail Kog\u0103lniceanu se opre\u0219te apa \u00een timpul nop\u021bii. La Segarcea,&#8230;<\/a><\/h3>\n<div class=\"td-module-meta-info\"><span class=\"td-post-date\"><time class=\"entry-date updated td-module-date\" datetime=\"2026-08-04T22:43:07+03:00\">04\/08\/2026<\/time><\/span><\/div>\n<\/div>\n<\/div>\n<\/div>\n<div class=\"td-block-span12\">\n<div class=\"td_module_6 td_module_wrap td-animation-stack\">\n<div class=\"td-module-thumb\"><a href=\"https:\/\/r3media.ro\/5-august-sf-ioan-iacob-hozevitul-de-la-neamt\/\" rel=\"bookmark\" class=\"td-image-wrap \" title=\"Calendarul zilei 5 august: Sf. Ioan Iacob Hozevitul (de la Neam\u021b)\"><img loading=\"lazy\" decoding=\"async\" class=\"entry-thumb\" src=\"https:\/\/r3media.ro\/wp-content\/uploads\/2022\/08\/sf-ioan-iacob-hozevitul-neamt-100x70.jpg\" alt title=\"Calendarul zilei 5 august: Sf. Ioan Iacob Hozevitul (de la Neam\u021b)\" width=\"100\" height=\"70\"><\/a><\/div>\n<div class=\"item-details\">\n<h3 class=\"entry-title td-module-title\"><a href=\"https:\/\/r3media.ro\/5-august-sf-ioan-iacob-hozevitul-de-la-neamt\/\" rel=\"bookmark\" title=\"Calendarul zilei 5 august: Sf. Ioan Iacob Hozevitul (de la Neam\u021b)\">Calendarul zilei 5 august: Sf. Ioan Iacob Hozevitul (de la Neam\u021b)<\/a><\/h3>\n<div class=\"td-module-meta-info\"><span class=\"td-post-date\"><time class=\"entry-date updated td-module-date\" datetime=\"2026-08-04T22:00:04+03:00\">04\/08\/2026<\/time><\/span><\/div>\n<\/div>\n<\/div>\n<\/div>\n<\/div>\n<\/div>\n<aside class=\"td_block_template_1 widget widget_recent_comments\">\n<h4 class=\"block-title\"><span>INTR\u0102 \u00ceN DISCU\u021aIE!<\/span><\/h4>\n<ul id=\"recentcomments\">\n<li class=\"recentcomments\"><span class=\"comment-author-link\">Cristian<\/span> la <a href=\"https:\/\/r3media.ro\/4-august-1919-armata-romana-budapesta\/#comment-40349\">Calendarul zilei: 4 august 1919, cucerirea Budapestei de c\u0103tre Armata Rom\u00e2n\u0103<\/a><\/li>\n<li class=\"recentcomments\"><span class=\"comment-author-link\">Nicu<\/span> la <a href=\"https:\/\/r3media.ro\/ministr-securitate-energetica-marea-britanie-subventii-net-zero-umfla-facturi-cetateni-energie\/#comment-40348\">Ministrul Securit\u0103\u021bii Energetice din Marea Britanie neag\u0103 faptul c\u0103 subven\u021biile Net Zero umfl\u0103 facturile cet\u0103\u021benilor la energie<\/a><\/li>\n<li class=\"recentcomments\"><span class=\"comment-author-link\">Nicu<\/span> la <a href=\"https:\/\/r3media.ro\/sursa-crizei-energetice-radu-miruta-romania-capacitati-carbune-seceta\/#comment-40347\">Sursa crizei energetice. Ministrul Radu Miru\u021b\u0103: Rom\u00e2nia a \u00eenchis capacit\u0103\u021bi de produc\u021bie pe carbune f\u0103r\u0103 s\u0103 pun\u0103 nimic \u00een loc. Nu te po\u021bi ascunde \u00een spatele secetei<\/a><\/li>\n<li class=\"recentcomments\"><span class=\"comment-author-link\">Gavril\u0103 Moldovan<\/span> la <a href=\"https:\/\/r3media.ro\/prima-oara-istorie-presedintia-document-primplan-patriotism-european\/#comment-40346\">Pentru prima oar\u0103 \u00een istorie, Pre\u0219edin\u021bia Rom\u00e2niei emite un document care pune pe primul plan o alt\u0103 entitate dec\u00e2t \u021bara noastr\u0103: patriotismul european<\/a><\/li>\n<li class=\"recentcomments\"><span class=\"comment-author-link\">Redac\u021bia<\/span> la <a href=\"https:\/\/r3media.ro\/statul-roman-a-semnat-actul-propriei-disparitii\/#comment-40345\">Statul rom\u00e2n a semnat actul propriei dispari\u021bii?<\/a><\/li>\n<li class=\"recentcomments\"><span class=\"comment-author-link\">Cet\u0103\u021bean<\/span> la <a href=\"https:\/\/r3media.ro\/sursa-crizei-energetice-radu-miruta-romania-capacitati-carbune-seceta\/#comment-40344\">Sursa crizei energetice. Ministrul Radu Miru\u021b\u0103: Rom\u00e2nia a \u00eenchis capacit\u0103\u021bi de produc\u021bie pe carbune f\u0103r\u0103 s\u0103 pun\u0103 nimic \u00een loc. Nu te po\u021bi ascunde \u00een spatele secetei<\/a><\/li>\n<li class=\"recentcomments\"><span class=\"comment-author-link\"><a href=\"https:\/\/r3media.ro\/statul-roman-a-semnat-actul-propriei-disparitii\/\" class=\"url\" rel=\"ugc\">Stalin<\/a><\/span> la <a href=\"https:\/\/r3media.ro\/statul-roman-a-semnat-actul-propriei-disparitii\/#comment-40343\">Statul rom\u00e2n a semnat actul propriei dispari\u021bii?<\/a><\/li>\n<\/ul>\n<\/aside>\n<aside class=\"td_block_template_1 widget widget_search\">\n<h4 class=\"block-title\"><span>CAUT\u0102 \u0218I VEI G\u0102SI<\/span><\/h4>\n<\/aside>\n<\/div>\n<\/div>\n<\/div>\n<\/div>\n<\/div>\n<\/div>\n<\/div>\n<p><span class=\"td-page-meta\"><\/span><span class=\"td-page-meta\"><span class=\"td-page-meta\"><\/span><\/span><span class=\"td-page-meta\"><\/span><\/article>\n<\/p>\n<div class=\"td_block_wrap tdb_single_content tdi_18 td-pb-border-top td_block_template_1 td-post-content tagdiv-type\" data-td-block-uid=\"tdi_18\">\n<div class=\"tdb-block-inner td-fix-index\">\n<p><strong>O dron\u0103 a fost descoperit\u0103 miercuri pe o plaj\u0103 cunoscut\u0103 din Mamaia, Constan\u021ba. Poli\u021bi\u0219tii \u0219i ISU Constan\u021ba au fost sesiza\u021bi cu privire la existen\u021ba unei drone \u00een ap\u0103, conform <a href=\"https:\/\/focuspress.ro\/video-alerta-in-mamaia-o-drona-a-fost-gasita-in-apa-in-zona-loft-91deecaca\/\" target=\"_blank\" rel=\"noopener\">FocusPress<\/a>.<\/strong><\/p>\n<p>La fa\u021ba locului au fost mobilizate mai multe echipaje, iar accesul \u00een zon\u0103 a fost restric\u021bionat. Potrivit sursei citate este vorba despre plaja din zona clubului Loft din Mamaia.<\/p>\n<p>Se pare c\u0103 ar fi vorba de o dron\u0103 f\u0103r\u0103 material explozibil. Din imagini nu se poate \u00een\u021belege dac\u0103 e vorba de o dron\u0103 maritim\u0103 sau dron\u0103 aerian\u0103.<\/p>\n<p>\u201eAu fost g\u0103site r\u0103m\u0103\u0219i\u021be dintr-o dron\u0103 pe o plaj\u0103 din sta\u021biunea Mamaia. Acestea nu au elemente pirotehnice \u0219i nu prezint\u0103 niciun pericol. Au fost preluate de Garda de Coast\u0103\u201d, a precizat prefectul jude\u021bului Constan\u021ba.<\/p>\n\n<h2><strong>O dron\u0103 marin\u0103 ucrainean\u0103 a explodat \u00een Portul Constan\u021ba<\/strong><\/h2>\n<p>\u00a0<\/p>\n<p>O dron\u0103 marin\u0103 <strong><a href=\"https:\/\/r3media.ro\/drona-marina-constanta-explozie-mapn-razboi-rusia-ucraina-video\/\" target=\"_blank\" rel=\"noopener\">s-a autodetonat pe 5 iunie<\/a><\/strong> \u00een Portul Constan\u021ba. Momentul exploziei a fost surprins din mai multe unghiuri \u0219i chiar \u00een direct, la TVR INFO. Incidentul a avut loc la dana 78 din port.<\/p>\n<p>De\u0219i drona a fost detectat\u0103 de la primele ore ale dimine\u021bii, p\u00e2n\u0103 \u00een jurul orei c\u00e2nd a explodat nu s-au luat m\u0103suri de protec\u021bie a popula\u021biei, conform jurnali\u0219tilor locali. Din fericire, p\u00e2n\u0103 la acest moment nu au fost raportate victime.<\/p>\n<p>Fostul pre\u0219edinte al Rom\u00e2niei, Traian B\u0103sescu, a spus c\u0103 drona ucrainean\u0103 a fost <strong><a href=\"https:\/\/r3media.ro\/video-exploziv-traian-basescu-ucraina-drona-constanta\/\" target=\"_blank\" rel=\"noopener\">dirijat\u0103 inten\u021bionat<\/a><\/strong> \u00een portul Constan\u021ba, iar faptul c\u0103 Rom\u00e2nia nu a reac\u021bionat la adresa acestui stat este \u201eo ru\u0219ine\u201d.<\/p>\n<p>\u201eFaptul c\u0103 n-am reac\u021bionat s\u0103-i bu\u0219im pe ucraineni e o ru\u0219ine. Eu am intrat pe l\u00e2ng\u0103 acest dig de sute de ori \u0219i am operat nava \u00een acele dane c\u00e2nd eram comandant de nav\u0103. Acolo nu se poate intra dec\u00e2t dirijat. Deci acea dron\u0103 a fost dirijat\u0103. Norocul a fost c\u0103 acea dron\u0103 s-a lovit de acest sistem de protec\u021bie \u0219i s-a rupt elicea.<\/p>\n<p>N-am reac\u021bionat s\u0103-i bu\u0219im pe ucraineni e o ru\u0219ine. Nu au nicio justificare. Putea s\u0103 fie \u0219i mama r\u0103zboiului\u201d, a spus Traian B\u0103sescu la Televiziunea Rom\u00e2n\u0103.<\/p>\n<h2><strong>Dronele aeriene din r\u0103zboiul din Ucraina ajung \u00een Rom\u00e2nia<\/strong><\/h2>\n<p>\u00a0<\/p>\n<p>Proximitatea fizic\u0103 dintre porturile ucrainene de la Dun\u0103re (Reni, Izmail, Chilia) \u0219i teritoriul rom\u00e2nesc este principalul motiv pentru care dronele ajung \u00een Rom\u00e2nia. \u00cen timpul atacurilor lansate asupra acestei infrastructuri de grani\u021b\u0103, spa\u021biul aerian rom\u00e2nesc devine vulnerabil din cauza distan\u021belor de doar c\u00e2teva sute de metri care separ\u0103 cele dou\u0103 \u021b\u0103ri.<\/p>\n<p>Abaterile sunt cauzate de multe ori de r\u0103zboiul electronic \u0219i de defec\u021biunile tehnice. Bruiajul intens al semnalelor GPS dezorienteaz\u0103 sistemele de naviga\u021bie ale dronelor, iar aparatele avariate de ap\u0103rarea antiaerian\u0103 sau cele folosite ca momeal\u0103 \u00ee\u0219i pierd traiectoria \u0219i se pr\u0103bu\u0219esc din iner\u021bie peste grani\u021b\u0103.<\/p>\n<div class=\"crp_related     crp-masonry\">\n<h2>\u00ceN CONTEXT<\/h2>\n<ul>\n<li><a href=\"https:\/\/r3media.ro\/fara-tine-in-google-r3media-dispare-iata-ce-poti-face-in-10-secunde\/\" class=\"crp_link post-119031\"><span class=\"crp_title\">F\u0103r\u0103 tine \u00een Google, R3media dispare. Iat\u0103 ce po\u021bi face \u00een 10 secunde<\/span><\/a><\/li>\n<li><a href=\"https:\/\/r3media.ro\/drona-marina-constanta-explozie-mapn-razboi-rusia-ucraina-video\/\" class=\"crp_link post-117786\"><span class=\"crp_title\">VIDEO | O dron\u0103 marin\u0103 a explodat vineri \u00een Portul Constan\u021ba. MApN: Este de tipul celor\u2026<\/span><\/a><\/li>\n<li><a href=\"https:\/\/r3media.ro\/ucraina-scuze-grecia-drona-marina-insula-lefkada-expolozie-portul-constanta\/\" class=\"crp_link post-117814\"><span class=\"crp_title\">Ucraina i-a cerut scuze Greciei pentru c\u0103 o dron\u0103 marin\u0103 a ajuns l\u00e2ng\u0103 Insula Lefkada. Nicio\u2026<\/span><\/a><\/li>\n<\/ul>\n<\/div>\n<\/div>\n<\/div>\n<p>[analyse_source url=&#8221;https:\/\/r3media.ro\/drona-gasita-mare-mamaia-zona-loft-video\/&#8221;]<\/p>\n","protected":false},"excerpt":{"rendered":"<p>[analyse_image type=&#8221;featured&#8221; src=&#8221;https:\/\/r3media.ro\/wp-content\/uploads\/2026\/07\/plaja-goala-e1783365335558.pnghttps:\/\/r3media.ro\/wp-content\/uploads\/2026\/07\/plaja-goala-e1783365335558.png&#8221;] FEATUREDVIDEO | O dron\u0103 a fost g\u0103sit\u0103 \u00een mare, \u00een Mamaia, \u00een&#8230; FEATURED\u0218TIRI VIDEO | O dron\u0103 a fost g\u0103sit\u0103 \u00een mare, \u00een Mamaia, \u00een zona Loft Oana Ivan 05\/08\/2026 Surs\u0103 &#8211; Unsplash O dron\u0103 a fost descoperit\u0103 miercuri pe o plaj\u0103 cunoscut\u0103 din Mamaia, Constan\u021ba. Poli\u021bi\u0219tii \u0219i ISU Constan\u021ba au fost [&hellip;]<\/p>\n","protected":false},"author":1,"featured_media":0,"comment_status":"open","ping_status":"","sticky":false,"template":"","format":"standard","meta":{"footnotes":""},"categories":[89],"tags":[226,93],"class_list":["post-2079547","post","type-post","status-publish","format-standard","hentry","category-romania","tag-crawlmanager","tag-r3media-ro"],"_links":{"self":[{"href":"https:\/\/analyse.optim.biz\/index.php?rest_route=\/wp\/v2\/posts\/2079547","targetHints":{"allow":["GET"]}}],"collection":[{"href":"https:\/\/analyse.optim.biz\/index.php?rest_route=\/wp\/v2\/posts"}],"about":[{"href":"https:\/\/analyse.optim.biz\/index.php?rest_route=\/wp\/v2\/types\/post"}],"author":[{"embeddable":true,"href":"https:\/\/analyse.optim.biz\/index.php?rest_route=\/wp\/v2\/users\/1"}],"replies":[{"embeddable":true,"href":"https:\/\/analyse.optim.biz\/index.php?rest_route=%2Fwp%2Fv2%2Fcomments&post=2079547"}],"version-history":[{"count":0,"href":"https:\/\/analyse.optim.biz\/index.php?rest_route=\/wp\/v2\/posts\/2079547\/revisions"}],"wp:attachment":[{"href":"https:\/\/analyse.optim.biz\/index.php?rest_route=%2Fwp%2Fv2%2Fmedia&parent=2079547"}],"wp:term":[{"taxonomy":"category","embeddable":true,"href":"https:\/\/analyse.optim.biz\/index.php?rest_route=%2Fwp%2Fv2%2Fcategories&post=2079547"},{"taxonomy":"post_tag","embeddable":true,"href":"https:\/\/analyse.optim.biz\/index.php?rest_route=%2Fwp%2Fv2%2Ftags&post=2079547"}],"curies":[{"name":"wp","href":"https:\/\/api.w.org\/{rel}","templated":true}]}}