{"id":207953,"date":"2014-04-10T23:01:40","date_gmt":"2014-04-10T20:01:40","guid":{"rendered":"https:\/\/analyse.optim.biz\/?p=207953"},"modified":"2014-04-10T23:01:40","modified_gmt":"2014-04-10T20:01:40","slug":"crin-antonescu-vrea-ancheta-parlamentara-in-cazul-sefului-cj-mehedinti","status":"publish","type":"post","link":"https:\/\/analyse.optim.biz\/?p=207953","title":{"rendered":"Crin Antonescu vrea anchet\u0103 parlamentar\u0103 \u00een cazul \u0219efului CJ Mehedin\u021bi"},"content":{"rendered":"<div class=\"entry data-app-meta data-app-meta-article\" data-embed-base-url-canonical=\"https:\/\/www.digi24.ro\/embed\/stiri\/actualitate\/politica\/crin-antonescu-vrea-ancheta-parlamentara-in-cazul-sefului-cj-mehedinti-227907\">\n<p data-index=\"1\">Liberalii vor s\u0103 l\u0103mureasc\u0103 modul \u00een care se f\u0103ceau numirile \u00een Guvern \u015fi dac\u0103 dac\u0103 \u015feful Poli\u0163iei Rom\u00e2ne a primit ordine s\u0103 intervin\u0103 pentru protejatul lui Adrian Duicu. <\/p>\n<p data-index=\"2\">\u201e<span>Adic\u0103 noi trebuie s\u0103 \u015ftim limpede dac\u0103 a\u015fa se f\u0103ceau numirile \u00een Guvern, dac\u0103 cineva l-a chemat pe domnul Tob\u0103 \u015fi i-a ordonat s\u0103 se conformeze dorin\u0163elor domnului Duicu. Aici cred c\u0103 se poate discuta chiar la nivelul unei comisii parlamentare\u201d, a spus Crin Antonescu, citat de <a href=\"http:\/\/www.hotnews.ro\/\" target=\"_blank\" data-skip-linkfix=\"1\" rel=\"noopener\">Hotnews<\/a>.<\/span><\/p>\n<p data-index=\"3\">Procurorii DNA sus\u0163in c\u0103 Adrian Duicu a f\u0103cut <a href=\"https:\/\/www.digi24.ro\/Stiri\/Digi24\/Actualitate\/Justitie\/Procurori+Adrian+Duicu+presedintele+CJ+Mehedinti+facea+trafic+de\" target=\"_blank\" data-skip-linkfix=\"1\" rel=\"noopener\">trafic de influen\u0163\u0103 chiar \u00een cabinetul premierului<\/a> din Palatul Victoria. El ar fi cerut ca \u015feful poli\u0163iei Mehedin\u0163i s\u0103 fie promovat \u00een Ministerul Afacerilor Interne. <\/p>\n<p data-index=\"4\">\u00cenfiin\u0163area unei comisii parlamentare de anchet\u0103 \u00een acest caz ar presupune votul majorit\u0103\u0163ii parlamentare, de care liberalii nu dispun \u00een acest moment. \u00a0<\/p>\n<\/div>\n<p> Source URL: https:\/\/www.digi24.ro\/stiri\/actualitate\/politica\/crin-antonescu-vrea-ancheta-parlamentara-in-cazul-sefului-cj-mehedinti-227907<\/p>\n","protected":false},"excerpt":{"rendered":"<p>Liberalii vor s\u0103 l\u0103mureasc\u0103 modul \u00een care se f\u0103ceau numirile \u00een Guvern \u015fi dac\u0103 dac\u0103 \u015feful Poli\u0163iei Rom\u00e2ne a primit ordine s\u0103 intervin\u0103 pentru protejatul lui Adrian Duicu. \u201eAdic\u0103 noi trebuie s\u0103 \u015ftim limpede dac\u0103 a\u015fa se f\u0103ceau numirile \u00een Guvern, dac\u0103 cineva l-a chemat pe domnul Tob\u0103 \u015fi i-a ordonat s\u0103 se conformeze dorin\u0163elor [&hellip;]<\/p>\n","protected":false},"author":1,"featured_media":207954,"comment_status":"open","ping_status":"","sticky":false,"template":"","format":"standard","meta":{"footnotes":""},"categories":[2],"tags":[11],"class_list":["post-207953","post","type-post","status-publish","format-standard","has-post-thumbnail","hentry","category-politics","tag-digi24"],"_links":{"self":[{"href":"https:\/\/analyse.optim.biz\/index.php?rest_route=\/wp\/v2\/posts\/207953","targetHints":{"allow":["GET"]}}],"collection":[{"href":"https:\/\/analyse.optim.biz\/index.php?rest_route=\/wp\/v2\/posts"}],"about":[{"href":"https:\/\/analyse.optim.biz\/index.php?rest_route=\/wp\/v2\/types\/post"}],"author":[{"embeddable":true,"href":"https:\/\/analyse.optim.biz\/index.php?rest_route=\/wp\/v2\/users\/1"}],"replies":[{"embeddable":true,"href":"https:\/\/analyse.optim.biz\/index.php?rest_route=%2Fwp%2Fv2%2Fcomments&post=207953"}],"version-history":[{"count":0,"href":"https:\/\/analyse.optim.biz\/index.php?rest_route=\/wp\/v2\/posts\/207953\/revisions"}],"wp:featuredmedia":[{"embeddable":true,"href":"https:\/\/analyse.optim.biz\/index.php?rest_route=\/wp\/v2\/media\/207954"}],"wp:attachment":[{"href":"https:\/\/analyse.optim.biz\/index.php?rest_route=%2Fwp%2Fv2%2Fmedia&parent=207953"}],"wp:term":[{"taxonomy":"category","embeddable":true,"href":"https:\/\/analyse.optim.biz\/index.php?rest_route=%2Fwp%2Fv2%2Fcategories&post=207953"},{"taxonomy":"post_tag","embeddable":true,"href":"https:\/\/analyse.optim.biz\/index.php?rest_route=%2Fwp%2Fv2%2Ftags&post=207953"}],"curies":[{"name":"wp","href":"https:\/\/api.w.org\/{rel}","templated":true}]}}