{"id":2079526,"date":"2026-08-05T20:46:41","date_gmt":"2026-08-05T17:46:41","guid":{"rendered":"https:\/\/analyse.optim.biz\/?p=2079526"},"modified":"2026-08-05T20:46:41","modified_gmt":"2026-08-05T17:46:41","slug":"parasutist-implicat-intr-un-incident-aviatic","status":"publish","type":"post","link":"https:\/\/analyse.optim.biz\/?p=2079526","title":{"rendered":"Para\u015futist implicat \u00eentr-un incident aviatic"},"content":{"rendered":"<p>[analyse_image type=&#8221;featured&#8221; src=&#8221;https:\/\/www.tvbuzau.ro\/wp-content\/uploads\/2026\/08\/sddefault-11.jpghttps:\/\/www.tvbuzau.ro\/wp-content\/uploads\/2026\/08\/sddefault-11.jpg&#8221;]<\/p>\n<div class=\"td-ss-main-content\">\n<article id=\"post-119926\" class=\"post-119926 post type-post status-publish format-video has-post-thumbnail hentry category-actualitate post_format-post-format-video\">\n<div class=\"td-post-header\">\n<ul class=\"td-category\">\n<li class=\"entry-category\"><a href=\"https:\/\/www.tvbuzau.ro\/category\/actualitate\/\">Actualitate<\/a><\/li>\n<\/ul>\n<header class=\"td-post-title\">\n<h1 class=\"entry-title\">Para\u015futist implicat \u00eentr-un incident aviatic<\/h1>\n<div class=\"td-module-meta-info\">\n<div class=\"td-post-author-name\">De c\u0103tre <a href=\"https:\/\/www.tvbuzau.ro\/author\/mihai-vasilescu\/\">TV Buz\u0103u<\/a> &#8211; <\/div>\n<p><span class=\"td-post-date\"><time class=\"entry-date updated td-module-date\" datetime=\"2026-08-05T20:46:41+00:00\">august 5, 2026<\/time><\/span><\/p>\n<div class=\"td-post-comments\"><a href=\"https:\/\/www.tvbuzau.ro\/parasutist-implicat-intr-un-incident-aviatic\/#respond\">0<\/a><\/div>\n<div class=\"td-post-views\"><span class=\"td-nr-views-119926\">3<\/span><\/div>\n<\/div>\n<\/header>\n<\/div>\n<div class=\"td-post-sharing td-post-sharing-top td-with-like\">\n<div class=\"td-default-sharing\"><a class=\"td-social-sharing-buttons td-social-facebook\" href=\"http:\/\/www.facebook.com\/sharer.php?u=https%3A%2F%2Fwww.tvbuzau.ro%2Fparasutist-implicat-intr-un-incident-aviatic%2F\"><\/p>\n<div class=\"td-social-but-text\">Distribui\u021bi pe Facebook<\/div>\n<p><\/a><a class=\"td-social-sharing-buttons td-social-twitter\" href=\"https:\/\/twitter.com\/intent\/tweet?text=Para%C5%9Futist+implicat+%C3%AEntr-un+incident+aviatic&amp;url=https%3A%2F%2Fwww.tvbuzau.ro%2Fparasutist-implicat-intr-un-incident-aviatic%2F&amp;via=TV+Buz%C4%83u\"><\/p>\n<div class=\"td-social-but-text\">Distribui\u021bi pe Twitter<\/div>\n<p><\/a><\/div>\n<div class=\"td-classic-sharing\">\n<ul>\n<li class=\"td-classic-facebook\"><iframe frameborder src=\"https:\/\/www.facebook.com\/plugins\/like.php?href=https:\/\/www.tvbuzau.ro\/parasutist-implicat-intr-un-incident-aviatic\/&amp;layout=button_count&amp;show_faces=false&amp;width=105&amp;action=like&amp;colorscheme=light&amp;height=21\"><\/iframe><\/li>\n<li class=\"td-classic-twitter\"><a href=\"https:\/\/twitter.com\/share\" class=\"twitter-share-button\" data-url=\"https:\/\/www.tvbuzau.ro\/parasutist-implicat-intr-un-incident-aviatic\/\" data-text=\"Para\u015futist implicat \u00eentr-un incident aviatic\" data-via data-lang=\"en\">tweet<\/a><\/li>\n<\/ul>\n<\/div>\n<\/div>\n<div class=\"td-post-content\">\n<div class=\"td-featured-image-rec\">\n<div class=\"wpb_video_wrapper\">\n                    <iframe loading=\"lazy\" id=\"td_youtube_player\" width=\"600\" height=\"560\" src=\"https:\/\/www.youtube.com\/embed\/OaKAVhY9wbM?enablejsapi=1&amp;feature=oembed&amp;wmode=opaque&amp;vq=hd720\" frameborder allowfullscreen><\/iframe><\/p><\/div>\n<\/div>\n<p>A fost deschis\u0103 o anchet\u0103<br \/>\nUn incident aviatic a avut loc mar\u0163i pe un aerodrom din Buz\u0103u \u00een timpul unor salturi efectuate de militari. Unul dintre participan\u0163i s-a ag\u0103\u0163a de structura exterioar\u0103 a aeronavei din care s\u0103rise, gener\u00e2nd momente de panic\u0103 la bord \u0219i la sol. Problemele s-au declan\u0219at imediat dup\u0103 p\u0103r\u0103sirea aparatului de zbor, un avion clasic de tip AN-2 utilizat frecvent pentru para\u0219ut\u0103ri la joas\u0103 altitudine.<br \/>\n\u201eAst\u0103zi, 4 august 2026, in jurul orei 8.30, pe timpul unui exerci\u021biu de zbor \u0219i para\u0219utare executat de militarii din cadrul For\u021belor pentru Opera\u021bii Speciale, \u00een proximitatea aerodromului din Buz\u0103u a avut loc un incident de para\u0219utare. La momentul p\u0103r\u0103sirii bordului aeronavei, unul dintre militari a fost implicat \u00eentr-un incident de para\u0219utare, fapt ce a condus la un zbor \u00eentr-o pozi\u021bie at\u00e2rnat\u0103 fa\u021b\u0103 de aeronava tip AN-2 timp de aproximativ dou\u0103 minute\u201d, se arat\u0103 \u00eentr-un comunicat al Statului Major al Armatei, citat de Ziare.com.<br \/>\nAutorit\u0103\u0163ile au anun\u0163at o anchet\u0103.<br \/>\n \u201eMilitarul a reac\u021bionat prompt, aplic\u00e2nd procedurile de urgen\u021b\u0103, rezolv\u00e2nd incidentul \u0219i ateriz\u00e2nd \u00een deplin\u0103 siguran\u021b\u0103 \u00een raionul de para\u0219utare. Pentru stabilirea circumstan\u021belor producerii incidentului, comandantul Comandamentului For\u021belor pentru Opera\u021bii Speciale a ordonat constituirea unei comisii interne de cercetare\u201d, mai arat\u0103 sursa citat\u0103.<\/p>\n<div class=\"post-views post-119926 entry-meta\"><span class=\"post-views-label\">Post Views: <\/span><span class=\"post-views-count\">34<\/span><\/div>\n<\/div>\n<footer>\n<div class=\"td-post-sharing td-post-sharing-bottom td-with-like\"><span class=\"td-post-share-title\">DISTRIBUI\u021aI<\/span><\/p>\n<div class=\"td-default-sharing\"><a class=\"td-social-sharing-buttons td-social-facebook\" href=\"http:\/\/www.facebook.com\/sharer.php?u=https%3A%2F%2Fwww.tvbuzau.ro%2Fparasutist-implicat-intr-un-incident-aviatic%2F\"><\/p>\n<div class=\"td-social-but-text\">Facebook<\/div>\n<p><\/a><a class=\"td-social-sharing-buttons td-social-twitter\" href=\"https:\/\/twitter.com\/intent\/tweet?text=Para%C5%9Futist+implicat+%C3%AEntr-un+incident+aviatic&amp;url=https%3A%2F%2Fwww.tvbuzau.ro%2Fparasutist-implicat-intr-un-incident-aviatic%2F&amp;via=TV+Buz%C4%83u\"><\/p>\n<div class=\"td-social-but-text\">Twitter<\/div>\n<p><\/a><\/div>\n<div class=\"td-classic-sharing\">\n<ul>\n<li class=\"td-classic-facebook\"><iframe frameborder src=\"https:\/\/www.facebook.com\/plugins\/like.php?href=https:\/\/www.tvbuzau.ro\/parasutist-implicat-intr-un-incident-aviatic\/&amp;layout=button_count&amp;show_faces=false&amp;width=105&amp;action=like&amp;colorscheme=light&amp;height=21\"><\/iframe><\/li>\n<li class=\"td-classic-twitter\"><a href=\"https:\/\/twitter.com\/share\" class=\"twitter-share-button\" data-url=\"https:\/\/www.tvbuzau.ro\/parasutist-implicat-intr-un-incident-aviatic\/\" data-text=\"Para\u015futist implicat \u00eentr-un incident aviatic\" data-via data-lang=\"en\">tweet<\/a><\/li>\n<\/ul>\n<\/div>\n<\/div>\n<div class=\"td-author-name vcard author\"><span class=\"fn\"><a href=\"https:\/\/www.tvbuzau.ro\/author\/mihai-vasilescu\/\">TV Buz\u0103u<\/a><\/span><\/div>\n<p><span><\/span><span><span><\/span><\/span><span><\/span><\/footer>\n<\/article>\n<div class=\"td_block_wrap td_block_related_posts td_uid_1_6a73d4bba7c19_rand td_with_ajax_pagination td-pb-border-top\" data-td-block-uid=\"td_uid_1_6a73d4bba7c19\">\n<h4 class=\"td-related-title\"><a id=\"td_uid_2_6a73d4bbae006\" class=\"td-related-left td-cur-simple-item\" data-td_filter_value data-td_block_id=\"td_uid_1_6a73d4bba7c19\" href=\"https:\/\/www.tvbuzau.ro\/parasutist-implicat-intr-un-incident-aviatic\/\">ARTICOLE SIMILARE<\/a><a id=\"td_uid_3_6a73d4bbae045\" class=\"td-related-right\" data-td_filter_value=\"td_related_more_from_author\" data-td_block_id=\"td_uid_1_6a73d4bba7c19\" href=\"https:\/\/www.tvbuzau.ro\/parasutist-implicat-intr-un-incident-aviatic\/\">DE LA ACELA\u0218I AUTOR<\/a><\/h4>\n<div id=\"td_uid_1_6a73d4bba7c19\" class=\"td_block_inner\">\n<div class=\"td-related-row\">\n<div class=\"td-related-span4\">\n<div class=\"td_module_related_posts td-animation-stack td_mod_related_posts\">\n<div class=\"td-module-image\">\n<div class=\"td-module-thumb\"><a href=\"https:\/\/www.tvbuzau.ro\/directia-silvica-a-populat-cu-pastrav-curcubeu-paraul-casele-bisocii\/\" rel=\"bookmark\" title=\"Direc\u0163ia Silvic\u0103 a populat cu p\u0103str\u0103v curcubeu p\u00e2r\u00e2ul Casele Bisocii\"><img loading=\"lazy\" decoding=\"async\" width=\"218\" height=\"150\" class=\"entry-thumb\" src=\"https:\/\/www.tvbuzau.ro\/wp-content\/uploads\/2026\/08\/sddefault-12-218x150.jpg\" alt title=\"Direc\u0163ia Silvic\u0103 a populat cu p\u0103str\u0103v curcubeu p\u00e2r\u00e2ul Casele Bisocii\"><span class=\"td-video-play-ico\"><img loading=\"lazy\" decoding=\"async\" width=\"40\" height=\"40\" class=\"td-retina\" src=\"https:\/\/www.tvbuzau.ro\/wp-content\/themes\/Newspaper\/images\/icons\/ico-video-large.png\" alt=\"video\"><\/span><\/a><\/div>\n<p><a href=\"https:\/\/www.tvbuzau.ro\/category\/actualitate\/\" class=\"td-post-category\">Actualitate<\/a><\/div>\n<div class=\"item-details\">\n<h3 class=\"entry-title td-module-title\"><a href=\"https:\/\/www.tvbuzau.ro\/directia-silvica-a-populat-cu-pastrav-curcubeu-paraul-casele-bisocii\/\" rel=\"bookmark\" title=\"Direc\u0163ia Silvic\u0103 a populat cu p\u0103str\u0103v curcubeu p\u00e2r\u00e2ul Casele Bisocii\">Direc\u0163ia Silvic\u0103 a populat cu p\u0103str\u0103v curcubeu p\u00e2r\u00e2ul Casele Bisocii<\/a><\/h3>\n<\/div>\n<\/div>\n<\/div>\n<div class=\"td-related-span4\">\n<div class=\"td_module_related_posts td-animation-stack td_mod_related_posts\">\n<div class=\"td-module-image\">\n<div class=\"td-module-thumb\"><a href=\"https:\/\/www.tvbuzau.ro\/cazurile-de-tbc-la-bovine-in-scadere\/\" rel=\"bookmark\" title=\"Cazurile de TBC la bovine \u00een sc\u0103dere\"><img loading=\"lazy\" decoding=\"async\" width=\"218\" height=\"150\" class=\"entry-thumb\" src=\"https:\/\/www.tvbuzau.ro\/wp-content\/uploads\/2026\/08\/sddefault-10-218x150.jpg\" alt title=\"Cazurile de TBC la bovine \u00een sc\u0103dere\"><span class=\"td-video-play-ico\"><img loading=\"lazy\" decoding=\"async\" width=\"40\" height=\"40\" class=\"td-retina\" src=\"https:\/\/www.tvbuzau.ro\/wp-content\/themes\/Newspaper\/images\/icons\/ico-video-large.png\" alt=\"video\"><\/span><\/a><\/div>\n<p><a href=\"https:\/\/www.tvbuzau.ro\/category\/actualitate\/\" class=\"td-post-category\">Actualitate<\/a><\/div>\n<div class=\"item-details\">\n<h3 class=\"entry-title td-module-title\"><a href=\"https:\/\/www.tvbuzau.ro\/cazurile-de-tbc-la-bovine-in-scadere\/\" rel=\"bookmark\" title=\"Cazurile de TBC la bovine \u00een sc\u0103dere\">Cazurile de TBC la bovine \u00een sc\u0103dere<\/a><\/h3>\n<\/div>\n<\/div>\n<\/div>\n<div class=\"td-related-span4\">\n<div class=\"td_module_related_posts td-animation-stack td_mod_related_posts\">\n<div class=\"td-module-image\">\n<div class=\"td-module-thumb\"><a href=\"https:\/\/www.tvbuzau.ro\/cand-isi-deschide-portile-fostul-sediu-al-bibliotecii-judetene\/\" rel=\"bookmark\" title=\"C\u00e2nd \u00ee\u015fi deschide por\u0163ile fostul sediu al Bibliotecii Jude\u0163ene\"><img loading=\"lazy\" decoding=\"async\" width=\"218\" height=\"150\" class=\"entry-thumb\" src=\"https:\/\/www.tvbuzau.ro\/wp-content\/uploads\/2026\/08\/sddefault-9-218x150.jpg\" alt title=\"C\u00e2nd \u00ee\u015fi deschide por\u0163ile fostul sediu al Bibliotecii Jude\u0163ene\"><span class=\"td-video-play-ico\"><img loading=\"lazy\" decoding=\"async\" width=\"40\" height=\"40\" class=\"td-retina\" src=\"https:\/\/www.tvbuzau.ro\/wp-content\/themes\/Newspaper\/images\/icons\/ico-video-large.png\" alt=\"video\"><\/span><\/a><\/div>\n<p><a href=\"https:\/\/www.tvbuzau.ro\/category\/actualitate\/\" class=\"td-post-category\">Actualitate<\/a><\/div>\n<div class=\"item-details\">\n<h3 class=\"entry-title td-module-title\"><a href=\"https:\/\/www.tvbuzau.ro\/cand-isi-deschide-portile-fostul-sediu-al-bibliotecii-judetene\/\" rel=\"bookmark\" title=\"C\u00e2nd \u00ee\u015fi deschide por\u0163ile fostul sediu al Bibliotecii Jude\u0163ene\">C\u00e2nd \u00ee\u015fi deschide por\u0163ile fostul sediu al Bibliotecii Jude\u0163ene<\/a><\/h3>\n<\/div>\n<\/div>\n<\/div>\n<\/div>\n<div class=\"td-related-row\">\n<div class=\"td-related-span4\">\n<div class=\"td_module_related_posts td-animation-stack td_mod_related_posts\">\n<div class=\"td-module-image\">\n<div class=\"td-module-thumb\"><a href=\"https:\/\/www.tvbuzau.ro\/festivaluri-si-tabere-sustinute-de-consiliul-judetean\/\" rel=\"bookmark\" title=\"Festivaluri \u015fi tabere sus\u0163inute de Consiliul Jude\u0163ean\"><img loading=\"lazy\" decoding=\"async\" width=\"218\" height=\"150\" class=\"entry-thumb\" src=\"https:\/\/www.tvbuzau.ro\/wp-content\/uploads\/2026\/08\/sddefault-8-218x150.jpg\" alt title=\"Festivaluri \u015fi tabere sus\u0163inute de Consiliul Jude\u0163ean\"><span class=\"td-video-play-ico\"><img loading=\"lazy\" decoding=\"async\" width=\"40\" height=\"40\" class=\"td-retina\" src=\"https:\/\/www.tvbuzau.ro\/wp-content\/themes\/Newspaper\/images\/icons\/ico-video-large.png\" alt=\"video\"><\/span><\/a><\/div>\n<p><a href=\"https:\/\/www.tvbuzau.ro\/category\/actualitate\/\" class=\"td-post-category\">Actualitate<\/a><\/div>\n<div class=\"item-details\">\n<h3 class=\"entry-title td-module-title\"><a href=\"https:\/\/www.tvbuzau.ro\/festivaluri-si-tabere-sustinute-de-consiliul-judetean\/\" rel=\"bookmark\" title=\"Festivaluri \u015fi tabere sus\u0163inute de Consiliul Jude\u0163ean\">Festivaluri \u015fi tabere sus\u0163inute de Consiliul Jude\u0163ean<\/a><\/h3>\n<\/div>\n<\/div>\n<\/div>\n<div class=\"td-related-span4\">\n<div class=\"td_module_related_posts td-animation-stack td_mod_related_posts\">\n<div class=\"td-module-image\">\n<div class=\"td-module-thumb\"><a href=\"https:\/\/www.tvbuzau.ro\/119911-2\/\" rel=\"bookmark\" title><img loading=\"lazy\" decoding=\"async\" width=\"218\" height=\"150\" class=\"entry-thumb\" src=\"https:\/\/www.tvbuzau.ro\/wp-content\/uploads\/2026\/08\/sddefault-6-218x150.jpg\" alt title><span class=\"td-video-play-ico\"><img loading=\"lazy\" decoding=\"async\" width=\"40\" height=\"40\" class=\"td-retina\" src=\"https:\/\/www.tvbuzau.ro\/wp-content\/themes\/Newspaper\/images\/icons\/ico-video-large.png\" alt=\"video\"><\/span><\/a><\/div>\n<p><a href=\"https:\/\/www.tvbuzau.ro\/category\/actualitate\/\" class=\"td-post-category\">Actualitate<\/a><\/div>\n<\/div>\n<\/div>\n<div class=\"td-related-span4\">\n<div class=\"td_module_related_posts td-animation-stack td_mod_related_posts\">\n<div class=\"td-module-image\">\n<div class=\"td-module-thumb\"><a href=\"https:\/\/www.tvbuzau.ro\/primaria-buzau-nu-renunta-la-neutralitatea-climatica\/\" rel=\"bookmark\" title=\"Prim\u0103ria Buz\u0103u nu renun\u0163\u0103 la neutralitatea climatic\u0103\"><img loading=\"lazy\" decoding=\"async\" width=\"218\" height=\"150\" class=\"entry-thumb\" src=\"https:\/\/www.tvbuzau.ro\/wp-content\/uploads\/2026\/08\/sddefault-5-218x150.jpg\" alt title=\"Prim\u0103ria Buz\u0103u nu renun\u0163\u0103 la neutralitatea climatic\u0103\"><span class=\"td-video-play-ico\"><img loading=\"lazy\" decoding=\"async\" width=\"40\" height=\"40\" class=\"td-retina\" src=\"https:\/\/www.tvbuzau.ro\/wp-content\/themes\/Newspaper\/images\/icons\/ico-video-large.png\" alt=\"video\"><\/span><\/a><\/div>\n<p><a href=\"https:\/\/www.tvbuzau.ro\/category\/actualitate\/\" class=\"td-post-category\">Actualitate<\/a><\/div>\n<div class=\"item-details\">\n<h3 class=\"entry-title td-module-title\"><a href=\"https:\/\/www.tvbuzau.ro\/primaria-buzau-nu-renunta-la-neutralitatea-climatica\/\" rel=\"bookmark\" title=\"Prim\u0103ria Buz\u0103u nu renun\u0163\u0103 la neutralitatea climatic\u0103\">Prim\u0103ria Buz\u0103u nu renun\u0163\u0103 la neutralitatea climatic\u0103<\/a><\/h3>\n<\/div>\n<\/div>\n<\/div>\n<\/div>\n<\/div>\n<\/div>\n<div class=\"comments\" id=\"comments\">\n<div id=\"respond\" class=\"comment-respond\">\n<h3 id=\"reply-title\" class=\"comment-reply-title\">L\u0102SA\u021aI UN MESAJ <small><a rel=\"nofollow\" id=\"cancel-comment-reply-link\" href=\"https:\/\/www.tvbuzau.ro\/parasutist-implicat-intr-un-incident-aviatic\/#respond\">Renun\u021ba\u021bi la r\u0103spuns<\/a><\/small><\/h3>\n<\/div>\n<\/div>\n<\/div>\n<div class=\"td-post-content\">\n<div class=\"td-featured-image-rec\">\n<div class=\"wpb_video_wrapper\">\n                    <iframe loading=\"lazy\" id=\"td_youtube_player\" width=\"600\" height=\"560\" src=\"https:\/\/www.youtube.com\/embed\/OaKAVhY9wbM?enablejsapi=1&amp;feature=oembed&amp;wmode=opaque&amp;vq=hd720\" frameborder allowfullscreen><\/iframe><\/p><\/div>\n<\/div>\n<p>A fost deschis\u0103 o anchet\u0103<br \/>\nUn incident aviatic a avut loc mar\u0163i pe un aerodrom din Buz\u0103u \u00een timpul unor salturi efectuate de militari. Unul dintre participan\u0163i s-a ag\u0103\u0163a de structura exterioar\u0103 a aeronavei din care s\u0103rise, gener\u00e2nd momente de panic\u0103 la bord \u0219i la sol. Problemele s-au declan\u0219at imediat dup\u0103 p\u0103r\u0103sirea aparatului de zbor, un avion clasic de tip AN-2 utilizat frecvent pentru para\u0219ut\u0103ri la joas\u0103 altitudine.<br \/>\n\u201eAst\u0103zi, 4 august 2026, in jurul orei 8.30, pe timpul unui exerci\u021biu de zbor \u0219i para\u0219utare executat de militarii din cadrul For\u021belor pentru Opera\u021bii Speciale, \u00een proximitatea aerodromului din Buz\u0103u a avut loc un incident de para\u0219utare. La momentul p\u0103r\u0103sirii bordului aeronavei, unul dintre militari a fost implicat \u00eentr-un incident de para\u0219utare, fapt ce a condus la un zbor \u00eentr-o pozi\u021bie at\u00e2rnat\u0103 fa\u021b\u0103 de aeronava tip AN-2 timp de aproximativ dou\u0103 minute\u201d, se arat\u0103 \u00eentr-un comunicat al Statului Major al Armatei, citat de Ziare.com.<br \/>\nAutorit\u0103\u0163ile au anun\u0163at o anchet\u0103.<br \/>\n \u201eMilitarul a reac\u021bionat prompt, aplic\u00e2nd procedurile de urgen\u021b\u0103, rezolv\u00e2nd incidentul \u0219i ateriz\u00e2nd \u00een deplin\u0103 siguran\u021b\u0103 \u00een raionul de para\u0219utare. Pentru stabilirea circumstan\u021belor producerii incidentului, comandantul Comandamentului For\u021belor pentru Opera\u021bii Speciale a ordonat constituirea unei comisii interne de cercetare\u201d, mai arat\u0103 sursa citat\u0103.<\/p>\n<div class=\"post-views post-119926 entry-meta\"><span class=\"post-views-label\">Post Views: <\/span><span class=\"post-views-count\">34<\/span><\/div>\n<\/div>\n<p>[analyse_source url=&#8221;https:\/\/www.tvbuzau.ro\/parasutist-implicat-intr-un-incident-aviatic\/&#8221;]<\/p>\n","protected":false},"excerpt":{"rendered":"<p>[analyse_image type=&#8221;featured&#8221; src=&#8221;https:\/\/www.tvbuzau.ro\/wp-content\/uploads\/2026\/08\/sddefault-11.jpghttps:\/\/www.tvbuzau.ro\/wp-content\/uploads\/2026\/08\/sddefault-11.jpg&#8221;] Actualitate Para\u015futist implicat \u00eentr-un incident aviatic De c\u0103tre TV Buz\u0103u &#8211; august 5, 2026 0 3 Distribui\u021bi pe Facebook Distribui\u021bi pe Twitter tweet A fost deschis\u0103 o anchet\u0103 Un incident aviatic a avut loc mar\u0163i pe un aerodrom din Buz\u0103u \u00een timpul unor salturi efectuate de militari. Unul dintre participan\u0163i s-a ag\u0103\u0163a [&hellip;]<\/p>\n","protected":false},"author":1,"featured_media":0,"comment_status":"open","ping_status":"","sticky":false,"template":"","format":"standard","meta":{"footnotes":""},"categories":[2],"tags":[226,116],"class_list":["post-2079526","post","type-post","status-publish","format-standard","hentry","category-politics","tag-crawlmanager","tag-tvbuzau-ro"],"_links":{"self":[{"href":"https:\/\/analyse.optim.biz\/index.php?rest_route=\/wp\/v2\/posts\/2079526","targetHints":{"allow":["GET"]}}],"collection":[{"href":"https:\/\/analyse.optim.biz\/index.php?rest_route=\/wp\/v2\/posts"}],"about":[{"href":"https:\/\/analyse.optim.biz\/index.php?rest_route=\/wp\/v2\/types\/post"}],"author":[{"embeddable":true,"href":"https:\/\/analyse.optim.biz\/index.php?rest_route=\/wp\/v2\/users\/1"}],"replies":[{"embeddable":true,"href":"https:\/\/analyse.optim.biz\/index.php?rest_route=%2Fwp%2Fv2%2Fcomments&post=2079526"}],"version-history":[{"count":0,"href":"https:\/\/analyse.optim.biz\/index.php?rest_route=\/wp\/v2\/posts\/2079526\/revisions"}],"wp:attachment":[{"href":"https:\/\/analyse.optim.biz\/index.php?rest_route=%2Fwp%2Fv2%2Fmedia&parent=2079526"}],"wp:term":[{"taxonomy":"category","embeddable":true,"href":"https:\/\/analyse.optim.biz\/index.php?rest_route=%2Fwp%2Fv2%2Fcategories&post=2079526"},{"taxonomy":"post_tag","embeddable":true,"href":"https:\/\/analyse.optim.biz\/index.php?rest_route=%2Fwp%2Fv2%2Ftags&post=2079526"}],"curies":[{"name":"wp","href":"https:\/\/api.w.org\/{rel}","templated":true}]}}