{"id":2079525,"date":"2026-08-05T20:45:37","date_gmt":"2026-08-05T17:45:37","guid":{"rendered":"https:\/\/analyse.optim.biz\/?p=2079525"},"modified":"2026-08-05T20:45:37","modified_gmt":"2026-08-05T17:45:37","slug":"cazurile-de-tbc-la-bovine-in-scadere","status":"publish","type":"post","link":"https:\/\/analyse.optim.biz\/?p=2079525","title":{"rendered":"Cazurile de TBC la bovine \u00een sc\u0103dere"},"content":{"rendered":"<p>[analyse_image type=&#8221;featured&#8221; src=&#8221;https:\/\/www.tvbuzau.ro\/wp-content\/uploads\/2026\/08\/sddefault-10.jpghttps:\/\/www.tvbuzau.ro\/wp-content\/uploads\/2026\/08\/sddefault-10.jpg&#8221;]<\/p>\n<div class=\"td-ss-main-content\">\n<article id=\"post-119923\" class=\"post-119923 post type-post status-publish format-video has-post-thumbnail hentry category-actualitate post_format-post-format-video\">\n<div class=\"td-post-header\">\n<ul class=\"td-category\">\n<li class=\"entry-category\"><a href=\"https:\/\/www.tvbuzau.ro\/category\/actualitate\/\">Actualitate<\/a><\/li>\n<\/ul>\n<header class=\"td-post-title\">\n<h1 class=\"entry-title\">Cazurile de TBC la bovine \u00een sc\u0103dere<\/h1>\n<div class=\"td-module-meta-info\">\n<div class=\"td-post-author-name\">De c\u0103tre <a href=\"https:\/\/www.tvbuzau.ro\/author\/mihai-vasilescu\/\">TV Buz\u0103u<\/a> &#8211; <\/div>\n<p><span class=\"td-post-date\"><time class=\"entry-date updated td-module-date\" datetime=\"2026-08-05T20:45:37+00:00\">august 5, 2026<\/time><\/span><\/p>\n<div class=\"td-post-comments\"><a href=\"https:\/\/www.tvbuzau.ro\/cazurile-de-tbc-la-bovine-in-scadere\/#respond\">0<\/a><\/div>\n<div class=\"td-post-views\"><span class=\"td-nr-views-119923\">2<\/span><\/div>\n<\/div>\n<\/header>\n<\/div>\n<div class=\"td-post-sharing td-post-sharing-top td-with-like\">\n<div class=\"td-default-sharing\"><a class=\"td-social-sharing-buttons td-social-facebook\" href=\"http:\/\/www.facebook.com\/sharer.php?u=https%3A%2F%2Fwww.tvbuzau.ro%2Fcazurile-de-tbc-la-bovine-in-scadere%2F\"><\/p>\n<div class=\"td-social-but-text\">Distribui\u021bi pe Facebook<\/div>\n<p><\/a><a class=\"td-social-sharing-buttons td-social-twitter\" href=\"https:\/\/twitter.com\/intent\/tweet?text=Cazurile+de+TBC+la+bovine+%C3%AEn+sc%C4%83dere&amp;url=https%3A%2F%2Fwww.tvbuzau.ro%2Fcazurile-de-tbc-la-bovine-in-scadere%2F&amp;via=TV+Buz%C4%83u\"><\/p>\n<div class=\"td-social-but-text\">Distribui\u021bi pe Twitter<\/div>\n<p><\/a><\/div>\n<div class=\"td-classic-sharing\">\n<ul>\n<li class=\"td-classic-facebook\"><iframe frameborder src=\"https:\/\/www.facebook.com\/plugins\/like.php?href=https:\/\/www.tvbuzau.ro\/cazurile-de-tbc-la-bovine-in-scadere\/&amp;layout=button_count&amp;show_faces=false&amp;width=105&amp;action=like&amp;colorscheme=light&amp;height=21\"><\/iframe><\/li>\n<li class=\"td-classic-twitter\"><a href=\"https:\/\/twitter.com\/share\" class=\"twitter-share-button\" data-url=\"https:\/\/www.tvbuzau.ro\/cazurile-de-tbc-la-bovine-in-scadere\/\" data-text=\"Cazurile de TBC la bovine \u00een sc\u0103dere\" data-via data-lang=\"en\">tweet<\/a><\/li>\n<\/ul>\n<\/div>\n<\/div>\n<div class=\"td-post-content\">\n<div class=\"td-featured-image-rec\">\n<div class=\"wpb_video_wrapper\">\n                    <iframe loading=\"lazy\" id=\"td_youtube_player\" width=\"600\" height=\"560\" src=\"https:\/\/www.youtube.com\/embed\/ydtCUqLTtAE?enablejsapi=1&amp;feature=oembed&amp;wmode=opaque&amp;vq=hd720\" frameborder allowfullscreen><\/iframe><\/p><\/div>\n<\/div>\n<p>\u00cen perioada ianuarie-iunie 2026  suspiciune de TBC \u00een dou\u0103 gospod\u0103rii<br \/>\nDirec\u0163ia Sanitar Veterinar\u0103 \u015fi pentru Siguran\u0163a Alimentelor atrage aten\u0163ia cu privire la o afec\u0163iune grav\u0103 care afecteaz\u0103 fermele de animale, mai precis tuberculoza bovin\u0103. Tuberculoza este larg r\u0103sp\u00e2ndit\u0103 \u0219i se \u00eent\u00e2lne\u0219te mai ales la taurine, p\u0103s\u0103ri, suine, dar \u0219i la popula\u021biile de animale s\u0103lbatice.<br \/>\nInstu\u0163ia arat\u0103 c\u0103 \u00een anul 2025 au existat 5 focare \u00een gospod\u0103riile popula\u021biei \u0219i 3 focare de TBC \u00een exploata\u021biile comerciale. Au fost \u00eenchise 5 focare de TBC din gospod\u0103riile popula\u021biei \u0219i au r\u0103mas active 3 focare de TBC \u00een exploata\u021biile comerciale. \u00cen perioada ianuarie-iunie 2026 a fost declarat\u0103 suspiciune de TBC, \u00een doua gospod\u0103rii ale popula\u021biei, boala urm\u00e2nd a fi declarat\u0103 sau infirmat\u0103 \u00een urma rezultatelor de laborator. \u00cen exploata\u021biile comerciale au r\u0103mas 2 focare de TBC active, 1 focar fiind \u00eenchis dup\u0103 testarea tuturor bovinelor din exploata\u021bie cu v\u00e2rsta mai mare de 6 s\u0103pt\u0103m\u00e2ni, care au reac\u021bionat negativ la dou\u0103 test\u0103ri efectuate la minim 6 luni dup\u0103 eliminarea ultimului animal pozitiv TCS \u0219i la un interval de minim 6 luni \u00eentre test\u0103ri.<br \/>\nAstfel, subliniaz\u0103 DSVSA Buz\u0103u, evolu\u021bia general\u0103 indic\u0103 o reducere a num\u0103rului de focare, ca urmare a aplic\u0103rii m\u0103surilor sanitar-veterinare \u0219i a supravegherii epidemiologice.<\/p>\n<div class=\"post-views post-119923 entry-meta\"><span class=\"post-views-label\">Post Views: <\/span><span class=\"post-views-count\">37<\/span><\/div>\n<\/div>\n<footer>\n<div class=\"td-post-sharing td-post-sharing-bottom td-with-like\"><span class=\"td-post-share-title\">DISTRIBUI\u021aI<\/span><\/p>\n<div class=\"td-default-sharing\"><a class=\"td-social-sharing-buttons td-social-facebook\" href=\"http:\/\/www.facebook.com\/sharer.php?u=https%3A%2F%2Fwww.tvbuzau.ro%2Fcazurile-de-tbc-la-bovine-in-scadere%2F\"><\/p>\n<div class=\"td-social-but-text\">Facebook<\/div>\n<p><\/a><a class=\"td-social-sharing-buttons td-social-twitter\" href=\"https:\/\/twitter.com\/intent\/tweet?text=Cazurile+de+TBC+la+bovine+%C3%AEn+sc%C4%83dere&amp;url=https%3A%2F%2Fwww.tvbuzau.ro%2Fcazurile-de-tbc-la-bovine-in-scadere%2F&amp;via=TV+Buz%C4%83u\"><\/p>\n<div class=\"td-social-but-text\">Twitter<\/div>\n<p><\/a><\/div>\n<div class=\"td-classic-sharing\">\n<ul>\n<li class=\"td-classic-facebook\"><iframe frameborder src=\"https:\/\/www.facebook.com\/plugins\/like.php?href=https:\/\/www.tvbuzau.ro\/cazurile-de-tbc-la-bovine-in-scadere\/&amp;layout=button_count&amp;show_faces=false&amp;width=105&amp;action=like&amp;colorscheme=light&amp;height=21\"><\/iframe><\/li>\n<li class=\"td-classic-twitter\"><a href=\"https:\/\/twitter.com\/share\" class=\"twitter-share-button\" data-url=\"https:\/\/www.tvbuzau.ro\/cazurile-de-tbc-la-bovine-in-scadere\/\" data-text=\"Cazurile de TBC la bovine \u00een sc\u0103dere\" data-via data-lang=\"en\">tweet<\/a><\/li>\n<\/ul>\n<\/div>\n<\/div>\n<div class=\"td-author-name vcard author\"><span class=\"fn\"><a href=\"https:\/\/www.tvbuzau.ro\/author\/mihai-vasilescu\/\">TV Buz\u0103u<\/a><\/span><\/div>\n<p><span><\/span><span><span><\/span><\/span><span><\/span><\/footer>\n<\/article>\n<div class=\"td_block_wrap td_block_related_posts td_uid_1_6a73d4772d53e_rand td_with_ajax_pagination td-pb-border-top\" data-td-block-uid=\"td_uid_1_6a73d4772d53e\">\n<h4 class=\"td-related-title\"><a id=\"td_uid_2_6a73d477338b6\" class=\"td-related-left td-cur-simple-item\" data-td_filter_value data-td_block_id=\"td_uid_1_6a73d4772d53e\" href=\"https:\/\/www.tvbuzau.ro\/cazurile-de-tbc-la-bovine-in-scadere\/\">ARTICOLE SIMILARE<\/a><a id=\"td_uid_3_6a73d477338f1\" class=\"td-related-right\" data-td_filter_value=\"td_related_more_from_author\" data-td_block_id=\"td_uid_1_6a73d4772d53e\" href=\"https:\/\/www.tvbuzau.ro\/cazurile-de-tbc-la-bovine-in-scadere\/\">DE LA ACELA\u0218I AUTOR<\/a><\/h4>\n<div id=\"td_uid_1_6a73d4772d53e\" class=\"td_block_inner\">\n<div class=\"td-related-row\">\n<div class=\"td-related-span4\">\n<div class=\"td_module_related_posts td-animation-stack td_mod_related_posts\">\n<div class=\"td-module-image\">\n<div class=\"td-module-thumb\"><a href=\"https:\/\/www.tvbuzau.ro\/directia-silvica-a-populat-cu-pastrav-curcubeu-paraul-casele-bisocii\/\" rel=\"bookmark\" title=\"Direc\u0163ia Silvic\u0103 a populat cu p\u0103str\u0103v curcubeu p\u00e2r\u00e2ul Casele Bisocii\"><img loading=\"lazy\" decoding=\"async\" width=\"218\" height=\"150\" class=\"entry-thumb\" src=\"https:\/\/www.tvbuzau.ro\/wp-content\/uploads\/2026\/08\/sddefault-12-218x150.jpg\" alt title=\"Direc\u0163ia Silvic\u0103 a populat cu p\u0103str\u0103v curcubeu p\u00e2r\u00e2ul Casele Bisocii\"><span class=\"td-video-play-ico\"><img loading=\"lazy\" decoding=\"async\" width=\"40\" height=\"40\" class=\"td-retina\" src=\"https:\/\/www.tvbuzau.ro\/wp-content\/themes\/Newspaper\/images\/icons\/ico-video-large.png\" alt=\"video\"><\/span><\/a><\/div>\n<p><a href=\"https:\/\/www.tvbuzau.ro\/category\/actualitate\/\" class=\"td-post-category\">Actualitate<\/a><\/div>\n<div class=\"item-details\">\n<h3 class=\"entry-title td-module-title\"><a href=\"https:\/\/www.tvbuzau.ro\/directia-silvica-a-populat-cu-pastrav-curcubeu-paraul-casele-bisocii\/\" rel=\"bookmark\" title=\"Direc\u0163ia Silvic\u0103 a populat cu p\u0103str\u0103v curcubeu p\u00e2r\u00e2ul Casele Bisocii\">Direc\u0163ia Silvic\u0103 a populat cu p\u0103str\u0103v curcubeu p\u00e2r\u00e2ul Casele Bisocii<\/a><\/h3>\n<\/div>\n<\/div>\n<\/div>\n<div class=\"td-related-span4\">\n<div class=\"td_module_related_posts td-animation-stack td_mod_related_posts\">\n<div class=\"td-module-image\">\n<div class=\"td-module-thumb\"><a href=\"https:\/\/www.tvbuzau.ro\/parasutist-implicat-intr-un-incident-aviatic\/\" rel=\"bookmark\" title=\"Para\u015futist implicat \u00eentr-un incident aviatic\"><img loading=\"lazy\" decoding=\"async\" width=\"218\" height=\"150\" class=\"entry-thumb\" src=\"https:\/\/www.tvbuzau.ro\/wp-content\/uploads\/2026\/08\/sddefault-11-218x150.jpg\" alt title=\"Para\u015futist implicat \u00eentr-un incident aviatic\"><span class=\"td-video-play-ico\"><img loading=\"lazy\" decoding=\"async\" width=\"40\" height=\"40\" class=\"td-retina\" src=\"https:\/\/www.tvbuzau.ro\/wp-content\/themes\/Newspaper\/images\/icons\/ico-video-large.png\" alt=\"video\"><\/span><\/a><\/div>\n<p><a href=\"https:\/\/www.tvbuzau.ro\/category\/actualitate\/\" class=\"td-post-category\">Actualitate<\/a><\/div>\n<div class=\"item-details\">\n<h3 class=\"entry-title td-module-title\"><a href=\"https:\/\/www.tvbuzau.ro\/parasutist-implicat-intr-un-incident-aviatic\/\" rel=\"bookmark\" title=\"Para\u015futist implicat \u00eentr-un incident aviatic\">Para\u015futist implicat \u00eentr-un incident aviatic<\/a><\/h3>\n<\/div>\n<\/div>\n<\/div>\n<div class=\"td-related-span4\">\n<div class=\"td_module_related_posts td-animation-stack td_mod_related_posts\">\n<div class=\"td-module-image\">\n<div class=\"td-module-thumb\"><a href=\"https:\/\/www.tvbuzau.ro\/cand-isi-deschide-portile-fostul-sediu-al-bibliotecii-judetene\/\" rel=\"bookmark\" title=\"C\u00e2nd \u00ee\u015fi deschide por\u0163ile fostul sediu al Bibliotecii Jude\u0163ene\"><img loading=\"lazy\" decoding=\"async\" width=\"218\" height=\"150\" class=\"entry-thumb\" src=\"https:\/\/www.tvbuzau.ro\/wp-content\/uploads\/2026\/08\/sddefault-9-218x150.jpg\" alt title=\"C\u00e2nd \u00ee\u015fi deschide por\u0163ile fostul sediu al Bibliotecii Jude\u0163ene\"><span class=\"td-video-play-ico\"><img loading=\"lazy\" decoding=\"async\" width=\"40\" height=\"40\" class=\"td-retina\" src=\"https:\/\/www.tvbuzau.ro\/wp-content\/themes\/Newspaper\/images\/icons\/ico-video-large.png\" alt=\"video\"><\/span><\/a><\/div>\n<p><a href=\"https:\/\/www.tvbuzau.ro\/category\/actualitate\/\" class=\"td-post-category\">Actualitate<\/a><\/div>\n<div class=\"item-details\">\n<h3 class=\"entry-title td-module-title\"><a href=\"https:\/\/www.tvbuzau.ro\/cand-isi-deschide-portile-fostul-sediu-al-bibliotecii-judetene\/\" rel=\"bookmark\" title=\"C\u00e2nd \u00ee\u015fi deschide por\u0163ile fostul sediu al Bibliotecii Jude\u0163ene\">C\u00e2nd \u00ee\u015fi deschide por\u0163ile fostul sediu al Bibliotecii Jude\u0163ene<\/a><\/h3>\n<\/div>\n<\/div>\n<\/div>\n<\/div>\n<div class=\"td-related-row\">\n<div class=\"td-related-span4\">\n<div class=\"td_module_related_posts td-animation-stack td_mod_related_posts\">\n<div class=\"td-module-image\">\n<div class=\"td-module-thumb\"><a href=\"https:\/\/www.tvbuzau.ro\/festivaluri-si-tabere-sustinute-de-consiliul-judetean\/\" rel=\"bookmark\" title=\"Festivaluri \u015fi tabere sus\u0163inute de Consiliul Jude\u0163ean\"><img loading=\"lazy\" decoding=\"async\" width=\"218\" height=\"150\" class=\"entry-thumb\" src=\"https:\/\/www.tvbuzau.ro\/wp-content\/uploads\/2026\/08\/sddefault-8-218x150.jpg\" alt title=\"Festivaluri \u015fi tabere sus\u0163inute de Consiliul Jude\u0163ean\"><span class=\"td-video-play-ico\"><img loading=\"lazy\" decoding=\"async\" width=\"40\" height=\"40\" class=\"td-retina\" src=\"https:\/\/www.tvbuzau.ro\/wp-content\/themes\/Newspaper\/images\/icons\/ico-video-large.png\" alt=\"video\"><\/span><\/a><\/div>\n<p><a href=\"https:\/\/www.tvbuzau.ro\/category\/actualitate\/\" class=\"td-post-category\">Actualitate<\/a><\/div>\n<div class=\"item-details\">\n<h3 class=\"entry-title td-module-title\"><a href=\"https:\/\/www.tvbuzau.ro\/festivaluri-si-tabere-sustinute-de-consiliul-judetean\/\" rel=\"bookmark\" title=\"Festivaluri \u015fi tabere sus\u0163inute de Consiliul Jude\u0163ean\">Festivaluri \u015fi tabere sus\u0163inute de Consiliul Jude\u0163ean<\/a><\/h3>\n<\/div>\n<\/div>\n<\/div>\n<div class=\"td-related-span4\">\n<div class=\"td_module_related_posts td-animation-stack td_mod_related_posts\">\n<div class=\"td-module-image\">\n<div class=\"td-module-thumb\"><a href=\"https:\/\/www.tvbuzau.ro\/119911-2\/\" rel=\"bookmark\" title><img loading=\"lazy\" decoding=\"async\" width=\"218\" height=\"150\" class=\"entry-thumb\" src=\"https:\/\/www.tvbuzau.ro\/wp-content\/uploads\/2026\/08\/sddefault-6-218x150.jpg\" alt title><span class=\"td-video-play-ico\"><img loading=\"lazy\" decoding=\"async\" width=\"40\" height=\"40\" class=\"td-retina\" src=\"https:\/\/www.tvbuzau.ro\/wp-content\/themes\/Newspaper\/images\/icons\/ico-video-large.png\" alt=\"video\"><\/span><\/a><\/div>\n<p><a href=\"https:\/\/www.tvbuzau.ro\/category\/actualitate\/\" class=\"td-post-category\">Actualitate<\/a><\/div>\n<\/div>\n<\/div>\n<div class=\"td-related-span4\">\n<div class=\"td_module_related_posts td-animation-stack td_mod_related_posts\">\n<div class=\"td-module-image\">\n<div class=\"td-module-thumb\"><a href=\"https:\/\/www.tvbuzau.ro\/primaria-buzau-nu-renunta-la-neutralitatea-climatica\/\" rel=\"bookmark\" title=\"Prim\u0103ria Buz\u0103u nu renun\u0163\u0103 la neutralitatea climatic\u0103\"><img loading=\"lazy\" decoding=\"async\" width=\"218\" height=\"150\" class=\"entry-thumb\" src=\"https:\/\/www.tvbuzau.ro\/wp-content\/uploads\/2026\/08\/sddefault-5-218x150.jpg\" alt title=\"Prim\u0103ria Buz\u0103u nu renun\u0163\u0103 la neutralitatea climatic\u0103\"><span class=\"td-video-play-ico\"><img loading=\"lazy\" decoding=\"async\" width=\"40\" height=\"40\" class=\"td-retina\" src=\"https:\/\/www.tvbuzau.ro\/wp-content\/themes\/Newspaper\/images\/icons\/ico-video-large.png\" alt=\"video\"><\/span><\/a><\/div>\n<p><a href=\"https:\/\/www.tvbuzau.ro\/category\/actualitate\/\" class=\"td-post-category\">Actualitate<\/a><\/div>\n<div class=\"item-details\">\n<h3 class=\"entry-title td-module-title\"><a href=\"https:\/\/www.tvbuzau.ro\/primaria-buzau-nu-renunta-la-neutralitatea-climatica\/\" rel=\"bookmark\" title=\"Prim\u0103ria Buz\u0103u nu renun\u0163\u0103 la neutralitatea climatic\u0103\">Prim\u0103ria Buz\u0103u nu renun\u0163\u0103 la neutralitatea climatic\u0103<\/a><\/h3>\n<\/div>\n<\/div>\n<\/div>\n<\/div>\n<\/div>\n<\/div>\n<div class=\"comments\" id=\"comments\">\n<div id=\"respond\" class=\"comment-respond\">\n<h3 id=\"reply-title\" class=\"comment-reply-title\">L\u0102SA\u021aI UN MESAJ <small><a rel=\"nofollow\" id=\"cancel-comment-reply-link\" href=\"https:\/\/www.tvbuzau.ro\/cazurile-de-tbc-la-bovine-in-scadere\/#respond\">Renun\u021ba\u021bi la r\u0103spuns<\/a><\/small><\/h3>\n<\/div>\n<\/div>\n<\/div>\n<div class=\"td-post-content\">\n<div class=\"td-featured-image-rec\">\n<div class=\"wpb_video_wrapper\">\n                    <iframe loading=\"lazy\" id=\"td_youtube_player\" width=\"600\" height=\"560\" src=\"https:\/\/www.youtube.com\/embed\/ydtCUqLTtAE?enablejsapi=1&amp;feature=oembed&amp;wmode=opaque&amp;vq=hd720\" frameborder allowfullscreen><\/iframe><\/p><\/div>\n<\/div>\n<p>\u00cen perioada ianuarie-iunie 2026  suspiciune de TBC \u00een dou\u0103 gospod\u0103rii<br \/>\nDirec\u0163ia Sanitar Veterinar\u0103 \u015fi pentru Siguran\u0163a Alimentelor atrage aten\u0163ia cu privire la o afec\u0163iune grav\u0103 care afecteaz\u0103 fermele de animale, mai precis tuberculoza bovin\u0103. Tuberculoza este larg r\u0103sp\u00e2ndit\u0103 \u0219i se \u00eent\u00e2lne\u0219te mai ales la taurine, p\u0103s\u0103ri, suine, dar \u0219i la popula\u021biile de animale s\u0103lbatice.<br \/>\nInstu\u0163ia arat\u0103 c\u0103 \u00een anul 2025 au existat 5 focare \u00een gospod\u0103riile popula\u021biei \u0219i 3 focare de TBC \u00een exploata\u021biile comerciale. Au fost \u00eenchise 5 focare de TBC din gospod\u0103riile popula\u021biei \u0219i au r\u0103mas active 3 focare de TBC \u00een exploata\u021biile comerciale. \u00cen perioada ianuarie-iunie 2026 a fost declarat\u0103 suspiciune de TBC, \u00een doua gospod\u0103rii ale popula\u021biei, boala urm\u00e2nd a fi declarat\u0103 sau infirmat\u0103 \u00een urma rezultatelor de laborator. \u00cen exploata\u021biile comerciale au r\u0103mas 2 focare de TBC active, 1 focar fiind \u00eenchis dup\u0103 testarea tuturor bovinelor din exploata\u021bie cu v\u00e2rsta mai mare de 6 s\u0103pt\u0103m\u00e2ni, care au reac\u021bionat negativ la dou\u0103 test\u0103ri efectuate la minim 6 luni dup\u0103 eliminarea ultimului animal pozitiv TCS \u0219i la un interval de minim 6 luni \u00eentre test\u0103ri.<br \/>\nAstfel, subliniaz\u0103 DSVSA Buz\u0103u, evolu\u021bia general\u0103 indic\u0103 o reducere a num\u0103rului de focare, ca urmare a aplic\u0103rii m\u0103surilor sanitar-veterinare \u0219i a supravegherii epidemiologice.<\/p>\n<div class=\"post-views post-119923 entry-meta\"><span class=\"post-views-label\">Post Views: <\/span><span class=\"post-views-count\">37<\/span><\/div>\n<\/div>\n<p>[analyse_source url=&#8221;https:\/\/www.tvbuzau.ro\/cazurile-de-tbc-la-bovine-in-scadere\/&#8221;]<\/p>\n","protected":false},"excerpt":{"rendered":"<p>[analyse_image type=&#8221;featured&#8221; src=&#8221;https:\/\/www.tvbuzau.ro\/wp-content\/uploads\/2026\/08\/sddefault-10.jpghttps:\/\/www.tvbuzau.ro\/wp-content\/uploads\/2026\/08\/sddefault-10.jpg&#8221;] Actualitate Cazurile de TBC la bovine \u00een sc\u0103dere De c\u0103tre TV Buz\u0103u &#8211; august 5, 2026 0 2 Distribui\u021bi pe Facebook Distribui\u021bi pe Twitter tweet \u00cen perioada ianuarie-iunie 2026 suspiciune de TBC \u00een dou\u0103 gospod\u0103rii Direc\u0163ia Sanitar Veterinar\u0103 \u015fi pentru Siguran\u0163a Alimentelor atrage aten\u0163ia cu privire la o afec\u0163iune grav\u0103 care afecteaz\u0103 [&hellip;]<\/p>\n","protected":false},"author":1,"featured_media":0,"comment_status":"open","ping_status":"","sticky":false,"template":"","format":"standard","meta":{"footnotes":""},"categories":[2],"tags":[226,116],"class_list":["post-2079525","post","type-post","status-publish","format-standard","hentry","category-politics","tag-crawlmanager","tag-tvbuzau-ro"],"_links":{"self":[{"href":"https:\/\/analyse.optim.biz\/index.php?rest_route=\/wp\/v2\/posts\/2079525","targetHints":{"allow":["GET"]}}],"collection":[{"href":"https:\/\/analyse.optim.biz\/index.php?rest_route=\/wp\/v2\/posts"}],"about":[{"href":"https:\/\/analyse.optim.biz\/index.php?rest_route=\/wp\/v2\/types\/post"}],"author":[{"embeddable":true,"href":"https:\/\/analyse.optim.biz\/index.php?rest_route=\/wp\/v2\/users\/1"}],"replies":[{"embeddable":true,"href":"https:\/\/analyse.optim.biz\/index.php?rest_route=%2Fwp%2Fv2%2Fcomments&post=2079525"}],"version-history":[{"count":0,"href":"https:\/\/analyse.optim.biz\/index.php?rest_route=\/wp\/v2\/posts\/2079525\/revisions"}],"wp:attachment":[{"href":"https:\/\/analyse.optim.biz\/index.php?rest_route=%2Fwp%2Fv2%2Fmedia&parent=2079525"}],"wp:term":[{"taxonomy":"category","embeddable":true,"href":"https:\/\/analyse.optim.biz\/index.php?rest_route=%2Fwp%2Fv2%2Fcategories&post=2079525"},{"taxonomy":"post_tag","embeddable":true,"href":"https:\/\/analyse.optim.biz\/index.php?rest_route=%2Fwp%2Fv2%2Ftags&post=2079525"}],"curies":[{"name":"wp","href":"https:\/\/api.w.org\/{rel}","templated":true}]}}