{"id":2079524,"date":"2026-08-05T20:44:39","date_gmt":"2026-08-05T17:44:39","guid":{"rendered":"https:\/\/analyse.optim.biz\/?p=2079524"},"modified":"2026-08-05T20:44:39","modified_gmt":"2026-08-05T17:44:39","slug":"cand-isi-deschide-portile-fostul-sediu-al-bibliotecii-judetene","status":"publish","type":"post","link":"https:\/\/analyse.optim.biz\/?p=2079524","title":{"rendered":"C\u00e2nd \u00ee\u015fi deschide por\u0163ile fostul sediu al Bibliotecii Jude\u0163ene"},"content":{"rendered":"<p>[analyse_image type=&#8221;featured&#8221; src=&#8221;https:\/\/www.tvbuzau.ro\/wp-content\/uploads\/2026\/08\/sddefault-9.jpghttps:\/\/www.tvbuzau.ro\/wp-content\/uploads\/2026\/08\/sddefault-9.jpg&#8221;]<\/p>\n<div class=\"td-ss-main-content\">\n<article id=\"post-119920\" class=\"post-119920 post type-post status-publish format-video has-post-thumbnail hentry category-actualitate post_format-post-format-video\">\n<div class=\"td-post-header\">\n<ul class=\"td-category\">\n<li class=\"entry-category\"><a href=\"https:\/\/www.tvbuzau.ro\/category\/actualitate\/\">Actualitate<\/a><\/li>\n<\/ul>\n<header class=\"td-post-title\">\n<h1 class=\"entry-title\">C\u00e2nd \u00ee\u015fi deschide por\u0163ile fostul sediu al Bibliotecii Jude\u0163ene<\/h1>\n<div class=\"td-module-meta-info\">\n<div class=\"td-post-author-name\">De c\u0103tre <a href=\"https:\/\/www.tvbuzau.ro\/author\/mihai-vasilescu\/\">TV Buz\u0103u<\/a> &#8211; <\/div>\n<p><span class=\"td-post-date\"><time class=\"entry-date updated td-module-date\" datetime=\"2026-08-05T20:44:39+00:00\">august 5, 2026<\/time><\/span><\/p>\n<div class=\"td-post-comments\"><a href=\"https:\/\/www.tvbuzau.ro\/cand-isi-deschide-portile-fostul-sediu-al-bibliotecii-judetene\/#respond\">0<\/a><\/div>\n<div class=\"td-post-views\"><span class=\"td-nr-views-119920\">2<\/span><\/div>\n<\/div>\n<\/header>\n<\/div>\n<div class=\"td-post-sharing td-post-sharing-top td-with-like\">\n<div class=\"td-default-sharing\"><a class=\"td-social-sharing-buttons td-social-facebook\" href=\"http:\/\/www.facebook.com\/sharer.php?u=https%3A%2F%2Fwww.tvbuzau.ro%2Fcand-isi-deschide-portile-fostul-sediu-al-bibliotecii-judetene%2F\"><\/p>\n<div class=\"td-social-but-text\">Distribui\u021bi pe Facebook<\/div>\n<p><\/a><a class=\"td-social-sharing-buttons td-social-twitter\" href=\"https:\/\/twitter.com\/intent\/tweet?text=C%C3%A2nd+%C3%AE%C5%9Fi+deschide+por%C5%A3ile+fostul+sediu+al+Bibliotecii+Jude%C5%A3ene&amp;url=https%3A%2F%2Fwww.tvbuzau.ro%2Fcand-isi-deschide-portile-fostul-sediu-al-bibliotecii-judetene%2F&amp;via=TV+Buz%C4%83u\"><\/p>\n<div class=\"td-social-but-text\">Distribui\u021bi pe Twitter<\/div>\n<p><\/a><\/div>\n<div class=\"td-classic-sharing\">\n<ul>\n<li class=\"td-classic-facebook\"><iframe frameborder src=\"https:\/\/www.facebook.com\/plugins\/like.php?href=https:\/\/www.tvbuzau.ro\/cand-isi-deschide-portile-fostul-sediu-al-bibliotecii-judetene\/&amp;layout=button_count&amp;show_faces=false&amp;width=105&amp;action=like&amp;colorscheme=light&amp;height=21\"><\/iframe><\/li>\n<li class=\"td-classic-twitter\"><a href=\"https:\/\/twitter.com\/share\" class=\"twitter-share-button\" data-url=\"https:\/\/www.tvbuzau.ro\/cand-isi-deschide-portile-fostul-sediu-al-bibliotecii-judetene\/\" data-text=\"C\u00e2nd \u00ee\u015fi deschide por\u0163ile fostul sediu al Bibliotecii Jude\u0163ene\" data-via data-lang=\"en\">tweet<\/a><\/li>\n<\/ul>\n<\/div>\n<\/div>\n<div class=\"td-post-content\">\n<div class=\"td-featured-image-rec\">\n<div class=\"wpb_video_wrapper\">\n                    <iframe loading=\"lazy\" id=\"td_youtube_player\" width=\"600\" height=\"560\" src=\"https:\/\/www.youtube.com\/embed\/lvyG8Q9ttWM?enablejsapi=1&amp;feature=oembed&amp;wmode=opaque&amp;vq=hd720\" frameborder allowfullscreen><\/iframe><\/p><\/div>\n<\/div>\n<p>Va fi un centru expozi\u0163ional. Biblioteca Jude\u0163ean\u0103 r\u0103m\u00e2ne deocamdat\u0103 la mall<br \/>\nFostul sediul al Bibliotecii Jude\u0163ene, aflat pe Bulevardul Unirii din municipiul Buz\u0103u \u015fi-ar putea deschide por\u0163ile \u00een cur\u00e2nd.<br \/>\nImobilul va fi transformat dup\u0103 lucr\u0103rile de reabilitare \u015fi dup\u0103 etapa de dotare, \u00eentr-un centru expozi\u0163ional.<br \/>\nProiectul privind rebilitarea fostului sediu al Bibliotecii Jude\u0163ene Buz\u0103u a iscat nemul\u0163umiri \u00een r\u00e2ndul \u015fi angaja\u0163ilor dar \u015fi a unora dintre cititori, dup\u0103 ce biblioteca a fost mutat\u0103 \u00eentr-un spa\u0163iu \u00eenchiriat dintr-un mall \u00een municipiul Buz\u0103u.<\/p>\n<div class=\"post-views post-119920 entry-meta\"><span class=\"post-views-label\">Post Views: <\/span><span class=\"post-views-count\">38<\/span><\/div>\n<\/div>\n<footer>\n<div class=\"td-post-sharing td-post-sharing-bottom td-with-like\"><span class=\"td-post-share-title\">DISTRIBUI\u021aI<\/span><\/p>\n<div class=\"td-default-sharing\"><a class=\"td-social-sharing-buttons td-social-facebook\" href=\"http:\/\/www.facebook.com\/sharer.php?u=https%3A%2F%2Fwww.tvbuzau.ro%2Fcand-isi-deschide-portile-fostul-sediu-al-bibliotecii-judetene%2F\"><\/p>\n<div class=\"td-social-but-text\">Facebook<\/div>\n<p><\/a><a class=\"td-social-sharing-buttons td-social-twitter\" href=\"https:\/\/twitter.com\/intent\/tweet?text=C%C3%A2nd+%C3%AE%C5%9Fi+deschide+por%C5%A3ile+fostul+sediu+al+Bibliotecii+Jude%C5%A3ene&amp;url=https%3A%2F%2Fwww.tvbuzau.ro%2Fcand-isi-deschide-portile-fostul-sediu-al-bibliotecii-judetene%2F&amp;via=TV+Buz%C4%83u\"><\/p>\n<div class=\"td-social-but-text\">Twitter<\/div>\n<p><\/a><\/div>\n<div class=\"td-classic-sharing\">\n<ul>\n<li class=\"td-classic-facebook\"><iframe frameborder src=\"https:\/\/www.facebook.com\/plugins\/like.php?href=https:\/\/www.tvbuzau.ro\/cand-isi-deschide-portile-fostul-sediu-al-bibliotecii-judetene\/&amp;layout=button_count&amp;show_faces=false&amp;width=105&amp;action=like&amp;colorscheme=light&amp;height=21\"><\/iframe><\/li>\n<li class=\"td-classic-twitter\"><a href=\"https:\/\/twitter.com\/share\" class=\"twitter-share-button\" data-url=\"https:\/\/www.tvbuzau.ro\/cand-isi-deschide-portile-fostul-sediu-al-bibliotecii-judetene\/\" data-text=\"C\u00e2nd \u00ee\u015fi deschide por\u0163ile fostul sediu al Bibliotecii Jude\u0163ene\" data-via data-lang=\"en\">tweet<\/a><\/li>\n<\/ul>\n<\/div>\n<\/div>\n<div class=\"td-author-name vcard author\"><span class=\"fn\"><a href=\"https:\/\/www.tvbuzau.ro\/author\/mihai-vasilescu\/\">TV Buz\u0103u<\/a><\/span><\/div>\n<p><span><\/span><span><span><\/span><\/span><span><\/span><\/footer>\n<\/article>\n<div class=\"td_block_wrap td_block_related_posts td_uid_1_6a73d433ae6a4_rand td_with_ajax_pagination td-pb-border-top\" data-td-block-uid=\"td_uid_1_6a73d433ae6a4\">\n<h4 class=\"td-related-title\"><a id=\"td_uid_2_6a73d433b711e\" class=\"td-related-left td-cur-simple-item\" data-td_filter_value data-td_block_id=\"td_uid_1_6a73d433ae6a4\" href=\"https:\/\/www.tvbuzau.ro\/cand-isi-deschide-portile-fostul-sediu-al-bibliotecii-judetene\/\">ARTICOLE SIMILARE<\/a><a id=\"td_uid_3_6a73d433b785b\" class=\"td-related-right\" data-td_filter_value=\"td_related_more_from_author\" data-td_block_id=\"td_uid_1_6a73d433ae6a4\" href=\"https:\/\/www.tvbuzau.ro\/cand-isi-deschide-portile-fostul-sediu-al-bibliotecii-judetene\/\">DE LA ACELA\u0218I AUTOR<\/a><\/h4>\n<div id=\"td_uid_1_6a73d433ae6a4\" class=\"td_block_inner\">\n<div class=\"td-related-row\">\n<div class=\"td-related-span4\">\n<div class=\"td_module_related_posts td-animation-stack td_mod_related_posts\">\n<div class=\"td-module-image\">\n<div class=\"td-module-thumb\"><a href=\"https:\/\/www.tvbuzau.ro\/directia-silvica-a-populat-cu-pastrav-curcubeu-paraul-casele-bisocii\/\" rel=\"bookmark\" title=\"Direc\u0163ia Silvic\u0103 a populat cu p\u0103str\u0103v curcubeu p\u00e2r\u00e2ul Casele Bisocii\"><img loading=\"lazy\" decoding=\"async\" width=\"218\" height=\"150\" class=\"entry-thumb\" src=\"https:\/\/www.tvbuzau.ro\/wp-content\/uploads\/2026\/08\/sddefault-12-218x150.jpg\" alt title=\"Direc\u0163ia Silvic\u0103 a populat cu p\u0103str\u0103v curcubeu p\u00e2r\u00e2ul Casele Bisocii\"><span class=\"td-video-play-ico\"><img loading=\"lazy\" decoding=\"async\" width=\"40\" height=\"40\" class=\"td-retina\" src=\"https:\/\/www.tvbuzau.ro\/wp-content\/themes\/Newspaper\/images\/icons\/ico-video-large.png\" alt=\"video\"><\/span><\/a><\/div>\n<p><a href=\"https:\/\/www.tvbuzau.ro\/category\/actualitate\/\" class=\"td-post-category\">Actualitate<\/a><\/div>\n<div class=\"item-details\">\n<h3 class=\"entry-title td-module-title\"><a href=\"https:\/\/www.tvbuzau.ro\/directia-silvica-a-populat-cu-pastrav-curcubeu-paraul-casele-bisocii\/\" rel=\"bookmark\" title=\"Direc\u0163ia Silvic\u0103 a populat cu p\u0103str\u0103v curcubeu p\u00e2r\u00e2ul Casele Bisocii\">Direc\u0163ia Silvic\u0103 a populat cu p\u0103str\u0103v curcubeu p\u00e2r\u00e2ul Casele Bisocii<\/a><\/h3>\n<\/div>\n<\/div>\n<\/div>\n<div class=\"td-related-span4\">\n<div class=\"td_module_related_posts td-animation-stack td_mod_related_posts\">\n<div class=\"td-module-image\">\n<div class=\"td-module-thumb\"><a href=\"https:\/\/www.tvbuzau.ro\/parasutist-implicat-intr-un-incident-aviatic\/\" rel=\"bookmark\" title=\"Para\u015futist implicat \u00eentr-un incident aviatic\"><img loading=\"lazy\" decoding=\"async\" width=\"218\" height=\"150\" class=\"entry-thumb\" src=\"https:\/\/www.tvbuzau.ro\/wp-content\/uploads\/2026\/08\/sddefault-11-218x150.jpg\" alt title=\"Para\u015futist implicat \u00eentr-un incident aviatic\"><span class=\"td-video-play-ico\"><img loading=\"lazy\" decoding=\"async\" width=\"40\" height=\"40\" class=\"td-retina\" src=\"https:\/\/www.tvbuzau.ro\/wp-content\/themes\/Newspaper\/images\/icons\/ico-video-large.png\" alt=\"video\"><\/span><\/a><\/div>\n<p><a href=\"https:\/\/www.tvbuzau.ro\/category\/actualitate\/\" class=\"td-post-category\">Actualitate<\/a><\/div>\n<div class=\"item-details\">\n<h3 class=\"entry-title td-module-title\"><a href=\"https:\/\/www.tvbuzau.ro\/parasutist-implicat-intr-un-incident-aviatic\/\" rel=\"bookmark\" title=\"Para\u015futist implicat \u00eentr-un incident aviatic\">Para\u015futist implicat \u00eentr-un incident aviatic<\/a><\/h3>\n<\/div>\n<\/div>\n<\/div>\n<div class=\"td-related-span4\">\n<div class=\"td_module_related_posts td-animation-stack td_mod_related_posts\">\n<div class=\"td-module-image\">\n<div class=\"td-module-thumb\"><a href=\"https:\/\/www.tvbuzau.ro\/cazurile-de-tbc-la-bovine-in-scadere\/\" rel=\"bookmark\" title=\"Cazurile de TBC la bovine \u00een sc\u0103dere\"><img loading=\"lazy\" decoding=\"async\" width=\"218\" height=\"150\" class=\"entry-thumb\" src=\"https:\/\/www.tvbuzau.ro\/wp-content\/uploads\/2026\/08\/sddefault-10-218x150.jpg\" alt title=\"Cazurile de TBC la bovine \u00een sc\u0103dere\"><span class=\"td-video-play-ico\"><img loading=\"lazy\" decoding=\"async\" width=\"40\" height=\"40\" class=\"td-retina\" src=\"https:\/\/www.tvbuzau.ro\/wp-content\/themes\/Newspaper\/images\/icons\/ico-video-large.png\" alt=\"video\"><\/span><\/a><\/div>\n<p><a href=\"https:\/\/www.tvbuzau.ro\/category\/actualitate\/\" class=\"td-post-category\">Actualitate<\/a><\/div>\n<div class=\"item-details\">\n<h3 class=\"entry-title td-module-title\"><a href=\"https:\/\/www.tvbuzau.ro\/cazurile-de-tbc-la-bovine-in-scadere\/\" rel=\"bookmark\" title=\"Cazurile de TBC la bovine \u00een sc\u0103dere\">Cazurile de TBC la bovine \u00een sc\u0103dere<\/a><\/h3>\n<\/div>\n<\/div>\n<\/div>\n<\/div>\n<div class=\"td-related-row\">\n<div class=\"td-related-span4\">\n<div class=\"td_module_related_posts td-animation-stack td_mod_related_posts\">\n<div class=\"td-module-image\">\n<div class=\"td-module-thumb\"><a href=\"https:\/\/www.tvbuzau.ro\/festivaluri-si-tabere-sustinute-de-consiliul-judetean\/\" rel=\"bookmark\" title=\"Festivaluri \u015fi tabere sus\u0163inute de Consiliul Jude\u0163ean\"><img loading=\"lazy\" decoding=\"async\" width=\"218\" height=\"150\" class=\"entry-thumb\" src=\"https:\/\/www.tvbuzau.ro\/wp-content\/uploads\/2026\/08\/sddefault-8-218x150.jpg\" alt title=\"Festivaluri \u015fi tabere sus\u0163inute de Consiliul Jude\u0163ean\"><span class=\"td-video-play-ico\"><img loading=\"lazy\" decoding=\"async\" width=\"40\" height=\"40\" class=\"td-retina\" src=\"https:\/\/www.tvbuzau.ro\/wp-content\/themes\/Newspaper\/images\/icons\/ico-video-large.png\" alt=\"video\"><\/span><\/a><\/div>\n<p><a href=\"https:\/\/www.tvbuzau.ro\/category\/actualitate\/\" class=\"td-post-category\">Actualitate<\/a><\/div>\n<div class=\"item-details\">\n<h3 class=\"entry-title td-module-title\"><a href=\"https:\/\/www.tvbuzau.ro\/festivaluri-si-tabere-sustinute-de-consiliul-judetean\/\" rel=\"bookmark\" title=\"Festivaluri \u015fi tabere sus\u0163inute de Consiliul Jude\u0163ean\">Festivaluri \u015fi tabere sus\u0163inute de Consiliul Jude\u0163ean<\/a><\/h3>\n<\/div>\n<\/div>\n<\/div>\n<div class=\"td-related-span4\">\n<div class=\"td_module_related_posts td-animation-stack td_mod_related_posts\">\n<div class=\"td-module-image\">\n<div class=\"td-module-thumb\"><a href=\"https:\/\/www.tvbuzau.ro\/119911-2\/\" rel=\"bookmark\" title><img loading=\"lazy\" decoding=\"async\" width=\"218\" height=\"150\" class=\"entry-thumb\" src=\"https:\/\/www.tvbuzau.ro\/wp-content\/uploads\/2026\/08\/sddefault-6-218x150.jpg\" alt title><span class=\"td-video-play-ico\"><img loading=\"lazy\" decoding=\"async\" width=\"40\" height=\"40\" class=\"td-retina\" src=\"https:\/\/www.tvbuzau.ro\/wp-content\/themes\/Newspaper\/images\/icons\/ico-video-large.png\" alt=\"video\"><\/span><\/a><\/div>\n<p><a href=\"https:\/\/www.tvbuzau.ro\/category\/actualitate\/\" class=\"td-post-category\">Actualitate<\/a><\/div>\n<\/div>\n<\/div>\n<div class=\"td-related-span4\">\n<div class=\"td_module_related_posts td-animation-stack td_mod_related_posts\">\n<div class=\"td-module-image\">\n<div class=\"td-module-thumb\"><a href=\"https:\/\/www.tvbuzau.ro\/primaria-buzau-nu-renunta-la-neutralitatea-climatica\/\" rel=\"bookmark\" title=\"Prim\u0103ria Buz\u0103u nu renun\u0163\u0103 la neutralitatea climatic\u0103\"><img loading=\"lazy\" decoding=\"async\" width=\"218\" height=\"150\" class=\"entry-thumb\" src=\"https:\/\/www.tvbuzau.ro\/wp-content\/uploads\/2026\/08\/sddefault-5-218x150.jpg\" alt title=\"Prim\u0103ria Buz\u0103u nu renun\u0163\u0103 la neutralitatea climatic\u0103\"><span class=\"td-video-play-ico\"><img loading=\"lazy\" decoding=\"async\" width=\"40\" height=\"40\" class=\"td-retina\" src=\"https:\/\/www.tvbuzau.ro\/wp-content\/themes\/Newspaper\/images\/icons\/ico-video-large.png\" alt=\"video\"><\/span><\/a><\/div>\n<p><a href=\"https:\/\/www.tvbuzau.ro\/category\/actualitate\/\" class=\"td-post-category\">Actualitate<\/a><\/div>\n<div class=\"item-details\">\n<h3 class=\"entry-title td-module-title\"><a href=\"https:\/\/www.tvbuzau.ro\/primaria-buzau-nu-renunta-la-neutralitatea-climatica\/\" rel=\"bookmark\" title=\"Prim\u0103ria Buz\u0103u nu renun\u0163\u0103 la neutralitatea climatic\u0103\">Prim\u0103ria Buz\u0103u nu renun\u0163\u0103 la neutralitatea climatic\u0103<\/a><\/h3>\n<\/div>\n<\/div>\n<\/div>\n<\/div>\n<\/div>\n<\/div>\n<div class=\"comments\" id=\"comments\">\n<div id=\"respond\" class=\"comment-respond\">\n<h3 id=\"reply-title\" class=\"comment-reply-title\">L\u0102SA\u021aI UN MESAJ <small><a rel=\"nofollow\" id=\"cancel-comment-reply-link\" href=\"https:\/\/www.tvbuzau.ro\/cand-isi-deschide-portile-fostul-sediu-al-bibliotecii-judetene\/#respond\">Renun\u021ba\u021bi la r\u0103spuns<\/a><\/small><\/h3>\n<\/div>\n<\/div>\n<\/div>\n<div class=\"td-post-content\">\n<div class=\"td-featured-image-rec\">\n<div class=\"wpb_video_wrapper\">\n                    <iframe loading=\"lazy\" id=\"td_youtube_player\" width=\"600\" height=\"560\" src=\"https:\/\/www.youtube.com\/embed\/lvyG8Q9ttWM?enablejsapi=1&amp;feature=oembed&amp;wmode=opaque&amp;vq=hd720\" frameborder allowfullscreen><\/iframe><\/p><\/div>\n<\/div>\n<p>Va fi un centru expozi\u0163ional. Biblioteca Jude\u0163ean\u0103 r\u0103m\u00e2ne deocamdat\u0103 la mall<br \/>\nFostul sediul al Bibliotecii Jude\u0163ene, aflat pe Bulevardul Unirii din municipiul Buz\u0103u \u015fi-ar putea deschide por\u0163ile \u00een cur\u00e2nd.<br \/>\nImobilul va fi transformat dup\u0103 lucr\u0103rile de reabilitare \u015fi dup\u0103 etapa de dotare, \u00eentr-un centru expozi\u0163ional.<br \/>\nProiectul privind rebilitarea fostului sediu al Bibliotecii Jude\u0163ene Buz\u0103u a iscat nemul\u0163umiri \u00een r\u00e2ndul \u015fi angaja\u0163ilor dar \u015fi a unora dintre cititori, dup\u0103 ce biblioteca a fost mutat\u0103 \u00eentr-un spa\u0163iu \u00eenchiriat dintr-un mall \u00een municipiul Buz\u0103u.<\/p>\n<div class=\"post-views post-119920 entry-meta\"><span class=\"post-views-label\">Post Views: <\/span><span class=\"post-views-count\">38<\/span><\/div>\n<\/div>\n<p>[analyse_source url=&#8221;https:\/\/www.tvbuzau.ro\/cand-isi-deschide-portile-fostul-sediu-al-bibliotecii-judetene\/&#8221;]<\/p>\n","protected":false},"excerpt":{"rendered":"<p>[analyse_image type=&#8221;featured&#8221; src=&#8221;https:\/\/www.tvbuzau.ro\/wp-content\/uploads\/2026\/08\/sddefault-9.jpghttps:\/\/www.tvbuzau.ro\/wp-content\/uploads\/2026\/08\/sddefault-9.jpg&#8221;] Actualitate C\u00e2nd \u00ee\u015fi deschide por\u0163ile fostul sediu al Bibliotecii Jude\u0163ene De c\u0103tre TV Buz\u0103u &#8211; august 5, 2026 0 2 Distribui\u021bi pe Facebook Distribui\u021bi pe Twitter tweet Va fi un centru expozi\u0163ional. Biblioteca Jude\u0163ean\u0103 r\u0103m\u00e2ne deocamdat\u0103 la mall Fostul sediul al Bibliotecii Jude\u0163ene, aflat pe Bulevardul Unirii din municipiul Buz\u0103u \u015fi-ar putea [&hellip;]<\/p>\n","protected":false},"author":1,"featured_media":0,"comment_status":"open","ping_status":"","sticky":false,"template":"","format":"standard","meta":{"footnotes":""},"categories":[2],"tags":[226,116],"class_list":["post-2079524","post","type-post","status-publish","format-standard","hentry","category-politics","tag-crawlmanager","tag-tvbuzau-ro"],"_links":{"self":[{"href":"https:\/\/analyse.optim.biz\/index.php?rest_route=\/wp\/v2\/posts\/2079524","targetHints":{"allow":["GET"]}}],"collection":[{"href":"https:\/\/analyse.optim.biz\/index.php?rest_route=\/wp\/v2\/posts"}],"about":[{"href":"https:\/\/analyse.optim.biz\/index.php?rest_route=\/wp\/v2\/types\/post"}],"author":[{"embeddable":true,"href":"https:\/\/analyse.optim.biz\/index.php?rest_route=\/wp\/v2\/users\/1"}],"replies":[{"embeddable":true,"href":"https:\/\/analyse.optim.biz\/index.php?rest_route=%2Fwp%2Fv2%2Fcomments&post=2079524"}],"version-history":[{"count":0,"href":"https:\/\/analyse.optim.biz\/index.php?rest_route=\/wp\/v2\/posts\/2079524\/revisions"}],"wp:attachment":[{"href":"https:\/\/analyse.optim.biz\/index.php?rest_route=%2Fwp%2Fv2%2Fmedia&parent=2079524"}],"wp:term":[{"taxonomy":"category","embeddable":true,"href":"https:\/\/analyse.optim.biz\/index.php?rest_route=%2Fwp%2Fv2%2Fcategories&post=2079524"},{"taxonomy":"post_tag","embeddable":true,"href":"https:\/\/analyse.optim.biz\/index.php?rest_route=%2Fwp%2Fv2%2Ftags&post=2079524"}],"curies":[{"name":"wp","href":"https:\/\/api.w.org\/{rel}","templated":true}]}}