{"id":2079522,"date":"2026-08-05T20:52:59","date_gmt":"2026-08-05T17:52:59","guid":{"rendered":"https:\/\/analyse.optim.biz\/?p=2079522"},"modified":"2026-08-05T20:52:59","modified_gmt":"2026-08-05T17:52:59","slug":"directia-silvica-a-populat-cu-pastrav-curcubeu-paraul-casele-bisocii","status":"publish","type":"post","link":"https:\/\/analyse.optim.biz\/?p=2079522","title":{"rendered":"Direc\u0163ia Silvic\u0103 a populat cu p\u0103str\u0103v curcubeu p\u00e2r\u00e2ul Casele Bisocii"},"content":{"rendered":"<p>[analyse_image type=&#8221;featured&#8221; src=&#8221;https:\/\/www.tvbuzau.ro\/wp-content\/uploads\/2026\/08\/sddefault-12.jpghttps:\/\/www.tvbuzau.ro\/wp-content\/uploads\/2026\/08\/sddefault-12.jpg&#8221;]<\/p>\n<div class=\"td-ss-main-content\">\n<article id=\"post-119929\" class=\"post-119929 post type-post status-publish format-video has-post-thumbnail hentry category-actualitate post_format-post-format-video\">\n<div class=\"td-post-header\">\n<ul class=\"td-category\">\n<li class=\"entry-category\"><a href=\"https:\/\/www.tvbuzau.ro\/category\/actualitate\/\">Actualitate<\/a><\/li>\n<\/ul>\n<header class=\"td-post-title\">\n<h1 class=\"entry-title\">Direc\u0163ia Silvic\u0103 a populat cu p\u0103str\u0103v curcubeu p\u00e2r\u00e2ul Casele Bisocii<\/h1>\n<div class=\"td-module-meta-info\">\n<div class=\"td-post-author-name\">De c\u0103tre <a href=\"https:\/\/www.tvbuzau.ro\/author\/mihai-vasilescu\/\">TV Buz\u0103u<\/a> &#8211; <\/div>\n<p><span class=\"td-post-date\"><time class=\"entry-date updated td-module-date\" datetime=\"2026-08-05T20:52:59+00:00\">august 5, 2026<\/time><\/span><\/p>\n<div class=\"td-post-comments\"><a href=\"https:\/\/www.tvbuzau.ro\/directia-silvica-a-populat-cu-pastrav-curcubeu-paraul-casele-bisocii\/#respond\">0<\/a><\/div>\n<div class=\"td-post-views\"><span class=\"td-nr-views-119929\">6<\/span><\/div>\n<\/div>\n<\/header>\n<\/div>\n<div class=\"td-post-sharing td-post-sharing-top td-with-like\">\n<div class=\"td-default-sharing\"><a class=\"td-social-sharing-buttons td-social-facebook\" href=\"http:\/\/www.facebook.com\/sharer.php?u=https%3A%2F%2Fwww.tvbuzau.ro%2Fdirectia-silvica-a-populat-cu-pastrav-curcubeu-paraul-casele-bisocii%2F\"><\/p>\n<div class=\"td-social-but-text\">Distribui\u021bi pe Facebook<\/div>\n<p><\/a><a class=\"td-social-sharing-buttons td-social-twitter\" href=\"https:\/\/twitter.com\/intent\/tweet?text=Direc%C5%A3ia+Silvic%C4%83+a+populat+cu+p%C4%83str%C4%83v+curcubeu+p%C3%A2r%C3%A2ul+Casele+Bisocii&amp;url=https%3A%2F%2Fwww.tvbuzau.ro%2Fdirectia-silvica-a-populat-cu-pastrav-curcubeu-paraul-casele-bisocii%2F&amp;via=TV+Buz%C4%83u\"><\/p>\n<div class=\"td-social-but-text\">Distribui\u021bi pe Twitter<\/div>\n<p><\/a><\/div>\n<div class=\"td-classic-sharing\">\n<ul>\n<li class=\"td-classic-facebook\"><iframe frameborder src=\"https:\/\/www.facebook.com\/plugins\/like.php?href=https:\/\/www.tvbuzau.ro\/directia-silvica-a-populat-cu-pastrav-curcubeu-paraul-casele-bisocii\/&amp;layout=button_count&amp;show_faces=false&amp;width=105&amp;action=like&amp;colorscheme=light&amp;height=21\"><\/iframe><\/li>\n<li class=\"td-classic-twitter\"><a href=\"https:\/\/twitter.com\/share\" class=\"twitter-share-button\" data-url=\"https:\/\/www.tvbuzau.ro\/directia-silvica-a-populat-cu-pastrav-curcubeu-paraul-casele-bisocii\/\" data-text=\"Direc\u0163ia Silvic\u0103 a populat cu p\u0103str\u0103v curcubeu p\u00e2r\u00e2ul Casele Bisocii\" data-via data-lang=\"en\">tweet<\/a><\/li>\n<\/ul>\n<\/div>\n<\/div>\n<div class=\"td-post-content\">\n<div class=\"td-featured-image-rec\">\n<div class=\"wpb_video_wrapper\">\n                    <iframe loading=\"lazy\" id=\"td_youtube_player\" width=\"600\" height=\"560\" src=\"https:\/\/www.youtube.com\/embed\/JZ9XRY_eq6c?enablejsapi=1&amp;feature=oembed&amp;wmode=opaque&amp;vq=hd720\" frameborder allowfullscreen><\/iframe><\/p><\/div>\n<\/div>\n<p>Sc\u0103ri de pe\u015fti pentru dep\u0103\u015firea obstacolelor hidrotehnice<br \/>\n\u00cen luna iunie, potrivit Direc\u0163iei Silvice Buz\u0103u, a avut loc recep\u021bia la finalizarea lucr\u0103rilor pentru investi\u021bia \u201eCorectarea toren\u021bilor din bazinul hidrografic p\u00e2r\u00e2ul Casele Bisocii\u201d, derulat\u0103 de Romsilva \u2013 Directia Silvica Buzau, prin Ocolul Silvic Vintila Voda, investi\u021bie finan\u021bat\u0103 de Uniunea European\u0103 din fonduri PNRR.<br \/>\nLucr\u0103rile au fost realizate \u00een bazinul hidrografic al p\u00e2r\u00e2ului Casele Bisocii, \u00een comuna Bisoca, \u0219i au vizat un bazin colector cu o suprafa\u021b\u0103 de aproximativ 2.000 ha.<br \/>\n\u201cAceste lucr\u0103ri au rolul de a reduce efectele toren\u021bilor, de a combate eroziunea solului, de a stabiliza albiile, de a proteja infrastructura, fondul forestier \u0219i obiectivele din zon\u0103, contribuind totodat\u0103 la diminuarea riscului generat de viituri\u201d, a anun\u0163at Direc\u0163ia Silvic\u0103 Buz\u0103u.<br \/>\nDup\u0103 recep\u021bia la finalizarea lucr\u0103rilor, un nou moment cu o puternic\u0103 \u00eenc\u0103rc\u0103tur\u0103 simbolic\u0103 a demonstrat c\u0103 grija pentru natur\u0103 merge dincolo de realizarea lucr\u0103rilor de infrastructur\u0103.<br \/>\n\u201cSilvicultorii Ocolului Silvic Vintil\u0103 Vod\u0103, din cadrul Direc\u021biei Silvice Buz\u0103u, au desf\u0103\u0219urat o ac\u021biune de repopulare a p\u00e2r\u00e2ului Casele Bisocii cu puiet de p\u0103str\u0103v, contribuind la refacerea \u0219i conservarea ecosistemelor acvatice \u0219i la men\u021binerea biodiversit\u0103\u021bii din aceast\u0103 zon\u0103.  Lucr\u0103rile de corectare a toren\u021bilor au avut ca obiectiv reducerea efectelor fenomenelor toren\u021biale, protejarea terenurilor, a infrastructurii \u0219i a gospod\u0103riilor, iar repopularea p\u00e2r\u00e2ului reprezint\u0103 continuarea fireasc\u0103 a acestor eforturi prin readucerea vie\u021bii \u00een habitatul natural\u201d, a precizat institu\u0163ia.<br \/>\nImaginile video publicate de c\u0103tre Direc\u0163ia Silvic\u0103 surprind acest moment deosebit, \u00een care puietul de p\u0103str\u0103v este redat apelor curate ale p\u00e2r\u00e2ului Casele Bisocii, simboliz\u00e2nd echilibrul dintre investi\u021biile realizate pentru protec\u021bia mediului \u0219i responsabilitatea fa\u021b\u0103 de biodiversitate.<br \/>\nValoarea lucr\u0103rilor executate a fost de peste 7 milioane lei.<\/p>\n<div class=\"post-views post-119929 entry-meta\"><span class=\"post-views-label\">Post Views: <\/span><span class=\"post-views-count\">37<\/span><\/div>\n<\/div>\n<footer>\n<div class=\"td-post-sharing td-post-sharing-bottom td-with-like\"><span class=\"td-post-share-title\">DISTRIBUI\u021aI<\/span><\/p>\n<div class=\"td-default-sharing\"><a class=\"td-social-sharing-buttons td-social-facebook\" href=\"http:\/\/www.facebook.com\/sharer.php?u=https%3A%2F%2Fwww.tvbuzau.ro%2Fdirectia-silvica-a-populat-cu-pastrav-curcubeu-paraul-casele-bisocii%2F\"><\/p>\n<div class=\"td-social-but-text\">Facebook<\/div>\n<p><\/a><a class=\"td-social-sharing-buttons td-social-twitter\" href=\"https:\/\/twitter.com\/intent\/tweet?text=Direc%C5%A3ia+Silvic%C4%83+a+populat+cu+p%C4%83str%C4%83v+curcubeu+p%C3%A2r%C3%A2ul+Casele+Bisocii&amp;url=https%3A%2F%2Fwww.tvbuzau.ro%2Fdirectia-silvica-a-populat-cu-pastrav-curcubeu-paraul-casele-bisocii%2F&amp;via=TV+Buz%C4%83u\"><\/p>\n<div class=\"td-social-but-text\">Twitter<\/div>\n<p><\/a><\/div>\n<div class=\"td-classic-sharing\">\n<ul>\n<li class=\"td-classic-facebook\"><iframe frameborder src=\"https:\/\/www.facebook.com\/plugins\/like.php?href=https:\/\/www.tvbuzau.ro\/directia-silvica-a-populat-cu-pastrav-curcubeu-paraul-casele-bisocii\/&amp;layout=button_count&amp;show_faces=false&amp;width=105&amp;action=like&amp;colorscheme=light&amp;height=21\"><\/iframe><\/li>\n<li class=\"td-classic-twitter\"><a href=\"https:\/\/twitter.com\/share\" class=\"twitter-share-button\" data-url=\"https:\/\/www.tvbuzau.ro\/directia-silvica-a-populat-cu-pastrav-curcubeu-paraul-casele-bisocii\/\" data-text=\"Direc\u0163ia Silvic\u0103 a populat cu p\u0103str\u0103v curcubeu p\u00e2r\u00e2ul Casele Bisocii\" data-via data-lang=\"en\">tweet<\/a><\/li>\n<\/ul>\n<\/div>\n<\/div>\n<div class=\"td-author-name vcard author\"><span class=\"fn\"><a href=\"https:\/\/www.tvbuzau.ro\/author\/mihai-vasilescu\/\">TV Buz\u0103u<\/a><\/span><\/div>\n<p><span><\/span><span><span><\/span><\/span><span><\/span><\/footer>\n<\/article>\n<div class=\"td_block_wrap td_block_related_posts td_uid_1_6a73d3addfead_rand td_with_ajax_pagination td-pb-border-top\" data-td-block-uid=\"td_uid_1_6a73d3addfead\">\n<h4 class=\"td-related-title\"><a id=\"td_uid_2_6a73d3ade96cf\" class=\"td-related-left td-cur-simple-item\" data-td_filter_value data-td_block_id=\"td_uid_1_6a73d3addfead\" href=\"https:\/\/www.tvbuzau.ro\/directia-silvica-a-populat-cu-pastrav-curcubeu-paraul-casele-bisocii\/\">ARTICOLE SIMILARE<\/a><a id=\"td_uid_3_6a73d3ade970f\" class=\"td-related-right\" data-td_filter_value=\"td_related_more_from_author\" data-td_block_id=\"td_uid_1_6a73d3addfead\" href=\"https:\/\/www.tvbuzau.ro\/directia-silvica-a-populat-cu-pastrav-curcubeu-paraul-casele-bisocii\/\">DE LA ACELA\u0218I AUTOR<\/a><\/h4>\n<div id=\"td_uid_1_6a73d3addfead\" class=\"td_block_inner\">\n<div class=\"td-related-row\">\n<div class=\"td-related-span4\">\n<div class=\"td_module_related_posts td-animation-stack td_mod_related_posts\">\n<div class=\"td-module-image\">\n<div class=\"td-module-thumb\"><a href=\"https:\/\/www.tvbuzau.ro\/parasutist-implicat-intr-un-incident-aviatic\/\" rel=\"bookmark\" title=\"Para\u015futist implicat \u00eentr-un incident aviatic\"><img loading=\"lazy\" decoding=\"async\" width=\"218\" height=\"150\" class=\"entry-thumb\" src=\"https:\/\/www.tvbuzau.ro\/wp-content\/uploads\/2026\/08\/sddefault-11-218x150.jpg\" alt title=\"Para\u015futist implicat \u00eentr-un incident aviatic\"><span class=\"td-video-play-ico\"><img loading=\"lazy\" decoding=\"async\" width=\"40\" height=\"40\" class=\"td-retina\" src=\"https:\/\/www.tvbuzau.ro\/wp-content\/themes\/Newspaper\/images\/icons\/ico-video-large.png\" alt=\"video\"><\/span><\/a><\/div>\n<p><a href=\"https:\/\/www.tvbuzau.ro\/category\/actualitate\/\" class=\"td-post-category\">Actualitate<\/a><\/div>\n<div class=\"item-details\">\n<h3 class=\"entry-title td-module-title\"><a href=\"https:\/\/www.tvbuzau.ro\/parasutist-implicat-intr-un-incident-aviatic\/\" rel=\"bookmark\" title=\"Para\u015futist implicat \u00eentr-un incident aviatic\">Para\u015futist implicat \u00eentr-un incident aviatic<\/a><\/h3>\n<\/div>\n<\/div>\n<\/div>\n<div class=\"td-related-span4\">\n<div class=\"td_module_related_posts td-animation-stack td_mod_related_posts\">\n<div class=\"td-module-image\">\n<div class=\"td-module-thumb\"><a href=\"https:\/\/www.tvbuzau.ro\/cazurile-de-tbc-la-bovine-in-scadere\/\" rel=\"bookmark\" title=\"Cazurile de TBC la bovine \u00een sc\u0103dere\"><img loading=\"lazy\" decoding=\"async\" width=\"218\" height=\"150\" class=\"entry-thumb\" src=\"https:\/\/www.tvbuzau.ro\/wp-content\/uploads\/2026\/08\/sddefault-10-218x150.jpg\" alt title=\"Cazurile de TBC la bovine \u00een sc\u0103dere\"><span class=\"td-video-play-ico\"><img loading=\"lazy\" decoding=\"async\" width=\"40\" height=\"40\" class=\"td-retina\" src=\"https:\/\/www.tvbuzau.ro\/wp-content\/themes\/Newspaper\/images\/icons\/ico-video-large.png\" alt=\"video\"><\/span><\/a><\/div>\n<p><a href=\"https:\/\/www.tvbuzau.ro\/category\/actualitate\/\" class=\"td-post-category\">Actualitate<\/a><\/div>\n<div class=\"item-details\">\n<h3 class=\"entry-title td-module-title\"><a href=\"https:\/\/www.tvbuzau.ro\/cazurile-de-tbc-la-bovine-in-scadere\/\" rel=\"bookmark\" title=\"Cazurile de TBC la bovine \u00een sc\u0103dere\">Cazurile de TBC la bovine \u00een sc\u0103dere<\/a><\/h3>\n<\/div>\n<\/div>\n<\/div>\n<div class=\"td-related-span4\">\n<div class=\"td_module_related_posts td-animation-stack td_mod_related_posts\">\n<div class=\"td-module-image\">\n<div class=\"td-module-thumb\"><a href=\"https:\/\/www.tvbuzau.ro\/cand-isi-deschide-portile-fostul-sediu-al-bibliotecii-judetene\/\" rel=\"bookmark\" title=\"C\u00e2nd \u00ee\u015fi deschide por\u0163ile fostul sediu al Bibliotecii Jude\u0163ene\"><img loading=\"lazy\" decoding=\"async\" width=\"218\" height=\"150\" class=\"entry-thumb\" src=\"https:\/\/www.tvbuzau.ro\/wp-content\/uploads\/2026\/08\/sddefault-9-218x150.jpg\" alt title=\"C\u00e2nd \u00ee\u015fi deschide por\u0163ile fostul sediu al Bibliotecii Jude\u0163ene\"><span class=\"td-video-play-ico\"><img loading=\"lazy\" decoding=\"async\" width=\"40\" height=\"40\" class=\"td-retina\" src=\"https:\/\/www.tvbuzau.ro\/wp-content\/themes\/Newspaper\/images\/icons\/ico-video-large.png\" alt=\"video\"><\/span><\/a><\/div>\n<p><a href=\"https:\/\/www.tvbuzau.ro\/category\/actualitate\/\" class=\"td-post-category\">Actualitate<\/a><\/div>\n<div class=\"item-details\">\n<h3 class=\"entry-title td-module-title\"><a href=\"https:\/\/www.tvbuzau.ro\/cand-isi-deschide-portile-fostul-sediu-al-bibliotecii-judetene\/\" rel=\"bookmark\" title=\"C\u00e2nd \u00ee\u015fi deschide por\u0163ile fostul sediu al Bibliotecii Jude\u0163ene\">C\u00e2nd \u00ee\u015fi deschide por\u0163ile fostul sediu al Bibliotecii Jude\u0163ene<\/a><\/h3>\n<\/div>\n<\/div>\n<\/div>\n<\/div>\n<div class=\"td-related-row\">\n<div class=\"td-related-span4\">\n<div class=\"td_module_related_posts td-animation-stack td_mod_related_posts\">\n<div class=\"td-module-image\">\n<div class=\"td-module-thumb\"><a href=\"https:\/\/www.tvbuzau.ro\/festivaluri-si-tabere-sustinute-de-consiliul-judetean\/\" rel=\"bookmark\" title=\"Festivaluri \u015fi tabere sus\u0163inute de Consiliul Jude\u0163ean\"><img loading=\"lazy\" decoding=\"async\" width=\"218\" height=\"150\" class=\"entry-thumb\" src=\"https:\/\/www.tvbuzau.ro\/wp-content\/uploads\/2026\/08\/sddefault-8-218x150.jpg\" alt title=\"Festivaluri \u015fi tabere sus\u0163inute de Consiliul Jude\u0163ean\"><span class=\"td-video-play-ico\"><img loading=\"lazy\" decoding=\"async\" width=\"40\" height=\"40\" class=\"td-retina\" src=\"https:\/\/www.tvbuzau.ro\/wp-content\/themes\/Newspaper\/images\/icons\/ico-video-large.png\" alt=\"video\"><\/span><\/a><\/div>\n<p><a href=\"https:\/\/www.tvbuzau.ro\/category\/actualitate\/\" class=\"td-post-category\">Actualitate<\/a><\/div>\n<div class=\"item-details\">\n<h3 class=\"entry-title td-module-title\"><a href=\"https:\/\/www.tvbuzau.ro\/festivaluri-si-tabere-sustinute-de-consiliul-judetean\/\" rel=\"bookmark\" title=\"Festivaluri \u015fi tabere sus\u0163inute de Consiliul Jude\u0163ean\">Festivaluri \u015fi tabere sus\u0163inute de Consiliul Jude\u0163ean<\/a><\/h3>\n<\/div>\n<\/div>\n<\/div>\n<div class=\"td-related-span4\">\n<div class=\"td_module_related_posts td-animation-stack td_mod_related_posts\">\n<div class=\"td-module-image\">\n<div class=\"td-module-thumb\"><a href=\"https:\/\/www.tvbuzau.ro\/119911-2\/\" rel=\"bookmark\" title><img loading=\"lazy\" decoding=\"async\" width=\"218\" height=\"150\" class=\"entry-thumb\" src=\"https:\/\/www.tvbuzau.ro\/wp-content\/uploads\/2026\/08\/sddefault-6-218x150.jpg\" alt title><span class=\"td-video-play-ico\"><img loading=\"lazy\" decoding=\"async\" width=\"40\" height=\"40\" class=\"td-retina\" src=\"https:\/\/www.tvbuzau.ro\/wp-content\/themes\/Newspaper\/images\/icons\/ico-video-large.png\" alt=\"video\"><\/span><\/a><\/div>\n<p><a href=\"https:\/\/www.tvbuzau.ro\/category\/actualitate\/\" class=\"td-post-category\">Actualitate<\/a><\/div>\n<\/div>\n<\/div>\n<div class=\"td-related-span4\">\n<div class=\"td_module_related_posts td-animation-stack td_mod_related_posts\">\n<div class=\"td-module-image\">\n<div class=\"td-module-thumb\"><a href=\"https:\/\/www.tvbuzau.ro\/primaria-buzau-nu-renunta-la-neutralitatea-climatica\/\" rel=\"bookmark\" title=\"Prim\u0103ria Buz\u0103u nu renun\u0163\u0103 la neutralitatea climatic\u0103\"><img loading=\"lazy\" decoding=\"async\" width=\"218\" height=\"150\" class=\"entry-thumb\" src=\"https:\/\/www.tvbuzau.ro\/wp-content\/uploads\/2026\/08\/sddefault-5-218x150.jpg\" alt title=\"Prim\u0103ria Buz\u0103u nu renun\u0163\u0103 la neutralitatea climatic\u0103\"><span class=\"td-video-play-ico\"><img loading=\"lazy\" decoding=\"async\" width=\"40\" height=\"40\" class=\"td-retina\" src=\"https:\/\/www.tvbuzau.ro\/wp-content\/themes\/Newspaper\/images\/icons\/ico-video-large.png\" alt=\"video\"><\/span><\/a><\/div>\n<p><a href=\"https:\/\/www.tvbuzau.ro\/category\/actualitate\/\" class=\"td-post-category\">Actualitate<\/a><\/div>\n<div class=\"item-details\">\n<h3 class=\"entry-title td-module-title\"><a href=\"https:\/\/www.tvbuzau.ro\/primaria-buzau-nu-renunta-la-neutralitatea-climatica\/\" rel=\"bookmark\" title=\"Prim\u0103ria Buz\u0103u nu renun\u0163\u0103 la neutralitatea climatic\u0103\">Prim\u0103ria Buz\u0103u nu renun\u0163\u0103 la neutralitatea climatic\u0103<\/a><\/h3>\n<\/div>\n<\/div>\n<\/div>\n<\/div>\n<\/div>\n<\/div>\n<div class=\"comments\" id=\"comments\">\n<div id=\"respond\" class=\"comment-respond\">\n<h3 id=\"reply-title\" class=\"comment-reply-title\">L\u0102SA\u021aI UN MESAJ <small><a rel=\"nofollow\" id=\"cancel-comment-reply-link\" href=\"https:\/\/www.tvbuzau.ro\/directia-silvica-a-populat-cu-pastrav-curcubeu-paraul-casele-bisocii\/#respond\">Renun\u021ba\u021bi la r\u0103spuns<\/a><\/small><\/h3>\n<\/div>\n<\/div>\n<\/div>\n<div class=\"td-post-content\">\n<div class=\"td-featured-image-rec\">\n<div class=\"wpb_video_wrapper\">\n                    <iframe loading=\"lazy\" id=\"td_youtube_player\" width=\"600\" height=\"560\" src=\"https:\/\/www.youtube.com\/embed\/JZ9XRY_eq6c?enablejsapi=1&amp;feature=oembed&amp;wmode=opaque&amp;vq=hd720\" frameborder allowfullscreen><\/iframe><\/p><\/div>\n<\/div>\n<p>Sc\u0103ri de pe\u015fti pentru dep\u0103\u015firea obstacolelor hidrotehnice<br \/>\n\u00cen luna iunie, potrivit Direc\u0163iei Silvice Buz\u0103u, a avut loc recep\u021bia la finalizarea lucr\u0103rilor pentru investi\u021bia \u201eCorectarea toren\u021bilor din bazinul hidrografic p\u00e2r\u00e2ul Casele Bisocii\u201d, derulat\u0103 de Romsilva \u2013 Directia Silvica Buzau, prin Ocolul Silvic Vintila Voda, investi\u021bie finan\u021bat\u0103 de Uniunea European\u0103 din fonduri PNRR.<br \/>\nLucr\u0103rile au fost realizate \u00een bazinul hidrografic al p\u00e2r\u00e2ului Casele Bisocii, \u00een comuna Bisoca, \u0219i au vizat un bazin colector cu o suprafa\u021b\u0103 de aproximativ 2.000 ha.<br \/>\n\u201cAceste lucr\u0103ri au rolul de a reduce efectele toren\u021bilor, de a combate eroziunea solului, de a stabiliza albiile, de a proteja infrastructura, fondul forestier \u0219i obiectivele din zon\u0103, contribuind totodat\u0103 la diminuarea riscului generat de viituri\u201d, a anun\u0163at Direc\u0163ia Silvic\u0103 Buz\u0103u.<br \/>\nDup\u0103 recep\u021bia la finalizarea lucr\u0103rilor, un nou moment cu o puternic\u0103 \u00eenc\u0103rc\u0103tur\u0103 simbolic\u0103 a demonstrat c\u0103 grija pentru natur\u0103 merge dincolo de realizarea lucr\u0103rilor de infrastructur\u0103.<br \/>\n\u201cSilvicultorii Ocolului Silvic Vintil\u0103 Vod\u0103, din cadrul Direc\u021biei Silvice Buz\u0103u, au desf\u0103\u0219urat o ac\u021biune de repopulare a p\u00e2r\u00e2ului Casele Bisocii cu puiet de p\u0103str\u0103v, contribuind la refacerea \u0219i conservarea ecosistemelor acvatice \u0219i la men\u021binerea biodiversit\u0103\u021bii din aceast\u0103 zon\u0103.  Lucr\u0103rile de corectare a toren\u021bilor au avut ca obiectiv reducerea efectelor fenomenelor toren\u021biale, protejarea terenurilor, a infrastructurii \u0219i a gospod\u0103riilor, iar repopularea p\u00e2r\u00e2ului reprezint\u0103 continuarea fireasc\u0103 a acestor eforturi prin readucerea vie\u021bii \u00een habitatul natural\u201d, a precizat institu\u0163ia.<br \/>\nImaginile video publicate de c\u0103tre Direc\u0163ia Silvic\u0103 surprind acest moment deosebit, \u00een care puietul de p\u0103str\u0103v este redat apelor curate ale p\u00e2r\u00e2ului Casele Bisocii, simboliz\u00e2nd echilibrul dintre investi\u021biile realizate pentru protec\u021bia mediului \u0219i responsabilitatea fa\u021b\u0103 de biodiversitate.<br \/>\nValoarea lucr\u0103rilor executate a fost de peste 7 milioane lei.<\/p>\n<div class=\"post-views post-119929 entry-meta\"><span class=\"post-views-label\">Post Views: <\/span><span class=\"post-views-count\">37<\/span><\/div>\n<\/div>\n<p>[analyse_source url=&#8221;https:\/\/www.tvbuzau.ro\/directia-silvica-a-populat-cu-pastrav-curcubeu-paraul-casele-bisocii\/&#8221;]<\/p>\n","protected":false},"excerpt":{"rendered":"<p>[analyse_image type=&#8221;featured&#8221; src=&#8221;https:\/\/www.tvbuzau.ro\/wp-content\/uploads\/2026\/08\/sddefault-12.jpghttps:\/\/www.tvbuzau.ro\/wp-content\/uploads\/2026\/08\/sddefault-12.jpg&#8221;] Actualitate Direc\u0163ia Silvic\u0103 a populat cu p\u0103str\u0103v curcubeu p\u00e2r\u00e2ul Casele Bisocii De c\u0103tre TV Buz\u0103u &#8211; august 5, 2026 0 6 Distribui\u021bi pe Facebook Distribui\u021bi pe Twitter tweet Sc\u0103ri de pe\u015fti pentru dep\u0103\u015firea obstacolelor hidrotehnice \u00cen luna iunie, potrivit Direc\u0163iei Silvice Buz\u0103u, a avut loc recep\u021bia la finalizarea lucr\u0103rilor pentru investi\u021bia \u201eCorectarea [&hellip;]<\/p>\n","protected":false},"author":1,"featured_media":0,"comment_status":"open","ping_status":"","sticky":false,"template":"","format":"standard","meta":{"footnotes":""},"categories":[2],"tags":[226,116],"class_list":["post-2079522","post","type-post","status-publish","format-standard","hentry","category-politics","tag-crawlmanager","tag-tvbuzau-ro"],"_links":{"self":[{"href":"https:\/\/analyse.optim.biz\/index.php?rest_route=\/wp\/v2\/posts\/2079522","targetHints":{"allow":["GET"]}}],"collection":[{"href":"https:\/\/analyse.optim.biz\/index.php?rest_route=\/wp\/v2\/posts"}],"about":[{"href":"https:\/\/analyse.optim.biz\/index.php?rest_route=\/wp\/v2\/types\/post"}],"author":[{"embeddable":true,"href":"https:\/\/analyse.optim.biz\/index.php?rest_route=\/wp\/v2\/users\/1"}],"replies":[{"embeddable":true,"href":"https:\/\/analyse.optim.biz\/index.php?rest_route=%2Fwp%2Fv2%2Fcomments&post=2079522"}],"version-history":[{"count":0,"href":"https:\/\/analyse.optim.biz\/index.php?rest_route=\/wp\/v2\/posts\/2079522\/revisions"}],"wp:attachment":[{"href":"https:\/\/analyse.optim.biz\/index.php?rest_route=%2Fwp%2Fv2%2Fmedia&parent=2079522"}],"wp:term":[{"taxonomy":"category","embeddable":true,"href":"https:\/\/analyse.optim.biz\/index.php?rest_route=%2Fwp%2Fv2%2Fcategories&post=2079522"},{"taxonomy":"post_tag","embeddable":true,"href":"https:\/\/analyse.optim.biz\/index.php?rest_route=%2Fwp%2Fv2%2Ftags&post=2079522"}],"curies":[{"name":"wp","href":"https:\/\/api.w.org\/{rel}","templated":true}]}}