{"id":2079358,"date":"2026-08-05T13:11:59","date_gmt":"2026-08-05T10:11:59","guid":{"rendered":"https:\/\/analyse.optim.biz\/?p=2079358"},"modified":"2026-08-05T13:11:59","modified_gmt":"2026-08-05T10:11:59","slug":"cercetatoarea-madalina-ungureanu-iuga-de-la-universitatea-suceveana-mentiune-la-o-competitie-dedicata-excelentei-in-cercetare-si-inovare-in-domeniile-stiintei-si-ingineriei","status":"publish","type":"post","link":"https:\/\/analyse.optim.biz\/?p=2079358","title":{"rendered":"Cercet\u0103toarea M\u0103d\u0103lina Ungureanu-Iuga, de la universitatea sucevean\u0103, men\u021biune la o competi\u021bie dedicat\u0103 excelen\u021bei \u00een cercetare \u0219i inovare \u00een domeniile \u0219tiin\u021bei \u0219i ingineriei"},"content":{"rendered":"<p>[analyse_image type=&#8221;featured&#8221; src=&#8221;https:\/\/www.radiotop.ro\/img\/media\/2026\/08\/madalina-ungureanu-iuga.jpg&#8221;]<\/p>\n<div class=\"entry-content no-share\">\n<div class=\"content-inner \">\n<div class=\"jeg_preview_slider gallery_1\" data-selector=\"gallery_1\">\n<div class=\"jeg_preview_holder\">\n<div class=\"jeg_preview_media\">\n<div class=\"jeg_preview_media_holder\">\n<h3>\u00a0<\/h3>\n<div class=\"jeg_preview_control\">\n<div class=\"left_control\">\n<div class=\"counter\"><span class=\"current\">1<\/span> of  1<\/div>\n<\/div>\n<div class=\"zoom\"><span class=\"reduce\">&#8211;<\/span><span class=\"increase\">+<\/span><\/div>\n<\/div>\n<\/div>\n<\/div>\n<div class=\"jeg_preview_bottom_slider\"><a data-id=\"0\" data-title data-image=\"https:\/\/www.radiotop.ro\/img\/media\/2026\/08\/madalina-ungureanu-iuga-boc.jpg\" href=\"https:\/\/www.radiotop.ro\/img\/media\/2026\/08\/madalina-ungureanu-iuga-boc.jpg\" class=\"jeg_preview_item active\"><\/p>\n<div class=\"jeg_preview_item_thumbnail\"><img loading=\"lazy\" decoding=\"async\" width=\"120\" height=\"86\" src=\"https:\/\/www.radiotop.ro\/img\/media\/2026\/08\/madalina-ungureanu-iuga-boc-120x86.jpg\" class=\"attachment-jnews-120x86 size-jnews-120x86\" alt><\/div>\n<p><\/a><\/div>\n<\/div>\n<\/div>\n<p>Cercet\u0103toarea M\u0103d\u0103lina Ungureanu-Iuga, din cadrul Universit\u0103\u021bii \u201e\u0218tefan cel Mare\u201d din Suceava, a fost distins\u0103 cu men\u021biune \u00een cadrul celei de-a XII-a edi\u021bii a Premiilor \u201eRada Mihalcea pentru Tineri Cercet\u0103tori \u00een \u0218tiin\u021b\u0103 \u0219i Inginerie\u201d. Cercet\u0103toarea este membr\u0103 \u00een echipa Centrului de Economie Montan\u0103 \u2013 CE-MONT al Institutului Na\u021bional de Cercet\u0103ri Economice \u201eCostin C. Kiri\u021bescu\u201d al Academiei Rom\u00e2ne. Competi\u021bia a fost organizat\u0103 de Prim\u0103ria Municipiului Cluj-Napoca, sub coordonarea \u0219tiin\u021bific\u0103 a prof. dr. Rada Mihalcea, membru al prestigioasei American Academy of Arts and Sciences, una dintre cele mai cunoscute organiza\u021bii academice din Statele Unite ale Americii.<\/p>\n<p>Conform USV, competi\u021bia dedicat\u0103 cercet\u0103torilor cu v\u00eersta de p\u00een\u0103 la 35 de ani premiaz\u0103 anual excelen\u021ba \u00een cercetare \u0219i inovare \u00een domeniile \u0219tiin\u021bei \u0219i ingineriei, reunind tineri cercet\u0103tori din universit\u0103\u021bi \u0219i institute de cercetare din \u00eentreaga \u021bar\u0103. Edi\u021bia 2026 a \u00eenregistrat aproximativ 90 de aplica\u021bii, cel mai mare num\u0103r de la lansarea competi\u021biei, \u00een anul 2015, fapt ce reflect\u0103 interesul cresc\u00e2nd pentru aceast\u0103 ini\u021biativ\u0103.<\/p>\n<p>La finalul procesului de jurizare, cercet\u0103toarea sucevean\u0103 a o ob\u021binut o men\u021biune special\u0103, iar organizatorii au eviden\u021biat rezultatele ei remarcabile, concretizate \u00een numeroase articole \u0219tiin\u021bifice, \u0219ase brevete de inven\u021bie \u0219i participarea la peste 100 de manifest\u0103ri \u0219tiin\u021bifice \u0219i saloane de inventic\u0103 na\u021bionale \u0219i interna\u021bionale.<\/p>\n<\/div>\n<\/div>\n<div class=\"content-inner \">\n<div class=\"jeg_preview_slider gallery_1\" data-selector=\"gallery_1\">\n<div class=\"jeg_preview_holder\">\n<div class=\"jeg_preview_media\">\n<div class=\"jeg_preview_media_holder\">\n<h3>\u00a0<\/h3>\n<div class=\"jeg_preview_control\">\n<div class=\"left_control\">\n<div class=\"counter\"><span class=\"current\">1<\/span> of  1<\/div>\n<\/div>\n<div class=\"zoom\"><span class=\"reduce\">&#8211;<\/span><span class=\"increase\">+<\/span><\/div>\n<\/div>\n<\/div>\n<\/div>\n<div class=\"jeg_preview_bottom_slider\"><a data-id=\"0\" data-title data-image=\"https:\/\/www.radiotop.ro\/img\/media\/2026\/08\/madalina-ungureanu-iuga-boc.jpg\" href=\"https:\/\/www.radiotop.ro\/img\/media\/2026\/08\/madalina-ungureanu-iuga-boc.jpg\" class=\"jeg_preview_item active\"><\/p>\n<div class=\"jeg_preview_item_thumbnail\"><img loading=\"lazy\" decoding=\"async\" width=\"120\" height=\"86\" src=\"https:\/\/www.radiotop.ro\/img\/media\/2026\/08\/madalina-ungureanu-iuga-boc-120x86.jpg\" class=\"attachment-jnews-120x86 size-jnews-120x86\" alt><\/div>\n<p><\/a><\/div>\n<\/div>\n<\/div>\n<p>Cercet\u0103toarea M\u0103d\u0103lina Ungureanu-Iuga, din cadrul Universit\u0103\u021bii \u201e\u0218tefan cel Mare\u201d din Suceava, a fost distins\u0103 cu men\u021biune \u00een cadrul celei de-a XII-a edi\u021bii a Premiilor \u201eRada Mihalcea pentru Tineri Cercet\u0103tori \u00een \u0218tiin\u021b\u0103 \u0219i Inginerie\u201d. Cercet\u0103toarea este membr\u0103 \u00een echipa Centrului de Economie Montan\u0103 \u2013 CE-MONT al Institutului Na\u021bional de Cercet\u0103ri Economice \u201eCostin C. Kiri\u021bescu\u201d al Academiei Rom\u00e2ne. Competi\u021bia a fost organizat\u0103 de Prim\u0103ria Municipiului Cluj-Napoca, sub coordonarea \u0219tiin\u021bific\u0103 a prof. dr. Rada Mihalcea, membru al prestigioasei American Academy of Arts and Sciences, una dintre cele mai cunoscute organiza\u021bii academice din Statele Unite ale Americii.<\/p>\n<p>Conform USV, competi\u021bia dedicat\u0103 cercet\u0103torilor cu v\u00eersta de p\u00een\u0103 la 35 de ani premiaz\u0103 anual excelen\u021ba \u00een cercetare \u0219i inovare \u00een domeniile \u0219tiin\u021bei \u0219i ingineriei, reunind tineri cercet\u0103tori din universit\u0103\u021bi \u0219i institute de cercetare din \u00eentreaga \u021bar\u0103. Edi\u021bia 2026 a \u00eenregistrat aproximativ 90 de aplica\u021bii, cel mai mare num\u0103r de la lansarea competi\u021biei, \u00een anul 2015, fapt ce reflect\u0103 interesul cresc\u00e2nd pentru aceast\u0103 ini\u021biativ\u0103.<\/p>\n<p>La finalul procesului de jurizare, cercet\u0103toarea sucevean\u0103 a o ob\u021binut o men\u021biune special\u0103, iar organizatorii au eviden\u021biat rezultatele ei remarcabile, concretizate \u00een numeroase articole \u0219tiin\u021bifice, \u0219ase brevete de inven\u021bie \u0219i participarea la peste 100 de manifest\u0103ri \u0219tiin\u021bifice \u0219i saloane de inventic\u0103 na\u021bionale \u0219i interna\u021bionale.<\/p>\n<\/div>\n<p>[analyse_source url=&#8221;https:\/\/www.radiotop.ro\/educatie\/cercetatoarea-madalina-ungureanu-iuga-de-la-universitatea-suceveana-mentiune-la-o-competitie-dedicata-excelentei-in-cercetare-si-inovare-in-domeniile-stiintei-si-ingineriei.html&#8221;]<\/p>\n","protected":false},"excerpt":{"rendered":"<p>[analyse_image type=&#8221;featured&#8221; src=&#8221;https:\/\/www.radiotop.ro\/img\/media\/2026\/08\/madalina-ungureanu-iuga.jpg&#8221;] \u00a0 1 of 1 &#8211;+ Cercet\u0103toarea M\u0103d\u0103lina Ungureanu-Iuga, din cadrul Universit\u0103\u021bii \u201e\u0218tefan cel Mare\u201d din Suceava, a fost distins\u0103 cu men\u021biune \u00een cadrul celei de-a XII-a edi\u021bii a Premiilor \u201eRada Mihalcea pentru Tineri Cercet\u0103tori \u00een \u0218tiin\u021b\u0103 \u0219i Inginerie\u201d. Cercet\u0103toarea este membr\u0103 \u00een echipa Centrului de Economie Montan\u0103 \u2013 CE-MONT al Institutului Na\u021bional [&hellip;]<\/p>\n","protected":false},"author":1,"featured_media":0,"comment_status":"open","ping_status":"","sticky":false,"template":"","format":"standard","meta":{"footnotes":""},"categories":[89],"tags":[226,163],"class_list":["post-2079358","post","type-post","status-publish","format-standard","hentry","category-romania","tag-crawlmanager","tag-radiotop-ro"],"_links":{"self":[{"href":"https:\/\/analyse.optim.biz\/index.php?rest_route=\/wp\/v2\/posts\/2079358","targetHints":{"allow":["GET"]}}],"collection":[{"href":"https:\/\/analyse.optim.biz\/index.php?rest_route=\/wp\/v2\/posts"}],"about":[{"href":"https:\/\/analyse.optim.biz\/index.php?rest_route=\/wp\/v2\/types\/post"}],"author":[{"embeddable":true,"href":"https:\/\/analyse.optim.biz\/index.php?rest_route=\/wp\/v2\/users\/1"}],"replies":[{"embeddable":true,"href":"https:\/\/analyse.optim.biz\/index.php?rest_route=%2Fwp%2Fv2%2Fcomments&post=2079358"}],"version-history":[{"count":0,"href":"https:\/\/analyse.optim.biz\/index.php?rest_route=\/wp\/v2\/posts\/2079358\/revisions"}],"wp:attachment":[{"href":"https:\/\/analyse.optim.biz\/index.php?rest_route=%2Fwp%2Fv2%2Fmedia&parent=2079358"}],"wp:term":[{"taxonomy":"category","embeddable":true,"href":"https:\/\/analyse.optim.biz\/index.php?rest_route=%2Fwp%2Fv2%2Fcategories&post=2079358"},{"taxonomy":"post_tag","embeddable":true,"href":"https:\/\/analyse.optim.biz\/index.php?rest_route=%2Fwp%2Fv2%2Ftags&post=2079358"}],"curies":[{"name":"wp","href":"https:\/\/api.w.org\/{rel}","templated":true}]}}