{"id":2079320,"date":"2026-08-05T19:30:04","date_gmt":"2026-08-05T16:30:04","guid":{"rendered":"https:\/\/analyse.optim.biz\/?p=2079320"},"modified":"2026-08-05T19:30:04","modified_gmt":"2026-08-05T16:30:04","slug":"vesti-bune-din-rezervatiile-naturale-ale-buzaului-lacurile-de-la-boldu-si-balta-alba-si-au-refacut-o-buna-parte-din-luciul-de-apa","status":"publish","type":"post","link":"https:\/\/analyse.optim.biz\/?p=2079320","title":{"rendered":"Ve\u0219ti bune din rezerva\u021biile naturale ale Buz\u0103ului. Lacurile de la Boldu \u0219i Balta Alb\u0103 \u0219i-au ref\u0103cut o bun\u0103 parte din luciul de ap\u0103"},"content":{"rendered":"<p>[analyse_image type=&#8221;featured&#8221; src=&#8221;https:\/\/gazetabuzoiana.ro\/wp-content\/uploads\/2026\/08\/boldu.jpg&#8221;]<\/p>\n<div class=\"entry-content entry clearfix\">\n<p class=\"wp-block-paragraph\">\u00centr-o perioad\u0103 \u00een care seceta continu\u0103 s\u0103 creeze probleme \u00een numeroase zone, din rezerva\u021biile naturale ale jude\u021bului Buz\u0103u vin \u0219i ve\u0219ti bune. Lacurile de la Boldu \u0219i Balta Alb\u0103 \u0219i-au ref\u0103cut o parte important\u0103 din luciul de ap\u0103, dup\u0103 precipita\u021biile \u00eenregistrate \u00een acest an, \u00een special \u00een primele luni.<\/p>\n<p class=\"wp-block-paragraph\">Situa\u021bia a fost constatat\u0103 de speciali\u0219tii Direc\u021biei de Mediu Buz\u0103u, \u00een urma verific\u0103rilor efectuate \u00een teren. Pe l\u00e2ng\u0103 cre\u0219terea nivelului apei, ace\u0219tia au remarcat starea bun\u0103 a vegeta\u021biei \u0219i prezen\u021ba mai multor specii de p\u0103s\u0103ri.<\/p>\n<p class=\"wp-block-paragraph\">\u00cen Rezerva\u021bia Balta Amara, apa acoper\u0103 \u00een prezent aproximativ 60% din suprafa\u021b\u0103, iar vegeta\u021bia se afl\u0103 \u00eentr-o stare foarte bun\u0103.<\/p>\n<p class=\"wp-block-paragraph\">O evolu\u021bie asem\u0103n\u0103toare a fost observat\u0103 \u0219i la Balta Alb\u0103. Aproximativ jum\u0103tate din suprafa\u021ba rezerva\u021biei este acoperit\u0103 acum de ap\u0103, iar vegeta\u021bia s-a ref\u0103cut considerabil.<\/p>\n<p class=\"wp-block-paragraph\">Cea mai bun\u0103 situa\u021bie se \u00eenregistreaz\u0103 \u00eens\u0103 la Balta Boldu. Aici, luciul de ap\u0103 a ajuns s\u0103 acopere aproximativ 70% din suprafa\u021b\u0103. Odat\u0103 cu revenirea apei, zona a redevenit atractiv\u0103 \u0219i pentru p\u0103s\u0103ri, fiind observate numeroase specii.<\/p>\n<p class=\"wp-block-paragraph\">Refacerea celor trei zone este pus\u0103 \u00een principal pe seama precipita\u021biilor c\u0103zute \u00een cursul acestui an, mai ales a celor de la \u00eenceputul anului, care au contribuit la alimentarea lacurilor.<\/p>\n<p class=\"wp-block-paragraph\">Evolu\u021bia este cu at\u00e2t mai important\u0103 cu c\u00e2t aceste \u00eentinderi de ap\u0103 fac parte din zone naturale protejate, iar men\u021binerea luciului de ap\u0103 este esen\u021bial\u0103 pentru vegeta\u021bie \u0219i pentru speciile de p\u0103s\u0103ri care folosesc aceste habitate.<\/p>\n<figure class=\"wp-block-image size-large\"><img loading=\"lazy\" decoding=\"async\" width=\"1024\" height=\"683\" src=\"https:\/\/gazetabuzoiana.ro\/wp-content\/uploads\/2026\/08\/foto-1024x683.png\" alt class=\"wp-image-21951\"><\/figure>\n<div class=\"post-bottom-meta post-bottom-tags post-tags-modern\">\n<div class=\"post-bottom-meta-title\"> Etichete<\/div>\n<p><span class=\"tagcloud\"><a href=\"https:\/\/gazetabuzoiana.ro\/tag\/arii-protejate\/\" rel=\"tag\">arii protejate<\/a><a href=\"https:\/\/gazetabuzoiana.ro\/tag\/balta-alba-2\/\" rel=\"tag\">Balta Alb\u0103<\/a><a href=\"https:\/\/gazetabuzoiana.ro\/tag\/balta-amara\/\" rel=\"tag\">Balta Amara<\/a><a href=\"https:\/\/gazetabuzoiana.ro\/tag\/balta-boldu\/\" rel=\"tag\">Balta Boldu<\/a><a href=\"https:\/\/gazetabuzoiana.ro\/tag\/buzau-2\/\" rel=\"tag\">Buz\u0103u<\/a><a href=\"https:\/\/gazetabuzoiana.ro\/tag\/lacuri-buzau\/\" rel=\"tag\">lacuri Buz\u0103u<\/a><a href=\"https:\/\/gazetabuzoiana.ro\/tag\/luciu-de-apa\/\" rel=\"tag\">luciu de ap\u0103<\/a><a href=\"https:\/\/gazetabuzoiana.ro\/tag\/mediu\/\" rel=\"tag\">mediu<\/a><a href=\"https:\/\/gazetabuzoiana.ro\/tag\/precipitatii-2\/\" rel=\"tag\">precipita\u021bii<\/a><a href=\"https:\/\/gazetabuzoiana.ro\/tag\/rezervatii-naturale\/\" rel=\"tag\">rezerva\u021bii naturale<\/a><a href=\"https:\/\/gazetabuzoiana.ro\/tag\/seceta\/\" rel=\"tag\">secet\u0103<\/a><\/span><\/div>\n<\/div>\n<p>[analyse_source url=&#8221;https:\/\/gazetabuzoiana.ro\/2026\/08\/05\/vesti-bune-din-rezervatiile-naturale-ale-buzaului-lacurile-de-la-boldu-si-balta-alba-si-au-refacut-o-buna-parte-din-luciul-de-apa\/&#8221;]<\/p>\n","protected":false},"excerpt":{"rendered":"<p>[analyse_image type=&#8221;featured&#8221; src=&#8221;https:\/\/gazetabuzoiana.ro\/wp-content\/uploads\/2026\/08\/boldu.jpg&#8221;] \u00centr-o perioad\u0103 \u00een care seceta continu\u0103 s\u0103 creeze probleme \u00een numeroase zone, din rezerva\u021biile naturale ale jude\u021bului Buz\u0103u vin \u0219i ve\u0219ti bune. Lacurile de la Boldu \u0219i Balta Alb\u0103 \u0219i-au ref\u0103cut o parte important\u0103 din luciul de ap\u0103, dup\u0103 precipita\u021biile \u00eenregistrate \u00een acest an, \u00een special \u00een primele luni. Situa\u021bia a fost [&hellip;]<\/p>\n","protected":false},"author":1,"featured_media":0,"comment_status":"open","ping_status":"","sticky":false,"template":"","format":"standard","meta":{"footnotes":""},"categories":[2],"tags":[226,38],"class_list":["post-2079320","post","type-post","status-publish","format-standard","hentry","category-politics","tag-crawlmanager","tag-gazetabuzoiana-ro"],"_links":{"self":[{"href":"https:\/\/analyse.optim.biz\/index.php?rest_route=\/wp\/v2\/posts\/2079320","targetHints":{"allow":["GET"]}}],"collection":[{"href":"https:\/\/analyse.optim.biz\/index.php?rest_route=\/wp\/v2\/posts"}],"about":[{"href":"https:\/\/analyse.optim.biz\/index.php?rest_route=\/wp\/v2\/types\/post"}],"author":[{"embeddable":true,"href":"https:\/\/analyse.optim.biz\/index.php?rest_route=\/wp\/v2\/users\/1"}],"replies":[{"embeddable":true,"href":"https:\/\/analyse.optim.biz\/index.php?rest_route=%2Fwp%2Fv2%2Fcomments&post=2079320"}],"version-history":[{"count":0,"href":"https:\/\/analyse.optim.biz\/index.php?rest_route=\/wp\/v2\/posts\/2079320\/revisions"}],"wp:attachment":[{"href":"https:\/\/analyse.optim.biz\/index.php?rest_route=%2Fwp%2Fv2%2Fmedia&parent=2079320"}],"wp:term":[{"taxonomy":"category","embeddable":true,"href":"https:\/\/analyse.optim.biz\/index.php?rest_route=%2Fwp%2Fv2%2Fcategories&post=2079320"},{"taxonomy":"post_tag","embeddable":true,"href":"https:\/\/analyse.optim.biz\/index.php?rest_route=%2Fwp%2Fv2%2Ftags&post=2079320"}],"curies":[{"name":"wp","href":"https:\/\/api.w.org\/{rel}","templated":true}]}}