{"id":2079316,"date":"2026-08-04T21:32:02","date_gmt":"2026-08-04T18:32:02","guid":{"rendered":"https:\/\/analyse.optim.biz\/?p=2079316"},"modified":"2026-08-04T21:32:02","modified_gmt":"2026-08-04T18:32:02","slug":"numai-distractie-nu-este-asta-marea-balaceala-pe-ruinele-performantei-sportive-de-la-gloria","status":"publish","type":"post","link":"https:\/\/analyse.optim.biz\/?p=2079316","title":{"rendered":"Numai distrac\u021bie nu este asta! \u201eMarea B\u0103l\u0103ceal\u0103\u201d pe ruinele performan\u021bei sportive de la Gloria"},"content":{"rendered":"<p>[analyse_image type=&#8221;featured&#8221; src=&#8221;https:\/\/gazetabuzoiana.ro\/wp-content\/uploads\/2026\/08\/modificata.png&#8221;]<\/p>\n<div class=\"entry-content entry clearfix\">\n<p class=\"wp-block-paragraph\">SCM Gloria Buz\u0103u \u00eei invit\u0103 pe buzoieni, pe 15 august, la \u201eMarea B\u0103l\u0103ceal\u0103\u201d, un eveniment organizat chiar pe Stadionul Gloria. Ap\u0103, muzic\u0103, distrac\u021bie \u0219i, dup\u0103 cum sugereaz\u0103 chiar organizatorii, participan\u021bi doritori s\u0103 se ude din cap p\u00e2n\u0103-n picioare.<\/p>\n<p class=\"wp-block-paragraph\">\u00cen sine, o asemenea manifestare nu reprezint\u0103 vreo tragedie. Un ora\u0219 poate avea \u0219i evenimente recreative, iar oamenii au tot dreptul s\u0103 se distreze.<\/p>\n<p class=\"wp-block-paragraph\">Problema apare atunci c\u00e2nd privim cine organizeaz\u0103 evenimentul \u0219i, mai ales, unde.<\/p>\n<p class=\"wp-block-paragraph\">Vorbim despre SCM Gloria Buz\u0103u, clubul sportiv al municipalit\u0103\u021bii, \u0219i despre Stadionul Gloria, locul care pentru genera\u021bii de buzoieni a \u00eensemnat, \u00eenainte de orice, fotbal.<\/p>\n<p class=\"wp-block-paragraph\">\u00cen 2021, SCM Gloria Buz\u0103u a cesionat echipa de seniori \u0219i grupele de juniori U15, U17 \u0219i U19 c\u0103tre AS FC Buz\u0103u. Cinci ani mai t\u00e2rziu, echipa care a continuat fotbalul buzoian sub numele Gloria nu mai exist\u0103.<\/p>\n<p class=\"wp-block-paragraph\">\u00centre timp, nici handbalul nu ofer\u0103 o imagine mai fericit\u0103. \u00cen ianuarie 2025, SCM Gloria Buz\u0103u a anun\u021bat retragerea din competi\u021bii a echipelor de handbal feminin, seniori \u0219i tineret.<\/p>\n<p class=\"wp-block-paragraph\">\u00cen schimb, \u00een august 2026, pe Stadionul Gloria avem \u201eMarea B\u0103l\u0103ceal\u0103\u201d.<\/p>\n<p class=\"wp-block-paragraph\">Poate c\u0103 organizatorii consider\u0103 c\u0103 aceasta este modalitatea prin care stadionul trebuie readus \u00een aten\u021bia comunit\u0103\u021bii. Poate c\u0103 vor veni sute sau mii de oameni \u0219i se vor distra foarte bine. Nu contest\u0103m dreptul nim\u0103nui la distrac\u021bie.<\/p>\n<p class=\"wp-block-paragraph\">Dar de la un club sportiv municipal am avea preten\u021bia, \u00eenainte de toate, la sport.<\/p>\n<p class=\"wp-block-paragraph\">La copii \u00eendruma\u021bi c\u0103tre performan\u021b\u0103. La sec\u021bii puternice. La competi\u021bii. La tribune \u00een care buzoienii s\u0103 vin\u0103 s\u0103 sus\u021bin\u0103 sportivi. La proiecte care s\u0103 lase ceva \u00een urm\u0103.<\/p>\n<p class=\"wp-block-paragraph\">Nu la bifarea unei activit\u0103\u021bi \u00eentr-un calendar.<\/p>\n<p class=\"wp-block-paragraph\">\u00cen 2026, SCM Gloria Buz\u0103u are de demonstrat prin rezultate concrete c\u0103 existen\u021ba \u0219i cheltuielile acestei structuri se mai justific\u0103.<\/p>\n<p class=\"wp-block-paragraph\">Mai ales c\u0103 SCM Gloria nu este o asocia\u021bie privat\u0103 care \u00ee\u0219i desf\u0103\u0219oar\u0103 activitatea exclusiv din propriile resurse. Este o structur\u0103 aflat\u0103 \u00een subordinea autorit\u0103\u021bii locale, iar activitatea ei trebuie privit\u0103 \u0219i prin prisma banului public.<\/p>\n<p class=\"wp-block-paragraph\">De aceea ar fi interesant s\u0103 afl\u0103m c\u00e2t cost\u0103 \u201eMarea B\u0103l\u0103ceal\u0103\u201d, cine suport\u0103 cheltuielile, ce contracte au fost \u00eencheiate, cu cine \u0219i pentru ce servicii.<\/p>\n<p class=\"wp-block-paragraph\">\u0218i, dac\u0103 tot sunt invita\u021bi buzoienii \u00een costume de baie pe Stadionul Gloria, mai r\u0103m\u00e2ne o curiozitate\u2026 <\/p>\n<h1 class=\"wp-block-heading\">Primarul Constantin Toma va participa oare? <\/h1>\n<p class=\"wp-block-paragraph\">Nu de alta, dar dac\u0103 municipalitatea consider\u0103 c\u0103 \u201eMarea B\u0103l\u0103ceal\u0103\u201d este un eveniment suficient de important pentru a fi organizat pe stadionul emblematic al ora\u0219ului, ar fi frumos ca edilul s\u0103 fie al\u0103turi de buzoieni.<\/p>\n<p class=\"wp-block-paragraph\">Eventual, echipat corespunz\u0103tor, adic\u0103 \u00een costum de baie.<\/p>\n<p class=\"wp-block-paragraph\">Dincolo de ironie, \u00eens\u0103, situa\u021bia spune ceva despre priorit\u0103\u021bi.<\/p>\n<p class=\"wp-block-paragraph\">Un stadion construit pentru sport poate g\u0103zdui, evident, \u0219i alte manifest\u0103ri. Dar atunci c\u00e2nd fotbalul Gloria a disp\u0103rut, handbalul a fost retras din competi\u021bie, iar clubul municipal ajunge s\u0103-\u0219i promoveze drept eveniment al verii o \u201eMare B\u0103l\u0103ceal\u0103\u201d, administra\u021bia local\u0103 ar trebui s\u0103 \u00een\u021beleag\u0103 c\u0103 exist\u0103 buzoieni pentru care imaginea nu este deloc amuzant\u0103.<\/p>\n<p class=\"wp-block-paragraph\">Gloria umplea c\u00e2ndva stadionul cu suporteri veni\u021bi la fotbal. \u00cen 2026, SCM \u00eencearc\u0103 s\u0103-l umple cu buzoieni veni\u021bi la \u201eMarea B\u0103l\u0103ceal\u0103\u201d. Fiecare poate decide singur dac\u0103 aceasta este evolu\u021bie sau doar imaginea unui e\u0219ec administrativ.<\/p>\n<h2 class=\"wp-block-heading\">Olimpicii la Dr\u0103gaica, buzoienii \u00een costume de baie pe Stadionul Gloria<\/h2>\n<p class=\"wp-block-paragraph\">\u00cen ecua\u021bia \u201eMarii B\u0103l\u0103celi\u201d apare \u0219i viceprimarul Oana Gheorghiu, prezentat\u0103 drept unul dintre ini\u021biatorii proiectului, al\u0103turi de SCM Gloria Buz\u0103u.<\/p>\n<p class=\"wp-block-paragraph\">\u0218i nu este prima alegere a viceprimarului care ne surprinde prin modul \u00een care administra\u021bia \u00een\u021belege s\u0103 pun\u0103 \u00een valoare un eveniment sau un loc. \u00cen luna iunie, c\u00e2nd Buz\u0103ul g\u0103zduia Olimpiada Balcanic\u0103 de Matematic\u0103 pentru Juniori, o competi\u021bie interna\u021bional\u0103 dedicat\u0103 unor copii excep\u021bionali, programul preg\u0103tit pentru participan\u021bi a inclus \u0219i o sear\u0103 la Dr\u0103gaica. Oana Gheorghiu \u00eens\u0103\u0219i anun\u021ba atunci c\u0103, dup\u0103 cele patru ore ale probei scrise, tinerii matematicieni urmau s\u0103 se relaxeze \u00een t\u00e2rg.<\/p>\n<p class=\"wp-block-paragraph\">Acum, o nou\u0103 ini\u021biativ\u0103 poart\u0103 amprenta viceprimarului: \u201eMarea B\u0103l\u0103ceal\u0103\u201d, pe Stadionul Gloria.<\/p>\n<p class=\"wp-block-paragraph\">Pare s\u0103 se contureze astfel un adev\u0103rat tipar de ini\u021biative marca Oana Gheorghiu. Ba cu olimpicii interna\u021bionali, la Dr\u0103gaica<strong>,<\/strong> ba, acum, cu buzoienii \u00een costume de baie pe Stadionul Gloria.<\/p>\n<p class=\"wp-block-paragraph\">Desigur, fiecare dintre aceste ac\u021biuni poate fi prezentat\u0103 separat drept divertisment, relaxare sau apropiere de comunitate. Privite \u00eempreun\u0103 \u00eens\u0103, ele spun ceva despre felul \u00een care viceprimarul \u00een\u021belege evenimentele pe care le promoveaz\u0103. <\/p>\n<p class=\"wp-block-paragraph\">Numai c\u0103 e nevoie \u0219i de pu\u021bin\u0103 viziune ca s\u0103 \u00een\u021belegi c\u0103 Buz\u0103ul are nevoie de sport, de performan\u021b\u0103 \u0219i de proiecte care s\u0103 conteze, nu de ac\u021biuni inventate doar pentru a mai bifa ceva \u00een calendar. Iar \u201eMarea B\u0103l\u0103ceal\u0103\u201d exact asta pare: \u00eenc\u0103 o ac\u021biune ca s\u0103 nu se spun\u0103 c\u0103 nu se face nimic.<\/p>\n<div class=\"post-bottom-meta post-bottom-tags post-tags-modern\">\n<div class=\"post-bottom-meta-title\"> Etichete<\/div>\n<p><span class=\"tagcloud\"><a href=\"https:\/\/gazetabuzoiana.ro\/tag\/administratie-locala\/\" rel=\"tag\">administra\u021bie local\u0103<\/a><a href=\"https:\/\/gazetabuzoiana.ro\/tag\/afc-buzau\/\" rel=\"tag\">AFC Buz\u0103u<\/a><a href=\"https:\/\/gazetabuzoiana.ro\/tag\/buzau-2\/\" rel=\"tag\">Buz\u0103u<\/a><a href=\"https:\/\/gazetabuzoiana.ro\/tag\/constantin-toma\/\" rel=\"tag\">constantin toma<\/a><a href=\"https:\/\/gazetabuzoiana.ro\/tag\/evenimente-buzau\/\" rel=\"tag\">evenimente Buz\u0103u<\/a><a href=\"https:\/\/gazetabuzoiana.ro\/tag\/fotbal-buzau\/\" rel=\"tag\">fotbal Buz\u0103u<\/a><a href=\"https:\/\/gazetabuzoiana.ro\/tag\/gloria-buzau-2\/\" rel=\"tag\">Gloria Buz\u0103u<\/a><a href=\"https:\/\/gazetabuzoiana.ro\/tag\/handbal-buzau\/\" rel=\"tag\">handbal Buz\u0103u<\/a><a href=\"https:\/\/gazetabuzoiana.ro\/tag\/marea-balaceala\/\" rel=\"tag\">Marea B\u0103l\u0103ceal\u0103<\/a><a href=\"https:\/\/gazetabuzoiana.ro\/tag\/oana-gheorghiu\/\" rel=\"tag\">oana gheorghiu<\/a><a href=\"https:\/\/gazetabuzoiana.ro\/tag\/primaria-buzau\/\" rel=\"tag\">Prim\u0103ria Buz\u0103u<\/a><a href=\"https:\/\/gazetabuzoiana.ro\/tag\/scm-gloria-buzau\/\" rel=\"tag\">SCM Gloria Buz\u0103u<\/a><a href=\"https:\/\/gazetabuzoiana.ro\/tag\/sport-buzau\/\" rel=\"tag\">sport Buz\u0103u<\/a><a href=\"https:\/\/gazetabuzoiana.ro\/tag\/stadionul-gloria\/\" rel=\"tag\">stadionul gloria<\/a><\/span><\/div>\n<\/div>\n<p>[analyse_source url=&#8221;https:\/\/gazetabuzoiana.ro\/2026\/08\/05\/numai-distractie-nu-este-este-asta-marea-balaceala-pe-ruinele-performantei-sportive-de-la-gloria\/&#8221;]<\/p>\n","protected":false},"excerpt":{"rendered":"<p>[analyse_image type=&#8221;featured&#8221; src=&#8221;https:\/\/gazetabuzoiana.ro\/wp-content\/uploads\/2026\/08\/modificata.png&#8221;] SCM Gloria Buz\u0103u \u00eei invit\u0103 pe buzoieni, pe 15 august, la \u201eMarea B\u0103l\u0103ceal\u0103\u201d, un eveniment organizat chiar pe Stadionul Gloria. Ap\u0103, muzic\u0103, distrac\u021bie \u0219i, dup\u0103 cum sugereaz\u0103 chiar organizatorii, participan\u021bi doritori s\u0103 se ude din cap p\u00e2n\u0103-n picioare. \u00cen sine, o asemenea manifestare nu reprezint\u0103 vreo tragedie. Un ora\u0219 poate avea \u0219i [&hellip;]<\/p>\n","protected":false},"author":1,"featured_media":0,"comment_status":"open","ping_status":"","sticky":false,"template":"","format":"standard","meta":{"footnotes":""},"categories":[2],"tags":[226,38],"class_list":["post-2079316","post","type-post","status-publish","format-standard","hentry","category-politics","tag-crawlmanager","tag-gazetabuzoiana-ro"],"_links":{"self":[{"href":"https:\/\/analyse.optim.biz\/index.php?rest_route=\/wp\/v2\/posts\/2079316","targetHints":{"allow":["GET"]}}],"collection":[{"href":"https:\/\/analyse.optim.biz\/index.php?rest_route=\/wp\/v2\/posts"}],"about":[{"href":"https:\/\/analyse.optim.biz\/index.php?rest_route=\/wp\/v2\/types\/post"}],"author":[{"embeddable":true,"href":"https:\/\/analyse.optim.biz\/index.php?rest_route=\/wp\/v2\/users\/1"}],"replies":[{"embeddable":true,"href":"https:\/\/analyse.optim.biz\/index.php?rest_route=%2Fwp%2Fv2%2Fcomments&post=2079316"}],"version-history":[{"count":0,"href":"https:\/\/analyse.optim.biz\/index.php?rest_route=\/wp\/v2\/posts\/2079316\/revisions"}],"wp:attachment":[{"href":"https:\/\/analyse.optim.biz\/index.php?rest_route=%2Fwp%2Fv2%2Fmedia&parent=2079316"}],"wp:term":[{"taxonomy":"category","embeddable":true,"href":"https:\/\/analyse.optim.biz\/index.php?rest_route=%2Fwp%2Fv2%2Fcategories&post=2079316"},{"taxonomy":"post_tag","embeddable":true,"href":"https:\/\/analyse.optim.biz\/index.php?rest_route=%2Fwp%2Fv2%2Ftags&post=2079316"}],"curies":[{"name":"wp","href":"https:\/\/api.w.org\/{rel}","templated":true}]}}