{"id":2079313,"date":"2026-08-04T20:59:54","date_gmt":"2026-08-04T17:59:54","guid":{"rendered":"https:\/\/analyse.optim.biz\/?p=2079313"},"modified":"2026-08-04T20:59:54","modified_gmt":"2026-08-04T17:59:54","slug":"tragedia-de-la-merei-a-mai-luat-o-viata-daniel-avea-doar-33-de-ani-mama-lui-a-facut-anuntul-sfasietor","status":"publish","type":"post","link":"https:\/\/analyse.optim.biz\/?p=2079313","title":{"rendered":"Tragedia de la Merei a mai luat o via\u021b\u0103. Daniel avea doar 33 de ani. Mama lui a f\u0103cut anun\u021bul sf\u00e2\u0219ietor"},"content":{"rendered":"<p>[analyse_image type=&#8221;featured&#8221; src=&#8221;https:\/\/gazetabuzoiana.ro\/wp-content\/uploads\/2026\/08\/poza-articol.png&#8221;]<\/p>\n<div class=\"entry-content entry clearfix\">\n<p class=\"wp-block-paragraph\">Bilan\u021bul cumplitului accident produs s\u00e2mb\u0103t\u0103 pe DJ 203G, \u00eentre S\u0103rata-Monteoru \u0219i Merei, a ajuns la trei persoane decedate. Daniel Dinea\u021b\u0103, t\u00e2n\u0103rul de 33 de ani care fusese grav r\u0103nit \u00een urma impactului, s-a stins din via\u021b\u0103 la spital.<\/p>\n<p class=\"wp-block-paragraph\">Vestea a fost f\u0103cut\u0103 public\u0103 mar\u021bi de mama t\u00e2n\u0103rului,<strong> Stelu\u021ba Dinea\u021b\u0103<\/strong>, printr-un mesaj postat pe Facebook. P\u0103rin\u021bii \u00ee\u0219i anun\u021b\u0103 astfel apropia\u021bii c\u0103 unicul lor fiu a pierdut lupta pentru via\u021b\u0103:<\/p>\n<p class=\"wp-block-paragraph\"><strong>\u201eCu durere \u00een suflet noi p\u0103rin\u021bii lui DANIEL v\u0103 anun\u021b\u0103m c\u0103 unicul nostru fiu a plecat la \u00eengeri. Drum lin spre cer \u00eengera\u0219ul nostru!\u201d<\/strong><\/p>\n<p class=\"wp-block-paragraph\">Daniel Dinea\u021b\u0103 se afla pe bancheta din spate a autoturismului implicat \u00een accident. \u00cen urma impactului violent, t\u00e2n\u0103rul a suferit r\u0103ni extrem de grave.<\/p>\n<p class=\"wp-block-paragraph\">Ini\u021bial, acesta a fost transportat la spital, iar ulterior, din cauza st\u0103rii critice \u00een care se afla, a fost transferat cu un elicopter SMURD la o unitate medical\u0103 din Bucure\u0219ti. Medicii au \u00eencercat s\u0103 \u00eei salveze via\u021ba, \u00eens\u0103 r\u0103nile suferite s-au dovedit incompatibile cu supravie\u021buirea.<\/p>\n<p class=\"wp-block-paragraph\">Moartea lui Daniel ridic\u0103 la trei num\u0103rul persoanelor care \u0219i-au pierdut via\u021ba \u00een urma accidentului de la Merei.<\/p>\n<p class=\"wp-block-paragraph\">\u00cen autoturism se afla \u0219i interpreta de muzic\u0103 popular\u0103 Simona Gavril\u0103, singura ocupant\u0103 a ma\u0219inii care a supravie\u021buit. Aceasta a fost, la r\u00e2ndul s\u0103u, grav r\u0103nit\u0103 \u0219i se afl\u0103 internat\u0103 la Spitalul Universitar din Bucure\u0219ti.<\/p>\n<p class=\"wp-block-paragraph\">Accidentul s-a produs s\u00e2mb\u0103t\u0103, pe DJ 203G, pe tronsonul dintre S\u0103rata-Monteoru \u0219i Merei. Impactul a avut consecin\u021be devastatoare, iar odat\u0103 cu moartea lui Daniel Dinea\u021b\u0103, tragedia las\u0103 \u00een urm\u0103 trei vie\u021bi pierdute \u0219i familii \u00eendoliate.<\/p>\n<p class=\"wp-block-paragraph\">Daniel avea doar 33 de ani \u0219i era unicul copil al familiei Dinea\u021b\u0103.<\/p>\n<div class=\"post-bottom-meta post-bottom-tags post-tags-modern\">\n<div class=\"post-bottom-meta-title\"> Etichete<\/div>\n<p><span class=\"tagcloud\"><a href=\"https:\/\/gazetabuzoiana.ro\/tag\/accident-merei\/\" rel=\"tag\">accident Merei<\/a><a href=\"https:\/\/gazetabuzoiana.ro\/tag\/accident-mortal-buzau\/\" rel=\"tag\">accident mortal Buz\u0103u<\/a><a href=\"https:\/\/gazetabuzoiana.ro\/tag\/accident-sarata-monteoru\/\" rel=\"tag\">accident S\u0103rata-Monteoru<\/a><a href=\"https:\/\/gazetabuzoiana.ro\/tag\/daniel-dineata\/\" rel=\"tag\">Daniel Dinea\u021b\u0103<\/a><a href=\"https:\/\/gazetabuzoiana.ro\/tag\/dj-203g\/\" rel=\"tag\">DJ 203G<\/a><a href=\"https:\/\/gazetabuzoiana.ro\/tag\/simona-gavrila\/\" rel=\"tag\">Simona Gavril\u0103<\/a><a href=\"https:\/\/gazetabuzoiana.ro\/tag\/steluta-dineata\/\" rel=\"tag\">Stelu\u021ba Dinea\u021b\u0103<\/a><a href=\"https:\/\/gazetabuzoiana.ro\/tag\/trei-persoane-decedate\/\" rel=\"tag\">trei persoane decedate<\/a><\/span><\/div>\n<\/div>\n<p>[analyse_source url=&#8221;https:\/\/gazetabuzoiana.ro\/2026\/08\/04\/tragedia-de-la-merei-a-mai-luat-o-viata-daniel-avea-doar-33-de-ani-mama-lui-a-facut-anuntul-sfasietor\/&#8221;]<\/p>\n","protected":false},"excerpt":{"rendered":"<p>[analyse_image type=&#8221;featured&#8221; src=&#8221;https:\/\/gazetabuzoiana.ro\/wp-content\/uploads\/2026\/08\/poza-articol.png&#8221;] Bilan\u021bul cumplitului accident produs s\u00e2mb\u0103t\u0103 pe DJ 203G, \u00eentre S\u0103rata-Monteoru \u0219i Merei, a ajuns la trei persoane decedate. Daniel Dinea\u021b\u0103, t\u00e2n\u0103rul de 33 de ani care fusese grav r\u0103nit \u00een urma impactului, s-a stins din via\u021b\u0103 la spital. Vestea a fost f\u0103cut\u0103 public\u0103 mar\u021bi de mama t\u00e2n\u0103rului, Stelu\u021ba Dinea\u021b\u0103, printr-un mesaj postat [&hellip;]<\/p>\n","protected":false},"author":1,"featured_media":0,"comment_status":"open","ping_status":"","sticky":false,"template":"","format":"standard","meta":{"footnotes":""},"categories":[2],"tags":[226,38],"class_list":["post-2079313","post","type-post","status-publish","format-standard","hentry","category-politics","tag-crawlmanager","tag-gazetabuzoiana-ro"],"_links":{"self":[{"href":"https:\/\/analyse.optim.biz\/index.php?rest_route=\/wp\/v2\/posts\/2079313","targetHints":{"allow":["GET"]}}],"collection":[{"href":"https:\/\/analyse.optim.biz\/index.php?rest_route=\/wp\/v2\/posts"}],"about":[{"href":"https:\/\/analyse.optim.biz\/index.php?rest_route=\/wp\/v2\/types\/post"}],"author":[{"embeddable":true,"href":"https:\/\/analyse.optim.biz\/index.php?rest_route=\/wp\/v2\/users\/1"}],"replies":[{"embeddable":true,"href":"https:\/\/analyse.optim.biz\/index.php?rest_route=%2Fwp%2Fv2%2Fcomments&post=2079313"}],"version-history":[{"count":0,"href":"https:\/\/analyse.optim.biz\/index.php?rest_route=\/wp\/v2\/posts\/2079313\/revisions"}],"wp:attachment":[{"href":"https:\/\/analyse.optim.biz\/index.php?rest_route=%2Fwp%2Fv2%2Fmedia&parent=2079313"}],"wp:term":[{"taxonomy":"category","embeddable":true,"href":"https:\/\/analyse.optim.biz\/index.php?rest_route=%2Fwp%2Fv2%2Fcategories&post=2079313"},{"taxonomy":"post_tag","embeddable":true,"href":"https:\/\/analyse.optim.biz\/index.php?rest_route=%2Fwp%2Fv2%2Ftags&post=2079313"}],"curies":[{"name":"wp","href":"https:\/\/api.w.org\/{rel}","templated":true}]}}