{"id":207931,"date":"2014-04-11T01:07:13","date_gmt":"2014-04-10T22:07:13","guid":{"rendered":"https:\/\/analyse.optim.biz\/?p=207931"},"modified":"2014-04-11T01:07:13","modified_gmt":"2014-04-10T22:07:13","slug":"victor-ponta-sugereaza-ca-va-candida-la-presedintie","status":"publish","type":"post","link":"https:\/\/analyse.optim.biz\/?p=207931","title":{"rendered":"Victor Ponta sugereaz\u0103 c\u0103 va candida la Pre\u0219edin\u021bie"},"content":{"rendered":"<div class=\"entry data-app-meta data-app-meta-article\" data-embed-base-url-canonical=\"https:\/\/www.digi24.ro\/embed\/stiri\/actualitate\/politica\/victor-ponta-sugereaza-ca-va-candida-la-presedintie-227922\">\n<p data-index=\"1\">\u201eAvem aici puterea PSD din Rom\u00e2nia, Victor Ponta&#8230;S\u0103 v\u0103 spun, se pare c\u0103 am avut gura bun\u0103 \u0219i cu siguran\u021b\u0103, dac\u0103 ve\u021bi candida, \u0219i viitorul pre\u0219edinte al Rom\u00e2niei\u201d, a declarat primarul <strong>Tudor Pendiuc<\/strong>.<\/p>\n<p data-index=\"2\">La aceste cuvinte, Victor Ponta a r\u00e2s. Mesajul transmis de primarul municipiului Pite\u015fti nu a r\u0103mas f\u0103r\u0103 r\u0103spuns.<\/p>\n<p data-index=\"3\">\u201eAcuma nu mai \u0219tiu ce-a\u021bi zis c-o s\u0103 fiu, dar cine \u0219tie, poate o s\u0103 ave\u021bi gura aurit\u0103! Eu, \u00een s\u0103pt\u0103m\u00e2na de dinainte de alegeri stau acas\u0103 sau cel mult cu colegii de partid, domnule primar, c\u0103 \u0219tiu c\u0103 avea\u021bi aceast\u0103 grij\u0103, s\u0103 alege\u021bi un pre\u0219edinte care s\u0103 nu mai fac\u0103 gre\u0219eli \u00een ultima s\u0103pt\u0103m\u00e2n\u0103\u201d, a declarat <strong>Victor Ponta<\/strong> st\u00e2rnit un ropot de apaluze.<\/p>\n<p data-index=\"4\">P\u00e2n\u0103 acum, premierul Victor Ponta a afirmat c\u0103 <a href=\"https:\/\/www.digi24.ro\/Stiri\/Digi24\/Actualitate\/Politica\/Victor+Ponta+isi+explica+postarea+de+pe+Facebook\" target=\"_blank\" data-skip-linkfix=\"1\" rel=\"noopener\">va lua o decizie \u00een privin\u0163a candidaturii la Pre\u015fedin\u0163ie<\/a>, \u00eens\u0103 numai dup\u0103 alegerile europarlamentare din 25 mai \u015fi doar \u00een m\u0103sura \u00een care va putea c\u00e2\u015ftiga. El a anun\u0163at c\u0103 este nevoie de un Congres al PSD pentru a se stabili candidatul la Pre\u015fedin\u0163ie.<\/p>\n<\/div>\n<p> Source URL: https:\/\/www.digi24.ro\/stiri\/actualitate\/politica\/victor-ponta-sugereaza-ca-va-candida-la-presedintie-227922<\/p>\n","protected":false},"excerpt":{"rendered":"<p>\u201eAvem aici puterea PSD din Rom\u00e2nia, Victor Ponta&#8230;S\u0103 v\u0103 spun, se pare c\u0103 am avut gura bun\u0103 \u0219i cu siguran\u021b\u0103, dac\u0103 ve\u021bi candida, \u0219i viitorul pre\u0219edinte al Rom\u00e2niei\u201d, a declarat primarul Tudor Pendiuc. La aceste cuvinte, Victor Ponta a r\u00e2s. Mesajul transmis de primarul municipiului Pite\u015fti nu a r\u0103mas f\u0103r\u0103 r\u0103spuns. \u201eAcuma nu mai \u0219tiu [&hellip;]<\/p>\n","protected":false},"author":1,"featured_media":207932,"comment_status":"open","ping_status":"","sticky":false,"template":"","format":"standard","meta":{"footnotes":""},"categories":[2],"tags":[11],"class_list":["post-207931","post","type-post","status-publish","format-standard","has-post-thumbnail","hentry","category-politics","tag-digi24"],"_links":{"self":[{"href":"https:\/\/analyse.optim.biz\/index.php?rest_route=\/wp\/v2\/posts\/207931","targetHints":{"allow":["GET"]}}],"collection":[{"href":"https:\/\/analyse.optim.biz\/index.php?rest_route=\/wp\/v2\/posts"}],"about":[{"href":"https:\/\/analyse.optim.biz\/index.php?rest_route=\/wp\/v2\/types\/post"}],"author":[{"embeddable":true,"href":"https:\/\/analyse.optim.biz\/index.php?rest_route=\/wp\/v2\/users\/1"}],"replies":[{"embeddable":true,"href":"https:\/\/analyse.optim.biz\/index.php?rest_route=%2Fwp%2Fv2%2Fcomments&post=207931"}],"version-history":[{"count":0,"href":"https:\/\/analyse.optim.biz\/index.php?rest_route=\/wp\/v2\/posts\/207931\/revisions"}],"wp:featuredmedia":[{"embeddable":true,"href":"https:\/\/analyse.optim.biz\/index.php?rest_route=\/wp\/v2\/media\/207932"}],"wp:attachment":[{"href":"https:\/\/analyse.optim.biz\/index.php?rest_route=%2Fwp%2Fv2%2Fmedia&parent=207931"}],"wp:term":[{"taxonomy":"category","embeddable":true,"href":"https:\/\/analyse.optim.biz\/index.php?rest_route=%2Fwp%2Fv2%2Fcategories&post=207931"},{"taxonomy":"post_tag","embeddable":true,"href":"https:\/\/analyse.optim.biz\/index.php?rest_route=%2Fwp%2Fv2%2Ftags&post=207931"}],"curies":[{"name":"wp","href":"https:\/\/api.w.org\/{rel}","templated":true}]}}