{"id":207928,"date":"2014-04-11T11:49:12","date_gmt":"2014-04-11T08:49:12","guid":{"rendered":"https:\/\/analyse.optim.biz\/?p=207928"},"modified":"2014-04-11T11:49:12","modified_gmt":"2014-04-11T08:49:12","slug":"victor-ciorbea-a-renuntat-la-functia-din-asf-pentru-un-mandat-ca-avocat-al-poporului","status":"publish","type":"post","link":"https:\/\/analyse.optim.biz\/?p=207928","title":{"rendered":"Victor Ciorbea a renun\u0163at la func\u0163ia din ASF pentru un mandat ca Avocat al Poporului"},"content":{"rendered":"<div class=\"entry data-app-meta data-app-meta-article\" data-embed-base-url-canonical=\"https:\/\/www.digi24.ro\/embed\/stiri\/actualitate\/politica\/victor-ciorbea-a-renuntat-la-functia-din-asf-pentru-un-mandat-ca-avocat-al-poporului-228047\">\n<p data-index=\"1\"><img decoding=\"async\" src=\"https:\/\/analyse.optim.biz\/wp-content\/uploads\/2024\/09\/ywu0ywjlotk4ywvkmtizodywzwqxnthkm2e0mtq-thumb_.jpg\" data-skip-htmlfix=\"1\" title=\"ywu0ywjlotk4ywvkmtizodywzwqxnthkm2e0mtq-thumb_\"><\/p>\n<p data-index=\"2\">Victor Ciorbea spune c\u0103 se simte mai apropiat de atribu\u0163iile de Avocat al Poporului datorit\u0103 preg\u0103tirii \u015fi experien\u0163ei profesionale.<\/p>\n<p data-index=\"3\">Pentru a candida la aceast\u0103 func\u0163ie, Victor Ciorbea are nevoie de voturile Camerelor reunite.\u00a0El afirm\u0103 c\u0103 este sus\u0163inut de social-democra\u0163i \u015fi c\u0103 va primi \u015fi votul colegilor liberali.<\/p>\n<p data-index=\"4\"><strong>Victor Ciorbea<\/strong> a renun\u0163at la func\u0163ia de membru \u00een consiliul ASF, post pentru care a renun\u0163at anterior la pozi\u0163ia de senator PNL.<\/p>\n<p data-index=\"5\"><strong><a href=\"https:\/\/www.digi24.ro\/Stiri\/Digi24\/Actualitate\/Stiri\/Conducerea+ASF+validata+de+Parlament\" target=\"_blank\" data-skip-linkfix=\"1\" rel=\"noopener\">Nominalizarea lui Victor Ciorbea la ASF<\/a><\/strong> a generat discu\u0163ii legate de legalitate din partea parlamentarilor PDL.<\/p>\n<p data-index=\"6\">Ace\u015ftia au sus\u0163inut c\u0103 el nu poate ocupa acest post pentru c\u0103 nu are vechimea de nou\u0103 ani \u00een domeniul financiar, una dintre condi\u0163iile cerute de lege pentru a ocupa o func\u0163ie \u00een Consiliul Autorit\u0103\u0163ii de Supraveghere Financiar\u0103.\u00a0<\/p>\n<p data-index=\"7\">Cu toate acestea, el a primit votul Parlamentului.<\/p>\n<\/div>\n<p> Source URL: https:\/\/www.digi24.ro\/stiri\/actualitate\/politica\/victor-ciorbea-a-renuntat-la-functia-din-asf-pentru-un-mandat-ca-avocat-al-poporului-228047<\/p>\n","protected":false},"excerpt":{"rendered":"<p>Victor Ciorbea spune c\u0103 se simte mai apropiat de atribu\u0163iile de Avocat al Poporului datorit\u0103 preg\u0103tirii \u015fi experien\u0163ei profesionale. Pentru a candida la aceast\u0103 func\u0163ie, Victor Ciorbea are nevoie de voturile Camerelor reunite.\u00a0El afirm\u0103 c\u0103 este sus\u0163inut de social-democra\u0163i \u015fi c\u0103 va primi \u015fi votul colegilor liberali. Victor Ciorbea a renun\u0163at la func\u0163ia de membru [&hellip;]<\/p>\n","protected":false},"author":1,"featured_media":207929,"comment_status":"open","ping_status":"","sticky":false,"template":"","format":"standard","meta":{"footnotes":""},"categories":[2],"tags":[11],"class_list":["post-207928","post","type-post","status-publish","format-standard","has-post-thumbnail","hentry","category-politics","tag-digi24"],"_links":{"self":[{"href":"https:\/\/analyse.optim.biz\/index.php?rest_route=\/wp\/v2\/posts\/207928","targetHints":{"allow":["GET"]}}],"collection":[{"href":"https:\/\/analyse.optim.biz\/index.php?rest_route=\/wp\/v2\/posts"}],"about":[{"href":"https:\/\/analyse.optim.biz\/index.php?rest_route=\/wp\/v2\/types\/post"}],"author":[{"embeddable":true,"href":"https:\/\/analyse.optim.biz\/index.php?rest_route=\/wp\/v2\/users\/1"}],"replies":[{"embeddable":true,"href":"https:\/\/analyse.optim.biz\/index.php?rest_route=%2Fwp%2Fv2%2Fcomments&post=207928"}],"version-history":[{"count":0,"href":"https:\/\/analyse.optim.biz\/index.php?rest_route=\/wp\/v2\/posts\/207928\/revisions"}],"wp:featuredmedia":[{"embeddable":true,"href":"https:\/\/analyse.optim.biz\/index.php?rest_route=\/wp\/v2\/media\/207929"}],"wp:attachment":[{"href":"https:\/\/analyse.optim.biz\/index.php?rest_route=%2Fwp%2Fv2%2Fmedia&parent=207928"}],"wp:term":[{"taxonomy":"category","embeddable":true,"href":"https:\/\/analyse.optim.biz\/index.php?rest_route=%2Fwp%2Fv2%2Fcategories&post=207928"},{"taxonomy":"post_tag","embeddable":true,"href":"https:\/\/analyse.optim.biz\/index.php?rest_route=%2Fwp%2Fv2%2Ftags&post=207928"}],"curies":[{"name":"wp","href":"https:\/\/api.w.org\/{rel}","templated":true}]}}