{"id":207906,"date":"2014-04-11T16:39:39","date_gmt":"2014-04-11T13:39:39","guid":{"rendered":"https:\/\/analyse.optim.biz\/?p=207906"},"modified":"2014-04-11T16:39:39","modified_gmt":"2014-04-11T13:39:39","slug":"variantele-psd-pentru-prezidentiale","status":"publish","type":"post","link":"https:\/\/analyse.optim.biz\/?p=207906","title":{"rendered":"Variantele PSD pentru preziden\u0163iale"},"content":{"rendered":"<div class=\"entry data-app-meta data-app-meta-article\" data-embed-base-url-canonical=\"https:\/\/www.digi24.ro\/embed\/stiri\/actualitate\/politica\/variantele-psd-pentru-prezidentiale-228266\">\n<p data-index=\"1\">Num\u0103rul doi din PSD <strong>vicepremierul Liviu Dragnea spune c\u0103 PSD are de unde alege.<\/strong><\/p>\n<p data-index=\"2\"><strong>Liviu Dragnea<\/strong> a spus ast\u0103zi c\u0103 are o \u201ep\u0103rere foarte bun\u0103\u201d despre o eventual\u0103 candidatur\u0103 a lui Victor Ponta la pre\u015fedin\u0163ie.<\/p>\n<p data-index=\"3\">\u00centrebat dac\u0103 se punea problema ca \u015fi C\u0103lin Popescu T\u0103riceanu s\u0103 candideze, Ligiu Dragnea a r\u0103spuns: \u201eNicio variant\u0103 nu este exclus\u0103\u201d.<\/p>\n<p data-index=\"4\">La r\u00e2ndul s\u0103u, \u00eentrebat dac\u0103 ia \u00een calcul candidatura la preziden\u0163iale, <strong>C\u0103lin Popescu T\u0103riceanu<\/strong> a r\u0103spuns: \u201eV\u0103 pot spune c\u0103 \u00een momentul de fa\u0163\u0103 este prea devreme s\u0103 m\u0103 pronun\u0163 \u00een aceast\u0103 privin\u0163\u0103. Pentru c\u0103 hot\u0103r\u00e2rile privind candidaturile la preziden\u0163iale probabil se vor lua dup\u0103 alegerile europarlamentare, c\u00e2nd fiecare partid \u015fi posibilii candida\u0163i \u00ee\u015fivor face analiza proprie \u0163\u015fi vor lua decizii\u201d.<\/p>\n<p data-index=\"5\">\u015ei <strong>Mircea Geoan\u0103<\/strong> a abordat acest subiect ast\u0103zi, \u00eentr-o conferin\u0163\u0103 de pres\u0103.<\/p>\n<p data-index=\"6\">\u201eE o cutum\u0103 \u00een partid, ceva nescris, iar Victor Ponta e un lider t\u00e2n\u0103r. Dup\u0103 25 mai va lua o decizie, vom lua o decizie \u015fi, \u00eentr-un congres al partidului, vom alege formula cea mai bun\u0103. Dac\u0103 asta \u00ee\u015fi va dori, partidul \u00eel va sus\u0163ine. Dac\u0103 va dori s\u0103 continue ca prim-ministru, va trebui s\u0103 ne g\u00e2ndim la alte solu\u0163ii. (\u2026)\u201d, a spus el.<\/p>\n<p data-index=\"7\">\u00centrebat cum ar reac\u0163iona dac\u0103 partidul i-ar cere s\u0103 candideze din nou la func\u0163ia de pre\u015fedinte, Geoan\u0103 a r\u0103spuns: \u201eMie nu-mi place s\u0103 m\u0103 autopropun, dar domnul Ponta a f\u0103cut o enumerare de poten\u0163iali candida\u0163i. A spus-o d\u00e2nsul &#8211; \u015fi nu am cum s\u0103 nu fiu de acord cu pre\u015fedintele partidului &#8211; c\u0103 \u00een PSD sunt doi poten\u0163iali candida\u0163i, domnia sa \u015fi cu mine\u201d.<\/p>\n<p data-index=\"8\">\u015ei <a href=\"https:\/\/www.digi24.ro\/Stiri\/Digi24\/Actualitate\/Politica\/Victor+Ponta+sugereaza+ca+va+candida+la+Presedintie\" target=\"_blank\" data-skip-linkfix=\"1\" rel=\"noopener\"><strong>Victor Ponta<\/strong><\/a>a dat de \u00een\u0163eles, joi, c\u0103 va candida la alegerile preziden\u0163iale de la sf\u00e2r\u0219itul acestui an.<\/p>\n<p data-index=\"9\">\u201eAvem aici puterea PSD din Rom\u00e2nia, Victor Ponta&#8230;S\u0103 v\u0103 spun, se pare c\u0103 am avut gura bun\u0103 \u0219i cu siguran\u021b\u0103, dac\u0103 ve\u021bi candida, \u0219i viitorul pre\u0219edinte al Rom\u00e2niei\u201d, a declarat primarul Tudor Pendiuc.<\/p>\n<p data-index=\"10\">La aceste cuvinte, Victor Ponta a r\u00e2s. Mesajul transmis de primarul municipiului Pite\u015fti nu a r\u0103mas f\u0103r\u0103 r\u0103spuns.<\/p>\n<p data-index=\"11\">\u201eAcuma nu mai \u0219tiu ce-a\u021bi zis c-o s\u0103 fiu, dar cine \u0219tie, poate o s\u0103 ave\u021bi gura aurit\u0103! Eu, \u00een s\u0103pt\u0103m\u00e2na de dinainte de alegeri stau acas\u0103 sau cel mult cu colegii de partid, domnule primar, c\u0103 \u0219tiu c\u0103 avea\u021bi aceast\u0103 grij\u0103, s\u0103 alege\u021bi un pre\u0219edinte care s\u0103 nu mai fac\u0103 gre\u0219eli \u00een ultima s\u0103pt\u0103m\u00e2n\u0103\u201d, a replicat Victor Ponta.<\/p>\n<\/div>\n<p> Source URL: https:\/\/www.digi24.ro\/stiri\/actualitate\/politica\/variantele-psd-pentru-prezidentiale-228266<\/p>\n","protected":false},"excerpt":{"rendered":"<p>Num\u0103rul doi din PSD vicepremierul Liviu Dragnea spune c\u0103 PSD are de unde alege. Liviu Dragnea a spus ast\u0103zi c\u0103 are o \u201ep\u0103rere foarte bun\u0103\u201d despre o eventual\u0103 candidatur\u0103 a lui Victor Ponta la pre\u015fedin\u0163ie. \u00centrebat dac\u0103 se punea problema ca \u015fi C\u0103lin Popescu T\u0103riceanu s\u0103 candideze, Ligiu Dragnea a r\u0103spuns: \u201eNicio variant\u0103 nu este [&hellip;]<\/p>\n","protected":false},"author":1,"featured_media":207907,"comment_status":"open","ping_status":"","sticky":false,"template":"","format":"standard","meta":{"footnotes":""},"categories":[2],"tags":[11],"class_list":["post-207906","post","type-post","status-publish","format-standard","has-post-thumbnail","hentry","category-politics","tag-digi24"],"_links":{"self":[{"href":"https:\/\/analyse.optim.biz\/index.php?rest_route=\/wp\/v2\/posts\/207906","targetHints":{"allow":["GET"]}}],"collection":[{"href":"https:\/\/analyse.optim.biz\/index.php?rest_route=\/wp\/v2\/posts"}],"about":[{"href":"https:\/\/analyse.optim.biz\/index.php?rest_route=\/wp\/v2\/types\/post"}],"author":[{"embeddable":true,"href":"https:\/\/analyse.optim.biz\/index.php?rest_route=\/wp\/v2\/users\/1"}],"replies":[{"embeddable":true,"href":"https:\/\/analyse.optim.biz\/index.php?rest_route=%2Fwp%2Fv2%2Fcomments&post=207906"}],"version-history":[{"count":0,"href":"https:\/\/analyse.optim.biz\/index.php?rest_route=\/wp\/v2\/posts\/207906\/revisions"}],"wp:featuredmedia":[{"embeddable":true,"href":"https:\/\/analyse.optim.biz\/index.php?rest_route=\/wp\/v2\/media\/207907"}],"wp:attachment":[{"href":"https:\/\/analyse.optim.biz\/index.php?rest_route=%2Fwp%2Fv2%2Fmedia&parent=207906"}],"wp:term":[{"taxonomy":"category","embeddable":true,"href":"https:\/\/analyse.optim.biz\/index.php?rest_route=%2Fwp%2Fv2%2Fcategories&post=207906"},{"taxonomy":"post_tag","embeddable":true,"href":"https:\/\/analyse.optim.biz\/index.php?rest_route=%2Fwp%2Fv2%2Ftags&post=207906"}],"curies":[{"name":"wp","href":"https:\/\/api.w.org\/{rel}","templated":true}]}}