{"id":2078685,"date":"2026-08-05T15:05:59","date_gmt":"2026-08-05T12:05:59","guid":{"rendered":"https:\/\/analyse.optim.biz\/?p=2078685"},"modified":"2026-08-05T15:05:59","modified_gmt":"2026-08-05T12:05:59","slug":"fostul-judecator-si-fost-membru-al-csm-toni-neacsu-despre-cazul-lui-dominic-fritz-reducerea-indemnizatiei-este-sanctiunea-prevazuta-de-lege","status":"publish","type":"post","link":"https:\/\/analyse.optim.biz\/?p=2078685","title":{"rendered":"Fostul judec\u0103tor \u0219i fost membru al CSM, Toni Neac\u0219u, despre cazul lui Dominic Fritz: \u201eReducerea indemniza\u021biei este sanc\u021biunea prev\u0103zut\u0103 de lege\u201d"},"content":{"rendered":"<p>[analyse_image type=&#8221;featured&#8221; src=&#8221;http:\/\/www.banatulmeu.ro\/wp-content\/uploads\/2026\/08\/IMG_4710-scaled-e1785942323769.jpeg&#8221;]<\/p>\n<div class=\"post-content-bd\">\n<p>Avocatul Adrian Toni Neac\u0219u, fost judec\u0103tor \u0219i fost membru al Consiliului Superior al Magistraturii (CSM), a publicat pe pagina sa de Facebook o analiz\u0103 referitoare la sanc\u021biunea aplicat\u0103 primarului Timi\u0219oarei, Dominic Fritz, \u00een urma constat\u0103rii conflictului de interese.<span class=\"Apple-converted-space\">\u00a0<\/span><\/p>\n<p>\u00cen mesajul s\u0103u, Neac\u0219u sus\u021bine c\u0103 dreptul \u0219i interpretarea legii nu ar trebui utilizate \u00een scop politic sau ideologic \u0219i argumenteaz\u0103 c\u0103 diminuarea indemniza\u021biei reprezint\u0103 sanc\u021biunea care se aplic\u0103, \u00een mod obi\u0219nuit, \u00een astfel de cazuri.<\/p>\n<p>\u201e<em>Eu cred c\u0103 nici dreptul nici cuno\u0219tin\u021bele juridice nu trebuie folosite politic sau ideologic. Legea, chiar atunci c\u00e2nd este neclar\u0103 \u0219i contradictorie, este neutr\u0103 \u0219i a\u0219a trebuie s\u0103 fie \u0219i profesionistul care o invoc\u0103<\/em>\u201d, afirm\u0103 fostul magistrat.<\/p>\n<p>Potrivit acestuia, faptul c\u0103 sus\u021bine legalitatea sanc\u021biunii aplicate lui Dominic Fritz nu \u00eenseamn\u0103 c\u0103 ignor\u0103 dezbaterile doctrinare sau jurispruden\u021ba existent\u0103.<\/p>\n<p>\u201e<em>Atunci c\u00e2nd sus\u021bin c\u0103 lui Dominic Fritz i s-a aplicat sanc\u021biunea prev\u0103zut\u0103 de lege \u00een momentul de fa\u021b\u0103 pentru fapta pe care a s\u0103v\u00e2r\u0219it-o nu \u00eenseamn\u0103 c\u0103 ignor discu\u021biile doctrinare (multe), unele decizii ale \u00ceCCJ sau chiar unele situa\u021bii izolate \u00een care pentru cazuri identice s-a aplicat sanc\u021biunea \u00eencet\u0103rii de drept a mandatului, ci c\u0103 \u00een mod cert reducerea indemniza\u021biei este sanc\u021biunea standard, aplicat\u0103 cvasi-majoritar \u00een situa\u021bia conflictului de interese<\/em>\u201d, a scris Neac\u0219u.<\/p>\n<p>Neac\u0219u sus\u021bine c\u0103 pozi\u021bia sa este sus\u021binut\u0103 inclusiv de datele prezentate de Agen\u021bia Na\u021bional\u0103 de Integritate.<\/p>\n<p>\u201e<em>Realitatea este confirmat\u0103 \u0219i de ANI. \u00cen ultimii trei ani avem 22 de ale\u0219i (majoritatea consilieri, dar \u0219i primari) c\u0103rora li s-a aplicat pentru conflictul de interese sanc\u021biunea reducerii indemniza\u021biei, f\u0103r\u0103 s\u0103 \u00ee\u0219i piard\u0103 mandatul<\/em>\u201d, afirm\u0103 Toni Neac\u0219u.<\/p>\n<p>\u00cen aceea\u0219i postare, Toni Neac\u0219u precizeaz\u0103 c\u0103 exist\u0103 \u0219i cazuri \u00een care instan\u021bele au anulat definitiv ordine de prefect prin care se dispunea \u00eencetarea mandatului unor primari.<\/p>\n<p>Fostul judec\u0103tor subliniaz\u0103 \u00eens\u0103 c\u0103 sanc\u021biunea cea mai sever\u0103 r\u0103m\u00e2ne interdic\u021bia de a candida timp de trei ani dup\u0103 \u00eencheierea mandatului \u00een care a fost s\u0103v\u00e2r\u0219it\u0103 fapta.<\/p>\n<p>\u201e<em>Separat de aceast\u0103 sanc\u021biune pecuniar\u0103 func\u021bioneaz\u0103 \u00een toate cazurile interdic\u021bia de a participa la alegeri timp de 3 ani de la \u00eencheierea mandatului \u00een cursul c\u0103ruia au s\u0103v\u00e2r\u0219it fapta. Aceasta este \u00een realitate adev\u0103rata sanc\u021biune \u0219i cea mai grav\u0103. Legea actual\u0103 este absurd\u0103 \u0219i inechitabil\u0103 (nu mai po\u021bi fi primar pe viitor dar dac\u0103 e\u0219ti deja primar po\u021bi continua), dar e lege<\/em>\u201d, a transmis Toni Neac\u0219u.<\/p>\n<p><a class=\"pop-img-bd\" href=\"http:\/\/www.banatulmeu.ro\/wp-content\/uploads\/2026\/08\/IMG_4704-e1785942251313.jpeg\"><img loading=\"lazy\" decoding=\"async\" class=\"size-medium wp-image-188997 alignleft\" src=\"http:\/\/www.banatulmeu.ro\/wp-content\/uploads\/2026\/08\/IMG_4704-279x300.jpeg\" alt width=\"279\" height=\"300\"><\/a><\/p>\n<p><img loading=\"lazy\" decoding=\"async\" class=\"size-medium wp-image-188997 alignleft\" src=\"http:\/\/www.banatulmeu.ro\/wp-content\/uploads\/2026\/08\/IMG_4704-279x300.jpeg\" alt width=\"279\" height=\"300\"><\/div>\n<p>[analyse_source url=&#8221;https:\/\/www.banatulmeu.ro\/fostul-judecator-si-fost-membru-al-csm-toni-neacsu-despre-cazul-lui-dominic-fritz-reducerea-indemnizatiei-este-sanctiunea-prevazuta-de-lege\/&#8221;]<\/p>\n","protected":false},"excerpt":{"rendered":"<p>[analyse_image type=&#8221;featured&#8221; src=&#8221;http:\/\/www.banatulmeu.ro\/wp-content\/uploads\/2026\/08\/IMG_4710-scaled-e1785942323769.jpeg&#8221;] Avocatul Adrian Toni Neac\u0219u, fost judec\u0103tor \u0219i fost membru al Consiliului Superior al Magistraturii (CSM), a publicat pe pagina sa de Facebook o analiz\u0103 referitoare la sanc\u021biunea aplicat\u0103 primarului Timi\u0219oarei, Dominic Fritz, \u00een urma constat\u0103rii conflictului de interese.\u00a0 \u00cen mesajul s\u0103u, Neac\u0219u sus\u021bine c\u0103 dreptul \u0219i interpretarea legii nu ar trebui utilizate [&hellip;]<\/p>\n","protected":false},"author":1,"featured_media":0,"comment_status":"open","ping_status":"","sticky":false,"template":"","format":"standard","meta":{"footnotes":""},"categories":[89],"tags":[204,226],"class_list":["post-2078685","post","type-post","status-publish","format-standard","hentry","category-romania","tag-banatulmeu-ro","tag-crawlmanager"],"_links":{"self":[{"href":"https:\/\/analyse.optim.biz\/index.php?rest_route=\/wp\/v2\/posts\/2078685","targetHints":{"allow":["GET"]}}],"collection":[{"href":"https:\/\/analyse.optim.biz\/index.php?rest_route=\/wp\/v2\/posts"}],"about":[{"href":"https:\/\/analyse.optim.biz\/index.php?rest_route=\/wp\/v2\/types\/post"}],"author":[{"embeddable":true,"href":"https:\/\/analyse.optim.biz\/index.php?rest_route=\/wp\/v2\/users\/1"}],"replies":[{"embeddable":true,"href":"https:\/\/analyse.optim.biz\/index.php?rest_route=%2Fwp%2Fv2%2Fcomments&post=2078685"}],"version-history":[{"count":0,"href":"https:\/\/analyse.optim.biz\/index.php?rest_route=\/wp\/v2\/posts\/2078685\/revisions"}],"wp:attachment":[{"href":"https:\/\/analyse.optim.biz\/index.php?rest_route=%2Fwp%2Fv2%2Fmedia&parent=2078685"}],"wp:term":[{"taxonomy":"category","embeddable":true,"href":"https:\/\/analyse.optim.biz\/index.php?rest_route=%2Fwp%2Fv2%2Fcategories&post=2078685"},{"taxonomy":"post_tag","embeddable":true,"href":"https:\/\/analyse.optim.biz\/index.php?rest_route=%2Fwp%2Fv2%2Ftags&post=2078685"}],"curies":[{"name":"wp","href":"https:\/\/api.w.org\/{rel}","templated":true}]}}