{"id":2078661,"date":"2026-08-05T06:38:29","date_gmt":"2026-08-05T03:38:29","guid":{"rendered":"https:\/\/analyse.optim.biz\/?p=2078661"},"modified":"2026-08-05T06:38:29","modified_gmt":"2026-08-05T03:38:29","slug":"la-suceava-comunismul-inca-rezista-de-dr-adrian-botezatu","status":"publish","type":"post","link":"https:\/\/analyse.optim.biz\/?p=2078661","title":{"rendered":"La Suceava , comunismul \u00eenc\u0103 rezist\u0103, de dr. Adrian Botezatu"},"content":{"rendered":"<p>[analyse_image type=&#8221;featured&#8221; src=&#8221;https:\/\/www.newsbucovina.ro\/wp-content\/uploads\/2026\/08\/WhatsApp-Image-2026-08-05-at-09.24.40.jpeghttps:\/\/cdn.newsbucovina.ro\/wp-content\/uploads\/2026\/08\/WhatsApp-Image-2026-08-05-at-09.24.40.jpeg&#8221;]<\/p>\n<div class=\"td-post-content tagdiv-type\">\n<div class=\"td-a-rec td-a-rec-id-content_top  tdi_3 td_block_template_1\"><strong>Intr\u0103 acum \u0219i \u00een grupul de <\/p>\n<div class=\"wp-block-button\"><a class=\"wp-block-button__link wp-element-button\" href=\"https:\/\/t.me\/+TH8wcfnp8fw5NWI0\">Telegram News Bucovina<\/a><\/div>\n<p><\/strong><\/div>\n<p class=\"wp-block-paragraph\">\u00a0De mai bine de trei decenii , autorit\u0103\u021bile sucevene lupt\u0103 \u00eempotriva capitalismului: nici mari investi\u021bii nu au atras , nici nu au \u00eencurajat antreprenorii locali. Toate platformele industriale au fost distruse sub privirile politicienilor locali, f\u0103r\u0103 a se construi nimic \u00een loc: mai mult de jum\u0103tate din for\u021ba de munc\u0103 activ\u0103 a jude\u021bului a plecat la munc\u0103 \u00een str\u0103in\u0103tate, Suceava fiind cel mai mare exportator de for\u021b\u0103 de munc\u0103 (zero parcuri industriale).<\/p>\n<figure class=\"wp-block-image size-large\"><a href=\"https:\/\/cdn.newsbucovina.ro\/wp-content\/uploads\/2026\/08\/WhatsApp-Image-2026-08-05-at-09.24.40.jpeg\"><img loading=\"lazy\" decoding=\"async\" width=\"1024\" height=\"576\" src=\"https:\/\/cdn.newsbucovina.ro\/wp-content\/uploads\/2026\/08\/WhatsApp-Image-2026-08-05-at-09.24.40-1024x576.jpeg\" alt class=\"wp-image-445694\"><\/a><\/figure>\n<p class=\"wp-block-paragraph\">\u00a0\u00a0\u00a0\u00a0\u00a0\u00a0\u00a0\u00a0\u00a0\u00a0\u00a0 S\u0103 compar\u0103m cu ceea ce au f\u0103cut al\u021bii (cu mult mai de\u0219tep\u021bi):<\/p>\n<ol class=\"wp-block-list\">\n<li>Jude\u021bul Prahova:\u00a0\u00a0\u00a0\u00a0\u00a0\u00a0\u00a0\u00a0\u00a0\u00a0\u00a0\u00a0\u00a0\u00a0\u00a0\u00a0\u00a0\u00a0\u00a0\u00a0\u00a0\u00a0\u00a0\u00a0\u00a0\u00a0\u00a0\u00a0\u00a0\u00a0\u00a0\u00a0\u00a0\u00a0 \u00a016 zone industriale<\/li>\n<li>Jude\u021bul Cluj:\u00a0\u00a0\u00a0\u00a0\u00a0 \u00a0\u00a0\u00a0\u00a0\u00a0\u00a0\u00a0\u00a0\u00a0\u00a0\u00a0\u00a0\u00a0\u00a0\u00a0\u00a0\u00a0\u00a0\u00a0\u00a0\u00a0\u00a0\u00a0\u00a0\u00a0\u00a0\u00a0\u00a0\u00a0\u00a0\u00a0\u00a0\u00a0\u00a0\u00a0\u00a012 zone industriale<\/li>\n<li>Jude\u021bul Bra\u0219ov:\u00a0 \u00a0\u00a0\u00a0\u00a0\u00a0\u00a0\u00a0\u00a0\u00a0\u00a0\u00a0\u00a0\u00a0\u00a0\u00a0\u00a0\u00a0\u00a0\u00a0\u00a0\u00a0\u00a0\u00a0\u00a0\u00a0\u00a0\u00a0\u00a0\u00a0\u00a0\u00a0\u00a0\u00a0\u00a0\u00a0\u00a0\u00a0\u00a09 zone industriale<\/li>\n<li>Jude\u021bul Bihor:\u00a0\u00a0\u00a0\u00a0 \u00a0\u00a0\u00a0\u00a0\u00a0\u00a0\u00a0\u00a0\u00a0\u00a0\u00a0\u00a0\u00a0\u00a0\u00a0\u00a0\u00a0\u00a0\u00a0\u00a0\u00a0\u00a0\u00a0\u00a0\u00a0\u00a0\u00a0\u00a0\u00a0\u00a0\u00a0\u00a0\u00a0\u00a0\u00a0\u00a0\u00a07 zone industriale<\/li>\n<li>Jude\u021bul Arad:\u00a0\u00a0\u00a0\u00a0\u00a0\u00a0 \u00a0\u00a0\u00a0\u00a0\u00a0\u00a0\u00a0\u00a0\u00a0\u00a0\u00a0\u00a0\u00a0\u00a0\u00a0\u00a0\u00a0\u00a0\u00a0\u00a0\u00a0\u00a0\u00a0\u00a0\u00a0\u00a0\u00a0\u00a0\u00a0\u00a0\u00a0\u00a0\u00a0\u00a0\u00a0\u00a07 zone industriale<\/li>\n<li>Jude\u021bul Bac\u0103u:\u00a0\u00a0\u00a0\u00a0 \u00a0\u00a0\u00a0\u00a0\u00a0\u00a0\u00a0\u00a0\u00a0\u00a0\u00a0\u00a0\u00a0\u00a0\u00a0\u00a0\u00a0\u00a0\u00a0\u00a0\u00a0\u00a0\u00a0\u00a0\u00a0\u00a0\u00a0\u00a0\u00a0\u00a0\u00a0\u00a0\u00a0\u00a0\u00a0\u00a07 zone industriale<\/li>\n<li>Jude\u021bul Ia\u0219i:\u00a0\u00a0\u00a0\u00a0\u00a0\u00a0\u00a0\u00a0\u00a0\u00a0\u00a0\u00a0\u00a0\u00a0\u00a0\u00a0\u00a0\u00a0\u00a0\u00a0\u00a0\u00a0\u00a0\u00a0\u00a0\u00a0\u00a0\u00a0\u00a0\u00a0\u00a0\u00a0\u00a0\u00a0\u00a0\u00a0\u00a0\u00a0\u00a0\u00a0\u00a0\u00a0\u00a0\u00a0 \u00a06 zone industriale<\/li>\n<li>Jude\u021bele Ilfov, Sibiu, Alba:\u00a0\u00a0\u00a0\u00a0 \u00a0\u00a0\u00a0\u00a0\u00a0\u00a0\u00a0\u00a0\u00a0\u00a0\u00a0\u00a0\u00a0\u00a0\u00a0\u00a0\u00a0 5 zone industriale<\/li>\n<li>Jude\u021bele Timi\u0219, Dolj, Arge\u0219, Mure\u0219:\u00a0\u00a0 \u00a0\u00a0\u00a0\u00a0\u00a0\u00a0 4 zone industriale<\/li>\n<\/ol>\n<p class=\"wp-block-paragraph\">Ca o coinciden\u021b\u0103 extraordinar\u0103, jude\u021bele enumerate mai sus au \u0219i cel mai mare num\u0103r de angaja\u021bi din \u021bar\u0103 , dar \u0219i cel mai mare PIB.<\/p>\n<p class=\"wp-block-paragraph\">\u00cen jude\u021bul Suceava, autorit\u0103\u021bile locale \u00een loc s\u0103 dezvolte zone industriale care s\u0103 ofere locuri de munc\u0103 sucevenilor, se preocup\u0103 de m\u0103rirea capacit\u0103\u021bii aeroportului pentru exportul for\u021bei de munc\u0103 la scar\u0103 industrial\u0103.<\/p>\n<p class=\"wp-block-paragraph\">De ce <strong>Comunismul<\/strong> \u00eenc\u0103 rezist\u0103 la Suceava:<\/p>\n<ol class=\"wp-block-list\">\n<li>Adep\u021bii <strong>Dictaturii controlate <\/strong>au declan\u0219at o lupt\u0103 acerb\u0103 \u00eempotriva mediului de afaceri local (zero preocup\u0103ri pentru dezvoltarea economiei locale)<\/li>\n<li>La 500 metri \u00een spatele Prim\u0103riei Suceava se face agricultur\u0103 intensiv\u0103 pe zeci de hectare \u00een interiorul unei zone reziden\u021biale, de c\u0103tre o filial\u0103 a unei institu\u021bii din Bucure\u0219ti (caz unic pe Planet\u0103); Spitalul Jude\u021bean se sufoc\u0103 din lipsa spa\u021biului (neimportant pentru politicienii suceveni)<\/li>\n<li>\u00cen fiecare campanie electoral\u0103, politicienii suceveni propun dezvoltarea unei zone industriale \u00een zona Termica, \u00een centrul geografic al zonei metropolitane Suceava \u0219i \u00een interiorul unei largi zone reziden\u021biale, la 1 km de Cetatea Sucevei \u0219i Prima Mitropolie a Moldovei, la 1km de Iulius Mall \u0219i de zona de agrement din lunca Sucevei (peste tot \u00een Rom\u00e2nia \u0219i \u00een lume zonele industriale se construiesc la 10-20 km de zona urban\u0103)<\/li>\n<\/ol>\n<p class=\"wp-block-paragraph\">Concluzie: peste 90% dintre tinerii absolven\u021bi de licee \u0219i facult\u0103\u021bi nu pot fi integra\u021bi \u00een economia local\u0103 \u0219i sunt for\u021ba\u021bi s\u0103 migreze intern \u00een alte ora\u0219e mari sau extern \u00een Europa de vest (oricine poate verifica ce posturi \u0219i c\u00e2te posturi sunt disponibile \u00een jude\u021bul Suceava\u2026.rezultatul va fi \u0219ocant pentru oricine)<\/p>\n<p class=\"wp-block-paragraph\">\u00cen jude\u021bul Suceava un absolvent de facultate are \u0219anse probabilistice mai mari s\u0103 c\u00e2\u0219tige la Loto dec\u00e2t s\u0103 \u00ee\u0219i g\u0103seasc\u0103 job pe specializarea lui.<\/p>\n<p class=\"wp-block-paragraph\">P.S. \u00cen momentul \u00een care se va termina \u00een c\u00e2\u021biva ani centura ora\u0219ului Gura Humorului (care va consuma cea mai consistent\u0103 parte a bugetului Consiliului Jude\u021bean \u00een urm\u0103torii ani), fix \u00een acela\u0219i timp se va termina \u0219i autostrada T\u00e2rgu Neam\u021b- T\u00e2rgu Mure\u0219: tot traficul se va muta pe acolo\u2026\u2026\u2026.\u00centre timp, guvernul Bolojan a terminat \u0219i resursele financiare ale rom\u00e2nilor \u0219i apetitul pentru turism, \u00een prezent prin Gura Humorului se circul\u0103 lejer\u2026\u2026<\/p>\n<figure class=\"wp-block-embed is-type-video is-provider-youtube wp-block-embed-youtube wp-embed-aspect-16-9 wp-has-aspect-ratio\">\n<div class=\"wp-block-embed__wrapper\">\n<div class=\"youtube-embed\" data-video_id=\"9lvPGckhaKM\"><iframe loading=\"lazy\" title=\"E nebunie curat\u0103 pe E 85 \u2026 Ziua \u00een care o Femeie a B\u0102(t)UT recordul de alcoolemie la Volan!!\" width=\"696\" height=\"392\" src=\"https:\/\/www.youtube.com\/embed\/9lvPGckhaKM?start=20&amp;feature=oembed\" frameborder allow=\"accelerometer; autoplay; clipboard-write; encrypted-media; gyroscope; picture-in-picture; web-share\" referrerpolicy=\"strict-origin-when-cross-origin\" allowfullscreen><\/iframe><\/div>\n<\/div>\n<\/figure>\n<div class=\"td-a-rec td-a-rec-id-content_bottom  tdi_4 td_block_template_1\"><strong>Intr\u0103 acum \u0219i \u00een grupul de <\/p>\n<div class=\"wp-block-button\"><a class=\"wp-block-button__link wp-element-button\" href=\"https:\/\/t.me\/+TH8wcfnp8fw5NWI0\">Telegram News Bucovina<\/a><\/div>\n<p><\/strong><\/div>\n<\/div>\n<div class=\"td-post-content tagdiv-type\">\n<div class=\"td-a-rec td-a-rec-id-content_top  tdi_3 td_block_template_1\"><strong>Intr\u0103 acum \u0219i \u00een grupul de <\/p>\n<div class=\"wp-block-button\"><a class=\"wp-block-button__link wp-element-button\" href=\"https:\/\/t.me\/+TH8wcfnp8fw5NWI0\">Telegram News Bucovina<\/a><\/div>\n<p><\/strong><\/div>\n<p class=\"wp-block-paragraph\">\u00a0De mai bine de trei decenii , autorit\u0103\u021bile sucevene lupt\u0103 \u00eempotriva capitalismului: nici mari investi\u021bii nu au atras , nici nu au \u00eencurajat antreprenorii locali. Toate platformele industriale au fost distruse sub privirile politicienilor locali, f\u0103r\u0103 a se construi nimic \u00een loc: mai mult de jum\u0103tate din for\u021ba de munc\u0103 activ\u0103 a jude\u021bului a plecat la munc\u0103 \u00een str\u0103in\u0103tate, Suceava fiind cel mai mare exportator de for\u021b\u0103 de munc\u0103 (zero parcuri industriale).<\/p>\n<figure class=\"wp-block-image size-large\"><a href=\"https:\/\/cdn.newsbucovina.ro\/wp-content\/uploads\/2026\/08\/WhatsApp-Image-2026-08-05-at-09.24.40.jpeg\"><img loading=\"lazy\" decoding=\"async\" width=\"1024\" height=\"576\" src=\"https:\/\/cdn.newsbucovina.ro\/wp-content\/uploads\/2026\/08\/WhatsApp-Image-2026-08-05-at-09.24.40-1024x576.jpeg\" alt class=\"wp-image-445694\"><\/a><\/figure>\n<p class=\"wp-block-paragraph\">\u00a0\u00a0\u00a0\u00a0\u00a0\u00a0\u00a0\u00a0\u00a0\u00a0\u00a0 S\u0103 compar\u0103m cu ceea ce au f\u0103cut al\u021bii (cu mult mai de\u0219tep\u021bi):<\/p>\n<ol class=\"wp-block-list\">\n<li>Jude\u021bul Prahova:\u00a0\u00a0\u00a0\u00a0\u00a0\u00a0\u00a0\u00a0\u00a0\u00a0\u00a0\u00a0\u00a0\u00a0\u00a0\u00a0\u00a0\u00a0\u00a0\u00a0\u00a0\u00a0\u00a0\u00a0\u00a0\u00a0\u00a0\u00a0\u00a0\u00a0\u00a0\u00a0\u00a0\u00a0 \u00a016 zone industriale<\/li>\n<li>Jude\u021bul Cluj:\u00a0\u00a0\u00a0\u00a0\u00a0 \u00a0\u00a0\u00a0\u00a0\u00a0\u00a0\u00a0\u00a0\u00a0\u00a0\u00a0\u00a0\u00a0\u00a0\u00a0\u00a0\u00a0\u00a0\u00a0\u00a0\u00a0\u00a0\u00a0\u00a0\u00a0\u00a0\u00a0\u00a0\u00a0\u00a0\u00a0\u00a0\u00a0\u00a0\u00a0\u00a012 zone industriale<\/li>\n<li>Jude\u021bul Bra\u0219ov:\u00a0 \u00a0\u00a0\u00a0\u00a0\u00a0\u00a0\u00a0\u00a0\u00a0\u00a0\u00a0\u00a0\u00a0\u00a0\u00a0\u00a0\u00a0\u00a0\u00a0\u00a0\u00a0\u00a0\u00a0\u00a0\u00a0\u00a0\u00a0\u00a0\u00a0\u00a0\u00a0\u00a0\u00a0\u00a0\u00a0\u00a0\u00a0\u00a09 zone industriale<\/li>\n<li>Jude\u021bul Bihor:\u00a0\u00a0\u00a0\u00a0 \u00a0\u00a0\u00a0\u00a0\u00a0\u00a0\u00a0\u00a0\u00a0\u00a0\u00a0\u00a0\u00a0\u00a0\u00a0\u00a0\u00a0\u00a0\u00a0\u00a0\u00a0\u00a0\u00a0\u00a0\u00a0\u00a0\u00a0\u00a0\u00a0\u00a0\u00a0\u00a0\u00a0\u00a0\u00a0\u00a0\u00a07 zone industriale<\/li>\n<li>Jude\u021bul Arad:\u00a0\u00a0\u00a0\u00a0\u00a0\u00a0 \u00a0\u00a0\u00a0\u00a0\u00a0\u00a0\u00a0\u00a0\u00a0\u00a0\u00a0\u00a0\u00a0\u00a0\u00a0\u00a0\u00a0\u00a0\u00a0\u00a0\u00a0\u00a0\u00a0\u00a0\u00a0\u00a0\u00a0\u00a0\u00a0\u00a0\u00a0\u00a0\u00a0\u00a0\u00a0\u00a07 zone industriale<\/li>\n<li>Jude\u021bul Bac\u0103u:\u00a0\u00a0\u00a0\u00a0 \u00a0\u00a0\u00a0\u00a0\u00a0\u00a0\u00a0\u00a0\u00a0\u00a0\u00a0\u00a0\u00a0\u00a0\u00a0\u00a0\u00a0\u00a0\u00a0\u00a0\u00a0\u00a0\u00a0\u00a0\u00a0\u00a0\u00a0\u00a0\u00a0\u00a0\u00a0\u00a0\u00a0\u00a0\u00a0\u00a07 zone industriale<\/li>\n<li>Jude\u021bul Ia\u0219i:\u00a0\u00a0\u00a0\u00a0\u00a0\u00a0\u00a0\u00a0\u00a0\u00a0\u00a0\u00a0\u00a0\u00a0\u00a0\u00a0\u00a0\u00a0\u00a0\u00a0\u00a0\u00a0\u00a0\u00a0\u00a0\u00a0\u00a0\u00a0\u00a0\u00a0\u00a0\u00a0\u00a0\u00a0\u00a0\u00a0\u00a0\u00a0\u00a0\u00a0\u00a0\u00a0\u00a0\u00a0 \u00a06 zone industriale<\/li>\n<li>Jude\u021bele Ilfov, Sibiu, Alba:\u00a0\u00a0\u00a0\u00a0 \u00a0\u00a0\u00a0\u00a0\u00a0\u00a0\u00a0\u00a0\u00a0\u00a0\u00a0\u00a0\u00a0\u00a0\u00a0\u00a0\u00a0 5 zone industriale<\/li>\n<li>Jude\u021bele Timi\u0219, Dolj, Arge\u0219, Mure\u0219:\u00a0\u00a0 \u00a0\u00a0\u00a0\u00a0\u00a0\u00a0 4 zone industriale<\/li>\n<\/ol>\n<p class=\"wp-block-paragraph\">Ca o coinciden\u021b\u0103 extraordinar\u0103, jude\u021bele enumerate mai sus au \u0219i cel mai mare num\u0103r de angaja\u021bi din \u021bar\u0103 , dar \u0219i cel mai mare PIB.<\/p>\n<p class=\"wp-block-paragraph\">\u00cen jude\u021bul Suceava, autorit\u0103\u021bile locale \u00een loc s\u0103 dezvolte zone industriale care s\u0103 ofere locuri de munc\u0103 sucevenilor, se preocup\u0103 de m\u0103rirea capacit\u0103\u021bii aeroportului pentru exportul for\u021bei de munc\u0103 la scar\u0103 industrial\u0103.<\/p>\n<p class=\"wp-block-paragraph\">De ce <strong>Comunismul<\/strong> \u00eenc\u0103 rezist\u0103 la Suceava:<\/p>\n<ol class=\"wp-block-list\">\n<li>Adep\u021bii <strong>Dictaturii controlate <\/strong>au declan\u0219at o lupt\u0103 acerb\u0103 \u00eempotriva mediului de afaceri local (zero preocup\u0103ri pentru dezvoltarea economiei locale)<\/li>\n<li>La 500 metri \u00een spatele Prim\u0103riei Suceava se face agricultur\u0103 intensiv\u0103 pe zeci de hectare \u00een interiorul unei zone reziden\u021biale, de c\u0103tre o filial\u0103 a unei institu\u021bii din Bucure\u0219ti (caz unic pe Planet\u0103); Spitalul Jude\u021bean se sufoc\u0103 din lipsa spa\u021biului (neimportant pentru politicienii suceveni)<\/li>\n<li>\u00cen fiecare campanie electoral\u0103, politicienii suceveni propun dezvoltarea unei zone industriale \u00een zona Termica, \u00een centrul geografic al zonei metropolitane Suceava \u0219i \u00een interiorul unei largi zone reziden\u021biale, la 1 km de Cetatea Sucevei \u0219i Prima Mitropolie a Moldovei, la 1km de Iulius Mall \u0219i de zona de agrement din lunca Sucevei (peste tot \u00een Rom\u00e2nia \u0219i \u00een lume zonele industriale se construiesc la 10-20 km de zona urban\u0103)<\/li>\n<\/ol>\n<p class=\"wp-block-paragraph\">Concluzie: peste 90% dintre tinerii absolven\u021bi de licee \u0219i facult\u0103\u021bi nu pot fi integra\u021bi \u00een economia local\u0103 \u0219i sunt for\u021ba\u021bi s\u0103 migreze intern \u00een alte ora\u0219e mari sau extern \u00een Europa de vest (oricine poate verifica ce posturi \u0219i c\u00e2te posturi sunt disponibile \u00een jude\u021bul Suceava\u2026.rezultatul va fi \u0219ocant pentru oricine)<\/p>\n<p class=\"wp-block-paragraph\">\u00cen jude\u021bul Suceava un absolvent de facultate are \u0219anse probabilistice mai mari s\u0103 c\u00e2\u0219tige la Loto dec\u00e2t s\u0103 \u00ee\u0219i g\u0103seasc\u0103 job pe specializarea lui.<\/p>\n<p class=\"wp-block-paragraph\">P.S. \u00cen momentul \u00een care se va termina \u00een c\u00e2\u021biva ani centura ora\u0219ului Gura Humorului (care va consuma cea mai consistent\u0103 parte a bugetului Consiliului Jude\u021bean \u00een urm\u0103torii ani), fix \u00een acela\u0219i timp se va termina \u0219i autostrada T\u00e2rgu Neam\u021b- T\u00e2rgu Mure\u0219: tot traficul se va muta pe acolo\u2026\u2026\u2026.\u00centre timp, guvernul Bolojan a terminat \u0219i resursele financiare ale rom\u00e2nilor \u0219i apetitul pentru turism, \u00een prezent prin Gura Humorului se circul\u0103 lejer\u2026\u2026<\/p>\n<figure class=\"wp-block-embed is-type-video is-provider-youtube wp-block-embed-youtube wp-embed-aspect-16-9 wp-has-aspect-ratio\">\n<div class=\"wp-block-embed__wrapper\">\n<div class=\"youtube-embed\" data-video_id=\"9lvPGckhaKM\"><iframe loading=\"lazy\" title=\"E nebunie curat\u0103 pe E 85 \u2026 Ziua \u00een care o Femeie a B\u0102(t)UT recordul de alcoolemie la Volan!!\" width=\"696\" height=\"392\" src=\"https:\/\/www.youtube.com\/embed\/9lvPGckhaKM?start=20&amp;feature=oembed\" frameborder allow=\"accelerometer; autoplay; clipboard-write; encrypted-media; gyroscope; picture-in-picture; web-share\" referrerpolicy=\"strict-origin-when-cross-origin\" allowfullscreen><\/iframe><\/div>\n<\/div>\n<\/figure>\n<div class=\"td-a-rec td-a-rec-id-content_bottom  tdi_4 td_block_template_1\"><strong>Intr\u0103 acum \u0219i \u00een grupul de <\/p>\n<div class=\"wp-block-button\"><a class=\"wp-block-button__link wp-element-button\" href=\"https:\/\/t.me\/+TH8wcfnp8fw5NWI0\">Telegram News Bucovina<\/a><\/div>\n<p><\/strong><\/div>\n<\/div>\n<p>[analyse_source url=&#8221;https:\/\/www.newsbucovina.ro\/opinii\/445693\/la-suceava-comunismul-inca-rezista-de-dr-adrian-botezatu&#8221;]<\/p>\n","protected":false},"excerpt":{"rendered":"<p>[analyse_image type=&#8221;featured&#8221; src=&#8221;https:\/\/www.newsbucovina.ro\/wp-content\/uploads\/2026\/08\/WhatsApp-Image-2026-08-05-at-09.24.40.jpeghttps:\/\/cdn.newsbucovina.ro\/wp-content\/uploads\/2026\/08\/WhatsApp-Image-2026-08-05-at-09.24.40.jpeg&#8221;] Intr\u0103 acum \u0219i \u00een grupul de Telegram News Bucovina \u00a0De mai bine de trei decenii , autorit\u0103\u021bile sucevene lupt\u0103 \u00eempotriva capitalismului: nici mari investi\u021bii nu au atras , nici nu au \u00eencurajat antreprenorii locali. Toate platformele industriale au fost distruse sub privirile politicienilor locali, f\u0103r\u0103 a se construi nimic \u00een loc: mai [&hellip;]<\/p>\n","protected":false},"author":1,"featured_media":0,"comment_status":"open","ping_status":"","sticky":false,"template":"","format":"standard","meta":{"footnotes":""},"categories":[89],"tags":[226,165],"class_list":["post-2078661","post","type-post","status-publish","format-standard","hentry","category-romania","tag-crawlmanager","tag-newsbucovina-ro"],"_links":{"self":[{"href":"https:\/\/analyse.optim.biz\/index.php?rest_route=\/wp\/v2\/posts\/2078661","targetHints":{"allow":["GET"]}}],"collection":[{"href":"https:\/\/analyse.optim.biz\/index.php?rest_route=\/wp\/v2\/posts"}],"about":[{"href":"https:\/\/analyse.optim.biz\/index.php?rest_route=\/wp\/v2\/types\/post"}],"author":[{"embeddable":true,"href":"https:\/\/analyse.optim.biz\/index.php?rest_route=\/wp\/v2\/users\/1"}],"replies":[{"embeddable":true,"href":"https:\/\/analyse.optim.biz\/index.php?rest_route=%2Fwp%2Fv2%2Fcomments&post=2078661"}],"version-history":[{"count":0,"href":"https:\/\/analyse.optim.biz\/index.php?rest_route=\/wp\/v2\/posts\/2078661\/revisions"}],"wp:attachment":[{"href":"https:\/\/analyse.optim.biz\/index.php?rest_route=%2Fwp%2Fv2%2Fmedia&parent=2078661"}],"wp:term":[{"taxonomy":"category","embeddable":true,"href":"https:\/\/analyse.optim.biz\/index.php?rest_route=%2Fwp%2Fv2%2Fcategories&post=2078661"},{"taxonomy":"post_tag","embeddable":true,"href":"https:\/\/analyse.optim.biz\/index.php?rest_route=%2Fwp%2Fv2%2Ftags&post=2078661"}],"curies":[{"name":"wp","href":"https:\/\/api.w.org\/{rel}","templated":true}]}}