{"id":2078660,"date":"2026-08-05T12:13:32","date_gmt":"2026-08-05T09:13:32","guid":{"rendered":"https:\/\/analyse.optim.biz\/?p=2078660"},"modified":"2026-08-05T12:13:32","modified_gmt":"2026-08-05T09:13:32","slug":"un-dezaxat-din-radauti-arestat-preventiv-dupa-ce-a-violat-minori-si-i-a-filmat-in-ipostaze-intime-stiri","status":"publish","type":"post","link":"https:\/\/analyse.optim.biz\/?p=2078660","title":{"rendered":"Un dezaxat din R\u0103d\u0103u\u021bi, arestat preventiv dup\u0103 ce a violat minori \u0219i i-a filmat \u00een ipostaze intime &#8211; Stiri"},"content":{"rendered":"<p>[analyse_image type=&#8221;featured&#8221; src=&#8221;https:\/\/www.informatiata.ro\/wp-content\/uploads\/2026\/08\/perchezitie-1024&#215;638.jpg&#8221;]<\/p>\n<div class=\"td-post-content tagdiv-type\">\n<div class=\"td-post-featured-image\"><a href=\"https:\/\/www.informatiata.ro\/wp-content\/uploads\/2026\/08\/perchezitie-scaled.jpg\" data-caption><img loading=\"lazy\" decoding=\"async\" width=\"696\" height=\"434\" class=\"entry-thumb td-modal-image\" src=\"https:\/\/www.informatiata.ro\/wp-content\/uploads\/2026\/08\/perchezitie-696x434.jpg\" alt title=\"perchezitie\"><img loading=\"lazy\" decoding=\"async\" width=\"696\" height=\"434\" class=\"entry-thumb td-modal-image\" src=\"https:\/\/www.informatiata.ro\/wp-content\/uploads\/2026\/08\/perchezitie-696x434.jpg\" alt title=\"perchezitie\"><\/a><\/div>\n<p>Un dezaxat din R\u0103d\u0103u\u021bi a fost arestat preventiv dup\u0103 ce a violat minori \u0219i i-a filmat \u00een ipostaze intime. <\/p>\n<p>Poli\u021bi\u0219tii Brig\u0103zii de Combatere a Criminalit\u0103\u021bii Organizate Suceava, \u00eempreun\u0103 cu procurorii Direc\u021biei de Investigare a Infrac\u021biunilor de Criminalitate Organizat\u0103 \u0219i Terorism \u2013 Serviciul Teritorial Suceava, au documentat activitatea infrac\u021bional\u0103 a unui b\u0103rbat, de 44 de ani, cercetat pentru s\u0103v\u00e2r\u0219irea infrac\u021biunilor de agresiunea sexual\u0103 s\u0103v\u00e2r\u0219it\u0103 asupra unui minor, pornografie infantil\u0103, trafic de minori, viol s\u0103v\u00e2r\u0219it asupra unui minor \u0219i determinarea sau \u00eenlesnirea \u00eentre\u021binerii de acte sexuale sau de natur\u0103 sexual\u0103 \u00eentre minori.<\/p>\n<div class=\"td-a-rec td-a-rec-id-content_inlineright  tdi_7 td_block_template_1\"><img loading=\"lazy\" decoding=\"async\" class=\"aligncenter size-full wp-image-65755\" src=\"https:\/\/www.informatiata.ro\/wp-content\/uploads\/2026\/08\/FACOS-3-2.gif\" alt width=\"300\" height=\"250\"><img loading=\"lazy\" decoding=\"async\" class=\"aligncenter size-full wp-image-65755\" src=\"https:\/\/www.informatiata.ro\/wp-content\/uploads\/2026\/08\/FACOS-3-2.gif\" alt width=\"300\" height=\"250\"><img loading=\"lazy\" decoding=\"async\" class=\"aligncenter size-full wp-image-65754\" src=\"https:\/\/www.informatiata.ro\/wp-content\/uploads\/2026\/08\/SAVCOM-4-3.gif\" alt width=\"299\" height=\"250\"><img loading=\"lazy\" decoding=\"async\" class=\"aligncenter size-full wp-image-65754\" src=\"https:\/\/www.informatiata.ro\/wp-content\/uploads\/2026\/08\/SAVCOM-4-3.gif\" alt width=\"299\" height=\"250\"><\/div>\n<p>Din probele administrate a reie\u0219it faptul c\u0103, \u00een perioada iunie 2026 \u2013 iulie 2026, la diferite date, profit\u00e2nd de imposibilitatea de a se ap\u0103ra sau de a-\u0219i exprima voin\u021ba, dar \u0219i de starea de v\u0103dit\u0103 vulnerabilitate a 4 victime minore, cu v\u00e2rste \u00eentre 5 \u0219i 16 ani, le-ar fi obligat la manifest\u0103ri pornografice \u00een vederea producerii \u015fi difuz\u0103rii de astfel de materiale, context \u00een care ar fi produs, ar fi de\u021binut \u0219i stocat cu ajutorul telefonului mobil materiale pornografice cu minori.<\/p>\n<p>De asemenea, \u00een acela\u0219i interval de timp, abuz\u00e2nd de pozi\u021bia recunoscut\u0103 de \u00eencredere sau de autoritate asupra a 5 victime minore, cu v\u00e2rste de 5, 7, 10, 15  \u0219i 16 ani, dar \u0219i de situa\u0163ia de v\u0103dit\u0103 vulnerabilitate a acestora (familii dezorganizate \u0219i situa\u021bie material\u0103 precar\u0103), cel \u00een cauz\u0103 ar fi \u00eentre\u021binut acte sexuale cu acestea.<\/p>\n<p>Cercet\u0103rile au stabilit \u0219i faptul c\u0103, \u00een luna iulie 2026, b\u0103rbatul ar fi determinat dou\u0103 persoane v\u0103t\u0103mate minore (cu v\u00e2rste de 5 \u0219i 7 ani), membre ale aceleia\u0219i familii, fra\u021bi, s\u0103 comit\u0103 \u00eentre ei acte de natur\u0103 sexual\u0103. Totodat\u0103, acesta ar fi \u00eenregistrat cu telefonul mobil ac\u021biunile victimelor.<\/p>\n<p>Actele de urm\u0103rire penal\u0103 au ar\u0103tat \u0219i faptul c\u0103, pe parcursul lunii iunie 2026, \u00een mod repetat, ar fi atins cu m\u00e2inile \u00een zonele intime o persoan\u0103 v\u0103t\u0103mat\u0103, de 8 ani.<\/p>\n<p>Pe parcursul perchezi\u021biei domiciliare efectuate la locuin\u021ba acestuia, \u00een municipiul R\u0103d\u0103u\u021bi, au fost descoperite \u0219i ridicate dispozitive de stocare a datelor. <\/p>\n<p>La data de 3 august 2026, procurorii Direc\u021biei de Investigare a Infrac\u021biunilor de Criminalitate Organizat\u0103 \u0219i Terorism \u2013 Serviciul Teritorial Suceava au dispus re\u021binerea b\u0103rbatului de 44 de ani.<\/p>\n<p>La data de 4 august 2026, judec\u0103torul de drepturi \u015fi libert\u0103\u0163i din cadrul Tribunalului Suceava a dispus arestarea preventiv\u0103 a acestuia, pentru 30 de zile.<\/p>\n<p>Ac\u021biunea a beneficiat de sprijinul poli\u021bi\u0219tilor Inspectoratului de Poli\u021bie Jude\u021bean Suceava \u0219i jandarmilor Inspectoratului de Jandarmi Jude\u021bean Suceava.<\/p>\n<div class=\"td-a-rec td-a-rec-id-content_bottom  td-rec-hide-on-m tdi_8 td_block_template_1\"><img loading=\"lazy\" decoding=\"async\" class=\"aligncenter size-full wp-image-65603\" src=\"https:\/\/www.informatiata.ro\/wp-content\/uploads\/2026\/07\/SAVCOM-19.gif\" alt width=\"299\" height=\"250\"><img loading=\"lazy\" decoding=\"async\" class=\"aligncenter size-full wp-image-65603\" src=\"https:\/\/www.informatiata.ro\/wp-content\/uploads\/2026\/07\/SAVCOM-19.gif\" alt width=\"299\" height=\"250\"><img loading=\"lazy\" decoding=\"async\" class=\"aligncenter size-full wp-image-65604\" src=\"https:\/\/www.informatiata.ro\/wp-content\/uploads\/2026\/07\/FACOS-16.gif\" alt width=\"300\" height=\"250\"><img loading=\"lazy\" decoding=\"async\" class=\"aligncenter size-full wp-image-65604\" src=\"https:\/\/www.informatiata.ro\/wp-content\/uploads\/2026\/07\/FACOS-16.gif\" alt width=\"300\" height=\"250\"><\/div>\n<\/div>\n<p>[analyse_source url=&#8221;https:\/\/www.informatiata.ro\/dezaxat-din-radauti-arestat-pt-viol-minori\/&#8221;]<\/p>\n","protected":false},"excerpt":{"rendered":"<p>[analyse_image type=&#8221;featured&#8221; src=&#8221;https:\/\/www.informatiata.ro\/wp-content\/uploads\/2026\/08\/perchezitie-1024&#215;638.jpg&#8221;] Un dezaxat din R\u0103d\u0103u\u021bi a fost arestat preventiv dup\u0103 ce a violat minori \u0219i i-a filmat \u00een ipostaze intime. Poli\u021bi\u0219tii Brig\u0103zii de Combatere a Criminalit\u0103\u021bii Organizate Suceava, \u00eempreun\u0103 cu procurorii Direc\u021biei de Investigare a Infrac\u021biunilor de Criminalitate Organizat\u0103 \u0219i Terorism \u2013 Serviciul Teritorial Suceava, au documentat activitatea infrac\u021bional\u0103 a unui b\u0103rbat, de [&hellip;]<\/p>\n","protected":false},"author":1,"featured_media":0,"comment_status":"open","ping_status":"","sticky":false,"template":"","format":"standard","meta":{"footnotes":""},"categories":[89],"tags":[226,167],"class_list":["post-2078660","post","type-post","status-publish","format-standard","hentry","category-romania","tag-crawlmanager","tag-informatiata-ro"],"_links":{"self":[{"href":"https:\/\/analyse.optim.biz\/index.php?rest_route=\/wp\/v2\/posts\/2078660","targetHints":{"allow":["GET"]}}],"collection":[{"href":"https:\/\/analyse.optim.biz\/index.php?rest_route=\/wp\/v2\/posts"}],"about":[{"href":"https:\/\/analyse.optim.biz\/index.php?rest_route=\/wp\/v2\/types\/post"}],"author":[{"embeddable":true,"href":"https:\/\/analyse.optim.biz\/index.php?rest_route=\/wp\/v2\/users\/1"}],"replies":[{"embeddable":true,"href":"https:\/\/analyse.optim.biz\/index.php?rest_route=%2Fwp%2Fv2%2Fcomments&post=2078660"}],"version-history":[{"count":0,"href":"https:\/\/analyse.optim.biz\/index.php?rest_route=\/wp\/v2\/posts\/2078660\/revisions"}],"wp:attachment":[{"href":"https:\/\/analyse.optim.biz\/index.php?rest_route=%2Fwp%2Fv2%2Fmedia&parent=2078660"}],"wp:term":[{"taxonomy":"category","embeddable":true,"href":"https:\/\/analyse.optim.biz\/index.php?rest_route=%2Fwp%2Fv2%2Fcategories&post=2078660"},{"taxonomy":"post_tag","embeddable":true,"href":"https:\/\/analyse.optim.biz\/index.php?rest_route=%2Fwp%2Fv2%2Ftags&post=2078660"}],"curies":[{"name":"wp","href":"https:\/\/api.w.org\/{rel}","templated":true}]}}