{"id":2078425,"date":"2026-08-03T00:00:00","date_gmt":"2026-08-02T21:00:00","guid":{"rendered":"https:\/\/analyse.optim.biz\/?p=2078425"},"modified":"2026-08-03T00:00:00","modified_gmt":"2026-08-02T21:00:00","slug":"primul-volkswagen-gti-100-electric-ajunge-in-atentia-romanilor-ce-aduce-noul-id-polo-gti-si-cand-va-putea-fi-comandat","status":"publish","type":"post","link":"https:\/\/analyse.optim.biz\/?p=2078425","title":{"rendered":"Primul Volkswagen GTI 100% electric ajunge \u00een aten\u021bia rom\u00e2nilor. Ce aduce noul ID. Polo GTI \u0219i c\u00e2nd va putea fi comandat"},"content":{"rendered":"<p>[analyse_image type=&#8221;featured&#8221; src=&#8221;https:\/\/zdvi.cname.ro\/_\/primul-volkswagen-gti-100-electric-ajunge-in-atentia-romanilor.-ce-aduce-noul-id.-polo-gti-si-cand-va-putea-fi-comandat\/mediaPool\/uMeu8TI.jpg&#8221;]<\/p>\n<div class=\"main-content detaliu-articol\"><a class=\"titlu-cat-list\" href=\"https:\/\/ziaruldevrancea.ro\/promo\/auto\">Auto<\/a><\/p>\n<h1>Primul Volkswagen GTI 100% electric ajunge \u00een aten\u021bia rom\u00e2nilor. Ce aduce noul ID. Polo GTI \u0219i c\u00e2nd va putea fi comandat<\/h1>\n<div class=\"date-articol clearfix\">\n<div class=\"distribuie-articol dropdown\">\n    Distribuie: \u00a0<br \/>\n    <em>|<\/em><\/div>\n<div class=\"autor-articol\"><a href=\"https:\/\/ziaruldevrancea.ro\/autor\/eduard-dascalu\/\"><img decoding=\"async\" class=\"img-circle\" src=\"https:\/\/zdvi.cname.ro\/50_50\/articleAuthor\/eduard-dascalu\/articleAuthor\/uMGQuqd.jpeg\" alt><\/a><\/p>\n<h5><a href=\"https:\/\/ziaruldevrancea.ro\/autor\/eduard-dascalu\/\">Eduard Dasc\u0103lu<\/a><\/h5>\n<div class=\"grup-spatiere\"><span class=\"cu-spatiere\"> 3 aug 2026<\/span><span class=\"cu-spatiere\">387 vizualiz\u0103ri<\/span><\/div>\n<\/div>\n<\/div>\n<div class=\"poza-mare\">\n<div class=\"poza-mare galerie-detaliu\">\n<div id=\"carousel-poza-mare\" class=\"carousel slide carusel-poza\" data-ride=\"carousel\" data-interval=\"0\">\n<div class=\"carousel-inner\" role=\"listbox\">\n<div class=\"item imagine-carusel active\"><a href class=\"openGallery\"><img decoding=\"async\" class=\"img-responsive\" src=\"https:\/\/zdvi.cname.ro\/850_530\/primul-volkswagen-gti-100-electric-ajunge-in-atentia-romanilor.-ce-aduce-noul-id.-polo-gti-si-cand-va-putea-fi-comandat\/article\/mediaPool\/uMeu8TI.jpg\" alt><\/a><\/div>\n<div class=\"item imagine-carusel \"><a href class=\"openGallery\"><img decoding=\"async\" class=\"img-responsive\" src=\"https:\/\/zdvi.cname.ro\/850_530\/primul-volkswagen-gti-100-electric-ajunge-in-atentia-romanilor.-ce-aduce-noul-id.-polo-gti-si-cand-va-putea-fi-comandat\/article\/mediaPool\/uUvXj8Z.jpg\" alt><\/a><\/div>\n<div class=\"item imagine-carusel \"><a href class=\"openGallery\"><img decoding=\"async\" class=\"img-responsive\" src=\"https:\/\/zdvi.cname.ro\/850_530\/primul-volkswagen-gti-100-electric-ajunge-in-atentia-romanilor.-ce-aduce-noul-id.-polo-gti-si-cand-va-putea-fi-comandat\/article\/mediaPool\/uAIxx3e.jpg\" alt><\/a><\/div>\n<div class=\"item imagine-carusel \"><a href class=\"openGallery\"><img decoding=\"async\" class=\"img-responsive\" src=\"https:\/\/zdvi.cname.ro\/850_530\/primul-volkswagen-gti-100-electric-ajunge-in-atentia-romanilor.-ce-aduce-noul-id.-polo-gti-si-cand-va-putea-fi-comandat\/article\/mediaPool\/uMavNYt.jpg\" alt><\/a><\/div>\n<\/div>\n<\/div>\n<div id=\"carousel-poze-mici\" class=\"carousel slide carusel-mici\" data-ride=\"carousel\" data-interval=\"0\">\n<div class=\"carousel-inner\" role=\"listbox\">\n<div class=\"item active\">\n<ul class=\"navigare-carusel-imagini\">\n<li data-target=\"#carousel-poza-mare\" data-slide-to=\"0\"><img decoding=\"async\" class=\"img-responsive\" src=\"https:\/\/zdvi.cname.ro\/_90\/primul-volkswagen-gti-100-electric-ajunge-in-atentia-romanilor.-ce-aduce-noul-id.-polo-gti-si-cand-va-putea-fi-comandat\/article\/mediaPool\/uMeu8TI.jpg\" alt><\/li>\n<li data-target=\"#carousel-poza-mare\" data-slide-to=\"1\"><img decoding=\"async\" class=\"img-responsive\" src=\"https:\/\/zdvi.cname.ro\/_90\/primul-volkswagen-gti-100-electric-ajunge-in-atentia-romanilor.-ce-aduce-noul-id.-polo-gti-si-cand-va-putea-fi-comandat\/article\/mediaPool\/uUvXj8Z.jpg\" alt><\/li>\n<li data-target=\"#carousel-poza-mare\" data-slide-to=\"2\"><img decoding=\"async\" class=\"img-responsive\" src=\"https:\/\/zdvi.cname.ro\/_90\/primul-volkswagen-gti-100-electric-ajunge-in-atentia-romanilor.-ce-aduce-noul-id.-polo-gti-si-cand-va-putea-fi-comandat\/article\/mediaPool\/uAIxx3e.jpg\" alt><\/li>\n<li data-target=\"#carousel-poza-mare\" data-slide-to=\"3\"><img decoding=\"async\" class=\"img-responsive\" src=\"https:\/\/zdvi.cname.ro\/_90\/primul-volkswagen-gti-100-electric-ajunge-in-atentia-romanilor.-ce-aduce-noul-id.-polo-gti-si-cand-va-putea-fi-comandat\/article\/mediaPool\/uMavNYt.jpg\" alt><\/li>\n<\/ul>\n<\/div>\n<\/div>\n<\/div>\n<\/div>\n<\/div>\n<p><strong>\u0218i pentru \u0219oferii din Vrancea pasiona\u021bi de automobile sportive, noul Volkswagen ID. Polo GTI marcheaz\u0103 \u00eenceputul unei noi ere. Primul GTI complet electric promite performan\u021be, tehnologie de ultim\u0103 genera\u021bie \u0219i autonomie de peste 420 de kilometri, p\u0103str\u00e2nd spiritul legendar al gamei GTI.<\/strong><\/p>\n<p><strong>Primul Volkswagen GTI 100% electric ajunge \u00een aten\u021bia rom\u00e2nilor. Ce aduce noul ID. Polo GTI \u0219i c\u00e2nd va putea fi comandat<\/strong><\/p>\n<p>Volkswagen deschide un nou capitol \u00een istoria unuia dintre cele mai cunoscute modele sportive compacte din lume. Dup\u0103 aproape cinci decenii \u00een care emblema GTI a fost asociat\u0103 cu motoarele pe benzin\u0103 \u0219i cu pl\u0103cerea de a conduce, constructorul german lanseaz\u0103 primul GTI complet electric \u2013 noul <strong>Volkswagen ID. Polo GTI<\/strong>.<\/p>\n<p>Modelul a fost prezentat \u00een premier\u0103 mondial\u0103 pe circuitul N\u00fcrburgring, \u00een cadrul celebrului weekend al cursei de 24 de ore, iar publicul din Rom\u00e2nia \u00eel poate vedea \u00een avanpremier\u0103 \u00een cadrul unei expozi\u021bii organizate la B\u0103neasa Shopping City. Totodat\u0103, automobilul poate fi deja rezervat pe pia\u021ba rom\u00e2neasc\u0103.<\/p>\n<p>Pentru pasiona\u021bii de automobile din jude\u021bul Vrancea \u0219i din \u00eentreaga regiune, lansarea marcheaz\u0103 unul dintre cele mai importante momente din transformarea gamei Volkswagen c\u0103tre mobilitatea electric\u0103.<\/p>\n<p><strong>Un GTI care p\u0103streaz\u0103 identitatea sportiv\u0103<\/strong><\/p>\n<p>De\u0219i utilizeaz\u0103 o platform\u0103 electric\u0103, noul ID. Polo GTI p\u0103streaz\u0103 numeroase elemente care au consacrat familia GTI.<\/p>\n<p>Linia ro\u0219ie frontal\u0103, logo-ul GTI, farurile IQ.LIGHT LED Matrix, jantele standard de 19 inci \u0219i propor\u021biile compacte trimit imediat la tradi\u021bia modelelor sportive Volkswagen. \u00cen acela\u0219i timp, noul limbaj de design ofer\u0103 o imagine modern\u0103 \u0219i aerodinamic\u0103.<\/p>\n<p><strong>Mai mult spa\u021biu \u00eentr-un automobil compact<\/strong><\/p>\n<p>Noua platform\u0103 electric\u0103 MEB+ permite o utilizare mai eficient\u0103 a spa\u021biului interior.<\/p>\n<p>La o lungime de pu\u021bin peste patru metri (4.096 mm), ID. Polo GTI ofer\u0103 un habitaclu mai generos dec\u00e2t actualul Polo GTI cu motor termic.<\/p>\n<p>Portbagajul are un volum de 441 litri, care poate ajunge la 1.240 litri prin rabatarea banchetei, ceea ce \u00eel transform\u0103 \u00eentr-un automobil potrivit at\u00e2t pentru utilizarea zilnic\u0103, c\u00e2t \u0219i pentru c\u0103l\u0103torii.<\/p>\n<p><strong>226 CP \u0219i accelera\u021bie de hot hatch<\/strong><\/p>\n<p>Sub caroserie se afl\u0103 un motor electric care dezvolt\u0103 <strong>166 kW (226 CP)<\/strong> \u0219i un cuplu maxim de <strong>290 Nm<\/strong>, disponibil aproape instantaneu.<\/p>\n<p>Constructorul anun\u021b\u0103 o accelera\u021bie de la <strong>0 la 100 km\/h \u00een 6,8 secunde<\/strong>, performan\u021b\u0103 care \u00eel plaseaz\u0103 \u00een categoria hatchback-urilor sportive.<\/p>\n<p>Pentru a p\u0103stra caracterul GTI, modelul utilizeaz\u0103 trac\u021biune fa\u021b\u0103, suspensie adaptiv\u0103 DCC, direc\u021bie progresiv\u0103 \u0219i diferen\u021bial fa\u021b\u0103 controlat electronic.<\/p>\n<p>Prin ap\u0103sarea butonului dedicat GTI de pe volan, \u0219oferul poate activa un mod de rulare sport care modific\u0103 r\u0103spunsul motorului, direc\u021bia, suspensia \u0219i grafica instrumentarului digital.<\/p>\n<p><strong>P\u00e2n\u0103 la 424 kilometri autonomie<\/strong><\/p>\n<p>Dincolo de performan\u021be, Volkswagen pune accent \u0219i pe utilizarea zilnic\u0103.<\/p>\n<p>Bateria cu o capacitate de <strong>52 kWh<\/strong> ofer\u0103 o autonomie estimat\u0103 de p\u00e2n\u0103 la <strong>424 km (WLTP)<\/strong>.<\/p>\n<p>\u00cenc\u0103rcarea rapid\u0103 \u00een curent continuu, la o putere de p\u00e2n\u0103 la <strong>105 kW<\/strong>, permite alimentarea bateriei de la 10% la 80% \u00een aproximativ <strong>24 de minute<\/strong>.<\/p>\n<p>Modelul poate tracta remorci de p\u00e2n\u0103 la 1,2 tone \u0219i permite transportul a dou\u0103 biciclete electrice pe suportul posterior.<\/p>\n<p><strong>Tehnologie de ultim\u0103 genera\u021bie<\/strong><\/p>\n<p>ID. Polo GTI vine echipat cu numeroase sisteme moderne de asisten\u021b\u0103:<\/p>\n<ul>\n<li>Adaptive Cruise Control;<\/li>\n<li>Front Assist;<\/li>\n<li>Lane Assist;<\/li>\n<li>Side Assist;<\/li>\n<li>Rear Traffic Alert;<\/li>\n<li>Emergency Assist;<\/li>\n<li>Car2X;<\/li>\n<li>Eco Assist;<\/li>\n<li>Park Assist Plus \u0219i Park Assist Pro;<\/li>\n<li>camere Area View 360\u00b0;<\/li>\n<li>func\u021bia One Pedal Driving.<\/li>\n<\/ul>\n<p>La acestea se adaug\u0103 noul sistem Connected Travel Assist, care poate utiliza date online pentru asistarea conducerii \u0219i poate recunoa\u0219te inclusiv semafoarele, adapt\u00e2nd automat deplasarea automobilului \u00een limitele sistemului.<\/p>\n<p><strong>Interior inspirat din modelele clasice GTI<\/strong><\/p>\n<p>Habitaclul combin\u0103 tehnologia digital\u0103 cu elemente inspirate din istoria GTI.<\/p>\n<p>Volanul sport beneficiaz\u0103 din nou de butoane fizice, cus\u0103turi ro\u0219ii \u0219i marcaj central, iar scaunele Top Sport reinterpreteaz\u0103 celebrul model textil tartan.<\/p>\n<p>Instrumentarul digital poate afi\u0219a inclusiv un mod &#8220;Retro&#8221;, inspirat de primul Golf GTI, iar sistemul multimedia include elemente grafice care amintesc de casetele audio din anii &#8217;80.<\/p>\n<p><strong>Dot\u0103ri premium<\/strong><\/p>\n<p>Volkswagen echipeaz\u0103 modelul cu tehnologii \u00eent\u00e2lnite, de regul\u0103, pe automobile din segmente superioare:<\/p>\n<ul>\n<li>ecran multimedia de 12,9 inci;<\/li>\n<li>asistent vocal IDA cu integrare ChatGPT;<\/li>\n<li>sistem audio Harman Kardon cu 10 difuzoare;<\/li>\n<li>plafon panoramic;<\/li>\n<li>scaune electrice cu func\u021bie de masaj;<\/li>\n<li>anvelope Bridgestone Potenza Sport dezvoltate special pentru acest model.<\/li>\n<\/ul>\n<p><strong>Disponibil din aceast\u0103 toamn\u0103<\/strong><\/p>\n<p>Potrivit informa\u021biilor comunicate de Volkswagen Rom\u00e2nia, noul <strong>ID. Polo GTI<\/strong> va fi disponibil \u00eencep\u00e2nd din aceast\u0103 toamn\u0103.<\/p>\n<p>Pre\u021bul de pornire anun\u021bat pentru pia\u021ba german\u0103 este de <strong>pu\u021bin sub 39.000 de euro<\/strong>, urm\u00e2nd ca valorile finale \u0219i echip\u0103rile disponibile \u00een Rom\u00e2nia s\u0103 fie stabilite \u00een func\u021bie de configura\u021bia aleas\u0103.<\/p>\n<p>Reprezentan\u021bii companiei precizeaz\u0103 c\u0103 autonomia, pre\u021burile \u0219i dot\u0103rile pot varia \u00een func\u021bie de pia\u021b\u0103 \u0219i de versiunea configurat\u0103.<\/p>\n<p><strong>Sursa:<\/strong> Comunicat de pres\u0103 Volkswagen Rom\u00e2nia \/ Scorpion<\/p>\n<p><strong>Eduard Dasc\u0103lu<\/strong><\/p>\n<p><strong>Citi\u021bi \u00een documentul ata\u0219at \u0219i con\u021binutul integral al comunicatului de pres\u0103 transmis de\u00a0Volkswagen Rom\u00e2nia \/ Scorpion\u200b redac\u021biei cotidianului nostru \u00een leg\u0103tur\u0103 cu acest articol<\/strong><\/p>\n<hr>\n<p> Fisiere atasate<\/p>\n<ul class=\"list-group\">\n<li><a target=\"_blank\" href=\"https:\/\/zdvi.cname.ro\/static\/data\/mediaPool\/uvOtIBZ.docx\">Comunicat de presa &#8211; 10 motive s\u0103-\u021bi dore\u0219ti primul GTI 100% electric.docx<\/a><\/li>\n<\/ul>\n<div class=\"bloc-widget widget-rosu\">\n<p>\u00cen lipsa unui acord scris din partea Ziarului de Vrancea, pute\u0163i prelua maxim 500 de caractere din acest articol dac\u0103 preciza\u0163i sursa \u015fi insera\u0163i vizibil link-ul articolului:\u00a0<span>#insertcurrentlinkhere<\/span><\/p>\n<\/div>\n<div class=\"extra-articol listing-anunturi\">\n<h6>Anun\u021buri <span class=\"text-primary\">ZdV<\/span> Premium<\/h6>\n<div class=\"row\">\n<div class=\"col-lg-4 col-md-6 bloc-egal\"><a class=\"card-anunt\" href=\"https:\/\/ziaruldevrancea.ro\/anunturi\/angajari\/oferte-angajari\/angajare-anunt-72830\"><strong class=\"titlu\">Oferte<\/strong><span class=\"text-anunt\">ECOSISTEM SRL cu sediul in localitatea Jorasti,&#8230;<\/span><span class=\"data-anunt\">05.08.2026  <\/span><\/a><\/div>\n<div class=\"col-lg-4 col-md-6 bloc-egal\"><a class=\"card-anunt\" href=\"https:\/\/ziaruldevrancea.ro\/anunturi\/altele\/servicii\/caut-o-persoana-sau-o-familie-pentru-ingrijirea-unei-batrane\"><strong class=\"titlu\">Servicii<\/strong><span class=\"text-anunt\">Caut o persoan\u0103\u00a0sau o familie serioas\u0103&#8230;<\/span><span class=\"data-anunt\">04.08.2026  <\/span><\/a><\/div>\n<div class=\"col-lg-4 col-md-6 bloc-egal\"><a class=\"card-anunt\" href=\"https:\/\/ziaruldevrancea.ro\/anunturi\/imobiliare\/vanzari-ap-2-camere\/vand-apartament-2-camere-in-focsani-anunt-72825\"><strong class=\"titlu\">V\u00e2nz\u0103ri ap 2 camere<\/strong><span class=\"text-anunt\">V\u00e2nd apartament 2 camere, hol p\u0103trat,&#8230;<\/span><span class=\"data-anunt\">04.08.2026  <\/span><\/a><\/div>\n<\/div>\n<\/div>\n<div class=\"extra-articol alte-articole\">\n<div class=\"row\">\n<div class=\"col-lg-6 bloc-egal\">\n<div class=\"card articol-listing\">\n<h6>\u00cen categoria <a href=\"https:\/\/ziaruldevrancea.ro\/promo\/auto\">Auto<\/a><\/h6>\n<div class=\"grup-articol-listing\">\n<div class=\"cont-pils\"><a href=\"https:\/\/ziaruldevrancea.ro\/promo\/auto\/foto-vrancea-la-un-drum-de-experienta-suzuki-ride-test-hayabusa-si-intreaga-gama-suzuki-pot-fi-testate-la-evyan-moto-hub-suceava\"><img decoding=\"async\" src=\"https:\/\/zdvi.cname.ro\/180_135\/promo\/auto\/foto-vrancea-la-un-drum-de-experienta-suzuki-ride-test-hayabusa-si-intreaga-gama-suzuki-pot-fi-testate-la-evyan-moto-hub-suceava\/mediaPool\/udqWYNR.jpg\" class=\"img-responsive img-180\" alt><\/a><\/div>\n<h2><a class=\"link-titlu\" href=\"https:\/\/ziaruldevrancea.ro\/promo\/auto\/foto-vrancea-la-un-drum-de-experienta-suzuki-ride-test-hayabusa-si-intreaga-gama-suzuki-pot-fi-testate-la-evyan-moto-hub-suceava\">Foto | Vrancea, la un drum de experien\u021ba Suzuki Ride Test: Hayabusa \u0219i \u00eentreaga gam\u0103 Suzuki pot fi testate la EVYAN Moto Hub Suceava<\/a><\/h2>\n<div class=\"date-post\"><a href=\"https:\/\/ziaruldevrancea.ro\/autor\/eduard-dascalu\">Eduard Dasc\u0103lu<\/a>, 22 iul 2026  <\/div>\n<\/div>\n<div class=\"grup-articol-listing\">\n<div class=\"cont-pils\"><a href=\"https:\/\/ziaruldevrancea.ro\/promo\/auto\/vrancea-schimba-liderul-pietei-auto\"><img decoding=\"async\" src=\"https:\/\/zdvi.cname.ro\/180_135\/promo\/auto\/vrancea-schimba-liderul-pietei-auto\/mediaPool\/uvmGxL2.jpg\" class=\"img-responsive img-180\" alt><\/a><\/div>\n<h2><a class=\"link-titlu\" href=\"https:\/\/ziaruldevrancea.ro\/promo\/auto\/vrancea-schimba-liderul-pietei-auto\">Vrancea schimb\u0103 liderul pie\u021bei auto<\/a><\/h2>\n<div class=\"date-post\"><a href=\"https:\/\/ziaruldevrancea.ro\/autor\/eduard-popescu\">Eduard Popescu<\/a>, 22 iul 2026  <\/div>\n<\/div>\n<div class=\"grup-articol-listing\">\n<div class=\"cont-pils\"><a href=\"https:\/\/ziaruldevrancea.ro\/promo\/auto\/avertisment-si-pentru-soferii-din-vrancea\"><img decoding=\"async\" src=\"https:\/\/zdvi.cname.ro\/180_135\/promo\/auto\/avertisment-si-pentru-soferii-din-vrancea\/mediaPool\/uukFlNg.jpg\" class=\"img-responsive img-180\" alt><\/a><\/div>\n<h2><a class=\"link-titlu\" href=\"https:\/\/ziaruldevrancea.ro\/promo\/auto\/avertisment-si-pentru-soferii-din-vrancea\">Avertisment \u0219i pentru \u0219oferii din Vrancea<\/a><\/h2>\n<div class=\"date-post\"><a href=\"https:\/\/ziaruldevrancea.ro\/autor\/eduard-popescu\">Eduard Popescu<\/a>, 11 iul 2026  <\/div>\n<\/div>\n<\/div>\n<\/div>\n<div class=\"col-lg-6 bloc-egal\">\n<div class=\"card articol-listing\">\n<h6>De acela\u0219i <a href=\"https:\/\/ziaruldevrancea.ro\/autor\/eduard-dascalu\/\">autor<\/a><\/h6>\n<div class=\"grup-articol-listing\">\n<div class=\"cont-pils\"><a href=\"https:\/\/ziaruldevrancea.ro\/special\/sport\/vrancea-la-un-pas-de-podiumul-european-la-sah-darius-cristian-pana-incheie-neinvins-campionatul-european-pe-echipe-u12\"><img decoding=\"async\" src=\"https:\/\/zdvi.cname.ro\/180_135\/special\/sport\/vrancea-la-un-pas-de-podiumul-european-la-sah-darius-cristian-pana-incheie-neinvins-campionatul-european-pe-echipe-u12\/mediaPool\/un6118b.jpg\" class=\"img-responsive img-180\" alt><\/a><\/div>\n<h2><a class=\"link-titlu\" href=\"https:\/\/ziaruldevrancea.ro\/special\/sport\/vrancea-la-un-pas-de-podiumul-european-la-sah-darius-cristian-pana-incheie-neinvins-campionatul-european-pe-echipe-u12\">Vrancea, la un pas de podiumul european la \u0219ah! Darius Cristian Pan\u0103 \u00eencheie ne\u00eenvins Campionatul European pe Echipe U12<\/a><\/h2>\n<div class=\"date-post\"><a href=\"https:\/\/ziaruldevrancea.ro\/autor\/eduard-dascalu\">Eduard Dasc\u0103lu<\/a>,  2 aug 2026  <\/div>\n<\/div>\n<div class=\"grup-articol-listing\">\n<div class=\"cont-pils\"><a href=\"https:\/\/ziaruldevrancea.ro\/special\/sport\/karate-de-performanta-in-vrancea-cinci-sportivi-de-la-cs-satori-focsani-remarcati-la-selectia-lotului-national-skdun\"><img decoding=\"async\" src=\"https:\/\/zdvi.cname.ro\/180_135\/special\/sport\/karate-de-performanta-in-vrancea-cinci-sportivi-de-la-cs-satori-focsani-remarcati-la-selectia-lotului-national-skdun\/mediaPool\/u30Rjno.jpg\" class=\"img-responsive img-180\" alt><\/a><\/div>\n<h2><a class=\"link-titlu\" href=\"https:\/\/ziaruldevrancea.ro\/special\/sport\/karate-de-performanta-in-vrancea-cinci-sportivi-de-la-cs-satori-focsani-remarcati-la-selectia-lotului-national-skdun\">Karate de performan\u021b\u0103 \u00een Vrancea: cinci sportivi de la CS Satori Foc\u0219ani, remarca\u021bi la selec\u021bia Lotului Na\u021bional SKDUN<\/a><\/h2>\n<div class=\"date-post\"><a href=\"https:\/\/ziaruldevrancea.ro\/autor\/eduard-dascalu\">Eduard Dasc\u0103lu<\/a>,  2 aug 2026  <\/div>\n<\/div>\n<div class=\"grup-articol-listing\">\n<div class=\"cont-pils\"><a href=\"https:\/\/ziaruldevrancea.ro\/special\/sport\/foto-vrancea-din-nou-pe-podiumul-aeromodelismului-romanesc\"><img decoding=\"async\" src=\"https:\/\/zdvi.cname.ro\/180_135\/special\/sport\/foto-vrancea-din-nou-pe-podiumul-aeromodelismului-romanesc\/mediaPool\/uOoxfgP.jpg\" class=\"img-responsive img-180\" alt><\/a><\/div>\n<h2><a class=\"link-titlu\" href=\"https:\/\/ziaruldevrancea.ro\/special\/sport\/foto-vrancea-din-nou-pe-podiumul-aeromodelismului-romanesc\">Foto | Vrancea, din nou pe podiumul aeromodelismului rom\u00e2nesc<\/a><\/h2>\n<div class=\"date-post\"><a href=\"https:\/\/ziaruldevrancea.ro\/autor\/eduard-dascalu\">Eduard Dasc\u0103lu<\/a>,  2 aug 2026  <\/div>\n<\/div>\n<\/div>\n<\/div>\n<\/div>\n<\/div>\n<div class=\"extra-articol listing-anunturi\">\n<h6>Anun\u021buri <span class=\"text-primary\">ZdV<\/span> Premium<\/h6>\n<div class=\"row\">\n<div class=\"col-lg-4 col-md-6 bloc-egal\"><a class=\"card-anunt\" href=\"https:\/\/ziaruldevrancea.ro\/anunturi\/angajari\/oferte-angajari\/angajam-asistente-medicale\"><strong class=\"titlu\">Oferte<\/strong><span class=\"text-anunt\">Crucea Ro\u0219ie Vrancea angajeaz\u0103 asistente\u00a0&#8230;<\/span><span class=\"data-anunt\">04.08.2026  <\/span><\/a><\/div>\n<div class=\"col-lg-4 col-md-6 bloc-egal\"><a class=\"card-anunt\" href=\"https:\/\/ziaruldevrancea.ro\/anunturi\/necrolog\/condoleante\/sincere-condoleante-familiei-neghina\"><strong class=\"titlu\">Condolean\u021be<\/strong><span class=\"text-anunt\">Nimic nu poate alina durerea familiei \u00een&#8230;<\/span><span class=\"data-anunt\">04.08.2026  <\/span><\/a><\/div>\n<div class=\"col-lg-4 col-md-6 bloc-egal\"><a class=\"card-anunt\" href=\"https:\/\/ziaruldevrancea.ro\/anunturi\/inchirieri\/locuinte-oferte\/Inchiriez-camera-anunt-72823\"><strong class=\"titlu\">Locuin\u021be oferte<\/strong><span class=\"text-anunt\">\u00cenchiriez camer\u0103 la apartament. Rog&#8230;<\/span><span class=\"data-anunt\">03.08.2026  <\/span><\/a><\/div>\n<\/div>\n<\/div>\n<div class=\"bloc-widget widget-albastru\">\n    Ziarul de Vrancea \u00a0nu este responsabil juridic pentru con\u0163inutul textelor din comentariile de mai jos. Responsabilitatea pentru mesajele dumneavoastra v\u0103 revine \u00een exclusivitate.\n<\/div>\n<div class=\"comentarii-articol\" id=\"comentarii\">\n<h3>Comentarii: <span class=\"text-primary\">0<\/span><\/h3>\n<p><a href=\"https:\/\/ziaruldevrancea.ro\/promo\/auto\/primul-volkswagen-gti-100-electric-ajunge-in-atentia-romanilor.-ce-aduce-noul-id.-polo-gti-si-cand-va-putea-fi-comandat\" class=\"btn btn-success btn-adauga-com\" data-toggle=\"modal\" data-parent=\"0\" data-target=\"#commentModal\">Adaug\u0103 comentariu<\/a><\/p>\n<div class=\"loadMask comments-mask\"><img decoding=\"async\" src=\"https:\/\/zdvs.cname.ro\/images\/loader_40.gif\"><\/div>\n<div class=\"comenteaza-jos\">Trebuie s\u0103 fii <a href=\"https:\/\/ziaruldevrancea.ro\/account\">autentificat<\/a> pentru a putea <a href=\"https:\/\/ziaruldevrancea.ro\/promo\/auto\/primul-volkswagen-gti-100-electric-ajunge-in-atentia-romanilor.-ce-aduce-noul-id.-polo-gti-si-cand-va-putea-fi-comandat\" class data-toggle=\"modal\" data-parent=\"0\" data-target=\"#commentModal\">posta un comentariu<\/a>.<\/div>\n<\/div>\n<div class=\"modal fade\" id=\"commentModal\" role=\"dialog\" aria-labelledby=\"commentModalLabel\">\n<div class=\"modal-dialog modal-lg\" role=\"document\">\n<div class=\"modal-content\">\n<div class=\"modal-header\">\n<h3 class=\"modal-title\" id=\"commentModalLabel\">Comenteaz\u0103<\/h3>\n<\/div>\n<div class=\"modal-body\">\n<div class=\"tabel tabel-full\">\n<div class=\"celula\">\n              Trebuie s\u0103 fii <a href=\"https:\/\/ziaruldevrancea.ro\/account\">autentificat<\/a> pentru a putea posta un comentariu.\n            <\/div>\n<\/div>\n<\/div>\n<div class=\"modal-footer\">\n<div id=\"commentPending\" class=\"formPending pull-left\"><img decoding=\"async\" src=\"https:\/\/zdvs.cname.ro\/images\/loader_40.gif\"> In curs de procesare&#8230;<\/div>\n<p><a href=\"https:\/\/ziaruldevrancea.ro\/promo\/auto\/primul-volkswagen-gti-100-electric-ajunge-in-atentia-romanilor.-ce-aduce-noul-id.-polo-gti-si-cand-va-putea-fi-comandat\" class=\"btn btn-default\" data-dismiss=\"modal\">Anuleaz\u0103<\/a><\/div>\n<\/div>\n<\/div>\n<\/div>\n<div class=\"modal fade\" id=\"commentReportModal\" role=\"dialog\" aria-labelledby=\"commentReportModalLabel\">\n<div class=\"modal-dialog modal-lg\" role=\"document\">\n<div class=\"modal-content\">\n<div class=\"modal-header\">\n<h3 class=\"modal-title\" id=\"commentReportModalLabel\">Raporteaza comentariu<\/h3>\n<\/div>\n<div class=\"modal-body\">\n<div class=\"tabel tabel-full\">\n<div class=\"celula\">\n              Trebuie s\u0103 fii <a href=\"https:\/\/ziaruldevrancea.ro\/account\">autentificat<\/a> pentru a putea raporta un comentariu.\n            <\/div>\n<\/div>\n<\/div>\n<div class=\"modal-footer\">\n<div id=\"commentReportPending\" class=\"formPending pull-left\"><img decoding=\"async\" src=\"https:\/\/zdvs.cname.ro\/images\/loader_40.gif\"> In curs de procesare&#8230;<\/div>\n<p><a href=\"https:\/\/ziaruldevrancea.ro\/promo\/auto\/primul-volkswagen-gti-100-electric-ajunge-in-atentia-romanilor.-ce-aduce-noul-id.-polo-gti-si-cand-va-putea-fi-comandat\" class=\"btn btn-default\" data-dismiss=\"modal\">Anuleaz\u0103<\/a><\/div>\n<\/div>\n<\/div>\n<\/div>\n<div class=\"modal fade\" id=\"commentLikeModal\" role=\"dialog\" aria-labelledby=\"commentLikeModalLabel\">\n<div class=\"modal-dialog modal-lg\" role=\"document\">\n<div class=\"modal-content\">\n<div class=\"modal-header\">\n<h3 class=\"modal-title\" id=\"commentReportModalLabel\">Apreciaza comentariu<\/h3>\n<\/div>\n<div class=\"modal-body\">\n<div class=\"tabel tabel-full\">\n<div class=\"celula\">\n            Trebuie s\u0103 fii <a href=\"https:\/\/ziaruldevrancea.ro\/account\">autentificat<\/a> pentru a putea aprecia un comentariu.\n          <\/div>\n<\/div>\n<\/div>\n<div class=\"modal-footer\"><a href=\"https:\/\/ziaruldevrancea.ro\/promo\/auto\/primul-volkswagen-gti-100-electric-ajunge-in-atentia-romanilor.-ce-aduce-noul-id.-polo-gti-si-cand-va-putea-fi-comandat\" class=\"btn btn-default\" data-dismiss=\"modal\">Anuleaz\u0103<\/a><\/div>\n<\/div>\n<\/div>\n<\/div>\n<div class=\"bloc-widget widget-rosu\"><span><small>Ziarul de Vrancea doreste ca acest site sa fie un spatiu al discutiilor civilizate, al comentariilor de bun simt. Din acest motiv, cei care posteaza comentarii la articole trebuie sa respecte urmatoarele reguli:<br \/>\n1. Sa se refere doar la articolul la care posteaza comentarii.<br \/>\n2. Sa foloseasca un limbaj civilizat, fara injurii, calomnii, comentarii antisemite, xenofobe sau rasiste.<br \/>\n3. Sunt interzise atacurile la adresa autorilor, daca acestea nu au legatura cu textul.<br \/>\n4. Username-ul sa nu fie nume de personalitati ale vietii publice sau parodieri ale acestora.<br \/>\nAutorul unui articol poate fi criticat pentru eventuale greseli, incoerenta, lipsa de documentare etc.<br \/>\nNerespectarea regulilor mentionate mai sus va duce la stergerea comentariilor, fara avertisment si fara explicatii.<br \/>\nAbaterile repetate vor avea drept consecinta interdictia accesului la aceasta facilitate a site-ului.<\/small><\/span><\/div>\n<\/div>\n<p>[analyse_source url=&#8221;https:\/\/ziaruldevrancea.ro\/promo\/auto\/primul-volkswagen-gti-100-electric-ajunge-in-atentia-romanilor.-ce-aduce-noul-id.-polo-gti-si-cand-va-putea-fi-comandat&#8221;]<\/p>\n","protected":false},"excerpt":{"rendered":"<p>[analyse_image type=&#8221;featured&#8221; src=&#8221;https:\/\/zdvi.cname.ro\/_\/primul-volkswagen-gti-100-electric-ajunge-in-atentia-romanilor.-ce-aduce-noul-id.-polo-gti-si-cand-va-putea-fi-comandat\/mediaPool\/uMeu8TI.jpg&#8221;] Auto Primul Volkswagen GTI 100% electric ajunge \u00een aten\u021bia rom\u00e2nilor. Ce aduce noul ID. Polo GTI \u0219i c\u00e2nd va putea fi comandat Distribuie: \u00a0 | Eduard Dasc\u0103lu 3 aug 2026387 vizualiz\u0103ri \u0218i pentru \u0219oferii din Vrancea pasiona\u021bi de automobile sportive, noul Volkswagen ID. Polo GTI marcheaz\u0103 \u00eenceputul unei noi ere. Primul GTI [&hellip;]<\/p>\n","protected":false},"author":1,"featured_media":0,"comment_status":"open","ping_status":"","sticky":false,"template":"","format":"standard","meta":{"footnotes":""},"categories":[89],"tags":[226,208],"class_list":["post-2078425","post","type-post","status-publish","format-standard","hentry","category-romania","tag-crawlmanager","tag-ziaruldevrancea-ro"],"_links":{"self":[{"href":"https:\/\/analyse.optim.biz\/index.php?rest_route=\/wp\/v2\/posts\/2078425","targetHints":{"allow":["GET"]}}],"collection":[{"href":"https:\/\/analyse.optim.biz\/index.php?rest_route=\/wp\/v2\/posts"}],"about":[{"href":"https:\/\/analyse.optim.biz\/index.php?rest_route=\/wp\/v2\/types\/post"}],"author":[{"embeddable":true,"href":"https:\/\/analyse.optim.biz\/index.php?rest_route=\/wp\/v2\/users\/1"}],"replies":[{"embeddable":true,"href":"https:\/\/analyse.optim.biz\/index.php?rest_route=%2Fwp%2Fv2%2Fcomments&post=2078425"}],"version-history":[{"count":0,"href":"https:\/\/analyse.optim.biz\/index.php?rest_route=\/wp\/v2\/posts\/2078425\/revisions"}],"wp:attachment":[{"href":"https:\/\/analyse.optim.biz\/index.php?rest_route=%2Fwp%2Fv2%2Fmedia&parent=2078425"}],"wp:term":[{"taxonomy":"category","embeddable":true,"href":"https:\/\/analyse.optim.biz\/index.php?rest_route=%2Fwp%2Fv2%2Fcategories&post=2078425"},{"taxonomy":"post_tag","embeddable":true,"href":"https:\/\/analyse.optim.biz\/index.php?rest_route=%2Fwp%2Fv2%2Ftags&post=2078425"}],"curies":[{"name":"wp","href":"https:\/\/api.w.org\/{rel}","templated":true}]}}