{"id":2078375,"date":"2026-08-05T09:31:49","date_gmt":"2026-08-05T06:31:49","guid":{"rendered":"https:\/\/analyse.optim.biz\/?p=2078375"},"modified":"2026-08-05T09:31:49","modified_gmt":"2026-08-05T06:31:49","slug":"vreme-nebuna-banatul-sub-cod-rosu-de-canicula-si-sub-alerta-de-furtuni","status":"publish","type":"post","link":"https:\/\/analyse.optim.biz\/?p=2078375","title":{"rendered":"Vreme nebun\u0103! Banatul, sub cod ro\u015fu de canicul\u0103 \u015fi sub alert\u0103 de furtuni"},"content":{"rendered":"<p>[analyse_image type=&#8221;featured&#8221; src=&#8221;http:\/\/www.banatulmeu.ro\/wp-content\/uploads\/2026\/08\/YjNjNzZhZDk5NGQ3YTMxZmNiNjAxOWYwMDJhYmU3.thumb_.jpg&#8221;]<\/p>\n<div class=\"post-content-bd\">\n<p>Ne a\u015fteapt\u0103 o vreme nebun\u0103 \u00een zona de vest a \u0163\u0103rii, \u00een aceast\u0103 s\u0103pt\u0103m\u00e2n\u0103. Administra\u0163ia Na\u0163ional\u0103 de Meteorologie anun\u0163\u0103 c\u0103 mai multe jude\u0163e din \u0163ar\u0103, inclusiv Timi\u015f \u015fi Cara\u015f-Severin, se afl\u0103 sub cod ro\u015fu de canicul\u0103 de miercuri diminea\u0163\u0103 \u015fi p\u00e2n\u0103 vineri diminea\u0163a, la ora 10.00.<\/p>\n<p>\u201c<em>\u00cen jude\u021bele Maramure\u0219, Satu Mare, S\u0103laj, Bihor, Arad, Timi\u0219 \u0219i Cara\u0219-Severin valul de c\u0103ldur\u0103 intens va persista \u0219i se vor \u00eenregistra temperaturi extreme comparabile cu recordurile absolute ale lunii august. Temperaturile maxime vor fi de 37\u202639 de grade \u00een jude\u021bele Maramure\u0219, Satu Mare \u0219i S\u0103laj \u0219i de 39\u202641 de grade \u00een jude\u021bele Bihor, Arad, Timi\u0219 \u0219i Cara\u0219-Severin. Disconfortul termic va fi deosebit de accentuat, iar indicele temperatur\u0103-umezeal\u0103 (ITU) va dep\u0103\u0219i pragul critic de 80 de unit\u0103\u021bi. Nop\u021bile vor fi tropicale cu minime de p\u00e2n\u0103 la 25\u202626 de grade, cu cele mai ridicate valori \u00een Dealurile de Vest<\/em>\u201c, a informat ANM.<\/p>\n<p>De asemenea, joi, \u00eentre orele 12.00 \u015fi 21.00, intr\u0103 \u00een vigoare o alert\u0103 de instabilitate atmosferic\u0103, intensific\u0103ri ale v\u00e2ntului, vijelii \u015fi averse toren\u021biale \u00eensemnate cantitativ. Vizat\u0103 de avertizarea meteo este aproape toat\u0103 \u0163ara.<\/p>\n<p><em>\u201c\u00cen intervalul men\u021bionat, \u00een nordul \u0219i centrul Moldovei, \u00een Transilvania, Maramure\u0219, Cri\u0219ana, Banat, Oltenia, jum\u0103tatea de vest a Munteniei \u0219i \u00een zona de munte vor fi perioade cu instabilitate atmosferic\u0103 ce se va manifesta prin intensific\u0103ri ale v\u00e2ntului \u0219i vijelii (viteze la rafal\u0103 de 50\u202670 km\/h \u0219i pe arii restr\u00e2nse de peste 80 km\/h), averse toren\u021biale, desc\u0103rc\u0103ri electrice \u0219i izolat grindin\u0103 de mici dimensiuni (1\u20262 cm). \u00cen intervale scurte de timp (1\u20263 ore), cantit\u0103\u021bile de ap\u0103 vor fi de 15\u202620 l\/mp, iar \u00eendeosebi \u00een zonele montane, pe arii restr\u00e2nse de 30\u202650 l\/mp. Fenomene asociate instabilit\u0103\u021bii atmosferice vor fi pe arii restr\u00e2nse \u0219i \u00een restul teritoriului\u201d<\/em>, a transmis ANM.<\/p>\n<\/div>\n<p>[analyse_source url=&#8221;https:\/\/www.banatulmeu.ro\/vreme-nebuna-banatul-sub-cod-rosu-de-canicula-si-sub-alerta-de-furtuni\/&#8221;]<\/p>\n","protected":false},"excerpt":{"rendered":"<p>[analyse_image type=&#8221;featured&#8221; src=&#8221;http:\/\/www.banatulmeu.ro\/wp-content\/uploads\/2026\/08\/YjNjNzZhZDk5NGQ3YTMxZmNiNjAxOWYwMDJhYmU3.thumb_.jpg&#8221;] Ne a\u015fteapt\u0103 o vreme nebun\u0103 \u00een zona de vest a \u0163\u0103rii, \u00een aceast\u0103 s\u0103pt\u0103m\u00e2n\u0103. Administra\u0163ia Na\u0163ional\u0103 de Meteorologie anun\u0163\u0103 c\u0103 mai multe jude\u0163e din \u0163ar\u0103, inclusiv Timi\u015f \u015fi Cara\u015f-Severin, se afl\u0103 sub cod ro\u015fu de canicul\u0103 de miercuri diminea\u0163\u0103 \u015fi p\u00e2n\u0103 vineri diminea\u0163a, la ora 10.00. \u201c\u00cen jude\u021bele Maramure\u0219, Satu Mare, S\u0103laj, [&hellip;]<\/p>\n","protected":false},"author":1,"featured_media":0,"comment_status":"open","ping_status":"","sticky":false,"template":"","format":"standard","meta":{"footnotes":""},"categories":[89],"tags":[204,226],"class_list":["post-2078375","post","type-post","status-publish","format-standard","hentry","category-romania","tag-banatulmeu-ro","tag-crawlmanager"],"_links":{"self":[{"href":"https:\/\/analyse.optim.biz\/index.php?rest_route=\/wp\/v2\/posts\/2078375","targetHints":{"allow":["GET"]}}],"collection":[{"href":"https:\/\/analyse.optim.biz\/index.php?rest_route=\/wp\/v2\/posts"}],"about":[{"href":"https:\/\/analyse.optim.biz\/index.php?rest_route=\/wp\/v2\/types\/post"}],"author":[{"embeddable":true,"href":"https:\/\/analyse.optim.biz\/index.php?rest_route=\/wp\/v2\/users\/1"}],"replies":[{"embeddable":true,"href":"https:\/\/analyse.optim.biz\/index.php?rest_route=%2Fwp%2Fv2%2Fcomments&post=2078375"}],"version-history":[{"count":0,"href":"https:\/\/analyse.optim.biz\/index.php?rest_route=\/wp\/v2\/posts\/2078375\/revisions"}],"wp:attachment":[{"href":"https:\/\/analyse.optim.biz\/index.php?rest_route=%2Fwp%2Fv2%2Fmedia&parent=2078375"}],"wp:term":[{"taxonomy":"category","embeddable":true,"href":"https:\/\/analyse.optim.biz\/index.php?rest_route=%2Fwp%2Fv2%2Fcategories&post=2078375"},{"taxonomy":"post_tag","embeddable":true,"href":"https:\/\/analyse.optim.biz\/index.php?rest_route=%2Fwp%2Fv2%2Ftags&post=2078375"}],"curies":[{"name":"wp","href":"https:\/\/api.w.org\/{rel}","templated":true}]}}