{"id":2078335,"date":"2026-08-04T13:43:00","date_gmt":"2026-08-04T10:43:00","guid":{"rendered":"https:\/\/analyse.optim.biz\/?p=2078335"},"modified":"2026-08-04T13:43:00","modified_gmt":"2026-08-04T10:43:00","slug":"accident-groaznic-la-veresti-un-batran-pe-moped-a-ratat-o-depasire-si-a-ajuns-sub-un-tir","status":"publish","type":"post","link":"https:\/\/analyse.optim.biz\/?p=2078335","title":{"rendered":"Accident groaznic la Vere\u0219ti! Un b\u0103tr\u00e2n pe moped a ratat o dep\u0103\u0219ire \u0219i a ajuns sub un TIR"},"content":{"rendered":"<p>[analyse_image type=&#8221;featured&#8221; src=&#8221;https:\/\/blogger.googleusercontent.com\/img\/b\/R29vZ2xl\/AVvXsEhXuV1v-Q_gJuHptuuqXHIMy9FGiIXmcltHkD26SJps1JTefPkqPZNfGI-YurivG9GAFt5GpDQaqksbEdEeGy7t2nBKuyPiN-kOqd6kHfIRLrK3AcaKrvlfSWSExdGCGVwSPR5LwvhlbkJUm2igwrmvnm7N434sB_ex3PxRfNwGlu484kJR0UxqJte7Fhw\/w1600\/accident-veresti.jpeg&#8221;]<\/p>\n<div class=\"post-body entry-content\" id=\"post-body\">\n<div class=\"separator\"><a href=\"https:\/\/blogger.googleusercontent.com\/img\/b\/R29vZ2xl\/AVvXsEhXuV1v-Q_gJuHptuuqXHIMy9FGiIXmcltHkD26SJps1JTefPkqPZNfGI-YurivG9GAFt5GpDQaqksbEdEeGy7t2nBKuyPiN-kOqd6kHfIRLrK3AcaKrvlfSWSExdGCGVwSPR5LwvhlbkJUm2igwrmvnm7N434sB_ex3PxRfNwGlu484kJR0UxqJte7Fhw\/s1200\/accident-veresti.jpeg\"><img decoding=\"async\" alt=\"Accident groaznic la Vere\u0219ti! Un mopedist a rata o dep\u0103\u0219ire \u0219i a ajuns sub un TIR\" border=\"0\" height=\"335\" loading=\"lazy\" src=\"https:\/\/blogger.googleusercontent.com\/img\/b\/R29vZ2xl\/AVvXsEhXuV1v-Q_gJuHptuuqXHIMy9FGiIXmcltHkD26SJps1JTefPkqPZNfGI-YurivG9GAFt5GpDQaqksbEdEeGy7t2nBKuyPiN-kOqd6kHfIRLrK3AcaKrvlfSWSExdGCGVwSPR5LwvhlbkJUm2igwrmvnm7N434sB_ex3PxRfNwGlu484kJR0UxqJte7Fhw\/w640-h335-rw\/accident-veresti.jpeg\" title=\"Accident groaznic la Vere\u0219ti! Un mopedist a rata o dep\u0103\u0219ire \u0219i a ajuns sub un TIR\" width=\"640\"><\/a><\/div>\n<p><strong>Un accident rutier grav a avut loc luni, 3 august 2026, pe Drumul Jude\u021bean 290, \u00een afara localit\u0103\u021bii Vere\u0219ti. Un mopedist \u00een v\u00e2rst\u0103 de 80 de ani a suferit leziuni corporale severe dup\u0103 ce s-a dezechilibrat \u0219i a intrat \u00een coliziune cu un ansamblu de vehicule de mare tonaj care efectua o manevr\u0103 de dep\u0103\u0219ire.<\/strong><\/p>\n<p>Sesizarea a fost \u00eenregistrat\u0103 la ora 11:01, moment \u00een care ofi\u021berul de serviciu din cadrul Poli\u021biei Municipiului Suceava a direc\u021bionat un echipaj din cadrul Biroului Rutier la fa\u021ba locului pentru cercet\u0103ri.<\/p>\n<p>Verific\u0103rile efectuate de poli\u021bi\u0219ti au stabilit c\u0103 incidentul s-a produs \u00een jurul orei 10:50. Mircea M., \u00een v\u00e2rst\u0103 de 80 de ani, domiciliat \u00een satul <a href=\"https:\/\/stirisuceava.net\/search\/label\/Prelipca\">Prelipca<\/a>, ora\u0219ul Salcea, conducea un moped de culoare neagr\u0103, f\u0103r\u0103 elemente de identificare, pe DJ 290, deplas\u00e2ndu-se dinspre Salcea c\u0103tre Vere\u0219ti.<\/p>\n<p>\u00cen aceea\u0219i direc\u021bie circula \u0219i un ansamblu de vehicule format dintr-un cap tractor marca Mercedes-Benz \u0219i o semiremorc\u0103, condus de Iustin R., \u00een v\u00e2rst\u0103 de 36 de ani, din comuna V\u00e2n\u0103tori-Neam\u021b, jude\u021bul Neam\u021b. \u00cen momentul \u00een care ansamblul de vehicule efectua dep\u0103\u0219irea mopedului, conduc\u0103torul acestuia din urm\u0103 s-a dezechilibrat din motive \u00eenc\u0103 necunoscute \u0219i a p\u0103truns \u00een coliziune cu roata dreapt\u0103 spate a ultimei osii a semiremorcii.<\/p>\n<p>Conduc\u0103torul ansamblului de vehicule a fost testat cu aparatul etilometru, rezultatul fiind negativ (0,00 mg\/l alcool pur \u00een aerul expirat).<\/p>\n<p>\u00cen urma impactului, mopedistul \u00een v\u00e2rst\u0103 de 80 de ani a suferit leziuni grave. Acesta a fost preluat de un echipaj medical \u0219i transportat de urgen\u021b\u0103 la Spitalul Jude\u021bean de Urgen\u021b\u0103 \u201eSf\u00e2ntul Ioan cel Nou\u201d Suceava pentru acordarea de \u00eengrijiri de specialitate.<\/p>\n<p>Poli\u021bi\u0219tii din cadrul Biroului Rutier Suceava continu\u0103 cercet\u0103rile \u00een cauz\u0103 sub aspectul s\u0103v\u00e2r\u0219irii infrac\u021biunii de v\u0103t\u0103mare corporal\u0103 din culp\u0103, fapt\u0103 prev\u0103zut\u0103 \u0219i pedepsit\u0103 de art. 196 alin. (2) \u0219i (3) din Codul Penal, \u00een vederea stabilirii cu exactitate a tuturor circumstan\u021belor \u00een care s-a produs evenimentul.<\/p>\n<\/div>\n<div class=\"post-body entry-content\" id=\"post-body\">\n<div class=\"separator\"><a href=\"https:\/\/blogger.googleusercontent.com\/img\/b\/R29vZ2xl\/AVvXsEhXuV1v-Q_gJuHptuuqXHIMy9FGiIXmcltHkD26SJps1JTefPkqPZNfGI-YurivG9GAFt5GpDQaqksbEdEeGy7t2nBKuyPiN-kOqd6kHfIRLrK3AcaKrvlfSWSExdGCGVwSPR5LwvhlbkJUm2igwrmvnm7N434sB_ex3PxRfNwGlu484kJR0UxqJte7Fhw\/s1200\/accident-veresti.jpeg\"><img decoding=\"async\" alt=\"Accident groaznic la Vere\u0219ti! Un mopedist a rata o dep\u0103\u0219ire \u0219i a ajuns sub un TIR\" border=\"0\" height=\"335\" loading=\"lazy\" src=\"https:\/\/blogger.googleusercontent.com\/img\/b\/R29vZ2xl\/AVvXsEhXuV1v-Q_gJuHptuuqXHIMy9FGiIXmcltHkD26SJps1JTefPkqPZNfGI-YurivG9GAFt5GpDQaqksbEdEeGy7t2nBKuyPiN-kOqd6kHfIRLrK3AcaKrvlfSWSExdGCGVwSPR5LwvhlbkJUm2igwrmvnm7N434sB_ex3PxRfNwGlu484kJR0UxqJte7Fhw\/w640-h335-rw\/accident-veresti.jpeg\" title=\"Accident groaznic la Vere\u0219ti! Un mopedist a rata o dep\u0103\u0219ire \u0219i a ajuns sub un TIR\" width=\"640\"><\/a><\/div>\n<p><strong>Un accident rutier grav a avut loc luni, 3 august 2026, pe Drumul Jude\u021bean 290, \u00een afara localit\u0103\u021bii Vere\u0219ti. Un mopedist \u00een v\u00e2rst\u0103 de 80 de ani a suferit leziuni corporale severe dup\u0103 ce s-a dezechilibrat \u0219i a intrat \u00een coliziune cu un ansamblu de vehicule de mare tonaj care efectua o manevr\u0103 de dep\u0103\u0219ire.<\/strong><\/p>\n<p>Sesizarea a fost \u00eenregistrat\u0103 la ora 11:01, moment \u00een care ofi\u021berul de serviciu din cadrul Poli\u021biei Municipiului Suceava a direc\u021bionat un echipaj din cadrul Biroului Rutier la fa\u021ba locului pentru cercet\u0103ri.<\/p>\n<p>Verific\u0103rile efectuate de poli\u021bi\u0219ti au stabilit c\u0103 incidentul s-a produs \u00een jurul orei 10:50. Mircea M., \u00een v\u00e2rst\u0103 de 80 de ani, domiciliat \u00een satul <a href=\"https:\/\/stirisuceava.net\/search\/label\/Prelipca\">Prelipca<\/a>, ora\u0219ul Salcea, conducea un moped de culoare neagr\u0103, f\u0103r\u0103 elemente de identificare, pe DJ 290, deplas\u00e2ndu-se dinspre Salcea c\u0103tre Vere\u0219ti.<\/p>\n<p>\u00cen aceea\u0219i direc\u021bie circula \u0219i un ansamblu de vehicule format dintr-un cap tractor marca Mercedes-Benz \u0219i o semiremorc\u0103, condus de Iustin R., \u00een v\u00e2rst\u0103 de 36 de ani, din comuna V\u00e2n\u0103tori-Neam\u021b, jude\u021bul Neam\u021b. \u00cen momentul \u00een care ansamblul de vehicule efectua dep\u0103\u0219irea mopedului, conduc\u0103torul acestuia din urm\u0103 s-a dezechilibrat din motive \u00eenc\u0103 necunoscute \u0219i a p\u0103truns \u00een coliziune cu roata dreapt\u0103 spate a ultimei osii a semiremorcii.<\/p>\n<p>Conduc\u0103torul ansamblului de vehicule a fost testat cu aparatul etilometru, rezultatul fiind negativ (0,00 mg\/l alcool pur \u00een aerul expirat).<\/p>\n<p>\u00cen urma impactului, mopedistul \u00een v\u00e2rst\u0103 de 80 de ani a suferit leziuni grave. Acesta a fost preluat de un echipaj medical \u0219i transportat de urgen\u021b\u0103 la Spitalul Jude\u021bean de Urgen\u021b\u0103 \u201eSf\u00e2ntul Ioan cel Nou\u201d Suceava pentru acordarea de \u00eengrijiri de specialitate.<\/p>\n<p>Poli\u021bi\u0219tii din cadrul Biroului Rutier Suceava continu\u0103 cercet\u0103rile \u00een cauz\u0103 sub aspectul s\u0103v\u00e2r\u0219irii infrac\u021biunii de v\u0103t\u0103mare corporal\u0103 din culp\u0103, fapt\u0103 prev\u0103zut\u0103 \u0219i pedepsit\u0103 de art. 196 alin. (2) \u0219i (3) din Codul Penal, \u00een vederea stabilirii cu exactitate a tuturor circumstan\u021belor \u00een care s-a produs evenimentul.<\/p>\n<\/div>\n<p>[analyse_source url=&#8221;https:\/\/www.stirisuceava.net\/2026\/08\/accident-groaznic-la-veresti-un-batran.html&#8221;]<\/p>\n","protected":false},"excerpt":{"rendered":"<p>[analyse_image type=&#8221;featured&#8221; src=&#8221;https:\/\/blogger.googleusercontent.com\/img\/b\/R29vZ2xl\/AVvXsEhXuV1v-Q_gJuHptuuqXHIMy9FGiIXmcltHkD26SJps1JTefPkqPZNfGI-YurivG9GAFt5GpDQaqksbEdEeGy7t2nBKuyPiN-kOqd6kHfIRLrK3AcaKrvlfSWSExdGCGVwSPR5LwvhlbkJUm2igwrmvnm7N434sB_ex3PxRfNwGlu484kJR0UxqJte7Fhw\/w1600\/accident-veresti.jpeg&#8221;] Un accident rutier grav a avut loc luni, 3 august 2026, pe Drumul Jude\u021bean 290, \u00een afara localit\u0103\u021bii Vere\u0219ti. Un mopedist \u00een v\u00e2rst\u0103 de 80 de ani a suferit leziuni corporale severe dup\u0103 ce s-a dezechilibrat \u0219i a intrat \u00een coliziune cu un ansamblu de vehicule de mare tonaj care efectua o [&hellip;]<\/p>\n","protected":false},"author":1,"featured_media":0,"comment_status":"open","ping_status":"","sticky":false,"template":"","format":"standard","meta":{"footnotes":""},"categories":[89],"tags":[226,172],"class_list":["post-2078335","post","type-post","status-publish","format-standard","hentry","category-romania","tag-crawlmanager","tag-stirisuceava-net"],"_links":{"self":[{"href":"https:\/\/analyse.optim.biz\/index.php?rest_route=\/wp\/v2\/posts\/2078335","targetHints":{"allow":["GET"]}}],"collection":[{"href":"https:\/\/analyse.optim.biz\/index.php?rest_route=\/wp\/v2\/posts"}],"about":[{"href":"https:\/\/analyse.optim.biz\/index.php?rest_route=\/wp\/v2\/types\/post"}],"author":[{"embeddable":true,"href":"https:\/\/analyse.optim.biz\/index.php?rest_route=\/wp\/v2\/users\/1"}],"replies":[{"embeddable":true,"href":"https:\/\/analyse.optim.biz\/index.php?rest_route=%2Fwp%2Fv2%2Fcomments&post=2078335"}],"version-history":[{"count":0,"href":"https:\/\/analyse.optim.biz\/index.php?rest_route=\/wp\/v2\/posts\/2078335\/revisions"}],"wp:attachment":[{"href":"https:\/\/analyse.optim.biz\/index.php?rest_route=%2Fwp%2Fv2%2Fmedia&parent=2078335"}],"wp:term":[{"taxonomy":"category","embeddable":true,"href":"https:\/\/analyse.optim.biz\/index.php?rest_route=%2Fwp%2Fv2%2Fcategories&post=2078335"},{"taxonomy":"post_tag","embeddable":true,"href":"https:\/\/analyse.optim.biz\/index.php?rest_route=%2Fwp%2Fv2%2Ftags&post=2078335"}],"curies":[{"name":"wp","href":"https:\/\/api.w.org\/{rel}","templated":true}]}}