{"id":2078332,"date":"2026-08-02T21:47:00","date_gmt":"2026-08-02T18:47:00","guid":{"rendered":"https:\/\/analyse.optim.biz\/?p=2078332"},"modified":"2026-08-02T21:47:00","modified_gmt":"2026-08-02T18:47:00","slug":"tractor-cu-140-de-baloti-de-paie-distrus-de-un-incendiu-izbucnit-de-la-o-tigara-la-putna","status":"publish","type":"post","link":"https:\/\/analyse.optim.biz\/?p=2078332","title":{"rendered":"Tractor cu 140 de balo\u021bi de paie, distrus de un incendiu izbucnit de la o \u021bigar\u0103, la Putna"},"content":{"rendered":"<p>[analyse_image type=&#8221;featured&#8221; src=&#8221;https:\/\/blogger.googleusercontent.com\/img\/b\/R29vZ2xl\/AVvXsEhMvAgKE5ENe_jPqiqrdfgI-2NTJ9T6LVrrAjevNG5BbVtyosiDhlgpgTSH3kIxLjsRuqA93Z4eag-qzeNMvnK35Ldf8zroKQkq9hH6zF20QYBIQHPwZrWHb6C29lP0wN9vQFLfqm6SigYl8JGugReWr_h4FUJk3wupAE8DUCWAvu8awJWkNmExnbIrQjw\/w1600\/incendiu-paie.jpg&#8221;]<\/p>\n<div class=\"post-body entry-content\" id=\"post-body\">\n<div class=\"separator\"><a href=\"https:\/\/blogger.googleusercontent.com\/img\/b\/R29vZ2xl\/AVvXsEhMvAgKE5ENe_jPqiqrdfgI-2NTJ9T6LVrrAjevNG5BbVtyosiDhlgpgTSH3kIxLjsRuqA93Z4eag-qzeNMvnK35Ldf8zroKQkq9hH6zF20QYBIQHPwZrWHb6C29lP0wN9vQFLfqm6SigYl8JGugReWr_h4FUJk3wupAE8DUCWAvu8awJWkNmExnbIrQjw\/s1200\/incendiu-paie.jpg\"><img decoding=\"async\" alt=\"Tractor cu 140 de balo\u021bi de paie, distrus de un incendiu pornit de la o \u021bigar\u0103, la Putna\" border=\"0\" height=\"335\" loading=\"lazy\" src=\"https:\/\/blogger.googleusercontent.com\/img\/b\/R29vZ2xl\/AVvXsEhMvAgKE5ENe_jPqiqrdfgI-2NTJ9T6LVrrAjevNG5BbVtyosiDhlgpgTSH3kIxLjsRuqA93Z4eag-qzeNMvnK35Ldf8zroKQkq9hH6zF20QYBIQHPwZrWHb6C29lP0wN9vQFLfqm6SigYl8JGugReWr_h4FUJk3wupAE8DUCWAvu8awJWkNmExnbIrQjw\/w640-h335-rw\/incendiu-paie.jpg\" title=\"Tractor cu 140 de balo\u021bi de paie, distrus de un incendiu pornit de la o \u021bigar\u0103, la Putna\" width=\"640\"><\/a><\/div>\n<p><strong>Un moment de neglijen\u021b\u0103 a provocat un incendiu spectaculos \u0219i periculos pe drumul na\u021bional DN 2H, pe raza comunei Putna. Un ansamblu agricol \u00eenc\u0103rcat cu zeci de balo\u021bi de f\u00e2n a fost cuprins de fl\u0103c\u0103ri generalizate, transform\u00e2ndu-se \u00eentr-o tor\u021b\u0103 pe ro\u021bi. Totul ar fi pornit de la o banal\u0103 \u021bigar\u0103 aprins\u0103, aruncat\u0103 la \u00eent\u00e2mplare.<\/strong><\/p>\n<p>Alarma s-a dat \u00een seara zilei de vineri, 31 iulie 2026, la ora 19:26. Elena C., o femeie care se afla \u00een zon\u0103, a sunat disperat\u0103 la num\u0103rul de urgen\u021b\u0103 112 pentru a semnala c\u0103 un tractor cu balo\u021bi de f\u00e2n a luat foc. Poli\u021bi\u0219tii din cadrul Sec\u021biei 4 Poli\u021bie Rural\u0103 G\u0103l\u0103ne\u0219ti s-au deplasat imediat la locul indicat.<\/p>\n<h2>Fl\u0103c\u0103ri uria\u0219e pe platforma unui utilaj agricol<\/h2>\n<p>Ajun\u0219i pe DN 2H, \u00een apropierea imobilului unui localnic din Putna, oamenii legii au identificat un ansamblu format dintr-un tractor \u0219i o platform\u0103 improvizat\u0103 pe un cadru metalic. Zeci de balo\u021bi de f\u00e2n afla\u021bi pe platform\u0103 ardeau violent, degaj\u00e2nd un fum dens.<\/p>\n<p>Pentru stingerea incendiului \u0219i evitarea extinderii acestuia, a fost nevoie de o mobilizare impresionant\u0103 de for\u021be. La fa\u021ba locului au intervenit dou\u0103 autospeciale de stingere \u2013 un echipaj al Deta\u0219amentului de Pompieri R\u0103d\u0103u\u021bi \u0219i un echipaj al pompierilor voluntari din cadrul Prim\u0103riei Putna \u2013 precum \u0219i o ambulan\u021b\u0103 SMURD apar\u021bin\u00e2nd G\u0103rzii de Interven\u021bie Vicovu de Sus.<\/p>\n<h3>O \u021bigar\u0103 nestins\u0103 a transformat munca \u00een scrum<\/h3>\n<p>Dup\u0103 lichidarea fl\u0103c\u0103rilor, speciali\u0219tii din cadrul I.S.U. Suceava au efectuat cercet\u0103ri pentru a stabili cauza producerii evenimentului. Concluzia a fost una care subliniaz\u0103 pericolele neglijen\u021bei: incendiul a pornit de la un jar sau o sc\u00e2nteie, mijlocul de aprindere identificat fiind \u021bigara. \u00cemprejurarea determinant\u0103 care a condus la acest incident a fost \u201efumatul \u00een locuri necorespunz\u0103toare\u201d.<\/p>\n<p>Din fericire, incidentul nu s-a soldat cu victime omene\u0219ti, \u00eens\u0103 pagubele materiale sunt \u00eensemnate. Potrivit autorit\u0103\u021bilor, au ars aproximativ 140 de balo\u021bi de f\u00e2n, iar platforma metalic\u0103 improvizat\u0103 a utilajului a fost puternic degradat\u0103. Proprietarul \u00eenc\u0103rc\u0103turii, Vasilic\u0103 H., din comuna Vicovu de Jos, a estimat valoarea prejudiciului cauzat la suma de aproximativ 1.500 de lei.<\/p>\n<p>Pentru clarificarea tuturor aspectelor legale, poli\u021bi\u0219tii s-au sesizat din oficiu \u0219i au \u00eentocmit un dosar de cercetare penal\u0103 sub aspectul s\u0103v\u00e2r\u0219irii infrac\u021biunii de <strong>\u201edistrugere din culp\u0103\u201d<\/strong>, fapt\u0103 prev\u0103zut\u0103 \u0219i pedepsit\u0103 de art. 255 alin. 1 din Codul Penal. Ancheta va fi continuat\u0103 de c\u0103tre lucr\u0103torii Postului de Poli\u021bie Putna.<\/p>\n<\/div>\n<div class=\"post-body entry-content\" id=\"post-body\">\n<div class=\"separator\"><a href=\"https:\/\/blogger.googleusercontent.com\/img\/b\/R29vZ2xl\/AVvXsEhMvAgKE5ENe_jPqiqrdfgI-2NTJ9T6LVrrAjevNG5BbVtyosiDhlgpgTSH3kIxLjsRuqA93Z4eag-qzeNMvnK35Ldf8zroKQkq9hH6zF20QYBIQHPwZrWHb6C29lP0wN9vQFLfqm6SigYl8JGugReWr_h4FUJk3wupAE8DUCWAvu8awJWkNmExnbIrQjw\/s1200\/incendiu-paie.jpg\"><img decoding=\"async\" alt=\"Tractor cu 140 de balo\u021bi de paie, distrus de un incendiu pornit de la o \u021bigar\u0103, la Putna\" border=\"0\" height=\"335\" loading=\"lazy\" src=\"https:\/\/blogger.googleusercontent.com\/img\/b\/R29vZ2xl\/AVvXsEhMvAgKE5ENe_jPqiqrdfgI-2NTJ9T6LVrrAjevNG5BbVtyosiDhlgpgTSH3kIxLjsRuqA93Z4eag-qzeNMvnK35Ldf8zroKQkq9hH6zF20QYBIQHPwZrWHb6C29lP0wN9vQFLfqm6SigYl8JGugReWr_h4FUJk3wupAE8DUCWAvu8awJWkNmExnbIrQjw\/w640-h335-rw\/incendiu-paie.jpg\" title=\"Tractor cu 140 de balo\u021bi de paie, distrus de un incendiu pornit de la o \u021bigar\u0103, la Putna\" width=\"640\"><\/a><\/div>\n<p><strong>Un moment de neglijen\u021b\u0103 a provocat un incendiu spectaculos \u0219i periculos pe drumul na\u021bional DN 2H, pe raza comunei Putna. Un ansamblu agricol \u00eenc\u0103rcat cu zeci de balo\u021bi de f\u00e2n a fost cuprins de fl\u0103c\u0103ri generalizate, transform\u00e2ndu-se \u00eentr-o tor\u021b\u0103 pe ro\u021bi. Totul ar fi pornit de la o banal\u0103 \u021bigar\u0103 aprins\u0103, aruncat\u0103 la \u00eent\u00e2mplare.<\/strong><\/p>\n<p>Alarma s-a dat \u00een seara zilei de vineri, 31 iulie 2026, la ora 19:26. Elena C., o femeie care se afla \u00een zon\u0103, a sunat disperat\u0103 la num\u0103rul de urgen\u021b\u0103 112 pentru a semnala c\u0103 un tractor cu balo\u021bi de f\u00e2n a luat foc. Poli\u021bi\u0219tii din cadrul Sec\u021biei 4 Poli\u021bie Rural\u0103 G\u0103l\u0103ne\u0219ti s-au deplasat imediat la locul indicat.<\/p>\n<h2>Fl\u0103c\u0103ri uria\u0219e pe platforma unui utilaj agricol<\/h2>\n<p>Ajun\u0219i pe DN 2H, \u00een apropierea imobilului unui localnic din Putna, oamenii legii au identificat un ansamblu format dintr-un tractor \u0219i o platform\u0103 improvizat\u0103 pe un cadru metalic. Zeci de balo\u021bi de f\u00e2n afla\u021bi pe platform\u0103 ardeau violent, degaj\u00e2nd un fum dens.<\/p>\n<p>Pentru stingerea incendiului \u0219i evitarea extinderii acestuia, a fost nevoie de o mobilizare impresionant\u0103 de for\u021be. La fa\u021ba locului au intervenit dou\u0103 autospeciale de stingere \u2013 un echipaj al Deta\u0219amentului de Pompieri R\u0103d\u0103u\u021bi \u0219i un echipaj al pompierilor voluntari din cadrul Prim\u0103riei Putna \u2013 precum \u0219i o ambulan\u021b\u0103 SMURD apar\u021bin\u00e2nd G\u0103rzii de Interven\u021bie Vicovu de Sus.<\/p>\n<h3>O \u021bigar\u0103 nestins\u0103 a transformat munca \u00een scrum<\/h3>\n<p>Dup\u0103 lichidarea fl\u0103c\u0103rilor, speciali\u0219tii din cadrul I.S.U. Suceava au efectuat cercet\u0103ri pentru a stabili cauza producerii evenimentului. Concluzia a fost una care subliniaz\u0103 pericolele neglijen\u021bei: incendiul a pornit de la un jar sau o sc\u00e2nteie, mijlocul de aprindere identificat fiind \u021bigara. \u00cemprejurarea determinant\u0103 care a condus la acest incident a fost \u201efumatul \u00een locuri necorespunz\u0103toare\u201d.<\/p>\n<p>Din fericire, incidentul nu s-a soldat cu victime omene\u0219ti, \u00eens\u0103 pagubele materiale sunt \u00eensemnate. Potrivit autorit\u0103\u021bilor, au ars aproximativ 140 de balo\u021bi de f\u00e2n, iar platforma metalic\u0103 improvizat\u0103 a utilajului a fost puternic degradat\u0103. Proprietarul \u00eenc\u0103rc\u0103turii, Vasilic\u0103 H., din comuna Vicovu de Jos, a estimat valoarea prejudiciului cauzat la suma de aproximativ 1.500 de lei.<\/p>\n<p>Pentru clarificarea tuturor aspectelor legale, poli\u021bi\u0219tii s-au sesizat din oficiu \u0219i au \u00eentocmit un dosar de cercetare penal\u0103 sub aspectul s\u0103v\u00e2r\u0219irii infrac\u021biunii de <strong>\u201edistrugere din culp\u0103\u201d<\/strong>, fapt\u0103 prev\u0103zut\u0103 \u0219i pedepsit\u0103 de art. 255 alin. 1 din Codul Penal. Ancheta va fi continuat\u0103 de c\u0103tre lucr\u0103torii Postului de Poli\u021bie Putna.<\/p>\n<\/div>\n<p>[analyse_source url=&#8221;https:\/\/www.stirisuceava.net\/2026\/08\/tractor-cu-140-de-baloti-de-paie.html&#8221;]<\/p>\n","protected":false},"excerpt":{"rendered":"<p>[analyse_image type=&#8221;featured&#8221; src=&#8221;https:\/\/blogger.googleusercontent.com\/img\/b\/R29vZ2xl\/AVvXsEhMvAgKE5ENe_jPqiqrdfgI-2NTJ9T6LVrrAjevNG5BbVtyosiDhlgpgTSH3kIxLjsRuqA93Z4eag-qzeNMvnK35Ldf8zroKQkq9hH6zF20QYBIQHPwZrWHb6C29lP0wN9vQFLfqm6SigYl8JGugReWr_h4FUJk3wupAE8DUCWAvu8awJWkNmExnbIrQjw\/w1600\/incendiu-paie.jpg&#8221;] Un moment de neglijen\u021b\u0103 a provocat un incendiu spectaculos \u0219i periculos pe drumul na\u021bional DN 2H, pe raza comunei Putna. Un ansamblu agricol \u00eenc\u0103rcat cu zeci de balo\u021bi de f\u00e2n a fost cuprins de fl\u0103c\u0103ri generalizate, transform\u00e2ndu-se \u00eentr-o tor\u021b\u0103 pe ro\u021bi. Totul ar fi pornit de la o banal\u0103 \u021bigar\u0103 aprins\u0103, aruncat\u0103 [&hellip;]<\/p>\n","protected":false},"author":1,"featured_media":0,"comment_status":"open","ping_status":"","sticky":false,"template":"","format":"standard","meta":{"footnotes":""},"categories":[89],"tags":[226,172],"class_list":["post-2078332","post","type-post","status-publish","format-standard","hentry","category-romania","tag-crawlmanager","tag-stirisuceava-net"],"_links":{"self":[{"href":"https:\/\/analyse.optim.biz\/index.php?rest_route=\/wp\/v2\/posts\/2078332","targetHints":{"allow":["GET"]}}],"collection":[{"href":"https:\/\/analyse.optim.biz\/index.php?rest_route=\/wp\/v2\/posts"}],"about":[{"href":"https:\/\/analyse.optim.biz\/index.php?rest_route=\/wp\/v2\/types\/post"}],"author":[{"embeddable":true,"href":"https:\/\/analyse.optim.biz\/index.php?rest_route=\/wp\/v2\/users\/1"}],"replies":[{"embeddable":true,"href":"https:\/\/analyse.optim.biz\/index.php?rest_route=%2Fwp%2Fv2%2Fcomments&post=2078332"}],"version-history":[{"count":0,"href":"https:\/\/analyse.optim.biz\/index.php?rest_route=\/wp\/v2\/posts\/2078332\/revisions"}],"wp:attachment":[{"href":"https:\/\/analyse.optim.biz\/index.php?rest_route=%2Fwp%2Fv2%2Fmedia&parent=2078332"}],"wp:term":[{"taxonomy":"category","embeddable":true,"href":"https:\/\/analyse.optim.biz\/index.php?rest_route=%2Fwp%2Fv2%2Fcategories&post=2078332"},{"taxonomy":"post_tag","embeddable":true,"href":"https:\/\/analyse.optim.biz\/index.php?rest_route=%2Fwp%2Fv2%2Ftags&post=2078332"}],"curies":[{"name":"wp","href":"https:\/\/api.w.org\/{rel}","templated":true}]}}