{"id":2078321,"date":"2026-08-05T10:25:41","date_gmt":"2026-08-05T07:25:41","guid":{"rendered":"https:\/\/analyse.optim.biz\/?p=2078321"},"modified":"2026-08-05T10:25:41","modified_gmt":"2026-08-05T07:25:41","slug":"tot-mai-multi-suceveni-ajung-la-dietetician-medicina-si-nutritia-merg-mina-in-mina","status":"publish","type":"post","link":"https:\/\/analyse.optim.biz\/?p=2078321","title":{"rendered":"Tot mai mul\u021bi suceveni ajung la dietetician. \u201dMedicina \u0219i nutri\u021bia merg m\u00een\u0103 \u00een m\u00een\u0103\u201d"},"content":{"rendered":"<p>[analyse_image type=&#8221;featured&#8221; src=&#8221;https:\/\/www.radiotop.ro\/img\/media\/2026\/08\/daniela-balanuca-1-e1785916431602.jpg&#8221;]<\/p>\n<div class=\"entry-content no-share\">\n<div class=\"content-inner \">\n<p>Tot mai mul\u021bi suceveni apeleaz\u0103 la serviciile unui dietetician, iar interesul pentru alimenta\u021bia s\u0103n\u0103toas\u0103 este \u00een cre\u0219tere, spune Daniela B\u0103l\u0103nuc\u0103, dietetician. \u00centr-o emisiune la Radio Top, aceasta a afirmat c\u0103 num\u0103rul persoanelor care \u00eei trec pragul cabinetului cre\u0219te de la un an la altul.<\/p>\n<p>A declarat doamna B\u0103l\u0103nuc\u0103: \u201dNum\u0103rul persoanelor care intr\u0103 \u00een cabinet pentru servicii de nutri\u021bie \u0219i dietetic\u0103 este \u00een cre\u0219tere de la un an la altul. Eu, fiind absolvent\u0103 a acestei specializ\u0103ri \u00een 2015, de la un an la altul este un flux tot mai mare de munc\u0103. Este o cerin\u021b\u0103, un interes din partea popula\u021biei, dar \u0219i din propria ini\u021biativ\u0103. Vin pentru a-\u0219i rezolva o problem\u0103 minor\u0103, care poate \u021bine de estetic\u0103, vin cu to\u021bi membrii familiei pentru educa\u021bia nutri\u021bional\u0103 sau pentru c\u0103 \u00ee\u0219i dau seama c\u0103 trebuie s\u0103 fac\u0103 modific\u0103ri pentru a-\u0219i \u00eembun\u0103t\u0103\u021bi stilul de via\u021b\u0103 \u0219i starea de s\u0103n\u0103tate pe termen lung. Dar \u0219i medicii speciali\u0219ti s\u00eent din ce \u00een ce mai deschi\u0219i \u0219i au con\u0219tientizat c\u0103 medicina \u0219i nutri\u021bia merg m\u00een\u0103 \u00een m\u00een\u0103\u201d.<\/p>\n<p>Potrivit acesteia, oamenii ajung la dietetician at\u00eet pentru motive estetice, c\u00eet \u0219i pentru s\u0103n\u0103tate. A spus dieteticianul: \u201dS\u00eent interesa\u021bi \u0219i de educa\u021bie nutri\u021bional\u0103, \u0219i de partea estetic\u0103, dar \u0219i de partea de s\u0103n\u0103tate. Nu le putem separa \u00een cabinet. Vii c\u00eend vrei s\u0103 sl\u0103be\u0219ti cinci kilograme pentru c\u0103 urmeaz\u0103 s\u0103 mergi la plaj\u0103, dar asta implic\u0103 \u0219i s\u0103-\u021bi \u00eembun\u0103t\u0103\u021be\u0219ti starea de s\u0103n\u0103tate, pentru c\u0103 consta\u021bi c\u0103 mai s\u00eent \u0219i alte probleme care au fost ignorate sau care pot fi prevenite\u201d.<\/p>\n<p>\u00centrebat\u0103 care este primul pas spre un stil de via\u021b\u0103 s\u0103n\u0103tos, Daniela B\u0103l\u0103nuc\u0103 a recomandat ca familiile s\u0103 \u00ee\u0219i stabileasc\u0103 un program regulat al meselor. A afirmat aceasta: \u201dPrin stabilirea unui program de mese \u0219i s\u0103-\u0219i aloce timp pentru o mas\u0103 cald\u0103 pe zi luat\u0103 \u00een familie. Hidratarea \u0219i apoi alimenta\u021bia. La baza stilului de via\u021b\u0103 s\u0103n\u0103tos s\u00eent mi\u0219carea \u0219i hidratarea. Apoi vedem ce punem \u0219i \u00een farfurie\u201d.<\/p>\n<\/div>\n<\/div>\n<div class=\"content-inner \">\n<p>Tot mai mul\u021bi suceveni apeleaz\u0103 la serviciile unui dietetician, iar interesul pentru alimenta\u021bia s\u0103n\u0103toas\u0103 este \u00een cre\u0219tere, spune Daniela B\u0103l\u0103nuc\u0103, dietetician. \u00centr-o emisiune la Radio Top, aceasta a afirmat c\u0103 num\u0103rul persoanelor care \u00eei trec pragul cabinetului cre\u0219te de la un an la altul.<\/p>\n<p>A declarat doamna B\u0103l\u0103nuc\u0103: \u201dNum\u0103rul persoanelor care intr\u0103 \u00een cabinet pentru servicii de nutri\u021bie \u0219i dietetic\u0103 este \u00een cre\u0219tere de la un an la altul. Eu, fiind absolvent\u0103 a acestei specializ\u0103ri \u00een 2015, de la un an la altul este un flux tot mai mare de munc\u0103. Este o cerin\u021b\u0103, un interes din partea popula\u021biei, dar \u0219i din propria ini\u021biativ\u0103. Vin pentru a-\u0219i rezolva o problem\u0103 minor\u0103, care poate \u021bine de estetic\u0103, vin cu to\u021bi membrii familiei pentru educa\u021bia nutri\u021bional\u0103 sau pentru c\u0103 \u00ee\u0219i dau seama c\u0103 trebuie s\u0103 fac\u0103 modific\u0103ri pentru a-\u0219i \u00eembun\u0103t\u0103\u021bi stilul de via\u021b\u0103 \u0219i starea de s\u0103n\u0103tate pe termen lung. Dar \u0219i medicii speciali\u0219ti s\u00eent din ce \u00een ce mai deschi\u0219i \u0219i au con\u0219tientizat c\u0103 medicina \u0219i nutri\u021bia merg m\u00een\u0103 \u00een m\u00een\u0103\u201d.<\/p>\n<p>Potrivit acesteia, oamenii ajung la dietetician at\u00eet pentru motive estetice, c\u00eet \u0219i pentru s\u0103n\u0103tate. A spus dieteticianul: \u201dS\u00eent interesa\u021bi \u0219i de educa\u021bie nutri\u021bional\u0103, \u0219i de partea estetic\u0103, dar \u0219i de partea de s\u0103n\u0103tate. Nu le putem separa \u00een cabinet. Vii c\u00eend vrei s\u0103 sl\u0103be\u0219ti cinci kilograme pentru c\u0103 urmeaz\u0103 s\u0103 mergi la plaj\u0103, dar asta implic\u0103 \u0219i s\u0103-\u021bi \u00eembun\u0103t\u0103\u021be\u0219ti starea de s\u0103n\u0103tate, pentru c\u0103 consta\u021bi c\u0103 mai s\u00eent \u0219i alte probleme care au fost ignorate sau care pot fi prevenite\u201d.<\/p>\n<p>\u00centrebat\u0103 care este primul pas spre un stil de via\u021b\u0103 s\u0103n\u0103tos, Daniela B\u0103l\u0103nuc\u0103 a recomandat ca familiile s\u0103 \u00ee\u0219i stabileasc\u0103 un program regulat al meselor. A afirmat aceasta: \u201dPrin stabilirea unui program de mese \u0219i s\u0103-\u0219i aloce timp pentru o mas\u0103 cald\u0103 pe zi luat\u0103 \u00een familie. Hidratarea \u0219i apoi alimenta\u021bia. La baza stilului de via\u021b\u0103 s\u0103n\u0103tos s\u00eent mi\u0219carea \u0219i hidratarea. Apoi vedem ce punem \u0219i \u00een farfurie\u201d.<\/p>\n<\/div>\n<p>[analyse_source url=&#8221;https:\/\/www.radiotop.ro\/sanatate\/tot-mai-multi-suceveni-ajung-la-dietetician-medicina-si-nutritia-merg-mina-in-mina.html&#8221;]<\/p>\n","protected":false},"excerpt":{"rendered":"<p>[analyse_image type=&#8221;featured&#8221; src=&#8221;https:\/\/www.radiotop.ro\/img\/media\/2026\/08\/daniela-balanuca-1-e1785916431602.jpg&#8221;] Tot mai mul\u021bi suceveni apeleaz\u0103 la serviciile unui dietetician, iar interesul pentru alimenta\u021bia s\u0103n\u0103toas\u0103 este \u00een cre\u0219tere, spune Daniela B\u0103l\u0103nuc\u0103, dietetician. \u00centr-o emisiune la Radio Top, aceasta a afirmat c\u0103 num\u0103rul persoanelor care \u00eei trec pragul cabinetului cre\u0219te de la un an la altul. A declarat doamna B\u0103l\u0103nuc\u0103: \u201dNum\u0103rul persoanelor care intr\u0103 [&hellip;]<\/p>\n","protected":false},"author":1,"featured_media":0,"comment_status":"open","ping_status":"","sticky":false,"template":"","format":"standard","meta":{"footnotes":""},"categories":[89],"tags":[226,163],"class_list":["post-2078321","post","type-post","status-publish","format-standard","hentry","category-romania","tag-crawlmanager","tag-radiotop-ro"],"_links":{"self":[{"href":"https:\/\/analyse.optim.biz\/index.php?rest_route=\/wp\/v2\/posts\/2078321","targetHints":{"allow":["GET"]}}],"collection":[{"href":"https:\/\/analyse.optim.biz\/index.php?rest_route=\/wp\/v2\/posts"}],"about":[{"href":"https:\/\/analyse.optim.biz\/index.php?rest_route=\/wp\/v2\/types\/post"}],"author":[{"embeddable":true,"href":"https:\/\/analyse.optim.biz\/index.php?rest_route=\/wp\/v2\/users\/1"}],"replies":[{"embeddable":true,"href":"https:\/\/analyse.optim.biz\/index.php?rest_route=%2Fwp%2Fv2%2Fcomments&post=2078321"}],"version-history":[{"count":0,"href":"https:\/\/analyse.optim.biz\/index.php?rest_route=\/wp\/v2\/posts\/2078321\/revisions"}],"wp:attachment":[{"href":"https:\/\/analyse.optim.biz\/index.php?rest_route=%2Fwp%2Fv2%2Fmedia&parent=2078321"}],"wp:term":[{"taxonomy":"category","embeddable":true,"href":"https:\/\/analyse.optim.biz\/index.php?rest_route=%2Fwp%2Fv2%2Fcategories&post=2078321"},{"taxonomy":"post_tag","embeddable":true,"href":"https:\/\/analyse.optim.biz\/index.php?rest_route=%2Fwp%2Fv2%2Ftags&post=2078321"}],"curies":[{"name":"wp","href":"https:\/\/api.w.org\/{rel}","templated":true}]}}