{"id":2078310,"date":"2026-08-05T07:49:31","date_gmt":"2026-08-05T04:49:31","guid":{"rendered":"https:\/\/analyse.optim.biz\/?p=2078310"},"modified":"2026-08-05T07:49:31","modified_gmt":"2026-08-05T04:49:31","slug":"interdictie-la-folosirea-apei-de-la-robinet-in-halkidiki-regiune-populara-printre-turistii-romani-din-grecia","status":"publish","type":"post","link":"https:\/\/analyse.optim.biz\/?p=2078310","title":{"rendered":"Interdic\u021bie la folosirea apei de la robinet \u00een Halkidiki, regiune popular\u0103 printre turi\u0219tii rom\u00e2ni din Grecia"},"content":{"rendered":"<p>[analyse_image type=&#8221;featured&#8221; src=&#8221;https:\/\/r3media.ro\/wp-content\/uploads\/2026\/08\/halkidiki-apa-e1785916146496.jpghttps:\/\/r3media.ro\/wp-content\/uploads\/2026\/08\/halkidiki-apa-e1785916146496.jpg&#8221;]<\/p>\n<article id=\"template-id-109\" class=\"post-109 tdb_templates type-tdb_templates status-publish post\">\n<div id=\"tdi_2\" class=\"tdc-zone\">\n<div class=\"tdc_zone tdi_3  wpb_row td-pb-row\">\n<div id=\"tdi_4\" class=\"tdc-row\">\n<div class=\"vc_row tdi_5  wpb_row td-pb-row\">\n<div class=\"vc_column tdi_7  wpb_column vc_column_container tdc-column td-pb-span8\">\n<div class=\"wpb_wrapper\">\n<div class=\"td_block_wrap tdb_breadcrumbs tdi_8 td-pb-border-top td_block_template_1 tdb-breadcrumbs \" data-td-block-uid=\"tdi_8\">\n<div class=\"tdb-block-inner td-fix-index\"><span><a title=\"Vede\u021bi toate articolele \u00een FEATURED\" class=\"tdb-entry-crumb\" href=\"https:\/\/r3media.ro\/category\/featured\/\">FEATURED<\/a><\/span><span class=\"tdb-bred-no-url-last\">Interdic\u021bie la folosirea apei de la robinet \u00een Halkidiki, regiune popular\u0103 printre&#8230;<\/span><\/div>\n<\/div>\n<div class=\"td_block_wrap tdb_single_categories tdi_9 td-pb-border-top td_block_template_1 \" data-td-block-uid=\"tdi_9\">\n<div class=\"tdb-category td-fix-index\"><a class=\"tdb-entry-category\" href=\"https:\/\/r3media.ro\/category\/featured\/\">FEATURED<\/a><a class=\"tdb-entry-category\" href=\"https:\/\/r3media.ro\/category\/stiri\/\">\u0218TIRI<\/a><\/div>\n<\/div>\n<div class=\"td_block_wrap tdb_title tdi_10 tdb-single-title td-pb-border-top td_block_template_1\" data-td-block-uid=\"tdi_10\">\n<div class=\"tdb-block-inner td-fix-index\">\n<h1 class=\"tdb-title-text\">Interdic\u021bie la folosirea apei de la robinet \u00een Halkidiki, regiune popular\u0103 printre turi\u0219tii rom\u00e2ni din Grecia<\/h1>\n<\/div>\n<\/div>\n<div class=\"vc_row_inner tdi_12  vc_row vc_inner wpb_row td-pb-row\">\n<div class=\"vc_column_inner tdi_14  wpb_column vc_column_container tdc-inner-column td-pb-span12\">\n<div class=\"vc_column-inner\">\n<div class=\"wpb_wrapper\">\n<div class=\"td_block_wrap tdb_single_author tdi_15 td-pb-border-top td_block_template_1 tdb-post-meta\" data-td-block-uid=\"tdi_15\">\n<div class=\"tdb-block-inner td-fix-index\">\n<div class=\"tdb-author-name-wrap\"><a class=\"tdb-author-name\" href=\"https:\/\/r3media.ro\/author\/radu_ursan\/\">Radu Ursan<\/a><\/div>\n<\/div>\n<\/div>\n<div class=\"td_block_wrap tdb_single_date tdi_16 td-pb-border-top td_block_template_1 tdb-post-meta\" data-td-block-uid=\"tdi_16\">\n<div class=\"tdb-block-inner td-fix-index\"><time class=\"entry-date updated td-module-date\" datetime=\"2026-08-05T10:49:31+03:00\">05\/08\/2026<\/time><\/div>\n<\/div>\n<\/div>\n<\/div>\n<\/div>\n<\/div>\n<div class=\"td_block_wrap tdb_single_featured_image tdi_17 tdb-content-horiz-left td-pb-border-top td_block_template_1\" data-td-block-uid=\"tdi_17\">\n<div class=\"tdb-block-inner td-fix-index\">\n<figure><figcaption class=\"tdb-caption-text\">Sursa foto: .clickandgo.com\/<\/figcaption><\/figure>\n<\/div>\n<\/div>\n<div class=\"td_block_wrap tdb_single_content tdi_18 td-pb-border-top td_block_template_1 td-post-content tagdiv-type\" data-td-block-uid=\"tdi_18\">\n<div class=\"tdb-block-inner td-fix-index\">\n<p><strong>Autorit\u0103\u021bile din Municipiul Kassandra, de pe peninsula greceasc\u0103 Halkidiki, au interzis temporar folosirea apei de la robinet pentru b\u0103ut \u00een satul de vacan\u021b\u0103 Siviri, regiune popular\u0103 printre turi\u0219tii rom\u00e2ni.<\/strong><\/p>\n<p>M\u0103sura vine dup\u0103 ce analizele de laborator au depistat o contaminare microbiologic\u0103 ce ar putea reprezenta un risc pentru s\u0103n\u0103tatea public\u0103, informeaz\u0103 <a href=\"https:\/\/greekcitytimes.com\/2026\/08\/04\/tap-water-declared-unsafe-after-microbial-contamination\/\" target=\"_blank\" rel=\"noopener\">presa de la Atena<\/a>.<\/p>\n<p>Problema a fost identificat\u0103 \u00een cadrul test\u0103rilor microbiologice de rutin\u0103 efectuate pe o prob\u0103 de ap\u0103 potabil\u0103 prelevat\u0103 din re\u021beaua local\u0103 de alimentare cu ap\u0103.<\/p>\n<p>\u00cen urma unei avertiz\u0103ri din partea Direc\u021biei Regionale de S\u0103n\u0103tate Public\u0103 \u0219i Asisten\u021b\u0103 Social\u0103 a regiunii Halkidiki, autorit\u0103\u021bile municipale au introdus m\u0103suri de precau\u021bie p\u00e2n\u0103 la finalizarea investiga\u021biilor.<\/p>\n<p>Oficialii au declarat apa de la robinet temporar improprie consumului uman, p\u00e2n\u0103 c\u00e2nd testele suplimentare vor confirma c\u0103 este sigur\u0103.<\/p>\n<h2><strong>Se recomand\u0103 apa \u00eembuteliat\u0103, deocamdat\u0103<\/strong><\/h2>\n<p>Reziden\u021bii \u0219i turi\u0219tii au primit instruc\u021biuni s\u0103 nu foloseasc\u0103 apa pentru b\u0103ut, prepararea alimentelor sau sp\u0103latul pe din\u021bi.<\/p>\n<p>Autorit\u0103\u021bile efectueaz\u0103 \u00een prezent o dezinfectare complet\u0103 a sistemului de alimentare cu ap\u0103 prin clorinare, urmat\u0103 de noi prelev\u0103ri de probe \u0219i analize de laborator.<\/p>\n<p>\u00cen acela\u0219i timp, a fost demarat\u0103 o anchet\u0103 pentru a stabili sursa contamin\u0103rii microbiologice.<\/p>\n<p>Ca m\u0103sur\u0103 de precau\u021bie, municipalitatea recomand\u0103 folosirea apei \u00eembuteliate sau a apei fierte o perioad\u0103 suficient\u0103 \u00eenainte de consum.<\/p>\n<p>Oficialii municipali au precizat c\u0103 informa\u021biile actualizate vor fi f\u0103cute publice imediat ce vor fi disponibile rezultatele testelor de laborator repetate.<\/p>\n<p>Aceste rezultate vor determina dac\u0103 alimentarea cu ap\u0103 poate fi din nou declarat\u0103 sigur\u0103 pentru uz public.<\/p>\n<p>Grecia se confrunt\u0103 cu o <a href=\"https:\/\/r3media.ro\/criza-apei-grecia-sapte-insule-stare-de-urgenta-localnici-recolte\/\" target=\"_blank\" rel=\"noopener\">criz\u0103 a apei<\/a>.<\/p>\n<div class=\"crp_related     crp-masonry\">\n<h2>\u00ceN CONTEXT<\/h2>\n<ul>\n<li><a href=\"https:\/\/r3media.ro\/criza-apei-grecia-sapte-insule-stare-de-urgenta-localnici-recolte\/\" class=\"crp_link post-120027\"><span class=\"crp_title\">Criza apei pe \u0219apte insule din Grecia: A fost emis\u0103 stare de urgen\u021b\u0103. Localnicii nu mai au\u2026<\/span><\/a><\/li>\n<li><a href=\"https:\/\/r3media.ro\/ucraina-scuze-grecia-drona-marina-insula-lefkada-expolozie-portul-constanta\/\" class=\"crp_link post-117814\"><span class=\"crp_title\">Ucraina i-a cerut scuze Greciei pentru c\u0103 o dron\u0103 marin\u0103 a ajuns l\u00e2ng\u0103 Insula Lefkada. Nicio\u2026<\/span><\/a><\/li>\n<\/ul>\n<\/div>\n<\/div>\n<\/div>\n<div class=\"td_block_wrap tdb_single_tags tdi_19 td-pb-border-top td_block_template_1\" data-td-block-uid=\"tdi_19\">\n<div class=\"tdb-block-inner td-fix-index\">\n<ul class=\"tdb-tags\">\n<li><span>SUBIECTE FIERBIN\u021aI<\/span><\/li>\n<li><a href=\"https:\/\/r3media.ro\/tag\/grecia\/\">grecia<\/a><\/li>\n<\/ul>\n<\/div>\n<\/div>\n<div class=\"td_block_wrap td_block_9 tdi_20 td_with_ajax_pagination td-pb-border-top td_block_template_1 td-column-2 td_block_padding td_block_bot_line\" data-td-block-uid=\"tdi_20\">\n<div class=\"td-block-title-wrap\">\n<h4 class=\"block-title td-block-title\"><span class=\"td-pulldown-size\">CITE\u0218TE MAI MULT<\/span><\/h4>\n<\/div>\n<div id=\"tdi_20\" class=\"td_block_inner\">\n<div class=\"td-block-row\">\n<div class=\"td-block-span6\">\n<div class=\"td_module_8 td_module_wrap\">\n<div class=\"item-details\">\n<h3 class=\"entry-title td-module-title\"><a href=\"https:\/\/r3media.ro\/cand-incepe-scoala-in-2026-structura-an-nou-scolar\/\" rel=\"bookmark\" title=\"C\u00e2nd \u00eencepe \u0219coala \u00een 2026: Structura noului an \u0219colar, vacan\u021bele \u0219i zilele libere\">C\u00e2nd \u00eencepe \u0219coala \u00een 2026: Structura noului an \u0219colar, vacan\u021bele \u0219i zilele libere<\/a><\/h3>\n<div class=\"td-module-meta-info\"><a href=\"https:\/\/r3media.ro\/category\/actualitate\/\" class=\"td-post-category\">ACTUALITATE<\/a><span class=\"td-post-author-name\"><a href=\"https:\/\/r3media.ro\/author\/oana\/\">Oana Ivan<\/a><span>&#8211;<\/span><\/span><span class=\"td-post-date\"><time class=\"entry-date updated td-module-date\" datetime=\"2026-08-03T22:23:20+03:00\">03\/08\/2026<\/time><\/span><\/div>\n<\/div>\n<\/div>\n<\/div>\n<div class=\"td-block-span6\">\n<div class=\"td_module_8 td_module_wrap\">\n<div class=\"item-details\">\n<h3 class=\"entry-title td-module-title\"><a href=\"https:\/\/r3media.ro\/tara-europa-norvegia-masini-electrice-inmatriculate-cota-ridicata\/\" rel=\"bookmark\" title=\"\u021aara din Europa unde aproape toate ma\u0219inile \u00eenmatriculate sune electrice. Cota a ajuns la 97,6% \u00een iulie\">\u021aara din Europa unde aproape toate ma\u0219inile \u00eenmatriculate sune electrice. Cota a ajuns la&#8230;<\/a><\/h3>\n<div class=\"td-module-meta-info\"><a href=\"https:\/\/r3media.ro\/category\/actualitate\/\" class=\"td-post-category\">ACTUALITATE<\/a><span class=\"td-post-author-name\"><a href=\"https:\/\/r3media.ro\/author\/oana\/\">Oana Ivan<\/a><span>&#8211;<\/span><\/span><span class=\"td-post-date\"><time class=\"entry-date updated td-module-date\" datetime=\"2026-08-03T17:01:21+03:00\">03\/08\/2026<\/time><\/span><\/div>\n<\/div>\n<\/div>\n<\/div>\n<\/div>\n<div class=\"td-block-row\">\n<div class=\"td-block-span6\">\n<div class=\"td_module_8 td_module_wrap\">\n<div class=\"item-details\">\n<h3 class=\"entry-title td-module-title\"><a href=\"https:\/\/r3media.ro\/puterea-mitologica-instalata-a-romaniei\/\" rel=\"bookmark\" title=\"Puterea mitologic\u0103 instalat\u0103 a Rom\u00e2niei\">Puterea mitologic\u0103 instalat\u0103 a Rom\u00e2niei<\/a><\/h3>\n<div class=\"td-module-meta-info\"><a href=\"https:\/\/r3media.ro\/category\/opinii\/\" class=\"td-post-category\">OPINII<\/a><span class=\"td-post-author-name\"><a href=\"https:\/\/r3media.ro\/author\/tru\/\">TRU (Traian Ungureanu)<\/a><span>&#8211;<\/span><\/span><span class=\"td-post-date\"><time class=\"entry-date updated td-module-date\" datetime=\"2026-08-02T22:08:04+03:00\">02\/08\/2026<\/time><\/span><\/div>\n<\/div>\n<\/div>\n<\/div>\n<div class=\"td-block-span6\">\n<div class=\"td_module_8 td_module_wrap\">\n<div class=\"item-details\">\n<h3 class=\"entry-title td-module-title\"><a href=\"https:\/\/r3media.ro\/hyundai-recheama-service-masini-electrice-inster-risc-incendiu\/\" rel=\"bookmark\" title=\"Hyundai recheam\u0103 \u00een service zeci de mii de ma\u0219ini electrice din cauza riscului de incendiu\">Hyundai recheam\u0103 \u00een service zeci de mii de ma\u0219ini electrice din cauza riscului de&#8230;<\/a><\/h3>\n<div class=\"td-module-meta-info\"><a href=\"https:\/\/r3media.ro\/category\/actualitate\/\" class=\"td-post-category\">ACTUALITATE<\/a><span class=\"td-post-author-name\"><a href=\"https:\/\/r3media.ro\/author\/oana\/\">Oana Ivan<\/a><span>&#8211;<\/span><\/span><span class=\"td-post-date\"><time class=\"entry-date updated td-module-date\" datetime=\"2026-08-02T08:34:05+03:00\">02\/08\/2026<\/time><\/span><\/div>\n<\/div>\n<\/div>\n<\/div>\n<\/div>\n<div class=\"td-block-row\">\n<div class=\"td-block-span6\">\n<div class=\"td_module_8 td_module_wrap\">\n<div class=\"item-details\">\n<h3 class=\"entry-title td-module-title\"><a href=\"https:\/\/r3media.ro\/dragostea-care-transcende-epoci-descult-in-parc-1967\/\" rel=\"bookmark\" title=\"Dragostea care transcende epoci \u2014 Descul\u021b \u00een parc (1967)\">Dragostea care transcende epoci \u2014 Descul\u021b \u00een parc (1967)<\/a><\/h3>\n<div class=\"td-module-meta-info\"><a href=\"https:\/\/r3media.ro\/category\/opinii\/\" class=\"td-post-category\">OPINII<\/a><span class=\"td-post-author-name\"><a href=\"https:\/\/r3media.ro\/author\/costi_balasoiu\/\">Constantin B\u0103l\u0103\u0219oiu<\/a><span>&#8211;<\/span><\/span><span class=\"td-post-date\"><time class=\"entry-date updated td-module-date\" datetime=\"2026-08-01T13:45:14+03:00\">01\/08\/2026<\/time><\/span><\/div>\n<\/div>\n<\/div>\n<\/div>\n<div class=\"td-block-span6\">\n<div class=\"td_module_8 td_module_wrap\">\n<div class=\"item-details\">\n<h3 class=\"entry-title td-module-title\"><a href=\"https:\/\/r3media.ro\/masina-electrica-foc-turcia-incarcat-vehicul-explozie-pompieri-stingere-incendiu-video\/\" rel=\"bookmark\" title=\"VIDEO | O ma\u0219in\u0103 electric\u0103 a luat foc \u00een timp ce se afla la \u00eenc\u0103rcat. Vehiculul a explodat chiar c\u00e2nd pompierii \u00eencercau s\u0103 sting\u0103 incendiul folosind o p\u0103tur\u0103 ignifug\u0103\">VIDEO | O ma\u0219in\u0103 electric\u0103 a luat foc \u00een timp ce se afla la&#8230;<\/a><\/h3>\n<div class=\"td-module-meta-info\"><a href=\"https:\/\/r3media.ro\/category\/actualitate\/\" class=\"td-post-category\">ACTUALITATE<\/a><span class=\"td-post-author-name\"><a href=\"https:\/\/r3media.ro\/author\/oana\/\">Oana Ivan<\/a><span>&#8211;<\/span><\/span><span class=\"td-post-date\"><time class=\"entry-date updated td-module-date\" datetime=\"2026-07-31T13:33:48+03:00\">31\/07\/2026<\/time><\/span><\/div>\n<\/div>\n<\/div>\n<\/div>\n<\/div>\n<div class=\"td-block-row\">\n<div class=\"td-block-span6\">\n<div class=\"td_module_8 td_module_wrap\">\n<div class=\"item-details\">\n<h3 class=\"entry-title td-module-title\"><a href=\"https:\/\/r3media.ro\/spania-asediu-migranti-exclava-ceuta-africa-madrid-trupe-securitate-video\/\" rel=\"bookmark\" title=\"VIDEO | Spania se afl\u0103 sub asediu: Mii de migran\u021bi au luat cu asalt exclava Ceuta din Africa. Madridul a trimis trupe pentru a consolida securitatea\">VIDEO | Spania se afl\u0103 sub asediu: Mii de migran\u021bi au luat cu asalt&#8230;<\/a><\/h3>\n<div class=\"td-module-meta-info\"><a href=\"https:\/\/r3media.ro\/category\/actualitate\/\" class=\"td-post-category\">ACTUALITATE<\/a><span class=\"td-post-author-name\"><a href=\"https:\/\/r3media.ro\/author\/oana\/\">Oana Ivan<\/a><span>&#8211;<\/span><\/span><span class=\"td-post-date\"><time class=\"entry-date updated td-module-date\" datetime=\"2026-07-31T12:39:57+03:00\">31\/07\/2026<\/time><\/span><\/div>\n<\/div>\n<\/div>\n<\/div>\n<div class=\"td-block-span6\">\n<div class=\"td_module_8 td_module_wrap\">\n<div class=\"item-details\">\n<h3 class=\"entry-title td-module-title\"><a href=\"https:\/\/r3media.ro\/expert-ucraina-faliment-agricultura-romaneasca-tehnologii-ue\/\" rel=\"bookmark\" title=\"Un expert explic\u0103 felul \u00een care concuren\u021ba din Ucraina bag\u0103 \u00een faliment agricultura rom\u00e2neasc\u0103: Folosesc tehnologii interzise \u00een UE\">Un expert explic\u0103 felul \u00een care concuren\u021ba din Ucraina bag\u0103 \u00een faliment agricultura rom\u00e2neasc\u0103:&#8230;<\/a><\/h3>\n<div class=\"td-module-meta-info\"><a href=\"https:\/\/r3media.ro\/category\/actualitate\/\" class=\"td-post-category\">ACTUALITATE<\/a><span class=\"td-post-author-name\"><a href=\"https:\/\/r3media.ro\/author\/radu_ursan\/\">Radu Ursan<\/a><span>&#8211;<\/span><\/span><span class=\"td-post-date\"><time class=\"entry-date updated td-module-date\" datetime=\"2026-07-30T09:51:48+03:00\">30\/07\/2026<\/time><\/span><\/div>\n<\/div>\n<\/div>\n<\/div>\n<\/div>\n<div class=\"td-block-row\">\n<div class=\"td-block-span6\">\n<div class=\"td_module_8 td_module_wrap\">\n<div class=\"item-details\">\n<h3 class=\"entry-title td-module-title\"><a href=\"https:\/\/r3media.ro\/cornel-nistorescu-drone-razboi-ucraina\/\" rel=\"bookmark\" title=\"Cornel Nistorescu, dup\u0103 incidentele cu drone: Adie a aer de r\u0103zboi. De mirare c\u0103 dronele ucrainene nu au st\u00e2rnit at\u00e2ta t\u0103r\u0103boi\">Cornel Nistorescu, dup\u0103 incidentele cu drone: Adie a aer de r\u0103zboi. De mirare c\u0103&#8230;<\/a><\/h3>\n<div class=\"td-module-meta-info\"><a href=\"https:\/\/r3media.ro\/category\/actualitate\/\" class=\"td-post-category\">ACTUALITATE<\/a><span class=\"td-post-author-name\"><a href=\"https:\/\/r3media.ro\/author\/radu_ursan\/\">Radu Ursan<\/a><span>&#8211;<\/span><\/span><span class=\"td-post-date\"><time class=\"entry-date updated td-module-date\" datetime=\"2026-07-28T10:21:51+03:00\">28\/07\/2026<\/time><\/span><\/div>\n<\/div>\n<\/div>\n<\/div>\n<div class=\"td-block-span6\">\n<div class=\"td_module_8 td_module_wrap\">\n<div class=\"item-details\">\n<h3 class=\"entry-title td-module-title\"><a href=\"https:\/\/r3media.ro\/bnr-recomanda-romani-rezerve-de-cash-atacuri-cibernetice-numerar-relevant-criza\/\" rel=\"bookmark\" title=\"BNR le recomand\u0103 rom\u00e2nilor s\u0103 p\u0103streze rezerve de cash: Numerarul se poate dovedi relevant \u00een criz\u0103\">BNR le recomand\u0103 rom\u00e2nilor s\u0103 p\u0103streze rezerve de cash: Numerarul se poate dovedi relevant&#8230;<\/a><\/h3>\n<div class=\"td-module-meta-info\"><a href=\"https:\/\/r3media.ro\/category\/actualitate\/\" class=\"td-post-category\">ACTUALITATE<\/a><span class=\"td-post-author-name\"><a href=\"https:\/\/r3media.ro\/author\/oana\/\">Oana Ivan<\/a><span>&#8211;<\/span><\/span><span class=\"td-post-date\"><time class=\"entry-date updated td-module-date\" datetime=\"2026-07-27T13:11:47+03:00\">27\/07\/2026<\/time><\/span><\/div>\n<\/div>\n<\/div>\n<\/div>\n<\/div>\n<div class=\"td-block-row\">\n<div class=\"td-block-span6\">\n<div class=\"td_module_8 td_module_wrap\">\n<div class=\"item-details\">\n<h3 class=\"entry-title td-module-title\"><a href=\"https:\/\/r3media.ro\/statul-roman-a-semnat-actul-propriei-disparitii\/\" rel=\"bookmark\" title=\"Statul rom\u00e2n a semnat actul propriei dispari\u021bii?\">Statul rom\u00e2n a semnat actul propriei dispari\u021bii?<\/a><\/h3>\n<div class=\"td-module-meta-info\"><a href=\"https:\/\/r3media.ro\/category\/opinii\/\" class=\"td-post-category\">OPINII<\/a><span class=\"td-post-author-name\"><a href=\"https:\/\/r3media.ro\/author\/gabipopa\/\">Gabriel Popa<\/a><span>&#8211;<\/span><\/span><span class=\"td-post-date\"><time class=\"entry-date updated td-module-date\" datetime=\"2026-07-27T15:07:05+03:00\">27\/07\/2026<\/time><\/span><\/div>\n<\/div>\n<\/div>\n<\/div>\n<div class=\"td-block-span6\">\n<div class=\"td_module_8 td_module_wrap\">\n<div class=\"item-details\">\n<h3 class=\"entry-title td-module-title\"><a href=\"https:\/\/r3media.ro\/prima-oara-istorie-presedintia-document-primplan-patriotism-european\/\" rel=\"bookmark\" title=\"Pentru prima oar\u0103 \u00een istorie, Pre\u0219edin\u021bia Rom\u00e2niei emite un document care pune pe primul plan o alt\u0103 entitate dec\u00e2t \u021bara noastr\u0103: patriotismul european\">Pentru prima oar\u0103 \u00een istorie, Pre\u0219edin\u021bia Rom\u00e2niei emite un document care pune pe primul&#8230;<\/a><\/h3>\n<div class=\"td-module-meta-info\"><a href=\"https:\/\/r3media.ro\/category\/actualitate\/\" class=\"td-post-category\">ACTUALITATE<\/a><span class=\"td-post-author-name\"><a href=\"https:\/\/r3media.ro\/author\/teodor_stan\/\">Teodor Stan<\/a><span>&#8211;<\/span><\/span><span class=\"td-post-date\"><time class=\"entry-date updated td-module-date\" datetime=\"2026-07-26T11:44:31+03:00\">26\/07\/2026<\/time><\/span><\/div>\n<\/div>\n<\/div>\n<\/div>\n<\/div>\n<\/div>\n<div class=\"td-load-more-wrap td-load-more-infinite-wrap\" id=\"infinite-lm-tdi_20\"><a href=\"https:\/\/r3media.ro\/interdictie-apa-halkidiki-grecia-turisti-romani\/\" class=\"td_ajax_load_more td_ajax_load_more_js\" aria-label=\"\u00cenc\u0103rca\u021bi mai multe\" id=\"next-page-tdi_20\" data-td_block_id=\"tdi_20\">\u00cenc\u0103rca\u021bi mai multe<\/a><\/div>\n<\/div>\n<div class=\"td_block_wrap tdb_single_comments tdi_21 tdb-comm-layout2 td-pb-border-top td_block_template_1\" data-td-block-uid=\"tdi_21\">\n<div class=\"tdb-block-inner td-fix-index\">\n<div class=\"comments\" id=\"comments\">\n<div id=\"respond\" class=\"comment-respond\">\n<h3 id=\"reply-title\" class=\"comment-reply-title\">AI CEVA DE SPUS? <small><a rel=\"nofollow\" id=\"cancel-comment-reply-link\" href=\"https:\/\/r3media.ro\/interdictie-apa-halkidiki-grecia-turisti-romani\/#respond\">Renun\u021ba\u021bi la r\u0103spuns<\/a><\/small><\/h3>\n<div class=\"comment-form-input-wrap td-form-comment\">\n<div class=\"td-warning-comment\">V\u0103 rug\u0103m s\u0103 introduce\u021bi comentariul dvs.!<\/div>\n<\/div>\n<div class=\"comment-form-input-wrap td-form-author\">\n<div class=\"td-warning-author\">Introduce\u021bi aici numele dvs.<\/div>\n<\/div>\n<div class=\"comment-form-input-wrap td-form-email\">\n<div class=\"td-warning-email-error\">A\u021bi introdus o adres\u0103 de e-mail incorect\u0103!<\/div>\n<div class=\"td-warning-email\">V\u0103 rug\u0103m s\u0103 introduce\u021bi adresa dvs. de e-mail aici<\/div>\n<\/div>\n<\/div>\n<\/div>\n<\/div>\n<\/div>\n<\/div>\n<\/div>\n<div class=\"vc_column tdi_23  wpb_column vc_column_container tdc-column td-pb-span4 td-is-sticky\">\n<div class=\"wpb_wrapper\" data-sticky-enabled-on=\"W3RydWUsdHJ1ZSx0cnVlLHRydWVd\" data-sticky-offset=\"20\" data-sticky-is-width-auto=\"W2ZhbHNlLGZhbHNlLGZhbHNlLGZhbHNlXQ==\">\n<div class=\"wpb_wrapper td_block_wrap vc_widget_sidebar tdi_25 \">\n<div class=\"td_block_wrap td_block_7 td_block_widget tdi_26 td-pb-border-top td_block_template_1 td-column-1 td_block_padding\" data-td-block-uid=\"tdi_26\">\n<div class=\"td-block-title-wrap\">\n<h4 class=\"block-title td-block-title\"><span class=\"td-pulldown-size\">Articole RELA\u021aIONATE<\/span><\/h4>\n<\/div>\n<div id=\"tdi_26\" class=\"td_block_inner\">\n<div class=\"td-block-span12\">\n<div class=\"td_module_6 td_module_wrap td-animation-stack\">\n<div class=\"td-module-thumb\"><a href=\"https:\/\/r3media.ro\/catalin-avramescu-pornografie-infantila\/\" rel=\"bookmark\" class=\"td-image-wrap \" title=\"C\u0103t\u0103lin Avramescu, fost consilier preziden\u021bial, suspect \u00eentr-un dosar de pornografie infantil\u0103\"><img loading=\"lazy\" decoding=\"async\" class=\"entry-thumb\" src=\"https:\/\/r3media.ro\/wp-content\/uploads\/2026\/08\/Catalin-Avramescu-1200x616-1-100x70.jpg\" alt title=\"C\u0103t\u0103lin Avramescu, fost consilier preziden\u021bial, suspect \u00eentr-un dosar de pornografie infantil\u0103\" width=\"100\" height=\"70\"><\/a><\/div>\n<div class=\"item-details\">\n<h3 class=\"entry-title td-module-title\"><a href=\"https:\/\/r3media.ro\/catalin-avramescu-pornografie-infantila\/\" rel=\"bookmark\" title=\"C\u0103t\u0103lin Avramescu, fost consilier preziden\u021bial, suspect \u00eentr-un dosar de pornografie infantil\u0103\">C\u0103t\u0103lin Avramescu, fost consilier preziden\u021bial, suspect \u00eentr-un dosar de pornografie infantil\u0103<\/a><\/h3>\n<div class=\"td-module-meta-info\"><span class=\"td-post-date\"><time class=\"entry-date updated td-module-date\" datetime=\"2026-08-05T13:47:30+03:00\">05\/08\/2026<\/time><\/span><\/div>\n<\/div>\n<\/div>\n<\/div>\n<div class=\"td-block-span12\">\n<div class=\"td_module_6 td_module_wrap td-animation-stack\">\n<div class=\"td-module-thumb\"><a href=\"https:\/\/r3media.ro\/invatamant-portugalia-haos-erori-digitalizarea-procesului-evaluare-elevi\/\" rel=\"bookmark\" class=\"td-image-wrap \" title=\"\u00cenv\u0103\u021b\u0103m\u00e2ntul din Portugalia, \u00een haos din cauza erorilor cauzate de digitalizarea procesului de evaluare a elevilor\"><img loading=\"lazy\" decoding=\"async\" class=\"entry-thumb\" src=\"https:\/\/r3media.ro\/wp-content\/uploads\/2026\/02\/digitalizare-scoala-100x70.jpg\" alt title=\"\u00cenv\u0103\u021b\u0103m\u00e2ntul din Portugalia, \u00een haos din cauza erorilor cauzate de digitalizarea procesului de evaluare a elevilor\" width=\"100\" height=\"70\"><\/a><\/div>\n<div class=\"item-details\">\n<h3 class=\"entry-title td-module-title\"><a href=\"https:\/\/r3media.ro\/invatamant-portugalia-haos-erori-digitalizarea-procesului-evaluare-elevi\/\" rel=\"bookmark\" title=\"\u00cenv\u0103\u021b\u0103m\u00e2ntul din Portugalia, \u00een haos din cauza erorilor cauzate de digitalizarea procesului de evaluare a elevilor\">\u00cenv\u0103\u021b\u0103m\u00e2ntul din Portugalia, \u00een haos din cauza erorilor cauzate de digitalizarea&#8230;<\/a><\/h3>\n<div class=\"td-module-meta-info\"><span class=\"td-post-date\"><time class=\"entry-date updated td-module-date\" datetime=\"2026-08-05T12:18:39+03:00\">05\/08\/2026<\/time><\/span><\/div>\n<\/div>\n<\/div>\n<\/div>\n<div class=\"td-block-span12\">\n<div class=\"td_module_6 td_module_wrap td-animation-stack\">\n<div class=\"td-module-thumb\"><a href=\"https:\/\/r3media.ro\/bulgaria-nivelul-scazut-al-apelor-dunarii-nu-afecteaza-centrala-nucleara-de-la-kozlodui\/\" rel=\"bookmark\" class=\"td-image-wrap \" title=\"Bulgaria: Nivelul sc\u0103zut al apelor Dun\u0103rii NU afecteaz\u0103 centrala nuclear\u0103 de la Kozlodui\"><img loading=\"lazy\" decoding=\"async\" class=\"entry-thumb\" src=\"https:\/\/r3media.ro\/wp-content\/uploads\/2026\/08\/centrala-kozlodui-bulgaria-100x70.jpg\" alt title=\"Bulgaria: Nivelul sc\u0103zut al apelor Dun\u0103rii NU afecteaz\u0103 centrala nuclear\u0103 de la Kozlodui\" width=\"100\" height=\"70\"><\/a><\/div>\n<div class=\"item-details\">\n<h3 class=\"entry-title td-module-title\"><a href=\"https:\/\/r3media.ro\/bulgaria-nivelul-scazut-al-apelor-dunarii-nu-afecteaza-centrala-nucleara-de-la-kozlodui\/\" rel=\"bookmark\" title=\"Bulgaria: Nivelul sc\u0103zut al apelor Dun\u0103rii NU afecteaz\u0103 centrala nuclear\u0103 de la Kozlodui\">Bulgaria: Nivelul sc\u0103zut al apelor Dun\u0103rii NU afecteaz\u0103 centrala nuclear\u0103 de&#8230;<\/a><\/h3>\n<div class=\"td-module-meta-info\"><span class=\"td-post-date\"><time class=\"entry-date updated td-module-date\" datetime=\"2026-08-05T11:26:56+03:00\">05\/08\/2026<\/time><\/span><\/div>\n<\/div>\n<\/div>\n<\/div>\n<div class=\"td-block-span12\">\n<div class=\"td_module_6 td_module_wrap td-animation-stack\">\n<div class=\"td-module-thumb\"><a href=\"https:\/\/r3media.ro\/strategia-biodiversitatii-adoptata-30-teritoriu-activitati-economice\/\" rel=\"bookmark\" class=\"td-image-wrap \" title=\"Strategia biodiversit\u0103\u021bii, adoptat\u0103 de Senat dup\u0103 amendamente. Disputa se poart\u0103 pe \u021bintele de 30% \u0219i 10% din teritoriu exclus activit\u0103\u021bilor economice\"><img loading=\"lazy\" decoding=\"async\" class=\"entry-thumb\" src=\"https:\/\/r3media.ro\/wp-content\/uploads\/2020\/09\/teren-agricol-economica-100x70.jpg\" alt title=\"Strategia biodiversit\u0103\u021bii, adoptat\u0103 de Senat dup\u0103 amendamente. Disputa se poart\u0103 pe \u021bintele de 30% \u0219i 10% din teritoriu exclus activit\u0103\u021bilor economice\" width=\"100\" height=\"70\"><\/a><\/div>\n<div class=\"item-details\">\n<h3 class=\"entry-title td-module-title\"><a href=\"https:\/\/r3media.ro\/strategia-biodiversitatii-adoptata-30-teritoriu-activitati-economice\/\" rel=\"bookmark\" title=\"Strategia biodiversit\u0103\u021bii, adoptat\u0103 de Senat dup\u0103 amendamente. Disputa se poart\u0103 pe \u021bintele de 30% \u0219i 10% din teritoriu exclus activit\u0103\u021bilor economice\">Strategia biodiversit\u0103\u021bii, adoptat\u0103 de Senat dup\u0103 amendamente. Disputa se poart\u0103 pe&#8230;<\/a><\/h3>\n<div class=\"td-module-meta-info\"><span class=\"td-post-date\"><time class=\"entry-date updated td-module-date\" datetime=\"2026-08-04T22:57:11+03:00\">04\/08\/2026<\/time><\/span><\/div>\n<\/div>\n<\/div>\n<\/div>\n<div class=\"td-block-span12\">\n<div class=\"td_module_6 td_module_wrap td-animation-stack\">\n<div class=\"td-module-thumb\"><a href=\"https:\/\/r3media.ro\/la-mihail-kogalniceanu-apa-segarcea-restrictii\/\" rel=\"bookmark\" class=\"td-image-wrap \" title=\"La Mihail Kog\u0103lniceanu se opre\u0219te apa \u00een timpul nop\u021bii. La Segarcea, restric\u021biile sunt valabile \u0219i ziua\"><img loading=\"lazy\" decoding=\"async\" class=\"entry-thumb\" src=\"https:\/\/r3media.ro\/wp-content\/uploads\/2026\/08\/restrictii-apa-100x70.png\" alt title=\"La Mihail Kog\u0103lniceanu se opre\u0219te apa \u00een timpul nop\u021bii. La Segarcea, restric\u021biile sunt valabile \u0219i ziua\" width=\"100\" height=\"70\"><\/a><\/div>\n<div class=\"item-details\">\n<h3 class=\"entry-title td-module-title\"><a href=\"https:\/\/r3media.ro\/la-mihail-kogalniceanu-apa-segarcea-restrictii\/\" rel=\"bookmark\" title=\"La Mihail Kog\u0103lniceanu se opre\u0219te apa \u00een timpul nop\u021bii. La Segarcea, restric\u021biile sunt valabile \u0219i ziua\">La Mihail Kog\u0103lniceanu se opre\u0219te apa \u00een timpul nop\u021bii. La Segarcea,&#8230;<\/a><\/h3>\n<div class=\"td-module-meta-info\"><span class=\"td-post-date\"><time class=\"entry-date updated td-module-date\" datetime=\"2026-08-04T22:43:07+03:00\">04\/08\/2026<\/time><\/span><\/div>\n<\/div>\n<\/div>\n<\/div>\n<div class=\"td-block-span12\">\n<div class=\"td_module_6 td_module_wrap td-animation-stack\">\n<div class=\"td-module-thumb\"><a href=\"https:\/\/r3media.ro\/5-august-sf-ioan-iacob-hozevitul-de-la-neamt\/\" rel=\"bookmark\" class=\"td-image-wrap \" title=\"Calendarul zilei 5 august: Sf. Ioan Iacob Hozevitul (de la Neam\u021b)\"><img loading=\"lazy\" decoding=\"async\" class=\"entry-thumb\" src=\"https:\/\/r3media.ro\/wp-content\/uploads\/2022\/08\/sf-ioan-iacob-hozevitul-neamt-100x70.jpg\" alt title=\"Calendarul zilei 5 august: Sf. Ioan Iacob Hozevitul (de la Neam\u021b)\" width=\"100\" height=\"70\"><\/a><\/div>\n<div class=\"item-details\">\n<h3 class=\"entry-title td-module-title\"><a href=\"https:\/\/r3media.ro\/5-august-sf-ioan-iacob-hozevitul-de-la-neamt\/\" rel=\"bookmark\" title=\"Calendarul zilei 5 august: Sf. Ioan Iacob Hozevitul (de la Neam\u021b)\">Calendarul zilei 5 august: Sf. Ioan Iacob Hozevitul (de la Neam\u021b)<\/a><\/h3>\n<div class=\"td-module-meta-info\"><span class=\"td-post-date\"><time class=\"entry-date updated td-module-date\" datetime=\"2026-08-04T22:00:04+03:00\">04\/08\/2026<\/time><\/span><\/div>\n<\/div>\n<\/div>\n<\/div>\n<div class=\"td-block-span12\">\n<div class=\"td_module_6 td_module_wrap td-animation-stack\">\n<div class=\"td-module-thumb\"><a href=\"https:\/\/r3media.ro\/show-iluzie-si-realitate-de-la-the-truman-show-la-son-of-a-rich\/\" rel=\"bookmark\" class=\"td-image-wrap \" title=\"Show, iluzie \u0219i realitate: de la The Truman Show la Son of a Rich\"><img loading=\"lazy\" decoding=\"async\" class=\"entry-thumb\" src=\"https:\/\/r3media.ro\/wp-content\/uploads\/2026\/08\/the-truman-show-jim-carrey-100x70.webp\" alt title=\"Show, iluzie \u0219i realitate: de la The Truman Show la Son of a Rich\" width=\"100\" height=\"70\"><\/a><\/div>\n<div class=\"item-details\">\n<h3 class=\"entry-title td-module-title\"><a href=\"https:\/\/r3media.ro\/show-iluzie-si-realitate-de-la-the-truman-show-la-son-of-a-rich\/\" rel=\"bookmark\" title=\"Show, iluzie \u0219i realitate: de la The Truman Show la Son of a Rich\">Show, iluzie \u0219i realitate: de la The Truman Show la Son&#8230;<\/a><\/h3>\n<div class=\"td-module-meta-info\"><span class=\"td-post-date\"><time class=\"entry-date updated td-module-date\" datetime=\"2026-08-04T21:41:25+03:00\">04\/08\/2026<\/time><\/span><\/div>\n<\/div>\n<\/div>\n<\/div>\n<\/div>\n<\/div>\n<aside class=\"td_block_template_1 widget widget_recent_comments\">\n<h4 class=\"block-title\"><span>INTR\u0102 \u00ceN DISCU\u021aIE!<\/span><\/h4>\n<ul id=\"recentcomments\">\n<li class=\"recentcomments\"><span class=\"comment-author-link\">Cristian<\/span> la <a href=\"https:\/\/r3media.ro\/4-august-1919-armata-romana-budapesta\/#comment-40349\">Calendarul zilei: 4 august 1919, cucerirea Budapestei de c\u0103tre Armata Rom\u00e2n\u0103<\/a><\/li>\n<li class=\"recentcomments\"><span class=\"comment-author-link\">Nicu<\/span> la <a href=\"https:\/\/r3media.ro\/ministr-securitate-energetica-marea-britanie-subventii-net-zero-umfla-facturi-cetateni-energie\/#comment-40348\">Ministrul Securit\u0103\u021bii Energetice din Marea Britanie neag\u0103 faptul c\u0103 subven\u021biile Net Zero umfl\u0103 facturile cet\u0103\u021benilor la energie<\/a><\/li>\n<li class=\"recentcomments\"><span class=\"comment-author-link\">Nicu<\/span> la <a href=\"https:\/\/r3media.ro\/sursa-crizei-energetice-radu-miruta-romania-capacitati-carbune-seceta\/#comment-40347\">Sursa crizei energetice. Ministrul Radu Miru\u021b\u0103: Rom\u00e2nia a \u00eenchis capacit\u0103\u021bi de produc\u021bie pe carbune f\u0103r\u0103 s\u0103 pun\u0103 nimic \u00een loc. Nu te po\u021bi ascunde \u00een spatele secetei<\/a><\/li>\n<li class=\"recentcomments\"><span class=\"comment-author-link\">Gavril\u0103 Moldovan<\/span> la <a href=\"https:\/\/r3media.ro\/prima-oara-istorie-presedintia-document-primplan-patriotism-european\/#comment-40346\">Pentru prima oar\u0103 \u00een istorie, Pre\u0219edin\u021bia Rom\u00e2niei emite un document care pune pe primul plan o alt\u0103 entitate dec\u00e2t \u021bara noastr\u0103: patriotismul european<\/a><\/li>\n<li class=\"recentcomments\"><span class=\"comment-author-link\">Redac\u021bia<\/span> la <a href=\"https:\/\/r3media.ro\/statul-roman-a-semnat-actul-propriei-disparitii\/#comment-40345\">Statul rom\u00e2n a semnat actul propriei dispari\u021bii?<\/a><\/li>\n<li class=\"recentcomments\"><span class=\"comment-author-link\">Cet\u0103\u021bean<\/span> la <a href=\"https:\/\/r3media.ro\/sursa-crizei-energetice-radu-miruta-romania-capacitati-carbune-seceta\/#comment-40344\">Sursa crizei energetice. Ministrul Radu Miru\u021b\u0103: Rom\u00e2nia a \u00eenchis capacit\u0103\u021bi de produc\u021bie pe carbune f\u0103r\u0103 s\u0103 pun\u0103 nimic \u00een loc. Nu te po\u021bi ascunde \u00een spatele secetei<\/a><\/li>\n<li class=\"recentcomments\"><span class=\"comment-author-link\"><a href=\"https:\/\/r3media.ro\/statul-roman-a-semnat-actul-propriei-disparitii\/\" class=\"url\" rel=\"ugc\">Stalin<\/a><\/span> la <a href=\"https:\/\/r3media.ro\/statul-roman-a-semnat-actul-propriei-disparitii\/#comment-40343\">Statul rom\u00e2n a semnat actul propriei dispari\u021bii?<\/a><\/li>\n<\/ul>\n<\/aside>\n<aside class=\"td_block_template_1 widget widget_search\">\n<h4 class=\"block-title\"><span>CAUT\u0102 \u0218I VEI G\u0102SI<\/span><\/h4>\n<\/aside>\n<\/div>\n<\/div>\n<\/div>\n<\/div>\n<\/div>\n<\/div>\n<\/div>\n<p><span class=\"td-page-meta\"><\/span><span class=\"td-page-meta\"><span class=\"td-page-meta\"><\/span><\/span><span class=\"td-page-meta\"><\/span><\/article>\n<\/p>\n<div class=\"td_block_wrap tdb_single_content tdi_18 td-pb-border-top td_block_template_1 td-post-content tagdiv-type\" data-td-block-uid=\"tdi_18\">\n<div class=\"tdb-block-inner td-fix-index\">\n<p><strong>Autorit\u0103\u021bile din Municipiul Kassandra, de pe peninsula greceasc\u0103 Halkidiki, au interzis temporar folosirea apei de la robinet pentru b\u0103ut \u00een satul de vacan\u021b\u0103 Siviri, regiune popular\u0103 printre turi\u0219tii rom\u00e2ni.<\/strong><\/p>\n<p>M\u0103sura vine dup\u0103 ce analizele de laborator au depistat o contaminare microbiologic\u0103 ce ar putea reprezenta un risc pentru s\u0103n\u0103tatea public\u0103, informeaz\u0103 <a href=\"https:\/\/greekcitytimes.com\/2026\/08\/04\/tap-water-declared-unsafe-after-microbial-contamination\/\" target=\"_blank\" rel=\"noopener\">presa de la Atena<\/a>.<\/p>\n<p>Problema a fost identificat\u0103 \u00een cadrul test\u0103rilor microbiologice de rutin\u0103 efectuate pe o prob\u0103 de ap\u0103 potabil\u0103 prelevat\u0103 din re\u021beaua local\u0103 de alimentare cu ap\u0103.<\/p>\n<p>\u00cen urma unei avertiz\u0103ri din partea Direc\u021biei Regionale de S\u0103n\u0103tate Public\u0103 \u0219i Asisten\u021b\u0103 Social\u0103 a regiunii Halkidiki, autorit\u0103\u021bile municipale au introdus m\u0103suri de precau\u021bie p\u00e2n\u0103 la finalizarea investiga\u021biilor.<\/p>\n<p>Oficialii au declarat apa de la robinet temporar improprie consumului uman, p\u00e2n\u0103 c\u00e2nd testele suplimentare vor confirma c\u0103 este sigur\u0103.<\/p>\n<h2><strong>Se recomand\u0103 apa \u00eembuteliat\u0103, deocamdat\u0103<\/strong><\/h2>\n<p>Reziden\u021bii \u0219i turi\u0219tii au primit instruc\u021biuni s\u0103 nu foloseasc\u0103 apa pentru b\u0103ut, prepararea alimentelor sau sp\u0103latul pe din\u021bi.<\/p>\n<p>Autorit\u0103\u021bile efectueaz\u0103 \u00een prezent o dezinfectare complet\u0103 a sistemului de alimentare cu ap\u0103 prin clorinare, urmat\u0103 de noi prelev\u0103ri de probe \u0219i analize de laborator.<\/p>\n<p>\u00cen acela\u0219i timp, a fost demarat\u0103 o anchet\u0103 pentru a stabili sursa contamin\u0103rii microbiologice.<\/p>\n<p>Ca m\u0103sur\u0103 de precau\u021bie, municipalitatea recomand\u0103 folosirea apei \u00eembuteliate sau a apei fierte o perioad\u0103 suficient\u0103 \u00eenainte de consum.<\/p>\n<p>Oficialii municipali au precizat c\u0103 informa\u021biile actualizate vor fi f\u0103cute publice imediat ce vor fi disponibile rezultatele testelor de laborator repetate.<\/p>\n<p>Aceste rezultate vor determina dac\u0103 alimentarea cu ap\u0103 poate fi din nou declarat\u0103 sigur\u0103 pentru uz public.<\/p>\n<p>Grecia se confrunt\u0103 cu o <a href=\"https:\/\/r3media.ro\/criza-apei-grecia-sapte-insule-stare-de-urgenta-localnici-recolte\/\" target=\"_blank\" rel=\"noopener\">criz\u0103 a apei<\/a>.<\/p>\n<div class=\"crp_related     crp-masonry\">\n<h2>\u00ceN CONTEXT<\/h2>\n<ul>\n<li><a href=\"https:\/\/r3media.ro\/criza-apei-grecia-sapte-insule-stare-de-urgenta-localnici-recolte\/\" class=\"crp_link post-120027\"><span class=\"crp_title\">Criza apei pe \u0219apte insule din Grecia: A fost emis\u0103 stare de urgen\u021b\u0103. Localnicii nu mai au\u2026<\/span><\/a><\/li>\n<li><a href=\"https:\/\/r3media.ro\/ucraina-scuze-grecia-drona-marina-insula-lefkada-expolozie-portul-constanta\/\" class=\"crp_link post-117814\"><span class=\"crp_title\">Ucraina i-a cerut scuze Greciei pentru c\u0103 o dron\u0103 marin\u0103 a ajuns l\u00e2ng\u0103 Insula Lefkada. Nicio\u2026<\/span><\/a><\/li>\n<\/ul>\n<\/div>\n<\/div>\n<\/div>\n<p>[analyse_source url=&#8221;https:\/\/r3media.ro\/interdictie-apa-halkidiki-grecia-turisti-romani\/&#8221;]<\/p>\n","protected":false},"excerpt":{"rendered":"<p>[analyse_image type=&#8221;featured&#8221; src=&#8221;https:\/\/r3media.ro\/wp-content\/uploads\/2026\/08\/halkidiki-apa-e1785916146496.jpghttps:\/\/r3media.ro\/wp-content\/uploads\/2026\/08\/halkidiki-apa-e1785916146496.jpg&#8221;] FEATUREDInterdic\u021bie la folosirea apei de la robinet \u00een Halkidiki, regiune popular\u0103 printre&#8230; FEATURED\u0218TIRI Interdic\u021bie la folosirea apei de la robinet \u00een Halkidiki, regiune popular\u0103 printre turi\u0219tii rom\u00e2ni din Grecia Radu Ursan 05\/08\/2026 Sursa foto: .clickandgo.com\/ Autorit\u0103\u021bile din Municipiul Kassandra, de pe peninsula greceasc\u0103 Halkidiki, au interzis temporar folosirea apei de la robinet [&hellip;]<\/p>\n","protected":false},"author":1,"featured_media":0,"comment_status":"open","ping_status":"","sticky":false,"template":"","format":"standard","meta":{"footnotes":""},"categories":[89],"tags":[226,93],"class_list":["post-2078310","post","type-post","status-publish","format-standard","hentry","category-romania","tag-crawlmanager","tag-r3media-ro"],"_links":{"self":[{"href":"https:\/\/analyse.optim.biz\/index.php?rest_route=\/wp\/v2\/posts\/2078310","targetHints":{"allow":["GET"]}}],"collection":[{"href":"https:\/\/analyse.optim.biz\/index.php?rest_route=\/wp\/v2\/posts"}],"about":[{"href":"https:\/\/analyse.optim.biz\/index.php?rest_route=\/wp\/v2\/types\/post"}],"author":[{"embeddable":true,"href":"https:\/\/analyse.optim.biz\/index.php?rest_route=\/wp\/v2\/users\/1"}],"replies":[{"embeddable":true,"href":"https:\/\/analyse.optim.biz\/index.php?rest_route=%2Fwp%2Fv2%2Fcomments&post=2078310"}],"version-history":[{"count":0,"href":"https:\/\/analyse.optim.biz\/index.php?rest_route=\/wp\/v2\/posts\/2078310\/revisions"}],"wp:attachment":[{"href":"https:\/\/analyse.optim.biz\/index.php?rest_route=%2Fwp%2Fv2%2Fmedia&parent=2078310"}],"wp:term":[{"taxonomy":"category","embeddable":true,"href":"https:\/\/analyse.optim.biz\/index.php?rest_route=%2Fwp%2Fv2%2Fcategories&post=2078310"},{"taxonomy":"post_tag","embeddable":true,"href":"https:\/\/analyse.optim.biz\/index.php?rest_route=%2Fwp%2Fv2%2Ftags&post=2078310"}],"curies":[{"name":"wp","href":"https:\/\/api.w.org\/{rel}","templated":true}]}}