{"id":2078286,"date":"2026-08-04T10:20:18","date_gmt":"2026-08-04T07:20:18","guid":{"rendered":"https:\/\/analyse.optim.biz\/?p=2078286"},"modified":"2026-08-04T10:20:18","modified_gmt":"2026-08-04T07:20:18","slug":"buzaul-isi-construieste-viitorul-in-fotbal-marcel-ciolacu-anunta-o-academie-de-fotbal-la-buzau","status":"publish","type":"post","link":"https:\/\/analyse.optim.biz\/?p=2078286","title":{"rendered":"Buz\u0103ul \u00ee\u0219i construie\u0219te viitorul \u00een fotbal! Marcel Ciolacu anun\u021b\u0103 o academie de fotbal la Buz\u0103u"},"content":{"rendered":"<p>[analyse_image type=&#8221;featured&#8221; src=&#8221;https:\/\/gazetabuzoiana.ro\/wp-content\/uploads\/2026\/08\/1.jpg&#8221;]<\/p>\n<div class=\"entry-content entry clearfix\">\n<p class=\"wp-block-paragraph\">Buz\u0103ul face primii pa\u0219i c\u0103tre \u00eenfiin\u021barea unei academii de fotbal pentru copii \u0219i juniori, un proiect care ar urma s\u0103 se adreseze tinerilor din \u00eentreg jude\u021bul, indiferent dac\u0103 provin din municipiu, din celelalte ora\u0219e sau din mediul rural.<\/p>\n<p class=\"wp-block-paragraph\">Planul a fost discutat de pre\u0219edintele Consiliului Jude\u021bean Buz\u0103u, Marcel Ciolacu, cu reprezentan\u021bii Federa\u021biei Rom\u00e2ne de Fotbal, \u00een cadrul unei \u00eent\u00e2lniri la care au participat pre\u0219edintele FRF, R\u0103zvan Burleanu, directorul tehnic Mihai Stoichi\u021b\u0103 \u0219i directorul de dezvoltare Felix Grigore.<\/p>\n<p class=\"wp-block-paragraph\">Discu\u021biile s-au concentrat pe viitorul fotbalului buzoian \u0219i, \u00een special, pe dezvoltarea sectorului juvenil, administra\u021bia jude\u021bean\u0103 dorind crearea unei structuri care s\u0103 identifice \u0219i s\u0103 preg\u0103teasc\u0103 tinerii cu poten\u021bial din \u00eentreg jude\u021bul.<\/p>\n<p class=\"wp-block-paragraph\"><strong><mark class=\"has-inline-color has-vivid-red-color\">\u201eSportul \u00eencepe cu investi\u021bia \u00een copii. Am avut o \u00eent\u00e2lnire foarte bun\u0103 cu pre\u0219edintele Federa\u021biei Rom\u00e2ne de Fotbal, R\u0103zvan Burleanu, al\u0103turi de directorul tehnic Mihai Stoichi\u021b\u0103 \u0219i de directorul de dezvoltare, Felix Grigore. Am discutat despre viitorul fotbalului buzoian \u0219i despre pa\u0219ii necesari pentru dezvoltarea sectorului de copii \u0219i juniori\u201d<\/mark><\/strong>, a transmis Marcel Ciolacu.<\/p>\n<p class=\"wp-block-paragraph\">Pre\u0219edintele Consiliului Jude\u021bean spune c\u0103 viitoarea academie nu ar trebui s\u0103 se limiteze la copiii din municipiul Buz\u0103u, ci s\u0103 ofere o \u0219ans\u0103 \u0219i tinerilor din localit\u0103\u021bile rurale, acolo unde accesul la infrastructur\u0103 \u0219i la preg\u0103tire de specialitate este mult mai redus.<\/p>\n<p class=\"wp-block-paragraph\"><strong><mark class=\"has-inline-color has-vivid-red-color\">\u201eNe dorim s\u0103 construim, la Buz\u0103u, o academie de fotbal care s\u0103 ofere \u0219anse copiilor din \u00eentreg jude\u021bul, at\u00e2t din mediul urban, c\u00e2t \u0219i din mediul rural. Talente exist\u0103, iar datoria noastr\u0103 este s\u0103 le oferim condi\u021bii pentru a se dezvolta\u201d<\/mark><\/strong>, a precizat Ciolacu.<\/p>\n<h3 class=\"wp-block-heading\">Noua baz\u0103 sportiv\u0103 ar urma s\u0103 fie gata \u00een septembrie<\/h3>\n<p class=\"wp-block-paragraph\">Un element important pentru dezvoltarea fotbalului juvenil \u00eel reprezint\u0103 \u0219i baza sportiv\u0103 construit\u0103 la ie\u0219irea din municipiul Buz\u0103u, investi\u021bie realizat\u0103 printr-un program al Guvernului Rom\u00e2niei, prin Compania Na\u021bional\u0103 de Investi\u021bii.<\/p>\n<p class=\"wp-block-paragraph\">Marcel Ciolacu, al\u0103turi de reprezentan\u021bii FRF, a vizitat obiectivul, iar constructorul a dat asigur\u0103ri c\u0103 lucr\u0103rile vor fi \u00eencheiate \u00een luna septembrie.<\/p>\n<p class=\"wp-block-paragraph\"><strong><mark class=\"has-inline-color has-vivid-red-color\">\u201eAm vizitat \u0219i baza sportiv\u0103 de la ie\u0219irea din municipiul Buz\u0103u, realizat\u0103 printr-un program al Guvernului Rom\u00e2niei, al\u0103turi de Compania Na\u021bional\u0103 de Investi\u021bii. Constructorul ne-a asigurat c\u0103, \u00een luna septembrie, investi\u021bia va fi finalizat\u0103 \u0219i predat\u0103 pentru a fi folosit\u0103 de copiii \u0219i juniorii din jude\u021b\u201d,<\/mark><\/strong> a mai transmis pre\u0219edintele CJ Buz\u0103u.<\/p>\n<p class=\"wp-block-paragraph\">Proiectul academiei vine \u00eentr-un moment \u00een care fotbalul buzoian \u00eencearc\u0103 s\u0103 \u00ee\u0219i reconstruiasc\u0103 baza de selec\u021bie \u0219i de preg\u0103tire a tinerilor. Miza anun\u021bat\u0103 de conducerea Consiliului Jude\u021bean este una pe termen lung: formarea unor genera\u021bii de juc\u0103tori locali care, \u00een timp, s\u0103 poat\u0103 sus\u021bine \u0219i o echip\u0103 a Buz\u0103ului la un nivel important \u00een fotbalul rom\u00e2nesc.<\/p>\n<p class=\"wp-block-paragraph\">\u00cen acest sens, Marcel Ciolacu sus\u021bine c\u0103 rezultatele nu pot ap\u0103rea f\u0103r\u0103 investi\u021bii constante \u00een infrastructur\u0103 \u0219i, mai ales, f\u0103r\u0103 un sistem construit de la nivelul copiilor \u0219i juniorilor.<\/p>\n<p class=\"wp-block-paragraph\"><strong><mark class=\"has-inline-color has-vivid-red-color\">\u201eCred c\u0103 performan\u021ba \u00eencepe cu infrastructura \u0219i cu investi\u021bia \u00een cei mici. Dac\u0103 vrem ca Buz\u0103ul s\u0103 aib\u0103, pe termen lung, o echip\u0103 puternic\u0103 la nivel na\u021bional, trebuie s\u0103 construim mai \u00eent\u00e2i o baz\u0103 solid\u0103 pentru genera\u021biile care vin din urm\u0103. Asta ne propunem \u0219i \u00een aceast\u0103 direc\u021bie vom continua s\u0103 investim\u201d<\/mark><\/strong>, a transmis Marcel Ciolacu.<\/p>\n<p class=\"wp-block-paragraph\">\u00cenfiin\u021barea academiei ar crea astfel o structur\u0103 dedicat\u0103 descoperirii \u0219i preg\u0103tirii tinerelor talente din jude\u021b, \u00een timp ce noua baz\u0103 sportiv\u0103, care ar urma s\u0103 fie predat\u0103 \u00een septembrie, ar putea asigura o parte din infrastructura necesar\u0103 preg\u0103tirii copiilor \u0219i juniorilor.<\/p>\n<figure class=\"wp-block-image size-large\"><img loading=\"lazy\" decoding=\"async\" width=\"1280\" height=\"853\" src=\"https:\/\/gazetabuzoiana.ro\/wp-content\/uploads\/2026\/08\/2-1024x682.jpg\" alt class=\"wp-image-21913\"><\/figure>\n<figure class=\"wp-block-image size-large\"><img decoding=\"async\" loading=\"lazy\" width=\"1024\" height=\"682\" src=\"https:\/\/gazetabuzoiana.ro\/wp-content\/uploads\/2026\/08\/3-1024x682.jpg\" alt class=\"wp-image-21914\"><\/figure>\n<figure class=\"wp-block-image size-large\"><img decoding=\"async\" loading=\"lazy\" width=\"1024\" height=\"682\" src=\"https:\/\/gazetabuzoiana.ro\/wp-content\/uploads\/2026\/08\/4-1024x682.jpg\" alt class=\"wp-image-21915\"><\/figure>\n<div class=\"post-bottom-meta post-bottom-tags post-tags-modern\">\n<div class=\"post-bottom-meta-title\"> Etichete<\/div>\n<p><span class=\"tagcloud\"><a href=\"https:\/\/gazetabuzoiana.ro\/tag\/academie-de-fotbal\/\" rel=\"tag\">academie de fotbal<\/a><a href=\"https:\/\/gazetabuzoiana.ro\/tag\/baza-sportiva-buzau\/\" rel=\"tag\">baza sportiv\u0103 Buz\u0103u<\/a><a href=\"https:\/\/gazetabuzoiana.ro\/tag\/buzau-2\/\" rel=\"tag\">Buz\u0103u<\/a><a href=\"https:\/\/gazetabuzoiana.ro\/tag\/compania-nationala-de-investitii\/\" rel=\"tag\">Compania Na\u021bional\u0103 de Investi\u021bii<\/a><a href=\"https:\/\/gazetabuzoiana.ro\/tag\/consiliul-judetean-buzau\/\" rel=\"tag\">Consiliul Jude\u021bean Buz\u0103u<\/a><a href=\"https:\/\/gazetabuzoiana.ro\/tag\/copii-si-juniori\/\" rel=\"tag\">copii \u0219i juniori<\/a><a href=\"https:\/\/gazetabuzoiana.ro\/tag\/federatia-romana-de-fotbal\/\" rel=\"tag\">Federa\u021bia Rom\u00e2n\u0103 de Fotbal<\/a><a href=\"https:\/\/gazetabuzoiana.ro\/tag\/felix-grigore\/\" rel=\"tag\">Felix Grigore<\/a><a href=\"https:\/\/gazetabuzoiana.ro\/tag\/fotbal-buzau\/\" rel=\"tag\">fotbal Buz\u0103u<\/a><a href=\"https:\/\/gazetabuzoiana.ro\/tag\/frf\/\" rel=\"tag\">FRF<\/a><a href=\"https:\/\/gazetabuzoiana.ro\/tag\/marcel-ciolacu\/\" rel=\"tag\">marcel ciolacu<\/a><a href=\"https:\/\/gazetabuzoiana.ro\/tag\/mihai-stoichita\/\" rel=\"tag\">Mihai Stoichi\u021b\u0103<\/a><a href=\"https:\/\/gazetabuzoiana.ro\/tag\/razvan-burleanu\/\" rel=\"tag\">R\u0103zvan Burleanu<\/a><\/span><\/div>\n<\/div>\n<p>[analyse_source url=&#8221;https:\/\/gazetabuzoiana.ro\/2026\/08\/04\/buzaul-isi-construieste-viitorul-in-fotbal-marcel-ciolacu-anunta-o-academie-de-fotbal-la-buzau\/&#8221;]<\/p>\n","protected":false},"excerpt":{"rendered":"<p>[analyse_image type=&#8221;featured&#8221; src=&#8221;https:\/\/gazetabuzoiana.ro\/wp-content\/uploads\/2026\/08\/1.jpg&#8221;] Buz\u0103ul face primii pa\u0219i c\u0103tre \u00eenfiin\u021barea unei academii de fotbal pentru copii \u0219i juniori, un proiect care ar urma s\u0103 se adreseze tinerilor din \u00eentreg jude\u021bul, indiferent dac\u0103 provin din municipiu, din celelalte ora\u0219e sau din mediul rural. Planul a fost discutat de pre\u0219edintele Consiliului Jude\u021bean Buz\u0103u, Marcel Ciolacu, cu reprezentan\u021bii Federa\u021biei [&hellip;]<\/p>\n","protected":false},"author":1,"featured_media":0,"comment_status":"open","ping_status":"","sticky":false,"template":"","format":"standard","meta":{"footnotes":""},"categories":[2],"tags":[226,38],"class_list":["post-2078286","post","type-post","status-publish","format-standard","hentry","category-politics","tag-crawlmanager","tag-gazetabuzoiana-ro"],"_links":{"self":[{"href":"https:\/\/analyse.optim.biz\/index.php?rest_route=\/wp\/v2\/posts\/2078286","targetHints":{"allow":["GET"]}}],"collection":[{"href":"https:\/\/analyse.optim.biz\/index.php?rest_route=\/wp\/v2\/posts"}],"about":[{"href":"https:\/\/analyse.optim.biz\/index.php?rest_route=\/wp\/v2\/types\/post"}],"author":[{"embeddable":true,"href":"https:\/\/analyse.optim.biz\/index.php?rest_route=\/wp\/v2\/users\/1"}],"replies":[{"embeddable":true,"href":"https:\/\/analyse.optim.biz\/index.php?rest_route=%2Fwp%2Fv2%2Fcomments&post=2078286"}],"version-history":[{"count":0,"href":"https:\/\/analyse.optim.biz\/index.php?rest_route=\/wp\/v2\/posts\/2078286\/revisions"}],"wp:attachment":[{"href":"https:\/\/analyse.optim.biz\/index.php?rest_route=%2Fwp%2Fv2%2Fmedia&parent=2078286"}],"wp:term":[{"taxonomy":"category","embeddable":true,"href":"https:\/\/analyse.optim.biz\/index.php?rest_route=%2Fwp%2Fv2%2Fcategories&post=2078286"},{"taxonomy":"post_tag","embeddable":true,"href":"https:\/\/analyse.optim.biz\/index.php?rest_route=%2Fwp%2Fv2%2Ftags&post=2078286"}],"curies":[{"name":"wp","href":"https:\/\/api.w.org\/{rel}","templated":true}]}}