{"id":2078284,"date":"2026-08-05T08:14:22","date_gmt":"2026-08-05T05:14:22","guid":{"rendered":"https:\/\/analyse.optim.biz\/?p=2078284"},"modified":"2026-08-05T08:14:22","modified_gmt":"2026-08-05T05:14:22","slug":"copiii-nu-au-fost-criticati-scm-gloria-da-contrareplica-noastra-dupa-reactia-clubului-la-articolul-gazetei-buzoiene-despre-marea-balaceala","status":"publish","type":"post","link":"https:\/\/analyse.optim.biz\/?p=2078284","title":{"rendered":"Copiii nu au fost critica\u021bi! SCM Gloria, da! Contrareplica noastr\u0103 dup\u0103 reac\u021bia clubului la articolul Gazetei Buzoiene despre \u201eMarea B\u0103l\u0103ceal\u0103\u201d"},"content":{"rendered":"<p>[analyse_image type=&#8221;featured&#8221; src=&#8221;https:\/\/gazetabuzoiana.ro\/wp-content\/uploads\/2026\/08\/scmul.png&#8221;]<\/p>\n<div class=\"entry-content entry clearfix\">\n<p class=\"wp-block-paragraph\">\u00cen urma articolului publicat de <em>Gazeta Buzoian\u0103<\/em> despre organizarea \u201eMarii B\u0103l\u0103celi\u201d pe Stadionul Gloria, SCM Gloria Buz\u0103u a reac\u021bionat public, acuz\u00e2nd existen\u021ba unor \u201ecomentarii r\u0103ut\u0103cioase\u201d \u0219i a unor \u201einterpret\u0103ri lipsite de temei\u201d.<\/p>\n<p class=\"wp-block-paragraph\">Pentru ca fiecare cititor s\u0103 poat\u0103 judeca singur, public\u0103m integral pozi\u021bia SCM Gloria Buz\u0103u:<\/p>\n<p class=\"wp-block-paragraph\"><strong><mark class=\"has-inline-color has-vivid-red-color\">\u201e\u00cen urma anun\u021bului privind organizarea evenimentului dedicat copiilor, care va avea loc pe 15 august, pe Stadionul Gloria, prin sec\u021bia Sportul pentru To\u021bi, \u00een mediul online au ap\u0103rut numeroase comentarii r\u0103ut\u0103cioase \u0219i interpret\u0103ri lipsite de temei. Din respect pentru comunitate \u0219i pentru cei interesa\u021bi de activitatea clubului, consider\u0103m necesar s\u0103 facem c\u00e2teva preciz\u0103ri.<\/mark><\/strong><\/p>\n<p class=\"wp-block-paragraph\"><strong><mark class=\"has-inline-color has-vivid-red-color\">\u201eMarea B\u0103l\u0103ceal\u0103\u201d este, \u00eenainte de toate, o activitate de vacan\u021b\u0103, dedicat\u0103 copiilor. Iar copiii nu vin singuri la stadion, ci \u00eenso\u021bi\u021bi de p\u0103rin\u021bi, bunici sau fra\u021bi, iar stadionul Gloria devine, pentru c\u00e2teva ore, un loc al comunit\u0103\u021bii, exact a\u0219a cum ar trebui s\u0103 fie. A transforma o zi de joac\u0103, mi\u0219care \u0219i bucurie \u00eentr-un subiect de scandal spune mai multe despre autor dec\u00e2t despre eveniment.<\/mark><\/strong><\/p>\n<p class=\"wp-block-paragraph\"><strong><mark class=\"has-inline-color has-vivid-red-color\">De asemenea, se pare c\u0103 at\u00e2t unii jurnali\u0219ti, c\u00e2t \u0219i mul\u021bi dintre utilizatorii re\u021belelor de socializare au uitat c\u0103 SCM Gloria Buz\u0103u nu \u00eenseamn\u0103 doar fotbal \u0219i handbal. Clubul \u00eenseamn\u0103 sute de copii care practic\u0103 atletism, karate, \u0219ah, rugby, tenis de mas\u0103, modelism sau box. Iar atunci c\u00e2nd organiz\u0103m un eveniment dedicat \u0219i lor \u0219i familiilor lor, credem c\u0103 o zi de distrac\u021bie \u0219i voie bun\u0103 \u2013 fie ea \u0219i o \u201epaparud\u0103\u201d \u00een plin\u0103 canicul\u0103 \u2013 nu ar trebui s\u0103 st\u00e2rneasc\u0103 at\u00e2ta indignare.<\/mark><\/strong><\/p>\n<p class=\"wp-block-paragraph\"><strong><mark class=\"has-inline-color has-vivid-red-color\">C\u00e2t despre costuri \u0219i organizare, \u00eei invit\u0103m cu toat\u0103 deschiderea pe cei care aleg s\u0103 scrie f\u0103r\u0103 s\u0103 participe, s\u0103 fie prezen\u021bi s\u00e2mb\u0103t\u0103, 15 august, pe Stadionul Gloria. Este \u00eentotdeauna mai corect s\u0103 vezi cu ochii t\u0103i ce se \u00eent\u00e2mpl\u0103 dec\u00e2t s\u0103 construie\u0219ti concluzii din spatele tastaturii. Uneori, realitatea este mult mai interesant\u0103 dec\u00e2t specula\u021biile, iar critica este binevenit\u0103 atunci c\u00e2nd se bazeaz\u0103 pe fapte, nu pe presupuneri.\u201d<\/mark><\/strong><\/p>\n<h1 class=\"wp-block-heading\">Copiii nu au fost problema. SCM Gloria, da!<\/h1>\n<p class=\"wp-block-paragraph\">Am citit reac\u021bia SCM Gloria Buz\u0103u \u0219i constat\u0103m c\u0103, \u00een loc s\u0103 r\u0103spund\u0103 criticilor formulate, clubul municipal a ales o variant\u0103 mult mai comod\u0103, aceea de a muta discu\u021bia c\u0103tre copii.<\/p>\n<p class=\"wp-block-paragraph\">Dar nimeni nu a criticat copiii, nimeni nu s-a declarat indignat c\u0103 ace\u0219tia se joac\u0103 \u0219i nimeni nu a transformat bucuria lor \u00eentr-un \u201esubiect de scandal\u201d.<\/p>\n<p class=\"wp-block-paragraph\">Critica noastr\u0103 a vizat SCM Gloria Buz\u0103u, o structur\u0103 finan\u021bat\u0103 din bani publici, rezultatele sale \u0219i priorit\u0103\u021bile celor care o conduc.<\/p>\n<p class=\"wp-block-paragraph\">Este o diferen\u021b\u0103 important\u0103.<\/p>\n<p class=\"wp-block-paragraph\">\u0218i exist\u0103 un detaliu aproape ironic \u00een r\u0103spunsul SCM. Clubul a ales s\u0103-\u0219i ilustreze replica inclusiv cu fotografii cu copii juc\u00e2nd fotbal pe Stadionul Gloria.<\/p>\n<p class=\"wp-block-paragraph\">Foarte bine.<\/p>\n<p class=\"wp-block-paragraph\">Atunci s\u0103 vorbim despre fotbal.<\/p>\n<h1 class=\"wp-block-heading\">Dac\u0103 tot ne ar\u0103ta\u021bi copiii juc\u00e2nd fotbal, spune\u021bi-ne \u0219i unde pot ajunge<\/h1>\n<p class=\"wp-block-paragraph\">SCM ne aminte\u0219te c\u0103 are sute de copii care practic\u0103 atletism, karate, \u0219ah, rugby, tenis de mas\u0103, modelism sau box.<\/p>\n<p class=\"wp-block-paragraph\">Foarte bine.<\/p>\n<p class=\"wp-block-paragraph\">Dar dac\u0103 preocuparea pentru copiii de la SCM Gloria este at\u00e2t de mare \u0219i pentru activitatea lor sunt cheltui\u021bi bani din bugetul local al municipiului Buz\u0103u, atunci merit\u0103 explicat de ce copiii de la sec\u021bia de fotbal fac sport de mas\u0103 \u0219i nu beneficiaz\u0103 de un traseu competi\u021bional na\u021bional care s\u0103-i poat\u0103 conduce c\u0103tre performan\u021b\u0103.<\/p>\n<p class=\"wp-block-paragraph\">De ce nu au fost f\u0103cute demersurile necesare pentru certificarea unei academii de fotbal, astfel \u00eenc\u00e2t ace\u0219ti copii s\u0103 poat\u0103 participa la nivelul competi\u021bional corespunz\u0103tor \u0219i s\u0103 aib\u0103 o perspectiv\u0103 real\u0103?<\/p>\n<p class=\"wp-block-paragraph\">Pentru c\u0103 exist\u0103 o diferen\u021b\u0103 \u00eentre a le oferi copiilor posibilitatea de a face mi\u0219care \u0219i a construi sport de performan\u021b\u0103.<\/p>\n<p class=\"wp-block-paragraph\">Ambele sunt utile. Numai c\u0103 SCM Gloria Buz\u0103u este un club sportiv municipal, finan\u021bat din bani publici, \u0219i poart\u0103 un nume care la Buz\u0103u a \u00eensemnat performan\u021b\u0103.<\/p>\n<p class=\"wp-block-paragraph\">De la aceast\u0103 structur\u0103 avem dreptul s\u0103 a\u0219tept\u0103m selec\u021bie, preg\u0103tire, competi\u021bii \u0219i rezultate. Copilul care intr\u0103 ast\u0103zi pe teren la SCM Gloria ar trebui s\u0103 poat\u0103 vedea \u00een fa\u021ba lui \u0219i un drum c\u0103tre performan\u021b\u0103, nu doar urm\u0103torul antrenament.<\/p>\n<p class=\"wp-block-paragraph\">Nu este suficient s\u0103 ne ar\u0103ta\u021bi fotografii cu copii pe teren. Important este ce construi\u021bi pentru ace\u0219ti copii.<\/p>\n<p class=\"wp-block-paragraph\">Noi a\u0219tept\u0103m ca tradi\u021bia performan\u021bei Gloriei Buz\u0103u s\u0103 fie dus\u0103 mai departe. Dac\u0103 municipalitatea cheltuie\u0219te bani pentru fotbalul juvenil, atunci ace\u0219ti bani ar trebui s\u0103 contribuie \u0219i la construirea genera\u021biilor care ar putea reprezenta Buz\u0103ul \u00een competi\u021bii.<\/p>\n<h1 class=\"wp-block-heading\">Fotbalul \u0219i handbalul nu sunt \u201einterpret\u0103ri lipsite de temei\u201d<\/h1>\n<p class=\"wp-block-paragraph\">SCM repro\u0219eaz\u0103 c\u0103 unii jurnali\u0219ti \u0219i utilizatori ai re\u021belelor sociale ar fi uitat c\u0103 Gloria nu \u00eenseamn\u0103 numai fotbal \u0219i handbal.<\/p>\n<p class=\"wp-block-paragraph\">Nu am uitat.<\/p>\n<p class=\"wp-block-paragraph\">\u00cen 2021, SCM Gloria Buz\u0103u a cesionat echipa de seniori \u0219i grupele de juniori U15, U17 \u0219i U19 c\u0103tre AS FC Buz\u0103u. Echipa care a continuat ulterior fotbalul buzoian sub numele Gloria a ajuns \u00een Liga I, iar ast\u0103zi nu mai exist\u0103.<\/p>\n<p class=\"wp-block-paragraph\">\u00cen ianuarie 2025, SCM anun\u021ba retragerea din competi\u021bii a echipelor de handbal feminin seniori \u0219i tineret.<\/p>\n<p class=\"wp-block-paragraph\">Acestea nu sunt \u201ecomentarii r\u0103ut\u0103cioase\u201d.<\/p>\n<p class=\"wp-block-paragraph\">Sunt fapte.<\/p>\n<p class=\"wp-block-paragraph\">Iar dac\u0103 SCM dore\u0219te o discu\u021bie despre performan\u021bele celorlalte sec\u021bii, o putem avea. Cu num\u0103r de sportivi, competi\u021bii, clasamente, medalii, bugete \u0219i sumele cheltuite pentru fiecare sec\u021bie.<\/p>\n<p class=\"wp-block-paragraph\">Chiar ar fi o discu\u021bie util\u0103.<\/p>\n<h1 class=\"wp-block-heading\">Facturile \u0219i contractele nu se v\u0103d din tribun\u0103<\/h1>\n<p class=\"wp-block-paragraph\">Ajungem \u0219i la partea poate cea mai interesant\u0103 a r\u0103spunsului SCM.<\/p>\n<p class=\"wp-block-paragraph\">\u00cen articolul nostru am spus c\u0103 vrem s\u0103 \u0219tim c\u00e2tcost\u0103 \u201eMarea B\u0103l\u0103ceal\u0103\u201d, cine suport\u0103 cheltuielile, ce contracte au fost \u00eencheiate, cu cine \u0219i pentru ce servicii.<\/p>\n<p class=\"wp-block-paragraph\">SCM r\u0103spunde invit\u00e2ndu-ne pe 15 august la Stadionul Gloria.<\/p>\n<p class=\"wp-block-paragraph\">Mul\u021bumim pentru invita\u021bie.<\/p>\n<p class=\"wp-block-paragraph\">Numai c\u0103 facturile, contractele \u0219i cheltuielile nu se v\u0103d din tribun\u0103.<\/p>\n<p class=\"wp-block-paragraph\">Dac\u0103 evenimentul nu presupune nicio cheltuial\u0103 din bani publici, spune\u021bi acest lucru. Dac\u0103 presupune, spune\u021bi c\u00e2t cost\u0103. Dac\u0103 exist\u0103 sponsori, spune\u021bi cine sunt. Dac\u0103 exist\u0103 achizi\u021bii \u0219i contracte, spune\u021bi care sunt.<\/p>\n<p class=\"wp-block-paragraph\">At\u00e2t.<\/p>\n<p class=\"wp-block-paragraph\">Este mult mai simplu dec\u00e2t s\u0103 ne invita\u021bi s\u0103 vedem cu ochii no\u0219tri cum se desf\u0103\u0219oar\u0103 b\u0103l\u0103ceala.<\/p>\n<h1 class=\"wp-block-heading\">Da, vom continua s\u0103 scriem \u0219i \u201edin spatele tastaturii\u201d<\/h1>\n<p class=\"wp-block-paragraph\">Mai exist\u0103 o fraz\u0103 \u00een comunicatul SCM care merit\u0103 un r\u0103spuns:<\/p>\n<p class=\"wp-block-paragraph\"><strong><mark class=\"has-inline-color has-vivid-red-color\">\u201eA transforma o zi de joac\u0103, mi\u0219care \u0219i bucurie \u00eentr-un subiect de scandal spune mai multe despre autor dec\u00e2t despre eveniment.\u201d<\/mark><\/strong><\/p>\n<p class=\"wp-block-paragraph\">Nu.<\/p>\n<p class=\"wp-block-paragraph\">A pune \u00eentreb\u0103ri despre activitatea, rezultatele \u0219i cheltuielile unei structuri finan\u021bate din bani publici spune despre un jurnalist c\u0103 \u00ee\u0219i face meseria.<\/p>\n<p class=\"wp-block-paragraph\">Iar o institu\u021bie public\u0103 ar trebui s\u0103 r\u0103spund\u0103 \u00eentreb\u0103rilor, nu s\u0103 emit\u0103 judec\u0103\u021bi despre autorii lor.<\/p>\n<p class=\"wp-block-paragraph\">SCM ne recomand\u0103 s\u0103 ie\u0219im \u201edin spatele tastaturii\u201d \u0219i s\u0103 mergem pe stadion pentru a vedea realitatea.<\/p>\n<p class=\"wp-block-paragraph\">Vom merge acolo unde este nevoie pentru a documenta un subiect.<\/p>\n<p class=\"wp-block-paragraph\">Dar vom continua s\u0103 st\u0103m \u0219i \u00een fa\u021ba tastaturii.<\/p>\n<p class=\"wp-block-paragraph\">Pentru c\u0103 de acolo se redacteaz\u0103 solicit\u0103rile \u00een baza Legii 544, se citesc bugete, se verific\u0103 achizi\u021bii, se confrunt\u0103 documente \u0219i se public\u0103 informa\u021bii.<\/p>\n<h1 class=\"wp-block-heading\">Vre\u021bi fapte? Perfect! S\u0103 discut\u0103m despre fapte<\/h1>\n<p class=\"wp-block-paragraph\">\u00cen finalul comunicatului, SCM Gloria spune c\u0103 \u201ecritica este binevenit\u0103 atunci c\u00e2nd se bazeaz\u0103 pe fapte, nu pe presupuneri\u201d.<\/p>\n<p class=\"wp-block-paragraph\">Suntem perfect de acord.<\/p>\n<p class=\"wp-block-paragraph\">Atunci s\u0103 l\u0103s\u0103m \u201epaparuda\u201d \u0219i s\u0103 discut\u0103m despre lucruri concrete.<\/p>\n<p class=\"wp-block-paragraph\">Publica\u021bi costul integral al \u201eMarii B\u0103l\u0103celi\u201d. Publica\u021bi contractele \u0219i achizi\u021biile f\u0103cute pentru eveniment. Publica\u021bi sursa banilor. Publica\u021bi bugetul SCM Gloria Buz\u0103u \u0219i cheltuielile pe fiecare sec\u021bie. Prezenta\u021bi rezultatele sportive ob\u021binute \u00een raport cu aceste cheltuieli.<\/p>\n<p class=\"wp-block-paragraph\">\u0218i, dac\u0103 tot a\u021bi adus \u00een discu\u021bie copiii, explica\u021bi public care este proiectul SCM Gloria pentru copiii de la fotbal, de ce ace\u0219tia nu au un traseu \u00een competi\u021biile na\u021bionale \u0219i de ce nu au fost f\u0103cute demersurile necesare pentru ca sec\u021bia s\u0103 le ofere un drum real c\u0103tre fotbalul de performan\u021b\u0103.<\/p>\n<p class=\"wp-block-paragraph\">Acestea sunt \u00eentreb\u0103ri despre fapte.<\/p>\n<p class=\"wp-block-paragraph\">Iar dup\u0103 ce avem r\u0103spunsurile, putem discuta lini\u0219ti\u021bi despre \u201einterpret\u0103ri lipsite de temei\u201d.<\/p>\n<p class=\"wp-block-paragraph\">P\u00e2n\u0103 atunci, r\u0103m\u00e2ne o realitate pe care niciun comunicat nu o poate b\u0103l\u0103ci. Realitatea este c\u0103 Stadionul Gloria a trecut de la Liga I la \u201eMarea B\u0103l\u0103ceal\u0103\u201d.<\/p>\n<p class=\"wp-block-paragraph\">Copiii nu au nicio vin\u0103.<\/p>\n<p class=\"wp-block-paragraph\">Despre cei care administreaz\u0103 sportul buzoian era vorba.<\/p>\n<hr class=\"wp-block-separator has-alpha-channel-opacity\">\n<h3 class=\"wp-block-heading\">P.S. \u2013 Pentru unele subiecte, dreptul la replic\u0103 vine repede<\/h3>\n<p class=\"wp-block-paragraph\">Mai observ\u0103m ceva.<\/p>\n<p class=\"wp-block-paragraph\">SCM Gloria Buz\u0103u nu a manifestat aceea\u0219i grab\u0103 \u00een a r\u0103spunde public criticilor privind banii cheltui\u021bi \u0219i responsabilit\u0103\u021bile care au \u00eenso\u021bit drumul spre dispari\u021bie al unei echipe de fotbal cu tradi\u021bie.<\/p>\n<p class=\"wp-block-paragraph\">Pentru acel subiect, nici p\u00e2n\u0103 ast\u0103zi nu am v\u0103zut un asemenea drept la replic\u0103.<\/p>\n<p class=\"wp-block-paragraph\">Pentru \u201eMarea B\u0103l\u0103ceal\u0103\u201d, proiect \u00een care este implicat\u0103 viceprimarul Oana Gheorghiu, reac\u021bia a venit \u00eens\u0103 prompt, cu repro\u0219uri la adresa jurnali\u0219tilor \u0219i a celor care critic\u0103 evenimentul.<\/p>\n<p class=\"wp-block-paragraph\">Iar dac\u0103 tot vorbim despre transparen\u021b\u0103, merit\u0103 amintit \u0219i un detaliu important, acela c\u0103 tat\u0103l viceprimarului Oana Gheorghiu, pensionar, este angajat al SCM Gloria Buz\u0103u.<\/p>\n<p class=\"wp-block-paragraph\">\u00cen loc s\u0103 r\u0103spund\u0103 problemei de fond \u2013 ce performan\u021b\u0103 produce SCM \u00een raport cu banii publici pe care \u00eei cheltuie\u0219te \u2013, comunicatul mut\u0103 convenabil discu\u021bia spre copii, bucurie, joac\u0103 \u0219i \u201epaparud\u0103\u201d.<\/p>\n<p class=\"wp-block-paragraph\">Copiii nu erau problema. Nici b\u0103l\u0103ceala \u00een sine. Problema era \u0219i r\u0103m\u00e2ne ce face SCM Gloria Buz\u0103u cu banii publici \u0219i ce performan\u021b\u0103 las\u0103 \u00een urma lor. Despre asta a\u0219tept\u0103m \u00eenc\u0103 un drept la replic\u0103.<\/p>\n<h3 class=\"wp-block-heading\">P.P.S. \u2013 \u0218i \u00eenc\u0103 o \u00eentrebare r\u0103mas\u0103 f\u0103r\u0103 r\u0103spuns<\/h3>\n<p class=\"wp-block-paragraph\">Dac\u0103 SCM Gloria Buz\u0103u ne invit\u0103 at\u00e2t de insistent s\u0103 discut\u0103m despre fapte, mai avem unul care merit\u0103 l\u0103murit.<\/p>\n<p class=\"wp-block-paragraph\">Cristi Ceau\u0219el, cel care conduce destinele SCM Gloria Buz\u0103u, nu a explicat nici p\u00e2n\u0103 ast\u0103zi public de ce a \u00eencasat prime \u00een valoare de 12.000 de euro de la AFC Buz\u0103u, cu ocazia promov\u0103rii Gloriei \u00een Liga I.<\/p>\n<p class=\"wp-block-paragraph\">Nu vorbim despre o \u201einterpretare r\u0103ut\u0103cioas\u0103\u201d \u0219i nici despre o discu\u021bie \u201edin spatele tastaturii\u201d.<\/p>\n<p class=\"wp-block-paragraph\">Vorbim despre o sum\u0103 concret\u0103, care merit\u0103 o explica\u021bie la fel de concret\u0103. S\u0103 ne spun\u0103 \u00een ce calitate au fost \u00eencasate aceste prime, cine le-a aprobat \u0219i pentru ce anume au fost acordate?<\/p>\n<p class=\"wp-block-paragraph\">Dac\u0103 SCM Gloria dore\u0219te o dezbatere bazat\u0103 pe fapte, cu at\u00e2t mai bine.<\/p>\n<p class=\"wp-block-paragraph\">Noi avem \u00eentreb\u0103rile. A\u0219tept\u0103m r\u0103spunsurile!<\/p>\n<div class=\"post-bottom-meta post-bottom-tags post-tags-modern\">\n<div class=\"post-bottom-meta-title\"> Etichete<\/div>\n<p><span class=\"tagcloud\"><a href=\"https:\/\/gazetabuzoiana.ro\/tag\/administratie-buzau\/\" rel=\"tag\">administra\u021bie Buz\u0103u<\/a><a href=\"https:\/\/gazetabuzoiana.ro\/tag\/afc-buzau\/\" rel=\"tag\">AFC Buz\u0103u<\/a><a href=\"https:\/\/gazetabuzoiana.ro\/tag\/bani-publici\/\" rel=\"tag\">bani publici<\/a><a href=\"https:\/\/gazetabuzoiana.ro\/tag\/buget-local\/\" rel=\"tag\">buget local<\/a><a href=\"https:\/\/gazetabuzoiana.ro\/tag\/constantin-toma\/\" rel=\"tag\">constantin toma<\/a><a href=\"https:\/\/gazetabuzoiana.ro\/tag\/copii-scm-gloria\/\" rel=\"tag\">copii SCM Gloria<\/a><a href=\"https:\/\/gazetabuzoiana.ro\/tag\/cristi-ceausel\/\" rel=\"tag\">Cristi Ceau\u0219el<\/a><a href=\"https:\/\/gazetabuzoiana.ro\/tag\/drept-la-replica\/\" rel=\"tag\">drept la replic\u0103<\/a><a href=\"https:\/\/gazetabuzoiana.ro\/tag\/fotbal-buzau\/\" rel=\"tag\">fotbal Buz\u0103u<\/a><a href=\"https:\/\/gazetabuzoiana.ro\/tag\/fotbal-juvenil\/\" rel=\"tag\">fotbal juvenil<\/a><a href=\"https:\/\/gazetabuzoiana.ro\/tag\/gloria-buzau-2\/\" rel=\"tag\">Gloria Buz\u0103u<\/a><a href=\"https:\/\/gazetabuzoiana.ro\/tag\/marea-balaceala\/\" rel=\"tag\">Marea B\u0103l\u0103ceal\u0103<\/a><a href=\"https:\/\/gazetabuzoiana.ro\/tag\/oana-gheorghiu\/\" rel=\"tag\">oana gheorghiu<\/a><a href=\"https:\/\/gazetabuzoiana.ro\/tag\/primaria-buzau\/\" rel=\"tag\">Prim\u0103ria Buz\u0103u<\/a><a href=\"https:\/\/gazetabuzoiana.ro\/tag\/scm-gloria-buzau\/\" rel=\"tag\">SCM Gloria Buz\u0103u<\/a><a href=\"https:\/\/gazetabuzoiana.ro\/tag\/sport-buzau\/\" rel=\"tag\">sport Buz\u0103u<\/a><a href=\"https:\/\/gazetabuzoiana.ro\/tag\/sport-de-performanta\/\" rel=\"tag\">sport de performan\u021b\u0103<\/a><a href=\"https:\/\/gazetabuzoiana.ro\/tag\/stadionul-gloria\/\" rel=\"tag\">stadionul gloria<\/a><\/span><\/div>\n<\/div>\n<p>[analyse_source url=&#8221;https:\/\/gazetabuzoiana.ro\/2026\/08\/05\/copiii-nu-au-fost-criticati-scm-gloria-da-contrareplica-noastra-dupa-reactia-clubului-la-articolul-gazetei-buzoiene-despre-marea-balaceala\/&#8221;]<\/p>\n","protected":false},"excerpt":{"rendered":"<p>[analyse_image type=&#8221;featured&#8221; src=&#8221;https:\/\/gazetabuzoiana.ro\/wp-content\/uploads\/2026\/08\/scmul.png&#8221;] \u00cen urma articolului publicat de Gazeta Buzoian\u0103 despre organizarea \u201eMarii B\u0103l\u0103celi\u201d pe Stadionul Gloria, SCM Gloria Buz\u0103u a reac\u021bionat public, acuz\u00e2nd existen\u021ba unor \u201ecomentarii r\u0103ut\u0103cioase\u201d \u0219i a unor \u201einterpret\u0103ri lipsite de temei\u201d. Pentru ca fiecare cititor s\u0103 poat\u0103 judeca singur, public\u0103m integral pozi\u021bia SCM Gloria Buz\u0103u: \u201e\u00cen urma anun\u021bului privind organizarea evenimentului [&hellip;]<\/p>\n","protected":false},"author":1,"featured_media":0,"comment_status":"open","ping_status":"","sticky":false,"template":"","format":"standard","meta":{"footnotes":""},"categories":[2],"tags":[226,38],"class_list":["post-2078284","post","type-post","status-publish","format-standard","hentry","category-politics","tag-crawlmanager","tag-gazetabuzoiana-ro"],"_links":{"self":[{"href":"https:\/\/analyse.optim.biz\/index.php?rest_route=\/wp\/v2\/posts\/2078284","targetHints":{"allow":["GET"]}}],"collection":[{"href":"https:\/\/analyse.optim.biz\/index.php?rest_route=\/wp\/v2\/posts"}],"about":[{"href":"https:\/\/analyse.optim.biz\/index.php?rest_route=\/wp\/v2\/types\/post"}],"author":[{"embeddable":true,"href":"https:\/\/analyse.optim.biz\/index.php?rest_route=\/wp\/v2\/users\/1"}],"replies":[{"embeddable":true,"href":"https:\/\/analyse.optim.biz\/index.php?rest_route=%2Fwp%2Fv2%2Fcomments&post=2078284"}],"version-history":[{"count":0,"href":"https:\/\/analyse.optim.biz\/index.php?rest_route=\/wp\/v2\/posts\/2078284\/revisions"}],"wp:attachment":[{"href":"https:\/\/analyse.optim.biz\/index.php?rest_route=%2Fwp%2Fv2%2Fmedia&parent=2078284"}],"wp:term":[{"taxonomy":"category","embeddable":true,"href":"https:\/\/analyse.optim.biz\/index.php?rest_route=%2Fwp%2Fv2%2Fcategories&post=2078284"},{"taxonomy":"post_tag","embeddable":true,"href":"https:\/\/analyse.optim.biz\/index.php?rest_route=%2Fwp%2Fv2%2Ftags&post=2078284"}],"curies":[{"name":"wp","href":"https:\/\/api.w.org\/{rel}","templated":true}]}}