{"id":2078160,"date":"2026-08-05T09:00:02","date_gmt":"2026-08-05T06:00:02","guid":{"rendered":"https:\/\/analyse.optim.biz\/?p=2078160"},"modified":"2026-08-05T09:00:02","modified_gmt":"2026-08-05T06:00:02","slug":"politist-din-caras-severin-obligat-sa-poarte-bratara-electronica-este-cercetat-pentru-hartuire-abuz-in-serviciu-si-omisiunea-sesizarii","status":"publish","type":"post","link":"https:\/\/analyse.optim.biz\/?p=2078160","title":{"rendered":"Poli\u021bist din Cara\u0219-Severin, obligat s\u0103 poarte br\u0103\u021bar\u0103 electronic\u0103. Este cercetat pentru h\u0103r\u021buire, abuz \u00een serviciu \u0219i omisiunea sesiz\u0103rii"},"content":{"rendered":"<p>[analyse_image type=&#8221;featured&#8221; src=&#8221;http:\/\/www.banatulmeu.ro\/wp-content\/uploads\/2024\/10\/bratara-electronica.jpg&#8221;]<\/p>\n<div class=\"post-content-bd\">\n<p>Un poli\u021bist din cadrul Inspectoratului de Poli\u021bie Jude\u021bean Cara\u0219-Severin este obligat s\u0103 poarte un dispozitiv de monitorizare electronic\u0103, dup\u0103 ce Tribunalul Cara\u0219-Severin a emis pe numele s\u0103u un ordin de protec\u021bie valabil pentru o perioad\u0103 de trei luni.<\/p>\n<p>Potrivit unui comunicat transmis de IPJ Cara\u0219-Severin, m\u0103sura a fost dispus\u0103 mar\u021bi, 4 august, fa\u021b\u0103 de un b\u0103rbat \u00een v\u00e2rst\u0103 de 42 de ani, din municipiul Caransebe\u0219, care este poli\u021bist \u00een cadrul institu\u021biei.<\/p>\n<p>Totodat\u0103, la nivelul Inspectoratului de Poli\u021bie Jude\u021bean Cara\u0219-Severin se efectueaz\u0103 cercet\u0103ri \u00eentr-un dosar penal \u00een care sunt investigate infrac\u021biunile de h\u0103r\u021buire, abuz \u00een serviciu \u0219i omisiunea sesiz\u0103rii.<\/p>\n<p>\u00cen paralel cu ancheta penal\u0103, conducerea IPJ Cara\u0219-Severin a declan\u0219at \u0219i o cercetare prealabil\u0103, urm\u00e2nd s\u0103 fie dispuse m\u0103surile legale \u0219i administrative care se impun, \u00een func\u021bie de rezultatele verific\u0103rilor \u0219i ale procedurilor judiciare.<\/p>\n<p>Reprezentan\u021bii Inspectoratului de Poli\u021bie Jude\u021bean Cara\u0219-Severin precizeaz\u0103 c\u0103 institu\u021bia se delimiteaz\u0103 ferm de orice comportament care \u00eencalc\u0103 legea, normele de conduit\u0103 \u0219i principiile care guverneaz\u0103 exercitarea profesiei de poli\u021bist.<\/p>\n<p>\u201e<em>Inspectoratul de Poli\u021bie Jude\u021bean Cara\u0219-Severin se delimiteaz\u0103 ferm de orice comportament care contravine legii, normelor de conduit\u0103 \u0219i principiilor care guverneaz\u0103 exercitarea profesiei de poli\u021bist, nu tolereaz\u0103 astfel de fapte \u0219i va dispune toate m\u0103surile legale \u0219i administrative care se impun<\/em>\u201d, au transmis reprezentan\u021bii institu\u021biei.<\/p>\n<\/div>\n<p>[analyse_source url=&#8221;https:\/\/www.banatulmeu.ro\/politist-din-caras-severin-obligat-sa-poarte-bratara-electronica-este-cercetat-pentru-hartuire-abuz-in-serviciu-si-omisiunea-sesizarii\/&#8221;]<\/p>\n","protected":false},"excerpt":{"rendered":"<p>[analyse_image type=&#8221;featured&#8221; src=&#8221;http:\/\/www.banatulmeu.ro\/wp-content\/uploads\/2024\/10\/bratara-electronica.jpg&#8221;] Un poli\u021bist din cadrul Inspectoratului de Poli\u021bie Jude\u021bean Cara\u0219-Severin este obligat s\u0103 poarte un dispozitiv de monitorizare electronic\u0103, dup\u0103 ce Tribunalul Cara\u0219-Severin a emis pe numele s\u0103u un ordin de protec\u021bie valabil pentru o perioad\u0103 de trei luni. Potrivit unui comunicat transmis de IPJ Cara\u0219-Severin, m\u0103sura a fost dispus\u0103 mar\u021bi, 4 august, [&hellip;]<\/p>\n","protected":false},"author":1,"featured_media":0,"comment_status":"open","ping_status":"","sticky":false,"template":"","format":"standard","meta":{"footnotes":""},"categories":[89],"tags":[204,226],"class_list":["post-2078160","post","type-post","status-publish","format-standard","hentry","category-romania","tag-banatulmeu-ro","tag-crawlmanager"],"_links":{"self":[{"href":"https:\/\/analyse.optim.biz\/index.php?rest_route=\/wp\/v2\/posts\/2078160","targetHints":{"allow":["GET"]}}],"collection":[{"href":"https:\/\/analyse.optim.biz\/index.php?rest_route=\/wp\/v2\/posts"}],"about":[{"href":"https:\/\/analyse.optim.biz\/index.php?rest_route=\/wp\/v2\/types\/post"}],"author":[{"embeddable":true,"href":"https:\/\/analyse.optim.biz\/index.php?rest_route=\/wp\/v2\/users\/1"}],"replies":[{"embeddable":true,"href":"https:\/\/analyse.optim.biz\/index.php?rest_route=%2Fwp%2Fv2%2Fcomments&post=2078160"}],"version-history":[{"count":0,"href":"https:\/\/analyse.optim.biz\/index.php?rest_route=\/wp\/v2\/posts\/2078160\/revisions"}],"wp:attachment":[{"href":"https:\/\/analyse.optim.biz\/index.php?rest_route=%2Fwp%2Fv2%2Fmedia&parent=2078160"}],"wp:term":[{"taxonomy":"category","embeddable":true,"href":"https:\/\/analyse.optim.biz\/index.php?rest_route=%2Fwp%2Fv2%2Fcategories&post=2078160"},{"taxonomy":"post_tag","embeddable":true,"href":"https:\/\/analyse.optim.biz\/index.php?rest_route=%2Fwp%2Fv2%2Ftags&post=2078160"}],"curies":[{"name":"wp","href":"https:\/\/api.w.org\/{rel}","templated":true}]}}