{"id":2078140,"date":"2026-08-03T11:26:39","date_gmt":"2026-08-03T08:26:39","guid":{"rendered":"https:\/\/analyse.optim.biz\/?p=2078140"},"modified":"2026-08-03T11:26:39","modified_gmt":"2026-08-03T08:26:39","slug":"conducerea-spitalului-clinic-judetean-suceava-a-discutat-cu-parteneri-din-italia-despre-noi-proiecte-in-sanatate-institutul-bucovina-a-facilitat-noile-colaborari","status":"publish","type":"post","link":"https:\/\/analyse.optim.biz\/?p=2078140","title":{"rendered":"Conducerea Spitalului Clinic Jude\u021bean Suceava a discutat cu parteneri din Italia despre noi proiecte \u00een s\u0103n\u0103tate. Institutul Bucovina a facilitat noile colabor\u0103ri"},"content":{"rendered":"<p>[analyse_image type=&#8221;featured&#8221; src=&#8221;https:\/\/www.radiotop.ro\/img\/media\/2026\/08\/gafiuc-larisa-blanari.jpg&#8221;]<\/p>\n<div class=\"entry-content no-share\">\n<div class=\"content-inner \">\n<div class=\"jeg_preview_slider gallery_1\" data-selector=\"gallery_1\">\n<div class=\"jeg_preview_holder\">\n<div class=\"jeg_preview_media\">\n<div class=\"jeg_preview_media_holder\">\n<h3>\u00a0<\/h3>\n<div class=\"jeg_preview_control\">\n<div class=\"left_control\">\n<div class=\"counter\"><span class=\"current\">1<\/span> of  1<\/div>\n<\/div>\n<div class=\"zoom\"><span class=\"reduce\">&#8211;<\/span><span class=\"increase\">+<\/span><\/div>\n<\/div>\n<\/div>\n<\/div>\n<div class=\"jeg_preview_bottom_slider\"><a data-id=\"0\" data-title data-image=\"https:\/\/www.radiotop.ro\/img\/media\/2026\/08\/gafiuc-spital.jpg\" href=\"https:\/\/www.radiotop.ro\/img\/media\/2026\/08\/gafiuc-spital.jpg\" class=\"jeg_preview_item active\"><\/p>\n<div class=\"jeg_preview_item_thumbnail\"><img loading=\"lazy\" decoding=\"async\" width=\"120\" height=\"86\" src=\"https:\/\/www.radiotop.ro\/img\/media\/2026\/08\/gafiuc-spital-120x86.jpg\" class=\"attachment-jnews-120x86 size-jnews-120x86\" alt><\/div>\n<p><\/a><\/div>\n<\/div>\n<\/div>\n<p>Asocia\u021bia Institutul Bucovina continu\u0103 demersurile pentru consolidarea parteneriatului dintre Suceava \u0219i ora\u0219ul italian Trieste, prin noi proiecte de cooperare \u00een domeniul s\u0103n\u0103t\u0103\u021bii.<\/p>\n<p>Potrivit unui mesaj publicat pe pagina de Facebook a asocia\u021biei, reprezentanta Asocia\u021biei Due Mila Uno, Felicitas Kresimon, a avut o \u00eent\u00eelnire de lucru cu conducerea Spitalului Clinic Jude\u021bean de Urgen\u021b\u0103 \u201dSf\u00eentul Ioan cel Nou\u201d din Suceava. La discu\u021bii au participat, \u00eentre al\u021bii, managerul spitalului, Larisa Bl\u0103nari, directorul medical, dr. Valeriu Gavrilovici, precum \u0219i pre\u0219edintele Asocia\u021biei Institutul Bucovina, Petru Vasile Gafiuc.<\/p>\n<p>\u00cen cadrul \u00eent\u00eelnirii au fost stabilite primele direc\u021bii de colaborare pentru perioada urm\u0103toare. Acestea vizeaz\u0103 schimburi de experien\u021b\u0103 \u00eentre speciali\u0219ti, dezvoltarea unor programe comune de formare profesional\u0103 pentru personalul medical \u0219i identificarea unor oportunit\u0103\u021bi de finan\u021bare pentru dezvoltarea infrastructurii medicale.<\/p>\n<p>De asemenea, au fost reconfirmate priorit\u0103\u021bile parteneriatului \u00een domenii precum managementul sanitar, s\u0103n\u0103tatea mintal\u0103, bolile infec\u021bioase, neurologia, oncologia \u0219i geriatria.<\/p>\n<p>Asocia\u021bia Institutul Bucovina precizeaz\u0103 c\u0103 \u00ee\u0219i asum\u0103 \u00een continuare rolul de facilitator al colabor\u0103rii dintre institu\u021biile implicate, cu scopul de a \u201dcontribui la dezvoltarea cooper\u0103rii dintre institu\u021biile implicate \u0219i la consolidarea schimbului de expertiz\u0103, \u00een vederea implement\u0103rii unor ini\u021biative comune cu impact asupra serviciilor medicale \u0219i a calit\u0103\u021bii actului medical\u201d.<\/p>\n<p>\u00a0<\/p>\n<\/div>\n<\/div>\n<div class=\"content-inner \">\n<div class=\"jeg_preview_slider gallery_1\" data-selector=\"gallery_1\">\n<div class=\"jeg_preview_holder\">\n<div class=\"jeg_preview_media\">\n<div class=\"jeg_preview_media_holder\">\n<h3>\u00a0<\/h3>\n<div class=\"jeg_preview_control\">\n<div class=\"left_control\">\n<div class=\"counter\"><span class=\"current\">1<\/span> of  1<\/div>\n<\/div>\n<div class=\"zoom\"><span class=\"reduce\">&#8211;<\/span><span class=\"increase\">+<\/span><\/div>\n<\/div>\n<\/div>\n<\/div>\n<div class=\"jeg_preview_bottom_slider\"><a data-id=\"0\" data-title data-image=\"https:\/\/www.radiotop.ro\/img\/media\/2026\/08\/gafiuc-spital.jpg\" href=\"https:\/\/www.radiotop.ro\/img\/media\/2026\/08\/gafiuc-spital.jpg\" class=\"jeg_preview_item active\"><\/p>\n<div class=\"jeg_preview_item_thumbnail\"><img loading=\"lazy\" decoding=\"async\" width=\"120\" height=\"86\" src=\"https:\/\/www.radiotop.ro\/img\/media\/2026\/08\/gafiuc-spital-120x86.jpg\" class=\"attachment-jnews-120x86 size-jnews-120x86\" alt><\/div>\n<p><\/a><\/div>\n<\/div>\n<\/div>\n<p>Asocia\u021bia Institutul Bucovina continu\u0103 demersurile pentru consolidarea parteneriatului dintre Suceava \u0219i ora\u0219ul italian Trieste, prin noi proiecte de cooperare \u00een domeniul s\u0103n\u0103t\u0103\u021bii.<\/p>\n<p>Potrivit unui mesaj publicat pe pagina de Facebook a asocia\u021biei, reprezentanta Asocia\u021biei Due Mila Uno, Felicitas Kresimon, a avut o \u00eent\u00eelnire de lucru cu conducerea Spitalului Clinic Jude\u021bean de Urgen\u021b\u0103 \u201dSf\u00eentul Ioan cel Nou\u201d din Suceava. La discu\u021bii au participat, \u00eentre al\u021bii, managerul spitalului, Larisa Bl\u0103nari, directorul medical, dr. Valeriu Gavrilovici, precum \u0219i pre\u0219edintele Asocia\u021biei Institutul Bucovina, Petru Vasile Gafiuc.<\/p>\n<p>\u00cen cadrul \u00eent\u00eelnirii au fost stabilite primele direc\u021bii de colaborare pentru perioada urm\u0103toare. Acestea vizeaz\u0103 schimburi de experien\u021b\u0103 \u00eentre speciali\u0219ti, dezvoltarea unor programe comune de formare profesional\u0103 pentru personalul medical \u0219i identificarea unor oportunit\u0103\u021bi de finan\u021bare pentru dezvoltarea infrastructurii medicale.<\/p>\n<p>De asemenea, au fost reconfirmate priorit\u0103\u021bile parteneriatului \u00een domenii precum managementul sanitar, s\u0103n\u0103tatea mintal\u0103, bolile infec\u021bioase, neurologia, oncologia \u0219i geriatria.<\/p>\n<p>Asocia\u021bia Institutul Bucovina precizeaz\u0103 c\u0103 \u00ee\u0219i asum\u0103 \u00een continuare rolul de facilitator al colabor\u0103rii dintre institu\u021biile implicate, cu scopul de a \u201dcontribui la dezvoltarea cooper\u0103rii dintre institu\u021biile implicate \u0219i la consolidarea schimbului de expertiz\u0103, \u00een vederea implement\u0103rii unor ini\u021biative comune cu impact asupra serviciilor medicale \u0219i a calit\u0103\u021bii actului medical\u201d.<\/p>\n<p>\u00a0<\/p>\n<\/div>\n<p>[analyse_source url=&#8221;https:\/\/www.radiotop.ro\/sanatate\/conducerea-spitalului-clinic-judetean-suceava-a-discutat-cu-parteneri-din-italia-despre-noi-proiecte-in-sanatate-institutul-bucovina-a-facilitat-noile-colaborari.html&#8221;]<\/p>\n","protected":false},"excerpt":{"rendered":"<p>[analyse_image type=&#8221;featured&#8221; src=&#8221;https:\/\/www.radiotop.ro\/img\/media\/2026\/08\/gafiuc-larisa-blanari.jpg&#8221;] \u00a0 1 of 1 &#8211;+ Asocia\u021bia Institutul Bucovina continu\u0103 demersurile pentru consolidarea parteneriatului dintre Suceava \u0219i ora\u0219ul italian Trieste, prin noi proiecte de cooperare \u00een domeniul s\u0103n\u0103t\u0103\u021bii. Potrivit unui mesaj publicat pe pagina de Facebook a asocia\u021biei, reprezentanta Asocia\u021biei Due Mila Uno, Felicitas Kresimon, a avut o \u00eent\u00eelnire de lucru cu conducerea [&hellip;]<\/p>\n","protected":false},"author":1,"featured_media":0,"comment_status":"open","ping_status":"","sticky":false,"template":"","format":"standard","meta":{"footnotes":""},"categories":[89],"tags":[226,163],"class_list":["post-2078140","post","type-post","status-publish","format-standard","hentry","category-romania","tag-crawlmanager","tag-radiotop-ro"],"_links":{"self":[{"href":"https:\/\/analyse.optim.biz\/index.php?rest_route=\/wp\/v2\/posts\/2078140","targetHints":{"allow":["GET"]}}],"collection":[{"href":"https:\/\/analyse.optim.biz\/index.php?rest_route=\/wp\/v2\/posts"}],"about":[{"href":"https:\/\/analyse.optim.biz\/index.php?rest_route=\/wp\/v2\/types\/post"}],"author":[{"embeddable":true,"href":"https:\/\/analyse.optim.biz\/index.php?rest_route=\/wp\/v2\/users\/1"}],"replies":[{"embeddable":true,"href":"https:\/\/analyse.optim.biz\/index.php?rest_route=%2Fwp%2Fv2%2Fcomments&post=2078140"}],"version-history":[{"count":0,"href":"https:\/\/analyse.optim.biz\/index.php?rest_route=\/wp\/v2\/posts\/2078140\/revisions"}],"wp:attachment":[{"href":"https:\/\/analyse.optim.biz\/index.php?rest_route=%2Fwp%2Fv2%2Fmedia&parent=2078140"}],"wp:term":[{"taxonomy":"category","embeddable":true,"href":"https:\/\/analyse.optim.biz\/index.php?rest_route=%2Fwp%2Fv2%2Fcategories&post=2078140"},{"taxonomy":"post_tag","embeddable":true,"href":"https:\/\/analyse.optim.biz\/index.php?rest_route=%2Fwp%2Fv2%2Ftags&post=2078140"}],"curies":[{"name":"wp","href":"https:\/\/api.w.org\/{rel}","templated":true}]}}