{"id":2078106,"date":"2026-08-05T07:28:47","date_gmt":"2026-08-05T04:28:47","guid":{"rendered":"https:\/\/analyse.optim.biz\/?p=2078106"},"modified":"2026-08-05T07:28:47","modified_gmt":"2026-08-05T04:28:47","slug":"criza-bugetara-stinge-lumina-la-vintila-voda-primaria-anunta-masuri-drastice-de-reducere-a-cheltuielilor","status":"publish","type":"post","link":"https:\/\/analyse.optim.biz\/?p=2078106","title":{"rendered":"Criza bugetar\u0103 stinge lumina la Vintil\u0103 Vod\u0103. Prim\u0103ria anun\u021b\u0103 m\u0103suri drastice de reducere a cheltuielilor"},"content":{"rendered":"<p>[analyse_image type=&#8221;featured&#8221; src=&#8221;https:\/\/www.observatorulbuzoian.ro\/wp-content\/uploads\/2024\/04\/DJ203K-Vintila-Voda-Plaiul-Nucului-1-scaled.jpg&#8221;]<\/p>\n<div class=\"td-post-content tagdiv-type\">\n<p class=\"PDq2pG_selectionAnchorContainer\" data-start=\"211\" data-end=\"484\">Locuitorii comunei Vintil\u0103 Vod\u0103 vor r\u0103m\u00e2ne f\u0103r\u0103 iluminat public, dup\u0103 ce administra\u021bia local\u0103 a anun\u021bat c\u0103, \u00eencep\u00e2nd cu noaptea zilei de miercuri <strong data-start=\"339\" data-end=\"356\">5 august 2026<\/strong>, iluminatul stradal va fi oprit pe termen nedeterminat, din cauza dificult\u0103\u021bilor financiare cu care se confrunt\u0103 bugetul local.<\/p>\n<p data-start=\"486\" data-end=\"752\">Anun\u021bul a fost f\u0103cut de Prim\u0103ria comunei Vintil\u0103 Vod\u0103 printr-o informare adresat\u0103 cet\u0103\u021benilor publicat\u0103 pepagina de Facebook a institu\u021biei. Potrivit administra\u021biei locale, m\u0103sura vine \u00een contextul problemelor financiare existente la nivelul bugetului comunei, dar \u0219i al situa\u021biei economice de la nivel na\u021bional.<\/p>\n<p data-start=\"754\" data-end=\"1101\"><a href=\"https:\/\/www.observatorulbuzoian.ro\/wp-content\/uploads\/2026\/08\/Ion-Coman.jpg\"><img loading=\"lazy\" decoding=\"async\" src=\"https:\/\/www.observatorulbuzoian.ro\/wp-content\/uploads\/2026\/08\/Ion-Coman.jpg\" class=\"aligncenter size-full wp-image-124570\" alt width=\"888\" height=\"499\"><img loading=\"lazy\" decoding=\"async\" class=\"aligncenter size-full wp-image-124570\" src=\"https:\/\/www.observatorulbuzoian.ro\/wp-content\/uploads\/2026\/08\/Ion-Coman.jpg\" alt width=\"888\" height=\"499\"><\/a>\u201e\u00cencep\u00e2nd cu data de 05.08.2026, iluminatul public va fi \u00eentrerupt p\u00e2n\u0103 la \u00eembun\u0103t\u0103\u021birea situa\u021biei financiare. Aceast\u0103 decizie nu a fost luat\u0103 cu u\u0219urin\u021b\u0103, \u00eens\u0103 este necesar\u0103 pentru a putea asigura func\u021bionarea celorlalte servicii publice esen\u021biale \u0219i pentru a men\u021bine echilibrul bugetului local\u201d, se arat\u0103 \u00een mesajul transmis de Ion Coman, primarul comunei.<\/p>\n<p data-start=\"1103\" data-end=\"1288\">Reprezentan\u021bii Prim\u0103riei precizeaz\u0103 c\u0103 suspendarea iluminatului public reprezint\u0103 o m\u0103sur\u0103 temporar\u0103, iar serviciul va fi reluat imediat ce resursele financiare vor permite acest lucru.<\/p>\n<p data-start=\"1536\" data-end=\"1948\">\u00cen cazul comunei Vintil\u0103 Vod\u0103, lipsa iluminatului public ridic\u0103 \u0219i probleme legate de siguran\u021ba cet\u0103\u021benilor. Localitatea este situat\u0103 \u00een zona \u00eenalt\u0103 de deal a jude\u021bului Buz\u0103u, \u00eentr-o regiune \u00eemp\u0103durit\u0103 \u00een care prezen\u021ba ur\u0219ilor \u00een apropierea gospod\u0103riilor \u0219i pe drumurile comunale este un fenomen semnalat frecvent. \u00cen aceste condi\u021bii, deplasarea pe timpul nop\u021bii ar putea deveni \u0219i mai dificil\u0103 pentru locuitori.<\/p>\n<p data-start=\"1950\" data-end=\"2141\">Deocamdat\u0103, administra\u021bia local\u0103 nu a anun\u021bat un termen estimativ pentru reluarea iluminatului public, m\u0103sura urm\u00e2nd s\u0103 r\u0103m\u00e2n\u0103 \u00een vigoare p\u00e2n\u0103 la \u00eembun\u0103t\u0103\u021birea situa\u021biei financiare a comunei.<\/p>\n<\/div>\n<p>[analyse_source url=&#8221;https:\/\/www.observatorulbuzoian.ro\/criza-bugetara-stinge-lumina-la-vintila-voda-primaria-anunta-masuri-drastice-de-reducere-a-cheltuielilor\/&#8221;]<\/p>\n","protected":false},"excerpt":{"rendered":"<p>[analyse_image type=&#8221;featured&#8221; src=&#8221;https:\/\/www.observatorulbuzoian.ro\/wp-content\/uploads\/2024\/04\/DJ203K-Vintila-Voda-Plaiul-Nucului-1-scaled.jpg&#8221;] Locuitorii comunei Vintil\u0103 Vod\u0103 vor r\u0103m\u00e2ne f\u0103r\u0103 iluminat public, dup\u0103 ce administra\u021bia local\u0103 a anun\u021bat c\u0103, \u00eencep\u00e2nd cu noaptea zilei de miercuri 5 august 2026, iluminatul stradal va fi oprit pe termen nedeterminat, din cauza dificult\u0103\u021bilor financiare cu care se confrunt\u0103 bugetul local. Anun\u021bul a fost f\u0103cut de Prim\u0103ria comunei Vintil\u0103 Vod\u0103 [&hellip;]<\/p>\n","protected":false},"author":1,"featured_media":0,"comment_status":"open","ping_status":"","sticky":false,"template":"","format":"standard","meta":{"footnotes":""},"categories":[2],"tags":[226,82],"class_list":["post-2078106","post","type-post","status-publish","format-standard","hentry","category-politics","tag-crawlmanager","tag-observatorulbuzoian-ro"],"_links":{"self":[{"href":"https:\/\/analyse.optim.biz\/index.php?rest_route=\/wp\/v2\/posts\/2078106","targetHints":{"allow":["GET"]}}],"collection":[{"href":"https:\/\/analyse.optim.biz\/index.php?rest_route=\/wp\/v2\/posts"}],"about":[{"href":"https:\/\/analyse.optim.biz\/index.php?rest_route=\/wp\/v2\/types\/post"}],"author":[{"embeddable":true,"href":"https:\/\/analyse.optim.biz\/index.php?rest_route=\/wp\/v2\/users\/1"}],"replies":[{"embeddable":true,"href":"https:\/\/analyse.optim.biz\/index.php?rest_route=%2Fwp%2Fv2%2Fcomments&post=2078106"}],"version-history":[{"count":0,"href":"https:\/\/analyse.optim.biz\/index.php?rest_route=\/wp\/v2\/posts\/2078106\/revisions"}],"wp:attachment":[{"href":"https:\/\/analyse.optim.biz\/index.php?rest_route=%2Fwp%2Fv2%2Fmedia&parent=2078106"}],"wp:term":[{"taxonomy":"category","embeddable":true,"href":"https:\/\/analyse.optim.biz\/index.php?rest_route=%2Fwp%2Fv2%2Fcategories&post=2078106"},{"taxonomy":"post_tag","embeddable":true,"href":"https:\/\/analyse.optim.biz\/index.php?rest_route=%2Fwp%2Fv2%2Ftags&post=2078106"}],"curies":[{"name":"wp","href":"https:\/\/api.w.org\/{rel}","templated":true}]}}