{"id":2077894,"date":"2026-08-05T03:56:57","date_gmt":"2026-08-05T00:56:57","guid":{"rendered":"https:\/\/analyse.optim.biz\/?p=2077894"},"modified":"2026-08-05T03:56:57","modified_gmt":"2026-08-05T00:56:57","slug":"un-sofer-cu-alcoolemie-mare-a-intrat-cu-masina-in-doua-vehicule-parcate-la-radauti-stiri-suceava","status":"publish","type":"post","link":"https:\/\/analyse.optim.biz\/?p=2077894","title":{"rendered":"Un \u0219ofer cu alcoolemie mare a intrat cu ma\u0219ina \u00een dou\u0103 vehicule parcate, la R\u0103d\u0103u\u021bi &#8211; Stiri Suceava"},"content":{"rendered":"<p>[analyse_image type=&#8221;featured&#8221; src=&#8221;https:\/\/www.informatiata.ro\/wp-content\/uploads\/2026\/08\/pol-1024&#215;565.jpg&#8221;]<\/p>\n<div class=\"td-post-content tagdiv-type\">\n<div class=\"td-post-featured-image\"><a href=\"https:\/\/www.informatiata.ro\/wp-content\/uploads\/2026\/08\/pol-scaled.jpg\" data-caption><img loading=\"lazy\" decoding=\"async\" width=\"696\" height=\"384\" class=\"entry-thumb td-modal-image\" src=\"https:\/\/www.informatiata.ro\/wp-content\/uploads\/2026\/08\/pol-696x384.jpg\" alt title=\"pol\"><img loading=\"lazy\" decoding=\"async\" width=\"696\" height=\"384\" class=\"entry-thumb td-modal-image\" src=\"https:\/\/www.informatiata.ro\/wp-content\/uploads\/2026\/08\/pol-696x384.jpg\" alt title=\"pol\"><\/a><\/div>\n<p>Un \u0219ofer cu alcoolemie mare a intrat cu ma\u0219ina \u00een dou\u0103 vehicule parcate, la R\u0103d\u0103u\u021bi. R\u0103d\u0103u\u021beanul avea o alcoolemie de 1,22 mg\/l \u00een aerul expirat.<\/p>\n<p>Un b\u0103rbat \u00een v\u00e2rst\u0103 de 41 de ani, din municipiul R\u0103d\u0103u\u021bi, este cercetat penal dup\u0103 ce a provocat un accident rutier pe strada Oborului, \u00een urma c\u0103ruia au fost avariate dou\u0103 autoturisme parcate.<\/p>\n<div class=\"td-a-rec td-a-rec-id-content_inlineright  tdi_7 td_block_template_1\"><img loading=\"lazy\" decoding=\"async\" class=\"aligncenter size-full wp-image-65755\" src=\"https:\/\/www.informatiata.ro\/wp-content\/uploads\/2026\/08\/FACOS-3-2.gif\" alt width=\"300\" height=\"250\"><img loading=\"lazy\" decoding=\"async\" class=\"aligncenter size-full wp-image-65755\" src=\"https:\/\/www.informatiata.ro\/wp-content\/uploads\/2026\/08\/FACOS-3-2.gif\" alt width=\"300\" height=\"250\"><img loading=\"lazy\" decoding=\"async\" class=\"aligncenter size-full wp-image-65754\" src=\"https:\/\/www.informatiata.ro\/wp-content\/uploads\/2026\/08\/SAVCOM-4-3.gif\" alt width=\"299\" height=\"250\"><img loading=\"lazy\" decoding=\"async\" class=\"aligncenter size-full wp-image-65754\" src=\"https:\/\/www.informatiata.ro\/wp-content\/uploads\/2026\/08\/SAVCOM-4-3.gif\" alt width=\"299\" height=\"250\"><\/div>\n<p>Incidentul s-a produs luni, 3 august, \u00een jurul orei 18.20, c\u00e2nd b\u0103rbatul a pierdut controlul volanului din cauz\u0103 c\u0103 era \u00een stare avansat\u0103 de ebrietate.<\/p>\n<p>\u0218oferul le-a declarat poli\u021bi\u0219tilor c\u0103 a consumat b\u0103uturi alcoolice pe parcursul zilei, dup\u0103 care s-a urcat la volan pentru a se deplasa spre domiciliu. Ajuns pe strada Oborului, acesta nu a observat dou\u0103 autoturisme parcate \u0219i a intrat \u00een coliziune cu ele, provoc\u00e2nd pagube materiale.<\/p>\n<p>Poli\u021bi\u0219tii l-au testat pe \u0219ofer cu aparatul etilotest, rezult\u00e2nd o concentra\u021bie de 1,22 mg\/l alcool pur \u00een aerul expirat.<\/p>\n<p>Ulterior, acesta a fost transportat la Spitalul Municipal R\u0103d\u0103u\u021bi, unde i-au fost recoltate dou\u0103 probe biologice de s\u00e2nge, la interval de o or\u0103, pentru stabilirea alcoolemiei.<\/p>\n<p>Poli\u021bi\u0219tii au deschis un dosar penal pentru infrac\u021biunea de conducerea unui vehicul sub influen\u021ba alcoolului sau a altor substan\u021be.<\/p>\n<div class=\"td-a-rec td-a-rec-id-content_bottom  td-rec-hide-on-m tdi_8 td_block_template_1\"><img loading=\"lazy\" decoding=\"async\" class=\"aligncenter size-full wp-image-65603\" src=\"https:\/\/www.informatiata.ro\/wp-content\/uploads\/2026\/07\/SAVCOM-19.gif\" alt width=\"299\" height=\"250\"><img loading=\"lazy\" decoding=\"async\" class=\"aligncenter size-full wp-image-65603\" src=\"https:\/\/www.informatiata.ro\/wp-content\/uploads\/2026\/07\/SAVCOM-19.gif\" alt width=\"299\" height=\"250\"><img loading=\"lazy\" decoding=\"async\" class=\"aligncenter size-full wp-image-65604\" src=\"https:\/\/www.informatiata.ro\/wp-content\/uploads\/2026\/07\/FACOS-16.gif\" alt width=\"300\" height=\"250\"><img loading=\"lazy\" decoding=\"async\" class=\"aligncenter size-full wp-image-65604\" src=\"https:\/\/www.informatiata.ro\/wp-content\/uploads\/2026\/07\/FACOS-16.gif\" alt width=\"300\" height=\"250\"><\/div>\n<\/div>\n<p>[analyse_source url=&#8221;https:\/\/www.informatiata.ro\/accident-provocat-de-sofer-cu-alcoolemie-mare-2\/&#8221;]<\/p>\n","protected":false},"excerpt":{"rendered":"<p>[analyse_image type=&#8221;featured&#8221; src=&#8221;https:\/\/www.informatiata.ro\/wp-content\/uploads\/2026\/08\/pol-1024&#215;565.jpg&#8221;] Un \u0219ofer cu alcoolemie mare a intrat cu ma\u0219ina \u00een dou\u0103 vehicule parcate, la R\u0103d\u0103u\u021bi. R\u0103d\u0103u\u021beanul avea o alcoolemie de 1,22 mg\/l \u00een aerul expirat. Un b\u0103rbat \u00een v\u00e2rst\u0103 de 41 de ani, din municipiul R\u0103d\u0103u\u021bi, este cercetat penal dup\u0103 ce a provocat un accident rutier pe strada Oborului, \u00een urma c\u0103ruia [&hellip;]<\/p>\n","protected":false},"author":1,"featured_media":0,"comment_status":"open","ping_status":"","sticky":false,"template":"","format":"standard","meta":{"footnotes":""},"categories":[89],"tags":[226,167],"class_list":["post-2077894","post","type-post","status-publish","format-standard","hentry","category-romania","tag-crawlmanager","tag-informatiata-ro"],"_links":{"self":[{"href":"https:\/\/analyse.optim.biz\/index.php?rest_route=\/wp\/v2\/posts\/2077894","targetHints":{"allow":["GET"]}}],"collection":[{"href":"https:\/\/analyse.optim.biz\/index.php?rest_route=\/wp\/v2\/posts"}],"about":[{"href":"https:\/\/analyse.optim.biz\/index.php?rest_route=\/wp\/v2\/types\/post"}],"author":[{"embeddable":true,"href":"https:\/\/analyse.optim.biz\/index.php?rest_route=\/wp\/v2\/users\/1"}],"replies":[{"embeddable":true,"href":"https:\/\/analyse.optim.biz\/index.php?rest_route=%2Fwp%2Fv2%2Fcomments&post=2077894"}],"version-history":[{"count":0,"href":"https:\/\/analyse.optim.biz\/index.php?rest_route=\/wp\/v2\/posts\/2077894\/revisions"}],"wp:attachment":[{"href":"https:\/\/analyse.optim.biz\/index.php?rest_route=%2Fwp%2Fv2%2Fmedia&parent=2077894"}],"wp:term":[{"taxonomy":"category","embeddable":true,"href":"https:\/\/analyse.optim.biz\/index.php?rest_route=%2Fwp%2Fv2%2Fcategories&post=2077894"},{"taxonomy":"post_tag","embeddable":true,"href":"https:\/\/analyse.optim.biz\/index.php?rest_route=%2Fwp%2Fv2%2Ftags&post=2077894"}],"curies":[{"name":"wp","href":"https:\/\/api.w.org\/{rel}","templated":true}]}}