{"id":2077755,"date":"2026-08-05T01:41:34","date_gmt":"2026-08-04T22:41:34","guid":{"rendered":"https:\/\/analyse.optim.biz\/?p=2077755"},"modified":"2026-08-05T01:41:34","modified_gmt":"2026-08-04T22:41:34","slug":"timisoara-opreste-temporar-iluminatul-arhitectural-pentru-a-economisi-energie","status":"publish","type":"post","link":"https:\/\/analyse.optim.biz\/?p=2077755","title":{"rendered":"Timi\u0219oara opre\u0219te temporar iluminatul arhitectural pentru a economisi energie"},"content":{"rendered":"<p>[analyse_image type=&#8221;featured&#8221; src=&#8221;https:\/\/orasul-timisoara.ro\/wp-content\/uploads\/2026\/08\/cladiri-iluminat.jpg&#8221;]<\/p>\n<article id=\"post-40046\" class=\"td-post-template-7 post-40046 post type-post status-publish format-standard has-post-thumbnail category-administratie category-featured category-stiri-timisoara tag-catedrala-mitropolitana tag-economie-de-energie tag-eficienta-energetica-2 tag-iluminat-arhitectural tag-iluminat-public tag-judetul-timis-2 tag-led tag-opera-nationala-romana-timisoara tag-primaria-timisoara-2 tag-telegestiune tag-timisoara-2 td-container-wrap\">\n<div class=\"td-full-screen-header-image-wrap\">\n<div class=\"td-container td-post-header\">\n<div class=\"td-crumb-container\">\n<div class=\"entry-crumbs\"><span><a title=\"Vede\u021bi toate articolele \u00een Administra\u021bie local\u0103\" class=\"entry-crumb\" href=\"https:\/\/orasul-timisoara.ro\/local-category\/administratie\/\">Administra\u021bie local\u0103<\/a><\/span><span class=\"td-bred-no-url-last\">Timi\u0219oara opre\u0219te temporar iluminatul arhitectural pentru a economisi energie<\/span><\/div>\n<\/div>\n<div class=\"td-post-header-holder\">\n<div class=\"td-parallax-header\">\n<header class=\"td-post-title\">\n<ul class=\"td-category\">\n<li class=\"entry-category\"><a href=\"https:\/\/orasul-timisoara.ro\/local-category\/administratie\/\">Administra\u021bie local\u0103<\/a><\/li>\n<li class=\"entry-category\"><a href=\"https:\/\/orasul-timisoara.ro\/local-category\/stiri-timisoara\/\">\u0218tiri Locale<\/a><\/li>\n<\/ul>\n<h1 class=\"entry-title\">Timi\u0219oara opre\u0219te temporar iluminatul arhitectural pentru a economisi energie<\/h1>\n<div class=\"td-module-meta-info\">\n<div class=\"td-post-author-name\">\n<div class=\"td-author-by\">De c\u0103tre<\/div>\n<p><a href=\"https:\/\/orasul-timisoara.ro\/author\/timisoara\/\">redactia<\/a><\/p>\n<div class=\"td-author-line\"> &#8211; <\/div>\n<\/div>\n<p><span class=\"td-post-date\"><time class=\"entry-date updated td-module-date\" datetime=\"2026-08-05T04:41:34+03:00\">05\/08\/2026<\/time><\/span><\/div>\n<\/header>\n<\/div>\n<\/div>\n<\/div>\n<div id=\"td-full-screen-header-image\" class=\"td-image-gradient-style7\"><img decoding=\"async\" class=\"td-backstretch\" src=\"https:\/\/orasul-timisoara.ro\/wp-content\/uploads\/2026\/08\/cladiri-iluminat.jpg\"><\/div>\n<\/div>\n<div class=\"td-container\">\n<div class=\"td-pb-row\">\n<div class=\"td-pb-span8 td-main-content\" role=\"main\">\n<div class=\"td-ss-main-content\">\n<div class=\"td-post-sharing-top\">\n<div class=\"td-post-sharing-classic\"><iframe title=\"topFacebookLike\" frameborder src=\"https:\/\/www.facebook.com\/plugins\/like.php?href=https:\/\/orasul-timisoara.ro\/local-40046\/&amp;layout=button_count&amp;show_faces=false&amp;width=105&amp;action=like&amp;colorscheme=light&amp;height=21\"><\/iframe><\/div>\n<div id=\"td_social_sharing_article_top\" class=\"td-post-sharing td-ps-bg td-ps-notext td-post-sharing-style1 \">\n<div class=\"td-post-sharing-visible\"><a class=\"td-social-sharing-button td-social-sharing-button-js td-social-network td-social-facebook\" href=\"https:\/\/www.facebook.com\/sharer.php?u=https%3A%2F%2Forasul-timisoara.ro%2Flocal-40046%2F\" title=\"Facebook\"><\/p>\n<div class=\"td-social-but-text\">Facebook<\/div>\n<p><\/a><a class=\"td-social-sharing-button td-social-sharing-button-js td-social-network td-social-twitter\" href=\"https:\/\/twitter.com\/intent\/tweet?text=Timi%C8%99oara+opre%C8%99te+temporar+iluminatul+arhitectural+pentru+a+economisi+energie&amp;url=https%3A%2F%2Forasul-timisoara.ro%2Flocal-40046%2F&amp;via=orasultm\" title=\"Twitter\"><\/p>\n<div class=\"td-social-but-text\">Twitter<\/div>\n<p><\/a><a class=\"td-social-sharing-button td-social-sharing-button-js td-social-network td-social-whatsapp\" href=\"https:\/\/api.whatsapp.com\/send?text=Timi%C8%99oara+opre%C8%99te+temporar+iluminatul+arhitectural+pentru+a+economisi+energie%20%0A%0A%20https:\/\/orasul-timisoara.ro\/local-40046\/\" title=\"WhatsApp\"><\/p>\n<div class=\"td-social-but-text\">WhatsApp<\/div>\n<p><\/a><a class=\"td-social-sharing-button td-social-sharing-button-js td-social-network td-social-linkedin\" href=\"https:\/\/www.linkedin.com\/shareArticle?mini=true&amp;url=https:\/\/orasul-timisoara.ro\/local-40046\/&amp;title=Timi%C8%99oara+opre%C8%99te+temporar+iluminatul+arhitectural+pentru+a+economisi+energie\" title=\"Linkedin\"><\/p>\n<div class=\"td-social-but-text\">Linkedin<\/div>\n<p><\/a><a class=\"td-social-sharing-button td-social-sharing-button-js td-social-network td-social-reddit\" href=\"https:\/\/reddit.com\/submit?url=https:\/\/orasul-timisoara.ro\/local-40046\/&amp;title=Timi%C8%99oara+opre%C8%99te+temporar+iluminatul+arhitectural+pentru+a+economisi+energie\" title=\"ReddIt\"><\/p>\n<div class=\"td-social-but-text\">ReddIt<\/div>\n<p><\/a><a class=\"td-social-sharing-button td-social-sharing-button-js td-social-network td-social-mail\" href=\"mailto:?subject=Timi%C8%99oara%20opre%C8%99te%20temporar%20iluminatul%20arhitectural%20pentru%20a%20economisi%20energie&amp;body=https:\/\/orasul-timisoara.ro\/local-40046\/\" title=\"Email\"><\/p>\n<div class=\"td-social-but-text\">Email<\/div>\n<p><\/a><a class=\"td-social-sharing-button td-social-sharing-button-js td-social-network td-social-print\" href=\"https:\/\/orasul-timisoara.ro\/local-40046\/\" title=\"Imprimare\"><\/p>\n<div class=\"td-social-but-text\">Imprimare<\/div>\n<p><\/a><\/div>\n<\/div>\n<\/div>\n<div class=\"td-post-content tagdiv-type\">\n<p class=\"wp-block-paragraph\">Prim\u0103ria Municipiului Timi\u0219oara a anun\u021bat noi m\u0103suri pentru reducerea consumului de energie electric\u0103, \u00een contextul presiunii asupra sistemului energetic na\u021bional. Administra\u021bia local\u0103 va opri temporar iluminatul arhitectural al unor cl\u0103diri reprezentative din ora\u0219, subliniind c\u0103 m\u0103sura nu afecteaz\u0103 siguran\u021ba cet\u0103\u021benilor.<\/p>\n<p class=\"wp-block-paragraph\">Potrivit municipalit\u0103\u021bii, decizia face parte dintr-un plan mai amplu de eficientizare energetic\u0103, \u00eenceput \u00een ultimii ani prin modernizarea sistemului de iluminat public \u0219i continuat prin noi investi\u021bii \u00een infrastructura ora\u0219ului.<\/p>\n<h2 class=\"wp-block-heading\">Iluminatul arhitectural va fi oprit temporar<\/h2>\n<p class=\"wp-block-paragraph\">Printre obiectivele vizate de aceast\u0103 m\u0103sur\u0103 se num\u0103r\u0103 Catedrala Mitropolitan\u0103, Opera Na\u021bional\u0103 Rom\u00e2n\u0103 din Timi\u0219oara \u0219i mai multe biserici din municipiu.<\/p>\n<p class=\"wp-block-paragraph\">Prim\u0103ria precizeaz\u0103 c\u0103 oprirea iluminatului arhitectural este temporar\u0103 \u0219i c\u0103, \u00een perioada urm\u0103toare, m\u0103sura va fi extins\u0103 la alte aproximativ 20 de cl\u0103diri reprezentative din ora\u0219.<\/p>\n<h2 class=\"wp-block-heading\">Autorit\u0103\u021bile: siguran\u021ba cet\u0103\u021benilor nu este afectat\u0103<\/h2>\n<p class=\"wp-block-paragraph\">Reprezentan\u021bii Prim\u0103riei Timi\u0219oara subliniaz\u0103 c\u0103 reducerea consumului de energie este realizat\u0103 f\u0103r\u0103 a afecta iluminatul necesar pentru siguran\u021ba traficului \u0219i a pietonilor.<\/p>\n<p class=\"wp-block-paragraph\">\u201eEconomisim energie, f\u0103r\u0103 s\u0103 facem compromisuri \u00een ceea ce prive\u0219te siguran\u021ba\u201d, au transmis reprezentan\u021bii administra\u021biei locale.<\/p>\n<h2 class=\"wp-block-heading\">Modernizarea iluminatului public a \u00eenceput \u00eenaintea actualei crize energetice<\/h2>\n<p class=\"wp-block-paragraph\">Prim\u0103ria arat\u0103 c\u0103 m\u0103surile de eficientizare energetic\u0103 nu sunt noi.<\/p>\n<p class=\"wp-block-paragraph\">P\u00e2n\u0103 \u00een prezent, iluminatul public a fost modernizat pe peste 70 de str\u0103zi \u0219i bulevarde din Timi\u0219oara, unde au fost instalate corpuri de iluminat cu tehnologie LED \u0219i sisteme de telegestiune care permit reglarea intensit\u0103\u021bii luminii \u00een func\u021bie de intervalul orar \u0219i necesarul din timpul nop\u021bii.<\/p>\n<h2 class=\"wp-block-heading\">Noi investi\u021bii sunt preg\u0103tite pe alte 66 de str\u0103zi<\/h2>\n<p class=\"wp-block-paragraph\">Administra\u021bia local\u0103 anun\u021b\u0103 c\u0103 programul de modernizare a iluminatului public va continua.<\/p>\n<p class=\"wp-block-paragraph\">\u00cen prezent sunt evaluate ofertele depuse pentru un nou proiect care prevede modernizarea sistemului de iluminat pe \u00eenc\u0103 66 de str\u0103zi \u0219i bulevarde din municipiu.<\/p>\n<p class=\"wp-block-paragraph\">Potrivit Prim\u0103riei Timi\u0219oara, investi\u021biile urm\u0103resc reducerea consumului de energie, eficientizarea costurilor \u0219i cre\u0219terea performan\u021bei sistemului de iluminat public pe termen lung.<\/p>\n<\/div>\n<footer>\n<div class=\"td-post-source-tags\">\n<ul class=\"td-tags td-post-small-box clearfix\">\n<li><span>ETICHETE<\/span><\/li>\n<li><a href=\"https:\/\/orasul-timisoara.ro\/local-tag\/catedrala-mitropolitana\/\">Catedrala Mitropolitan\u0103<\/a><\/li>\n<li><a href=\"https:\/\/orasul-timisoara.ro\/local-tag\/economie-de-energie\/\">economie de energie<\/a><\/li>\n<li><a href=\"https:\/\/orasul-timisoara.ro\/local-tag\/eficienta-energetica-2\/\">eficien\u021b\u0103 energetic\u0103<\/a><\/li>\n<li><a href=\"https:\/\/orasul-timisoara.ro\/local-tag\/iluminat-arhitectural\/\">iluminat arhitectural<\/a><\/li>\n<li><a href=\"https:\/\/orasul-timisoara.ro\/local-tag\/iluminat-public\/\">iluminat public<\/a><\/li>\n<li><a href=\"https:\/\/orasul-timisoara.ro\/local-tag\/judetul-timis-2\/\">jude\u021bul Timi\u0219<\/a><\/li>\n<li><a href=\"https:\/\/orasul-timisoara.ro\/local-tag\/led\/\">LED<\/a><\/li>\n<li><a href=\"https:\/\/orasul-timisoara.ro\/local-tag\/opera-nationala-romana-timisoara\/\">Opera Na\u021bional\u0103 Rom\u00e2n\u0103 Timi\u0219oara<\/a><\/li>\n<li><a href=\"https:\/\/orasul-timisoara.ro\/local-tag\/primaria-timisoara-2\/\">Prim\u0103ria Timi\u0219oara<\/a><\/li>\n<li><a href=\"https:\/\/orasul-timisoara.ro\/local-tag\/telegestiune\/\">telegestiune<\/a><\/li>\n<li><a href=\"https:\/\/orasul-timisoara.ro\/local-tag\/timisoara-2\/\">timi\u0219oara<\/a><\/li>\n<\/ul>\n<\/div>\n<div class=\"td-post-sharing-bottom\">\n<div class=\"td-post-sharing-classic\"><iframe title=\"bottomFacebookLike\" frameborder src=\"https:\/\/www.facebook.com\/plugins\/like.php?href=https:\/\/orasul-timisoara.ro\/local-40046\/&amp;layout=button_count&amp;show_faces=false&amp;width=105&amp;action=like&amp;colorscheme=light&amp;height=21\"><\/iframe><\/div>\n<div id=\"td_social_sharing_article_bottom\" class=\"td-post-sharing td-ps-bg td-ps-notext td-post-sharing-style1 \">\n<div class=\"td-post-sharing-visible\"><a class=\"td-social-sharing-button td-social-sharing-button-js td-social-network td-social-facebook\" href=\"https:\/\/www.facebook.com\/sharer.php?u=https%3A%2F%2Forasul-timisoara.ro%2Flocal-40046%2F\" title=\"Facebook\"><\/p>\n<div class=\"td-social-but-text\">Facebook<\/div>\n<p><\/a><a class=\"td-social-sharing-button td-social-sharing-button-js td-social-network td-social-twitter\" href=\"https:\/\/twitter.com\/intent\/tweet?text=Timi%C8%99oara+opre%C8%99te+temporar+iluminatul+arhitectural+pentru+a+economisi+energie&amp;url=https%3A%2F%2Forasul-timisoara.ro%2Flocal-40046%2F&amp;via=orasultm\" title=\"Twitter\"><\/p>\n<div class=\"td-social-but-text\">Twitter<\/div>\n<p><\/a><a class=\"td-social-sharing-button td-social-sharing-button-js td-social-network td-social-whatsapp\" href=\"https:\/\/api.whatsapp.com\/send?text=Timi%C8%99oara+opre%C8%99te+temporar+iluminatul+arhitectural+pentru+a+economisi+energie%20%0A%0A%20https:\/\/orasul-timisoara.ro\/local-40046\/\" title=\"WhatsApp\"><\/p>\n<div class=\"td-social-but-text\">WhatsApp<\/div>\n<p><\/a><a class=\"td-social-sharing-button td-social-sharing-button-js td-social-network td-social-linkedin\" href=\"https:\/\/www.linkedin.com\/shareArticle?mini=true&amp;url=https:\/\/orasul-timisoara.ro\/local-40046\/&amp;title=Timi%C8%99oara+opre%C8%99te+temporar+iluminatul+arhitectural+pentru+a+economisi+energie\" title=\"Linkedin\"><\/p>\n<div class=\"td-social-but-text\">Linkedin<\/div>\n<p><\/a><a class=\"td-social-sharing-button td-social-sharing-button-js td-social-network td-social-reddit\" href=\"https:\/\/reddit.com\/submit?url=https:\/\/orasul-timisoara.ro\/local-40046\/&amp;title=Timi%C8%99oara+opre%C8%99te+temporar+iluminatul+arhitectural+pentru+a+economisi+energie\" title=\"ReddIt\"><\/p>\n<div class=\"td-social-but-text\">ReddIt<\/div>\n<p><\/a><a class=\"td-social-sharing-button td-social-sharing-button-js td-social-network td-social-mail\" href=\"mailto:?subject=Timi%C8%99oara%20opre%C8%99te%20temporar%20iluminatul%20arhitectural%20pentru%20a%20economisi%20energie&amp;body=https:\/\/orasul-timisoara.ro\/local-40046\/\" title=\"Email\"><\/p>\n<div class=\"td-social-but-text\">Email<\/div>\n<p><\/a><a class=\"td-social-sharing-button td-social-sharing-button-js td-social-network td-social-print\" href=\"https:\/\/orasul-timisoara.ro\/local-40046\/\" title=\"Imprimare\"><\/p>\n<div class=\"td-social-but-text\">Imprimare<\/div>\n<p><\/a><\/div>\n<\/div>\n<\/div>\n<div class=\"td-block-row td-post-next-prev\">\n<div class=\"td-block-span6 td-post-prev-post\">\n<div class=\"td-post-next-prev-content\"><span>Articolul precedent<\/span><a href=\"https:\/\/orasul-timisoara.ro\/local-40042\/\">Politehnica Timi\u0219oara debuteaz\u0103 cu victorie \u00een Liga a II-a: 1-0 cu Chindia<\/a><\/div>\n<\/div>\n<\/div>\n<div class=\"td-author-name vcard author\"><span class=\"fn\"><a href=\"https:\/\/orasul-timisoara.ro\/author\/timisoara\/\">redactia<\/a><\/span><\/div>\n<p><span class=\"td-page-meta\"><\/span><span class=\"td-page-meta\"><span class=\"td-page-meta\"><\/span><\/span><span class=\"td-page-meta\"><\/span><\/footer>\n<div class=\"td_block_wrap td_block_related_posts tdi_3 td_with_ajax_pagination td-pb-border-top td_block_template_8\" data-td-block-uid=\"tdi_3\">\n<h4 class=\"td-related-title td-block-title\"><a id=\"tdi_4\" class=\"td-related-left td-cur-simple-item\" data-td_filter_value data-td_block_id=\"tdi_3\" href=\"https:\/\/orasul-timisoara.ro\/local-40046\/\">ARTICOLE SIMILARE<\/a><a id=\"tdi_5\" class=\"td-related-right\" data-td_filter_value=\"td_related_more_from_author\" data-td_block_id=\"tdi_3\" href=\"https:\/\/orasul-timisoara.ro\/local-40046\/\">DE LA ACELA\u0218I AUTOR<\/a><\/h4>\n<div id=\"tdi_3\" class=\"td_block_inner\">\n<div class=\"td-related-row\">\n<div class=\"td-related-span4\">\n<div class=\"td_module_related_posts td-animation-stack td_mod_related_posts\">\n<div class=\"td-module-image\">\n<div class=\"td-module-thumb\"><a href=\"https:\/\/orasul-timisoara.ro\/local-39645\/\" rel=\"bookmark\" class=\"td-image-wrap \" title=\"Alfred Simonis: Timi\u0219ul va avea intr\u0103ri rutiere spectaculoase inspirate din patrimoniul jude\u021bului (foto)\"><img loading=\"lazy\" decoding=\"async\" class=\"entry-thumb\" src=\"https:\/\/orasul-timisoara.ro\/wp-content\/uploads\/2026\/07\/intrari-judet-1-436x300.jpg\" alt title=\"Alfred Simonis: Timi\u0219ul va avea intr\u0103ri rutiere spectaculoase inspirate din patrimoniul jude\u021bului (foto)\" width=\"218\" height=\"150\"><\/a><\/div>\n<\/div>\n<div class=\"item-details\">\n<h3 class=\"entry-title td-module-title\"><a href=\"https:\/\/orasul-timisoara.ro\/local-39645\/\" rel=\"bookmark\" title=\"Alfred Simonis: Timi\u0219ul va avea intr\u0103ri rutiere spectaculoase inspirate din patrimoniul jude\u021bului (foto)\">Alfred Simonis: Timi\u0219ul va avea intr\u0103ri rutiere spectaculoase inspirate din patrimoniul jude\u021bului (foto)<\/a><\/h3>\n<\/div>\n<\/div>\n<\/div>\n<div class=\"td-related-span4\">\n<div class=\"td_module_related_posts td-animation-stack td_mod_related_posts\">\n<div class=\"td-module-image\">\n<div class=\"td-module-thumb\"><a href=\"https:\/\/orasul-timisoara.ro\/local-39524\/\" rel=\"bookmark\" class=\"td-image-wrap \" title=\"Dou\u0103 cl\u0103diri ale Spitalului de Copii din Timi\u0219oara vor fi reabilitate cu fonduri europene\"><img loading=\"lazy\" decoding=\"async\" class=\"entry-thumb\" src=\"https:\/\/orasul-timisoara.ro\/wp-content\/uploads\/2026\/07\/louis-turcanu-436x300.jpg\" alt title=\"Dou\u0103 cl\u0103diri ale Spitalului de Copii din Timi\u0219oara vor fi reabilitate cu fonduri europene\" width=\"218\" height=\"150\"><\/a><\/div>\n<\/div>\n<div class=\"item-details\">\n<h3 class=\"entry-title td-module-title\"><a href=\"https:\/\/orasul-timisoara.ro\/local-39524\/\" rel=\"bookmark\" title=\"Dou\u0103 cl\u0103diri ale Spitalului de Copii din Timi\u0219oara vor fi reabilitate cu fonduri europene\">Dou\u0103 cl\u0103diri ale Spitalului de Copii din Timi\u0219oara vor fi reabilitate cu fonduri europene<\/a><\/h3>\n<\/div>\n<\/div>\n<\/div>\n<div class=\"td-related-span4\">\n<div class=\"td_module_related_posts td-animation-stack td_mod_related_posts\">\n<div class=\"td-module-image\">\n<div class=\"td-module-thumb\"><a href=\"https:\/\/orasul-timisoara.ro\/local-39349\/\" rel=\"bookmark\" class=\"td-image-wrap \" title=\"Ceremonia de Ziua Drapelului aduce restric\u021bii de trafic \u00een centrul Timi\u0219oarei\"><img loading=\"lazy\" decoding=\"async\" class=\"entry-thumb\" src=\"https:\/\/orasul-timisoara.ro\/wp-content\/uploads\/2021\/12\/timisoara-catedrala-cer-senin-copaci-flori-statuie.jpg\" alt title=\"Ceremonia de Ziua Drapelului aduce restric\u021bii de trafic \u00een centrul Timi\u0219oarei\" width=\"218\" height=\"150\"><\/a><\/div>\n<\/div>\n<div class=\"item-details\">\n<h3 class=\"entry-title td-module-title\"><a href=\"https:\/\/orasul-timisoara.ro\/local-39349\/\" rel=\"bookmark\" title=\"Ceremonia de Ziua Drapelului aduce restric\u021bii de trafic \u00een centrul Timi\u0219oarei\">Ceremonia de Ziua Drapelului aduce restric\u021bii de trafic \u00een centrul Timi\u0219oarei<\/a><\/h3>\n<\/div>\n<\/div>\n<\/div>\n<\/div>\n<\/div>\n<\/div>\n<div class=\"comments\" id=\"comments\">\n<div id=\"respond\" class=\"comment-respond\">\n<h3 id=\"reply-title\" class=\"comment-reply-title\">L\u0102SA\u021aI UN MESAJ<\/h3>\n<div class=\"comment-form-input-wrap td-form-comment\">\n<div class=\"td-warning-comment\">V\u0103 rug\u0103m s\u0103 introduce\u021bi comentariul dvs.!<\/div>\n<\/div>\n<div class=\"comment-form-input-wrap td-form-author\">\n<div class=\"td-warning-author\">Introduce\u021bi aici numele dvs.<\/div>\n<\/div>\n<div class=\"comment-form-input-wrap td-form-email\">\n<div class=\"td-warning-email-error\">A\u021bi introdus o adres\u0103 de e-mail incorect\u0103!<\/div>\n<div class=\"td-warning-email\">V\u0103 rug\u0103m s\u0103 introduce\u021bi adresa dvs. de e-mail aici<\/div>\n<\/div>\n<\/div>\n<p class=\"akismet_comment_form_privacy_notice\">Acest site folose\u0219te Akismet pentru a reduce spamul. <a href=\"https:\/\/akismet.com\/privacy\/\" target=\"_blank\" rel=\"nofollow noopener\">Afl\u0103 cum sunt procesate datele comentariilor tale<\/a>.<\/p>\n<\/div>\n<\/div>\n<\/div>\n<div class=\"td-pb-span4 td-main-sidebar\" role=\"complementary\">\n<div class=\"td-ss-main-sidebar\">\n<aside id=\"block-4\" class=\"td_block_template_8 widget block-4 widget_block widget_media_image\">\n<figure class=\"wp-block-image size-full\"><img loading=\"lazy\" decoding=\"async\" width=\"336\" height=\"280\" src=\"https:\/\/orasul-timisoara.ro\/wp-content\/uploads\/2024\/11\/ReTIM-Abonamentul-Verde-Google-Ads-336x280px.gif\" alt class=\"wp-image-29257\"><\/figure>\n<\/aside>\n<div class=\"td_block_wrap td_block_social_counter td_block_widget tdi_6 td-social-style5 td-social-boxed td-pb-border-top td_block_template_8\">\n<div class=\"td-block-title-wrap\">\n<h4 class=\"td-block-title\"><span>Urm\u0103re\u0219te-ne pe Social Media<\/span><\/h4>\n<\/div>\n<div class=\"td-social-list\">\n<div class=\"td_social_type td-pb-margin-side td_social_facebook\">\n<div class=\"td-social-box\"><span class=\"td_social_info td_social_info_counter\">344,595<\/span><span class=\"td_social_info td_social_info_name\">Fani<\/span><span class=\"td_social_button\"><a href=\"https:\/\/www.facebook.com\/247timisoara\" target=\"_blank\" rel=\"nofollow\">\u00cemi place<\/a><\/span><\/div>\n<\/div>\n<div class=\"td_social_type td-pb-margin-side td_social_instagram\">\n<div class=\"td-social-box\"><span class=\"td_social_info td_social_info_counter\">4,416<\/span><span class=\"td_social_info td_social_info_name\">Cititori<\/span><span class=\"td_social_button\"><a href=\"https:\/\/instagram.com\/orasultimisoararo\/\" target=\"_blank\" rel=\"nofollow\">Conecta\u021bi-v\u0103<\/a><\/span><\/div>\n<\/div>\n<div class=\"td_social_type td-pb-margin-side td_social_rss\">\n<div class=\"td-social-box\"><span class=\"td_social_info td_social_info_counter\">12,506<\/span><span class=\"td_social_info td_social_info_name\">Cititori<\/span><span class=\"td_social_button\"><a href=\"https:\/\/orasul-timisoara.ro\/feed\/\" target=\"_blank\" rel=\"nofollow\">Conecta\u021bi-v\u0103<\/a><\/span><\/div>\n<\/div>\n<div class=\"td_social_type td-pb-margin-side td_social_tiktok\">\n<div class=\"td-social-box\"><span class=\"td_social_info td_social_info_counter\">1,500<\/span><span class=\"td_social_info td_social_info_name\">Cititori<\/span><span class=\"td_social_button\"><a href=\"https:\/\/www.tiktok.com\/@orasultimisoara\" target=\"_blank\" rel=\"nofollow\">Conecta\u021bi-v\u0103<\/a><\/span><\/div>\n<\/div>\n<div class=\"td_social_type td-pb-margin-side td_social_twitter\">\n<div class=\"td-social-box\"><span class=\"td_social_info td_social_info_counter\">1,595<\/span><span class=\"td_social_info td_social_info_name\">Cititori<\/span><span class=\"td_social_button\"><a href=\"https:\/\/twitter.com\/orasultm\" target=\"_blank\" rel=\"nofollow\">Conecta\u021bi-v\u0103<\/a><\/span><\/div>\n<\/div>\n<div class=\"td_social_type td-pb-margin-side td_social_youtube\">\n<div class=\"td-social-box\"><span class=\"td_social_info td_social_info_counter\">3,506<\/span><span class=\"td_social_info td_social_info_name\">Abona\u021bi<\/span><span class=\"td_social_button\"><a href=\"https:\/\/www.youtube.com\/channel\/UCQNsQvs2XCSIm1Z-AHRturw?sub_confirmation=1\" target=\"_blank\" rel=\"nofollow\">Abona\u021bi-v\u0103<\/a><\/span><\/div>\n<\/div>\n<\/div>\n<\/div>\n<aside id=\"text-7\" class=\"td_block_template_8 widget text-7 widget_text\">\n<h4 class=\"td-block-title\"><span>C\u0103ut\u0103ri populare pe OTM<\/span><\/h4>\n<div class=\"textwidget\"><a href=\"https:\/\/orasul-timisoara.ro\/?s=timisoara\"><span>Timisoara<\/span><\/a><a href=\"https:\/\/orasul-timisoara.ro\/?s=calin+dobra\"><span>Calin Dobra<\/span><\/a><a href=\"https:\/\/orasul-timisoara.ro\/?s=primaria+timisoara\"><span>Primaria Timisoara<\/span><\/a><a href=\"https:\/\/orasul-timisoara.ro\/?s=dominic+fritz\"><span>Dominic Fritz<\/span><\/a><a href=\"https:\/\/orasul-timisoara.ro\/?s=nicolae+robu\"><span>Nicolae Robu<\/span><\/a><a href=\"https:\/\/orasul-timisoara.ro\/?s=consiliul+local+timisoara\">Consiliul Local Timisoara<\/a><a href=\"https:\/\/orasul-timisoara.ro\/?s=consiliul+judetean+timis\"><span>Consiliul Judetean Timis<\/span><\/a><a href=\"https:\/\/orasul-timisoara.ro\/?s=cjt\"><span>CJT<\/span><\/a><a href=\"https:\/\/orasul-timisoara.ro\/?s=Alfred+Simonis\"><span>Alfred Simonis<\/span><\/a><a href=\"https:\/\/orasul-timisoara.ro\/?s=PNL\"><span>PNL<\/span><\/a><a href=\"https:\/\/orasul-timisoara.ro\/?s=coronavirus\"><span>coronavirus<\/span><\/a><a href=\"https:\/\/orasul-timisoara.ro\/?s=teatru+timisoara\">teatru Timisoara<\/a><a href=\"https:\/\/orasul-timisoara.ro\/?s=restaurante\"><span>restaurante Timisoara<\/span><\/a><a href=\"https:\/\/orasul-timisoara.ro\/?s=diskoteka\"><span>Diskoteka<\/span><\/a><a href=\"https:\/\/orasul-timisoara.ro\/?s=iulius+town\"><span>Iulius Town<\/span><\/a><a href=\"https:\/\/orasul-timisoara.ro\/?s=iulius+mall\"><span>Iulius Mall<\/span><\/a><a href=\"https:\/\/orasul-timisoara.ro\/?s=stpt\"><span>STPT<\/span><\/a><a href=\"https:\/\/orasul-timisoara.ro\/?s=alin+nica\"><span>Alin Nica<\/span><\/a><a href=\"https:\/\/orasul-timisoara.ro\/?s=psd\"><span>PSD<\/span><\/a><a href=\"https:\/\/orasul-timisoara.ro\/?s=aeroport\"><span>Aeroportul International Timisoara<\/span><\/a><a href=\"https:\/\/orasul-timisoara.ro\/?s=babes\"><span>Spitalul Victor Babes Timisoara<\/span><\/a><a href=\"https:\/\/orasul-timisoara.ro\/?s=poli\"><span>Poli Timi\u0219oara<\/span><\/a><a href=\"https:\/\/orasul-timisoara.ro\/?s=carantina\"><span>carantina<\/span><\/a><a href=\"https:\/\/orasul-timisoara.ro\/?s=aquatim\"><span>Aquatim<\/span><\/a><a href=\"https:\/\/orasul-timisoara.ro\/local-category\/stiri-timisoara\/\"><span>Stiri Timisoara<\/span><\/a><a href=\"https:\/\/orasul-timisoara.ro\/local-category\/investitii-in-timisoara\/\"><span>Investi\u021bii in Timi\u0219oara<\/span><\/a><a href=\"https:\/\/orasul-timisoara.ro\/local-9463\/\"><span>shaorma<\/span><\/a><a href=\"https:\/\/orasul-timisoara.ro\/?s=trafic\"><span>trafic rutier<\/span><\/a><a href=\"https:\/\/orasul-timisoara.ro\/?s=politia\"><span>politia locala timisoara<\/span><\/a><a href=\"https:\/\/orasul-timisoara.ro\/?s=roxana\"><span>Roxana Iliescu<\/span><\/a><a href=\"https:\/\/orasul-timisoara.ro\/?s=colterm\"><span>Colterm<\/span><\/a><a href=\"https:\/\/orasul-timisoara.ro\/?s=latcau\"><span>Ruben La\u021bc\u0103u<\/span><\/a><a href=\"https:\/\/orasul-timisoara.ro\/?s=timis\"><span>\u0218tiri din Timi\u0219<\/span><\/a><a href=\"https:\/\/orasul-timisoara.ro\/?s=spital\"><span>Spitale din Timi\u0219oara<\/span><\/a><a href=\"https:\/\/orasul-timisoara.ro\/?s=tabara\"><span>Cosmin Tab\u0103r\u0103<\/span><\/a><\/div>\n<\/aside>\n<aside id=\"rss-2\" class=\"td_block_template_8 widget rss-2 widget_rss\">\n<h4 class=\"td-block-title\"><span><a class=\"rsswidget rss-widget-feed\" href=\"https:\/\/fashionfridays.ro\/feed\"><img decoding=\"async\" class=\"rss-widget-icon\" width=\"14\" height=\"14\" src=\"https:\/\/orasul-timisoara.ro\/wp-includes\/images\/rss.png\" alt=\"RSS\" loading=\"lazy\"><\/a><a class=\"rsswidget rss-widget-title\" href=\"https:\/\/fashionfridays.ro\/\">Fashion Fridays<\/a><\/span><\/h4>\n<ul>\n<li><a class=\"rsswidget\" href=\"https:\/\/fashionfridays.ro\/romania-devine-a-29-a-piata-vogue-o-noua-era-pentru-industria-locala-de-moda\/\">Rom\u00e2nia devine a 29-a pia\u021b\u0103 Vogue: o nou\u0103 er\u0103 pentru industria local\u0103 de mod\u0103<\/a>\n<div class=\"rssSummary\">Revista Vogue \u00ee\u0219i extinde prezen\u021ba global\u0103 \u0219i va fi lansat\u0103 oficial \u00een Rom\u00e2nia \u00een prim\u0103vara anului 2027, marc\u00e2nd intrarea pe cea de-a 29-a pia\u021b\u0103 interna\u021bional\u0103. Proiectul este realizat \u00een parteneriat cu AEMME Publishing, o companie media recent \u00eenfiin\u021bat\u0103, care va publica edi\u021bia local\u0103 sub licen\u021b\u0103. Noua edi\u021bie, Vogue Rom\u00e2nia, \u00ee\u0219i propune s\u0103 combine autoritatea global\u0103 [\u2026]<\/div>\n<\/li>\n<\/ul>\n<\/aside>\n<aside id=\"rss-4\" class=\"td_block_template_8 widget rss-4 widget_rss\">\n<h4 class=\"td-block-title\"><span><a class=\"rsswidget rss-widget-feed\" href=\"https:\/\/emasini.ro\/feed\"><img decoding=\"async\" class=\"rss-widget-icon\" width=\"14\" height=\"14\" src=\"https:\/\/orasul-timisoara.ro\/wp-includes\/images\/rss.png\" alt=\"RSS\" loading=\"lazy\"><\/a><a class=\"rsswidget rss-widget-title\" href=\"https:\/\/emasini.ro\/\">eMasini<\/a><\/span><\/h4>\n<ul>\n<li><a class=\"rsswidget\" href=\"https:\/\/emasini.ro\/bmw-testeaza-noul-i4-convertible-primul-cabrio-electric-accesibil-al-marcii\/\">BMW testeaz\u0103 noul i4 Convertible, primul cabrio electric accesibil al m\u0103rcii<\/a>\n<div class=\"rssSummary\">BMW accelereaz\u0103 dezvoltarea noii genera\u021bii de modele electrice bazate pe platforma Neue Klasse, iar unul dintre cele mai interesante proiecte aflate \u00een teste este viitorul BMW i4 Convertible. Prototipul camuflat a fost surprins pe \u0219osele, confirm\u00e2nd c\u0103 produc\u0103torul german preg\u0103te\u0219te o decapotabil\u0103 electric\u0103 destinat\u0103 unui segment \u00een care oferta este, \u00een prezent, extrem de limitat\u0103. [\u2026]<\/div>\n<\/li>\n<\/ul>\n<\/aside>\n<\/div>\n<\/div>\n<\/div>\n<\/div>\n<\/article>\n<div class=\"td-post-content tagdiv-type\">\n<p class=\"wp-block-paragraph\">Prim\u0103ria Municipiului Timi\u0219oara a anun\u021bat noi m\u0103suri pentru reducerea consumului de energie electric\u0103, \u00een contextul presiunii asupra sistemului energetic na\u021bional. Administra\u021bia local\u0103 va opri temporar iluminatul arhitectural al unor cl\u0103diri reprezentative din ora\u0219, subliniind c\u0103 m\u0103sura nu afecteaz\u0103 siguran\u021ba cet\u0103\u021benilor.<\/p>\n<p class=\"wp-block-paragraph\">Potrivit municipalit\u0103\u021bii, decizia face parte dintr-un plan mai amplu de eficientizare energetic\u0103, \u00eenceput \u00een ultimii ani prin modernizarea sistemului de iluminat public \u0219i continuat prin noi investi\u021bii \u00een infrastructura ora\u0219ului.<\/p>\n<h2 class=\"wp-block-heading\">Iluminatul arhitectural va fi oprit temporar<\/h2>\n<p class=\"wp-block-paragraph\">Printre obiectivele vizate de aceast\u0103 m\u0103sur\u0103 se num\u0103r\u0103 Catedrala Mitropolitan\u0103, Opera Na\u021bional\u0103 Rom\u00e2n\u0103 din Timi\u0219oara \u0219i mai multe biserici din municipiu.<\/p>\n<p class=\"wp-block-paragraph\">Prim\u0103ria precizeaz\u0103 c\u0103 oprirea iluminatului arhitectural este temporar\u0103 \u0219i c\u0103, \u00een perioada urm\u0103toare, m\u0103sura va fi extins\u0103 la alte aproximativ 20 de cl\u0103diri reprezentative din ora\u0219.<\/p>\n<h2 class=\"wp-block-heading\">Autorit\u0103\u021bile: siguran\u021ba cet\u0103\u021benilor nu este afectat\u0103<\/h2>\n<p class=\"wp-block-paragraph\">Reprezentan\u021bii Prim\u0103riei Timi\u0219oara subliniaz\u0103 c\u0103 reducerea consumului de energie este realizat\u0103 f\u0103r\u0103 a afecta iluminatul necesar pentru siguran\u021ba traficului \u0219i a pietonilor.<\/p>\n<p class=\"wp-block-paragraph\">\u201eEconomisim energie, f\u0103r\u0103 s\u0103 facem compromisuri \u00een ceea ce prive\u0219te siguran\u021ba\u201d, au transmis reprezentan\u021bii administra\u021biei locale.<\/p>\n<h2 class=\"wp-block-heading\">Modernizarea iluminatului public a \u00eenceput \u00eenaintea actualei crize energetice<\/h2>\n<p class=\"wp-block-paragraph\">Prim\u0103ria arat\u0103 c\u0103 m\u0103surile de eficientizare energetic\u0103 nu sunt noi.<\/p>\n<p class=\"wp-block-paragraph\">P\u00e2n\u0103 \u00een prezent, iluminatul public a fost modernizat pe peste 70 de str\u0103zi \u0219i bulevarde din Timi\u0219oara, unde au fost instalate corpuri de iluminat cu tehnologie LED \u0219i sisteme de telegestiune care permit reglarea intensit\u0103\u021bii luminii \u00een func\u021bie de intervalul orar \u0219i necesarul din timpul nop\u021bii.<\/p>\n<h2 class=\"wp-block-heading\">Noi investi\u021bii sunt preg\u0103tite pe alte 66 de str\u0103zi<\/h2>\n<p class=\"wp-block-paragraph\">Administra\u021bia local\u0103 anun\u021b\u0103 c\u0103 programul de modernizare a iluminatului public va continua.<\/p>\n<p class=\"wp-block-paragraph\">\u00cen prezent sunt evaluate ofertele depuse pentru un nou proiect care prevede modernizarea sistemului de iluminat pe \u00eenc\u0103 66 de str\u0103zi \u0219i bulevarde din municipiu.<\/p>\n<p class=\"wp-block-paragraph\">Potrivit Prim\u0103riei Timi\u0219oara, investi\u021biile urm\u0103resc reducerea consumului de energie, eficientizarea costurilor \u0219i cre\u0219terea performan\u021bei sistemului de iluminat public pe termen lung.<\/p>\n<\/div>\n<p>[analyse_source url=&#8221;https:\/\/orasul-timisoara.ro\/local-40046\/&#8221;]<\/p>\n","protected":false},"excerpt":{"rendered":"<p>[analyse_image type=&#8221;featured&#8221; src=&#8221;https:\/\/orasul-timisoara.ro\/wp-content\/uploads\/2026\/08\/cladiri-iluminat.jpg&#8221;] Administra\u021bie local\u0103Timi\u0219oara opre\u0219te temporar iluminatul arhitectural pentru a economisi energie Administra\u021bie local\u0103 \u0218tiri Locale Timi\u0219oara opre\u0219te temporar iluminatul arhitectural pentru a economisi energie De c\u0103tre redactia &#8211; 05\/08\/2026 Facebook Twitter WhatsApp Linkedin ReddIt Email Imprimare Prim\u0103ria Municipiului Timi\u0219oara a anun\u021bat noi m\u0103suri pentru reducerea consumului de energie electric\u0103, \u00een contextul presiunii asupra [&hellip;]<\/p>\n","protected":false},"author":1,"featured_media":0,"comment_status":"open","ping_status":"","sticky":false,"template":"","format":"standard","meta":{"footnotes":""},"categories":[89],"tags":[226,189],"class_list":["post-2077755","post","type-post","status-publish","format-standard","hentry","category-romania","tag-crawlmanager","tag-orasul-timisoara-ro"],"_links":{"self":[{"href":"https:\/\/analyse.optim.biz\/index.php?rest_route=\/wp\/v2\/posts\/2077755","targetHints":{"allow":["GET"]}}],"collection":[{"href":"https:\/\/analyse.optim.biz\/index.php?rest_route=\/wp\/v2\/posts"}],"about":[{"href":"https:\/\/analyse.optim.biz\/index.php?rest_route=\/wp\/v2\/types\/post"}],"author":[{"embeddable":true,"href":"https:\/\/analyse.optim.biz\/index.php?rest_route=\/wp\/v2\/users\/1"}],"replies":[{"embeddable":true,"href":"https:\/\/analyse.optim.biz\/index.php?rest_route=%2Fwp%2Fv2%2Fcomments&post=2077755"}],"version-history":[{"count":0,"href":"https:\/\/analyse.optim.biz\/index.php?rest_route=\/wp\/v2\/posts\/2077755\/revisions"}],"wp:attachment":[{"href":"https:\/\/analyse.optim.biz\/index.php?rest_route=%2Fwp%2Fv2%2Fmedia&parent=2077755"}],"wp:term":[{"taxonomy":"category","embeddable":true,"href":"https:\/\/analyse.optim.biz\/index.php?rest_route=%2Fwp%2Fv2%2Fcategories&post=2077755"},{"taxonomy":"post_tag","embeddable":true,"href":"https:\/\/analyse.optim.biz\/index.php?rest_route=%2Fwp%2Fv2%2Ftags&post=2077755"}],"curies":[{"name":"wp","href":"https:\/\/api.w.org\/{rel}","templated":true}]}}