{"id":2077754,"date":"2026-08-04T13:44:51","date_gmt":"2026-08-04T10:44:51","guid":{"rendered":"https:\/\/analyse.optim.biz\/?p=2077754"},"modified":"2026-08-04T13:44:51","modified_gmt":"2026-08-04T10:44:51","slug":"dominic-fritz-propune-o-strategie-pentru-promovarea-multiculturalitatii-in-timisoara","status":"publish","type":"post","link":"https:\/\/analyse.optim.biz\/?p=2077754","title":{"rendered":"Dominic Fritz propune o strategie pentru promovarea multiculturalit\u0103\u021bii \u00een Timi\u0219oara"},"content":{"rendered":"<p>[analyse_image type=&#8221;featured&#8221; src=&#8221;https:\/\/orasul-timisoara.ro\/wp-content\/uploads\/2026\/08\/multicultural.jpg&#8221;]<\/p>\n<article id=\"post-40022\" class=\"td-post-template-7 post-40022 post type-post status-publish format-standard has-post-thumbnail category-administratie category-featured category-investitii-in-timisoara category-lifestyle category-stiri-timisoara tag-consiliul-local-timisoara-2 tag-dominic-fritz tag-institutul-intercultural tag-interculturalitate tag-minoritati-nationale tag-multiculturalitate tag-patrimoniu-cultural tag-primaria-timisoara-2 tag-strategie-2026-2030 tag-timisoara-2 tag-universitatea-de-vest-din-timisoara td-container-wrap\">\n<div class=\"td-full-screen-header-image-wrap\">\n<div class=\"td-container td-post-header\">\n<div class=\"td-crumb-container\">\n<div class=\"entry-crumbs\"><span><a title=\"Vede\u021bi toate articolele \u00een Administra\u021bie local\u0103\" class=\"entry-crumb\" href=\"https:\/\/orasul-timisoara.ro\/local-category\/administratie\/\">Administra\u021bie local\u0103<\/a><\/span><span class=\"td-bred-no-url-last\">Dominic Fritz propune o strategie pentru promovarea multiculturalit\u0103\u021bii \u00een Timi\u0219oara<\/span><\/div>\n<\/div>\n<div class=\"td-post-header-holder\">\n<div class=\"td-parallax-header\">\n<header class=\"td-post-title\">\n<ul class=\"td-category\">\n<li class=\"entry-category\"><a href=\"https:\/\/orasul-timisoara.ro\/local-category\/administratie\/\">Administra\u021bie local\u0103<\/a><\/li>\n<li class=\"entry-category\"><a href=\"https:\/\/orasul-timisoara.ro\/local-category\/investitii-in-timisoara\/\">Investitii in Timisoara<\/a><\/li>\n<li class=\"entry-category\"><a href=\"https:\/\/orasul-timisoara.ro\/local-category\/lifestyle\/\">Lifestyle<\/a><\/li>\n<li class=\"entry-category\"><a href=\"https:\/\/orasul-timisoara.ro\/local-category\/stiri-timisoara\/\">\u0218tiri Locale<\/a><\/li>\n<\/ul>\n<h1 class=\"entry-title\">Dominic Fritz propune o strategie pentru promovarea multiculturalit\u0103\u021bii \u00een Timi\u0219oara<\/h1>\n<div class=\"td-module-meta-info\">\n<div class=\"td-post-author-name\">\n<div class=\"td-author-by\">De c\u0103tre<\/div>\n<p><a href=\"https:\/\/orasul-timisoara.ro\/author\/timisoara\/\">redactia<\/a><\/p>\n<div class=\"td-author-line\"> &#8211; <\/div>\n<\/div>\n<p><span class=\"td-post-date\"><time class=\"entry-date updated td-module-date\" datetime=\"2026-08-04T16:44:51+03:00\">04\/08\/2026<\/time><\/span><\/div>\n<\/header>\n<\/div>\n<\/div>\n<\/div>\n<div id=\"td-full-screen-header-image\" class=\"td-image-gradient-style7\"><img decoding=\"async\" class=\"td-backstretch\" src=\"https:\/\/orasul-timisoara.ro\/wp-content\/uploads\/2026\/08\/multicultural.jpg\"><\/div>\n<\/div>\n<div class=\"td-container\">\n<div class=\"td-pb-row\">\n<div class=\"td-pb-span8 td-main-content\" role=\"main\">\n<div class=\"td-ss-main-content\">\n<div class=\"td-post-sharing-top\">\n<div class=\"td-post-sharing-classic\"><iframe title=\"topFacebookLike\" frameborder src=\"https:\/\/www.facebook.com\/plugins\/like.php?href=https:\/\/orasul-timisoara.ro\/local-40022\/&amp;layout=button_count&amp;show_faces=false&amp;width=105&amp;action=like&amp;colorscheme=light&amp;height=21\"><\/iframe><\/div>\n<div id=\"td_social_sharing_article_top\" class=\"td-post-sharing td-ps-bg td-ps-notext td-post-sharing-style1 \">\n<div class=\"td-post-sharing-visible\"><a class=\"td-social-sharing-button td-social-sharing-button-js td-social-network td-social-facebook\" href=\"https:\/\/www.facebook.com\/sharer.php?u=https%3A%2F%2Forasul-timisoara.ro%2Flocal-40022%2F\" title=\"Facebook\"><\/p>\n<div class=\"td-social-but-text\">Facebook<\/div>\n<p><\/a><a class=\"td-social-sharing-button td-social-sharing-button-js td-social-network td-social-twitter\" href=\"https:\/\/twitter.com\/intent\/tweet?text=Dominic+Fritz+propune+o+strategie+pentru+promovarea+multiculturalit%C4%83%C8%9Bii+%C3%AEn+Timi%C8%99oara&amp;url=https%3A%2F%2Forasul-timisoara.ro%2Flocal-40022%2F&amp;via=orasultm\" title=\"Twitter\"><\/p>\n<div class=\"td-social-but-text\">Twitter<\/div>\n<p><\/a><a class=\"td-social-sharing-button td-social-sharing-button-js td-social-network td-social-whatsapp\" href=\"https:\/\/api.whatsapp.com\/send?text=Dominic+Fritz+propune+o+strategie+pentru+promovarea+multiculturalit%C4%83%C8%9Bii+%C3%AEn+Timi%C8%99oara%20%0A%0A%20https:\/\/orasul-timisoara.ro\/local-40022\/\" title=\"WhatsApp\"><\/p>\n<div class=\"td-social-but-text\">WhatsApp<\/div>\n<p><\/a><a class=\"td-social-sharing-button td-social-sharing-button-js td-social-network td-social-linkedin\" href=\"https:\/\/www.linkedin.com\/shareArticle?mini=true&amp;url=https:\/\/orasul-timisoara.ro\/local-40022\/&amp;title=Dominic+Fritz+propune+o+strategie+pentru+promovarea+multiculturalit%C4%83%C8%9Bii+%C3%AEn+Timi%C8%99oara\" title=\"Linkedin\"><\/p>\n<div class=\"td-social-but-text\">Linkedin<\/div>\n<p><\/a><a class=\"td-social-sharing-button td-social-sharing-button-js td-social-network td-social-reddit\" href=\"https:\/\/reddit.com\/submit?url=https:\/\/orasul-timisoara.ro\/local-40022\/&amp;title=Dominic+Fritz+propune+o+strategie+pentru+promovarea+multiculturalit%C4%83%C8%9Bii+%C3%AEn+Timi%C8%99oara\" title=\"ReddIt\"><\/p>\n<div class=\"td-social-but-text\">ReddIt<\/div>\n<p><\/a><a class=\"td-social-sharing-button td-social-sharing-button-js td-social-network td-social-mail\" href=\"mailto:?subject=Dominic%20Fritz%20propune%20o%20strategie%20pentru%20promovarea%20multiculturalit%C4%83%C8%9Bii%20%C3%AEn%20Timi%C8%99oara&amp;body=https:\/\/orasul-timisoara.ro\/local-40022\/\" title=\"Email\"><\/p>\n<div class=\"td-social-but-text\">Email<\/div>\n<p><\/a><a class=\"td-social-sharing-button td-social-sharing-button-js td-social-network td-social-print\" href=\"https:\/\/orasul-timisoara.ro\/local-40022\/\" title=\"Imprimare\"><\/p>\n<div class=\"td-social-but-text\">Imprimare<\/div>\n<p><\/a><\/div>\n<\/div>\n<\/div>\n<div class=\"td-post-content tagdiv-type\">\n<p class=\"wp-block-paragraph\">Prim\u0103ria Municipiului Timi\u0219oara propune adoptarea unei Strategii pentru prezervarea \u0219i promovarea multiculturalit\u0103\u021bii \u0219i interculturalit\u0103\u021bii \u00een perioada 2026\u20132030. Ini\u021biativa, sus\u021binut\u0103 de primarul Dominic Fritz, urm\u0103re\u0219te consolidarea identit\u0103\u021bii multiculturale a ora\u0219ului prin sprijinirea comunit\u0103\u021bilor etnice \u0219i promovarea patrimoniului cultural care define\u0219te Timi\u0219oara.<\/p>\n<p class=\"wp-block-paragraph\">Documentul stabile\u0219te direc\u021biile de dezvoltare pentru urm\u0103torii cinci ani \u0219i propune m\u0103suri prin care tradi\u021biile, cultura \u0219i contribu\u021bia minorit\u0103\u021bilor na\u021bionale s\u0103 fie mai bine cunoscute at\u00e2t de locuitorii ora\u0219ului, c\u00e2t \u0219i de vizitatori.<\/p>\n<h2 class=\"wp-block-heading\">Strategia are dou\u0103 direc\u021bii principale<\/h2>\n<p class=\"wp-block-paragraph\">Potrivit Prim\u0103riei Timi\u0219oara, documentul este construit pe dou\u0103 componente esen\u021biale.<\/p>\n<p class=\"wp-block-paragraph\">Prima vizeaz\u0103 sprijinirea minorit\u0103\u021bilor etnice prin proiecte dedicate \u0219i prin implicarea institu\u021biilor municipalit\u0103\u021bii, iar cea de-a doua urm\u0103re\u0219te promovarea spiritului multicultural al ora\u0219ului \u00een spa\u021biul public \u0219i \u00een rela\u021biile interna\u021bionale.<\/p>\n<p class=\"wp-block-paragraph\">Primarul Dominic Fritz afirm\u0103 c\u0103 strategia are rolul de a proteja tradi\u021biile locale \u0219i de a consolida rela\u021biile dintre comunit\u0103\u021bile care convie\u021buiesc de secole \u00een Timi\u0219oara.<\/p>\n<p class=\"wp-block-paragraph\">\u201eRolul strategiei este dublu. Pe de-o parte s\u0103 p\u0103str\u0103m tradi\u021biile mo\u0219tenite. \u0218i pe de alt\u0103 parte s\u0103 sus\u021binem \u0219i s\u0103 promov\u0103m comunit\u0103\u021bile etnice ale Timi\u0219oarei. Sunt mai multe lucrurile care ne leag\u0103 dec\u00e2t cele care ne despart, iar aceast\u0103 strategie este modul prin care transform\u0103m aceast\u0103 realitate \u00eentr-o viziune comun\u0103 pentru viitorul ora\u0219ului\u201d, a declarat Dominic Fritz.<\/p>\n<h2 class=\"wp-block-heading\">Muzeu al diversit\u0103\u021bii culturale \u0219i promovarea patrimoniului multicultural<\/h2>\n<p class=\"wp-block-paragraph\">Printre proiectele prev\u0103zute \u00een strategie se num\u0103r\u0103 \u00eenfiin\u021barea unui muzeu dedicat diversit\u0103\u021bii culturale a Timi\u0219oarei.<\/p>\n<p class=\"wp-block-paragraph\">Documentul propune, de asemenea, marcarea \u00een mai multe limbi a cl\u0103dirilor \u0219i monumentelor reprezentative pentru comunit\u0103\u021bile minoritare, precum \u0219i sus\u021binerea unor evenimente \u0219i proiecte culturale care s\u0103 contribuie la promovarea tradi\u021biilor \u0219i patrimoniului acestora.<\/p>\n<h2 class=\"wp-block-heading\">Consiliul Consultativ al Minorit\u0103\u021bilor Na\u021bionale va fi extins<\/h2>\n<p class=\"wp-block-paragraph\">Strategia prevede dezvoltarea \u0219i extinderea Consiliului Consultativ al Minorit\u0103\u021bilor Na\u021bionale, astfel \u00eenc\u00e2t reprezentan\u021bii comunit\u0103\u021bilor etnice s\u0103 fie implica\u021bi mai activ \u00een procesul decizional \u0219i \u00een dialogul cu administra\u021bia local\u0103.<\/p>\n<p class=\"wp-block-paragraph\">\u00cen acela\u0219i timp, documentul include m\u0103suri pentru promovarea diversit\u0103\u021bii culturale a Timi\u0219oarei \u0219i pe plan interna\u021bional, inclusiv prin aderarea municipiului la Re\u021beaua Ora\u0219elor Interculturale.<\/p>\n<h2 class=\"wp-block-heading\">Strategia a fost elaborat\u0103 \u00eempreun\u0103 cu speciali\u0219ti \u0219i comunit\u0103\u021bile locale<\/h2>\n<p class=\"wp-block-paragraph\">Documentul a fost realizat la ini\u021biativa Prim\u0103riei Municipiului Timi\u0219oara de speciali\u0219ti din cadrul Institutului Intercultural \u0219i al Universit\u0103\u021bii de Vest din Timi\u0219oara.<\/p>\n<p class=\"wp-block-paragraph\">Potrivit administra\u021biei locale, strategia are la baz\u0103 un amplu proces de consultare desf\u0103\u0219urat pe parcursul mai multor luni, la care au participat reprezentan\u021bi ai minorit\u0103\u021bilor na\u021bionale, institu\u021biilor publice \u0219i mediului academic.<\/p>\n<h2 class=\"wp-block-heading\">Documentul urmeaz\u0103 s\u0103 fie votat \u00een Consiliul Local<\/h2>\n<p class=\"wp-block-paragraph\">Strategia pentru prezervarea \u0219i promovarea multiculturalit\u0103\u021bii \u0219i interculturalit\u0103\u021bii Timi\u0219oarei \u00een perioada 2026\u20132030 urmeaz\u0103 s\u0103 fie supus\u0103 aprob\u0103rii Consiliului Local Timi\u0219oara.<\/p>\n<p class=\"wp-block-paragraph\">Dup\u0103 adoptare, documentul va sta la baza proiectelor \u0219i politicilor municipale dedicate conserv\u0103rii patrimoniului multicultural \u0219i promov\u0103rii dialogului intercultural \u00een urm\u0103torii ani.<\/p>\n<\/div>\n<footer>\n<div class=\"td-post-source-tags\">\n<ul class=\"td-tags td-post-small-box clearfix\">\n<li><span>ETICHETE<\/span><\/li>\n<li><a href=\"https:\/\/orasul-timisoara.ro\/local-tag\/consiliul-local-timisoara-2\/\">Consiliul Local Timi\u0219oara<\/a><\/li>\n<li><a href=\"https:\/\/orasul-timisoara.ro\/local-tag\/dominic-fritz\/\">dominic fritz<\/a><\/li>\n<li><a href=\"https:\/\/orasul-timisoara.ro\/local-tag\/institutul-intercultural\/\">Institutul Intercultural<\/a><\/li>\n<li><a href=\"https:\/\/orasul-timisoara.ro\/local-tag\/interculturalitate\/\">interculturalitate<\/a><\/li>\n<li><a href=\"https:\/\/orasul-timisoara.ro\/local-tag\/minoritati-nationale\/\">minorit\u0103\u021bi na\u021bionale<\/a><\/li>\n<li><a href=\"https:\/\/orasul-timisoara.ro\/local-tag\/multiculturalitate\/\">multiculturalitate<\/a><\/li>\n<li><a href=\"https:\/\/orasul-timisoara.ro\/local-tag\/patrimoniu-cultural\/\">patrimoniu cultural<\/a><\/li>\n<li><a href=\"https:\/\/orasul-timisoara.ro\/local-tag\/primaria-timisoara-2\/\">Prim\u0103ria Timi\u0219oara<\/a><\/li>\n<li><a href=\"https:\/\/orasul-timisoara.ro\/local-tag\/strategie-2026-2030\/\">strategie 2026-2030<\/a><\/li>\n<li><a href=\"https:\/\/orasul-timisoara.ro\/local-tag\/timisoara-2\/\">timi\u0219oara<\/a><\/li>\n<li><a href=\"https:\/\/orasul-timisoara.ro\/local-tag\/universitatea-de-vest-din-timisoara\/\">Universitatea de Vest din Timi\u0219oara<\/a><\/li>\n<\/ul>\n<\/div>\n<div class=\"td-post-sharing-bottom\">\n<div class=\"td-post-sharing-classic\"><iframe title=\"bottomFacebookLike\" frameborder src=\"https:\/\/www.facebook.com\/plugins\/like.php?href=https:\/\/orasul-timisoara.ro\/local-40022\/&amp;layout=button_count&amp;show_faces=false&amp;width=105&amp;action=like&amp;colorscheme=light&amp;height=21\"><\/iframe><\/div>\n<div id=\"td_social_sharing_article_bottom\" class=\"td-post-sharing td-ps-bg td-ps-notext td-post-sharing-style1 \">\n<div class=\"td-post-sharing-visible\"><a class=\"td-social-sharing-button td-social-sharing-button-js td-social-network td-social-facebook\" href=\"https:\/\/www.facebook.com\/sharer.php?u=https%3A%2F%2Forasul-timisoara.ro%2Flocal-40022%2F\" title=\"Facebook\"><\/p>\n<div class=\"td-social-but-text\">Facebook<\/div>\n<p><\/a><a class=\"td-social-sharing-button td-social-sharing-button-js td-social-network td-social-twitter\" href=\"https:\/\/twitter.com\/intent\/tweet?text=Dominic+Fritz+propune+o+strategie+pentru+promovarea+multiculturalit%C4%83%C8%9Bii+%C3%AEn+Timi%C8%99oara&amp;url=https%3A%2F%2Forasul-timisoara.ro%2Flocal-40022%2F&amp;via=orasultm\" title=\"Twitter\"><\/p>\n<div class=\"td-social-but-text\">Twitter<\/div>\n<p><\/a><a class=\"td-social-sharing-button td-social-sharing-button-js td-social-network td-social-whatsapp\" href=\"https:\/\/api.whatsapp.com\/send?text=Dominic+Fritz+propune+o+strategie+pentru+promovarea+multiculturalit%C4%83%C8%9Bii+%C3%AEn+Timi%C8%99oara%20%0A%0A%20https:\/\/orasul-timisoara.ro\/local-40022\/\" title=\"WhatsApp\"><\/p>\n<div class=\"td-social-but-text\">WhatsApp<\/div>\n<p><\/a><a class=\"td-social-sharing-button td-social-sharing-button-js td-social-network td-social-linkedin\" href=\"https:\/\/www.linkedin.com\/shareArticle?mini=true&amp;url=https:\/\/orasul-timisoara.ro\/local-40022\/&amp;title=Dominic+Fritz+propune+o+strategie+pentru+promovarea+multiculturalit%C4%83%C8%9Bii+%C3%AEn+Timi%C8%99oara\" title=\"Linkedin\"><\/p>\n<div class=\"td-social-but-text\">Linkedin<\/div>\n<p><\/a><a class=\"td-social-sharing-button td-social-sharing-button-js td-social-network td-social-reddit\" href=\"https:\/\/reddit.com\/submit?url=https:\/\/orasul-timisoara.ro\/local-40022\/&amp;title=Dominic+Fritz+propune+o+strategie+pentru+promovarea+multiculturalit%C4%83%C8%9Bii+%C3%AEn+Timi%C8%99oara\" title=\"ReddIt\"><\/p>\n<div class=\"td-social-but-text\">ReddIt<\/div>\n<p><\/a><a class=\"td-social-sharing-button td-social-sharing-button-js td-social-network td-social-mail\" href=\"mailto:?subject=Dominic%20Fritz%20propune%20o%20strategie%20pentru%20promovarea%20multiculturalit%C4%83%C8%9Bii%20%C3%AEn%20Timi%C8%99oara&amp;body=https:\/\/orasul-timisoara.ro\/local-40022\/\" title=\"Email\"><\/p>\n<div class=\"td-social-but-text\">Email<\/div>\n<p><\/a><a class=\"td-social-sharing-button td-social-sharing-button-js td-social-network td-social-print\" href=\"https:\/\/orasul-timisoara.ro\/local-40022\/\" title=\"Imprimare\"><\/p>\n<div class=\"td-social-but-text\">Imprimare<\/div>\n<p><\/a><\/div>\n<\/div>\n<\/div>\n<div class=\"td-block-row td-post-next-prev\">\n<div class=\"td-block-span6 td-post-prev-post\">\n<div class=\"td-post-next-prev-content\"><span>Articolul precedent<\/span><a href=\"https:\/\/orasul-timisoara.ro\/local-40019\/\">Pia\u021ba muncii din Timi\u0219 r\u0103m\u00e2ne stabil\u0103. Rata \u0219omajului este de 1,05%<\/a><\/div>\n<\/div>\n<div class=\"td-block-span6 td-post-next-post\">\n<div class=\"td-post-next-prev-content\"><span>Articolul urm\u0103tor<\/span><a href=\"https:\/\/orasul-timisoara.ro\/local-40025\/\">Razie pe DN 6 \u00een Timi\u0219: 151 de amenzi \u0219i nou\u0103 permise re\u021binute (foto)<\/a><\/div>\n<\/div>\n<\/div>\n<div class=\"td-author-name vcard author\"><span class=\"fn\"><a href=\"https:\/\/orasul-timisoara.ro\/author\/timisoara\/\">redactia<\/a><\/span><\/div>\n<p><span class=\"td-page-meta\"><\/span><span class=\"td-page-meta\"><span class=\"td-page-meta\"><\/span><\/span><span class=\"td-page-meta\"><\/span><\/footer>\n<div class=\"td_block_wrap td_block_related_posts tdi_3 td_with_ajax_pagination td-pb-border-top td_block_template_8\" data-td-block-uid=\"tdi_3\">\n<h4 class=\"td-related-title td-block-title\"><a id=\"tdi_4\" class=\"td-related-left td-cur-simple-item\" data-td_filter_value data-td_block_id=\"tdi_3\" href=\"https:\/\/orasul-timisoara.ro\/local-40022\/\">ARTICOLE SIMILARE<\/a><a id=\"tdi_5\" class=\"td-related-right\" data-td_filter_value=\"td_related_more_from_author\" data-td_block_id=\"tdi_3\" href=\"https:\/\/orasul-timisoara.ro\/local-40022\/\">DE LA ACELA\u0218I AUTOR<\/a><\/h4>\n<div id=\"tdi_3\" class=\"td_block_inner\">\n<div class=\"td-related-row\">\n<div class=\"td-related-span4\">\n<div class=\"td_module_related_posts td-animation-stack td_mod_related_posts\">\n<div class=\"td-module-image\">\n<div class=\"td-module-thumb\"><a href=\"https:\/\/orasul-timisoara.ro\/local-40011\/\" rel=\"bookmark\" class=\"td-image-wrap \" title=\"Prefectul de Timi\u0219: Dominic Fritz r\u0103m\u00e2ne primar, dar prime\u0219te o sanc\u021biune salarial\u0103\"><img loading=\"lazy\" decoding=\"async\" class=\"entry-thumb\" src=\"https:\/\/orasul-timisoara.ro\/wp-content\/uploads\/2026\/08\/paul0finta-436x300.jpg\" alt title=\"Prefectul de Timi\u0219: Dominic Fritz r\u0103m\u00e2ne primar, dar prime\u0219te o sanc\u021biune salarial\u0103\" width=\"218\" height=\"150\"><\/a><\/div>\n<\/div>\n<div class=\"item-details\">\n<h3 class=\"entry-title td-module-title\"><a href=\"https:\/\/orasul-timisoara.ro\/local-40011\/\" rel=\"bookmark\" title=\"Prefectul de Timi\u0219: Dominic Fritz r\u0103m\u00e2ne primar, dar prime\u0219te o sanc\u021biune salarial\u0103\">Prefectul de Timi\u0219: Dominic Fritz r\u0103m\u00e2ne primar, dar prime\u0219te o sanc\u021biune salarial\u0103<\/a><\/h3>\n<\/div>\n<\/div>\n<\/div>\n<div class=\"td-related-span4\">\n<div class=\"td_module_related_posts td-animation-stack td_mod_related_posts\">\n<div class=\"td-module-image\">\n<div class=\"td-module-thumb\"><a href=\"https:\/\/orasul-timisoara.ro\/local-40008\/\" rel=\"bookmark\" class=\"td-image-wrap \" title=\"Dominic Fritz: \u201eNu voi ceda\u201d. Primarul Timi\u0219oarei reac\u021bioneaz\u0103 dup\u0103 sanc\u021biunea aplicat\u0103 \u00een cazul ANI\"><img loading=\"lazy\" decoding=\"async\" class=\"entry-thumb\" src=\"https:\/\/orasul-timisoara.ro\/wp-content\/uploads\/2026\/08\/dominic-fritz-banca-436x300.jpg\" alt title=\"Dominic Fritz: \u201eNu voi ceda\u201d. Primarul Timi\u0219oarei reac\u021bioneaz\u0103 dup\u0103 sanc\u021biunea aplicat\u0103 \u00een cazul ANI\" width=\"218\" height=\"150\"><\/a><\/div>\n<\/div>\n<div class=\"item-details\">\n<h3 class=\"entry-title td-module-title\"><a href=\"https:\/\/orasul-timisoara.ro\/local-40008\/\" rel=\"bookmark\" title=\"Dominic Fritz: \u201eNu voi ceda\u201d. Primarul Timi\u0219oarei reac\u021bioneaz\u0103 dup\u0103 sanc\u021biunea aplicat\u0103 \u00een cazul ANI\">Dominic Fritz: \u201eNu voi ceda\u201d. Primarul Timi\u0219oarei reac\u021bioneaz\u0103 dup\u0103 sanc\u021biunea aplicat\u0103 \u00een cazul ANI<\/a><\/h3>\n<\/div>\n<\/div>\n<\/div>\n<div class=\"td-related-span4\">\n<div class=\"td_module_related_posts td-animation-stack td_mod_related_posts\">\n<div class=\"td-module-image\">\n<div class=\"td-module-thumb\"><a href=\"https:\/\/orasul-timisoara.ro\/local-39975\/\" rel=\"bookmark\" class=\"td-image-wrap \" title=\"Dominic Fritz, de Ziua Timi\u0219oarei: \u201eNu a\u0219 vrea s\u0103 locuiesc niciunde altundeva \u00een lume\u201d\"><img loading=\"lazy\" decoding=\"async\" class=\"entry-thumb\" src=\"https:\/\/orasul-timisoara.ro\/wp-content\/uploads\/2026\/08\/dominic-fritz-piata-victoriei-436x300.jpg\" alt title=\"Dominic Fritz, de Ziua Timi\u0219oarei: \u201eNu a\u0219 vrea s\u0103 locuiesc niciunde altundeva \u00een lume\u201d\" width=\"218\" height=\"150\"><\/a><\/div>\n<\/div>\n<div class=\"item-details\">\n<h3 class=\"entry-title td-module-title\"><a href=\"https:\/\/orasul-timisoara.ro\/local-39975\/\" rel=\"bookmark\" title=\"Dominic Fritz, de Ziua Timi\u0219oarei: \u201eNu a\u0219 vrea s\u0103 locuiesc niciunde altundeva \u00een lume\u201d\">Dominic Fritz, de Ziua Timi\u0219oarei: \u201eNu a\u0219 vrea s\u0103 locuiesc niciunde altundeva \u00een lume\u201d<\/a><\/h3>\n<\/div>\n<\/div>\n<\/div>\n<\/div>\n<\/div>\n<\/div>\n<div class=\"comments\" id=\"comments\">\n<div id=\"respond\" class=\"comment-respond\">\n<h3 id=\"reply-title\" class=\"comment-reply-title\">L\u0102SA\u021aI UN MESAJ<\/h3>\n<div class=\"comment-form-input-wrap td-form-comment\">\n<div class=\"td-warning-comment\">V\u0103 rug\u0103m s\u0103 introduce\u021bi comentariul dvs.!<\/div>\n<\/div>\n<div class=\"comment-form-input-wrap td-form-author\">\n<div class=\"td-warning-author\">Introduce\u021bi aici numele dvs.<\/div>\n<\/div>\n<div class=\"comment-form-input-wrap td-form-email\">\n<div class=\"td-warning-email-error\">A\u021bi introdus o adres\u0103 de e-mail incorect\u0103!<\/div>\n<div class=\"td-warning-email\">V\u0103 rug\u0103m s\u0103 introduce\u021bi adresa dvs. de e-mail aici<\/div>\n<\/div>\n<\/div>\n<p class=\"akismet_comment_form_privacy_notice\">Acest site folose\u0219te Akismet pentru a reduce spamul. <a href=\"https:\/\/akismet.com\/privacy\/\" target=\"_blank\" rel=\"nofollow noopener\">Afl\u0103 cum sunt procesate datele comentariilor tale<\/a>.<\/p>\n<\/div>\n<\/div>\n<\/div>\n<div class=\"td-pb-span4 td-main-sidebar\" role=\"complementary\">\n<div class=\"td-ss-main-sidebar\">\n<aside id=\"block-4\" class=\"td_block_template_8 widget block-4 widget_block widget_media_image\">\n<figure class=\"wp-block-image size-full\"><img loading=\"lazy\" decoding=\"async\" width=\"336\" height=\"280\" src=\"https:\/\/orasul-timisoara.ro\/wp-content\/uploads\/2024\/11\/ReTIM-Abonamentul-Verde-Google-Ads-336x280px.gif\" alt class=\"wp-image-29257\"><\/figure>\n<\/aside>\n<div class=\"td_block_wrap td_block_social_counter td_block_widget tdi_6 td-social-style5 td-social-boxed td-pb-border-top td_block_template_8\">\n<div class=\"td-block-title-wrap\">\n<h4 class=\"td-block-title\"><span>Urm\u0103re\u0219te-ne pe Social Media<\/span><\/h4>\n<\/div>\n<div class=\"td-social-list\">\n<div class=\"td_social_type td-pb-margin-side td_social_facebook\">\n<div class=\"td-social-box\"><span class=\"td_social_info td_social_info_counter\">344,595<\/span><span class=\"td_social_info td_social_info_name\">Fani<\/span><span class=\"td_social_button\"><a href=\"https:\/\/www.facebook.com\/247timisoara\" target=\"_blank\" rel=\"nofollow\">\u00cemi place<\/a><\/span><\/div>\n<\/div>\n<div class=\"td_social_type td-pb-margin-side td_social_instagram\">\n<div class=\"td-social-box\"><span class=\"td_social_info td_social_info_counter\">4,416<\/span><span class=\"td_social_info td_social_info_name\">Cititori<\/span><span class=\"td_social_button\"><a href=\"https:\/\/instagram.com\/orasultimisoararo\/\" target=\"_blank\" rel=\"nofollow\">Conecta\u021bi-v\u0103<\/a><\/span><\/div>\n<\/div>\n<div class=\"td_social_type td-pb-margin-side td_social_rss\">\n<div class=\"td-social-box\"><span class=\"td_social_info td_social_info_counter\">12,506<\/span><span class=\"td_social_info td_social_info_name\">Cititori<\/span><span class=\"td_social_button\"><a href=\"https:\/\/orasul-timisoara.ro\/feed\/\" target=\"_blank\" rel=\"nofollow\">Conecta\u021bi-v\u0103<\/a><\/span><\/div>\n<\/div>\n<div class=\"td_social_type td-pb-margin-side td_social_tiktok\">\n<div class=\"td-social-box\"><span class=\"td_social_info td_social_info_counter\">1,500<\/span><span class=\"td_social_info td_social_info_name\">Cititori<\/span><span class=\"td_social_button\"><a href=\"https:\/\/www.tiktok.com\/@orasultimisoara\" target=\"_blank\" rel=\"nofollow\">Conecta\u021bi-v\u0103<\/a><\/span><\/div>\n<\/div>\n<div class=\"td_social_type td-pb-margin-side td_social_twitter\">\n<div class=\"td-social-box\"><span class=\"td_social_info td_social_info_counter\">1,595<\/span><span class=\"td_social_info td_social_info_name\">Cititori<\/span><span class=\"td_social_button\"><a href=\"https:\/\/twitter.com\/orasultm\" target=\"_blank\" rel=\"nofollow\">Conecta\u021bi-v\u0103<\/a><\/span><\/div>\n<\/div>\n<div class=\"td_social_type td-pb-margin-side td_social_youtube\">\n<div class=\"td-social-box\"><span class=\"td_social_info td_social_info_counter\">3,506<\/span><span class=\"td_social_info td_social_info_name\">Abona\u021bi<\/span><span class=\"td_social_button\"><a href=\"https:\/\/www.youtube.com\/channel\/UCQNsQvs2XCSIm1Z-AHRturw?sub_confirmation=1\" target=\"_blank\" rel=\"nofollow\">Abona\u021bi-v\u0103<\/a><\/span><\/div>\n<\/div>\n<\/div>\n<\/div>\n<aside id=\"text-7\" class=\"td_block_template_8 widget text-7 widget_text\">\n<h4 class=\"td-block-title\"><span>C\u0103ut\u0103ri populare pe OTM<\/span><\/h4>\n<div class=\"textwidget\"><a href=\"https:\/\/orasul-timisoara.ro\/?s=timisoara\"><span>Timisoara<\/span><\/a><a href=\"https:\/\/orasul-timisoara.ro\/?s=calin+dobra\"><span>Calin Dobra<\/span><\/a><a href=\"https:\/\/orasul-timisoara.ro\/?s=primaria+timisoara\"><span>Primaria Timisoara<\/span><\/a><a href=\"https:\/\/orasul-timisoara.ro\/?s=dominic+fritz\"><span>Dominic Fritz<\/span><\/a><a href=\"https:\/\/orasul-timisoara.ro\/?s=nicolae+robu\"><span>Nicolae Robu<\/span><\/a><a href=\"https:\/\/orasul-timisoara.ro\/?s=consiliul+local+timisoara\">Consiliul Local Timisoara<\/a><a href=\"https:\/\/orasul-timisoara.ro\/?s=consiliul+judetean+timis\"><span>Consiliul Judetean Timis<\/span><\/a><a href=\"https:\/\/orasul-timisoara.ro\/?s=cjt\"><span>CJT<\/span><\/a><a href=\"https:\/\/orasul-timisoara.ro\/?s=Alfred+Simonis\"><span>Alfred Simonis<\/span><\/a><a href=\"https:\/\/orasul-timisoara.ro\/?s=PNL\"><span>PNL<\/span><\/a><a href=\"https:\/\/orasul-timisoara.ro\/?s=coronavirus\"><span>coronavirus<\/span><\/a><a href=\"https:\/\/orasul-timisoara.ro\/?s=teatru+timisoara\">teatru Timisoara<\/a><a href=\"https:\/\/orasul-timisoara.ro\/?s=restaurante\"><span>restaurante Timisoara<\/span><\/a><a href=\"https:\/\/orasul-timisoara.ro\/?s=diskoteka\"><span>Diskoteka<\/span><\/a><a href=\"https:\/\/orasul-timisoara.ro\/?s=iulius+town\"><span>Iulius Town<\/span><\/a><a href=\"https:\/\/orasul-timisoara.ro\/?s=iulius+mall\"><span>Iulius Mall<\/span><\/a><a href=\"https:\/\/orasul-timisoara.ro\/?s=stpt\"><span>STPT<\/span><\/a><a href=\"https:\/\/orasul-timisoara.ro\/?s=alin+nica\"><span>Alin Nica<\/span><\/a><a href=\"https:\/\/orasul-timisoara.ro\/?s=psd\"><span>PSD<\/span><\/a><a href=\"https:\/\/orasul-timisoara.ro\/?s=aeroport\"><span>Aeroportul International Timisoara<\/span><\/a><a href=\"https:\/\/orasul-timisoara.ro\/?s=babes\"><span>Spitalul Victor Babes Timisoara<\/span><\/a><a href=\"https:\/\/orasul-timisoara.ro\/?s=poli\"><span>Poli Timi\u0219oara<\/span><\/a><a href=\"https:\/\/orasul-timisoara.ro\/?s=carantina\"><span>carantina<\/span><\/a><a href=\"https:\/\/orasul-timisoara.ro\/?s=aquatim\"><span>Aquatim<\/span><\/a><a href=\"https:\/\/orasul-timisoara.ro\/local-category\/stiri-timisoara\/\"><span>Stiri Timisoara<\/span><\/a><a href=\"https:\/\/orasul-timisoara.ro\/local-category\/investitii-in-timisoara\/\"><span>Investi\u021bii in Timi\u0219oara<\/span><\/a><a href=\"https:\/\/orasul-timisoara.ro\/local-9463\/\"><span>shaorma<\/span><\/a><a href=\"https:\/\/orasul-timisoara.ro\/?s=trafic\"><span>trafic rutier<\/span><\/a><a href=\"https:\/\/orasul-timisoara.ro\/?s=politia\"><span>politia locala timisoara<\/span><\/a><a href=\"https:\/\/orasul-timisoara.ro\/?s=roxana\"><span>Roxana Iliescu<\/span><\/a><a href=\"https:\/\/orasul-timisoara.ro\/?s=colterm\"><span>Colterm<\/span><\/a><a href=\"https:\/\/orasul-timisoara.ro\/?s=latcau\"><span>Ruben La\u021bc\u0103u<\/span><\/a><a href=\"https:\/\/orasul-timisoara.ro\/?s=timis\"><span>\u0218tiri din Timi\u0219<\/span><\/a><a href=\"https:\/\/orasul-timisoara.ro\/?s=spital\"><span>Spitale din Timi\u0219oara<\/span><\/a><a href=\"https:\/\/orasul-timisoara.ro\/?s=tabara\"><span>Cosmin Tab\u0103r\u0103<\/span><\/a><\/div>\n<\/aside>\n<aside id=\"rss-2\" class=\"td_block_template_8 widget rss-2 widget_rss\">\n<h4 class=\"td-block-title\"><span><a class=\"rsswidget rss-widget-feed\" href=\"https:\/\/fashionfridays.ro\/feed\"><img decoding=\"async\" class=\"rss-widget-icon\" width=\"14\" height=\"14\" src=\"https:\/\/orasul-timisoara.ro\/wp-includes\/images\/rss.png\" alt=\"RSS\" loading=\"lazy\"><\/a><a class=\"rsswidget rss-widget-title\" href=\"https:\/\/fashionfridays.ro\/\">Fashion Fridays<\/a><\/span><\/h4>\n<ul>\n<li><a class=\"rsswidget\" href=\"https:\/\/fashionfridays.ro\/romania-devine-a-29-a-piata-vogue-o-noua-era-pentru-industria-locala-de-moda\/\">Rom\u00e2nia devine a 29-a pia\u021b\u0103 Vogue: o nou\u0103 er\u0103 pentru industria local\u0103 de mod\u0103<\/a>\n<div class=\"rssSummary\">Revista Vogue \u00ee\u0219i extinde prezen\u021ba global\u0103 \u0219i va fi lansat\u0103 oficial \u00een Rom\u00e2nia \u00een prim\u0103vara anului 2027, marc\u00e2nd intrarea pe cea de-a 29-a pia\u021b\u0103 interna\u021bional\u0103. Proiectul este realizat \u00een parteneriat cu AEMME Publishing, o companie media recent \u00eenfiin\u021bat\u0103, care va publica edi\u021bia local\u0103 sub licen\u021b\u0103. Noua edi\u021bie, Vogue Rom\u00e2nia, \u00ee\u0219i propune s\u0103 combine autoritatea global\u0103 [\u2026]<\/div>\n<\/li>\n<\/ul>\n<\/aside>\n<aside id=\"rss-4\" class=\"td_block_template_8 widget rss-4 widget_rss\">\n<h4 class=\"td-block-title\"><span><a class=\"rsswidget rss-widget-feed\" href=\"https:\/\/emasini.ro\/feed\"><img decoding=\"async\" class=\"rss-widget-icon\" width=\"14\" height=\"14\" src=\"https:\/\/orasul-timisoara.ro\/wp-includes\/images\/rss.png\" alt=\"RSS\" loading=\"lazy\"><\/a><a class=\"rsswidget rss-widget-title\" href=\"https:\/\/emasini.ro\/\">eMasini<\/a><\/span><\/h4>\n<ul>\n<li><a class=\"rsswidget\" href=\"https:\/\/emasini.ro\/bmw-testeaza-noul-i4-convertible-primul-cabrio-electric-accesibil-al-marcii\/\">BMW testeaz\u0103 noul i4 Convertible, primul cabrio electric accesibil al m\u0103rcii<\/a>\n<div class=\"rssSummary\">BMW accelereaz\u0103 dezvoltarea noii genera\u021bii de modele electrice bazate pe platforma Neue Klasse, iar unul dintre cele mai interesante proiecte aflate \u00een teste este viitorul BMW i4 Convertible. Prototipul camuflat a fost surprins pe \u0219osele, confirm\u00e2nd c\u0103 produc\u0103torul german preg\u0103te\u0219te o decapotabil\u0103 electric\u0103 destinat\u0103 unui segment \u00een care oferta este, \u00een prezent, extrem de limitat\u0103. [\u2026]<\/div>\n<\/li>\n<\/ul>\n<\/aside>\n<\/div>\n<\/div>\n<\/div>\n<\/div>\n<\/article>\n<div class=\"td-post-content tagdiv-type\">\n<p class=\"wp-block-paragraph\">Prim\u0103ria Municipiului Timi\u0219oara propune adoptarea unei Strategii pentru prezervarea \u0219i promovarea multiculturalit\u0103\u021bii \u0219i interculturalit\u0103\u021bii \u00een perioada 2026\u20132030. Ini\u021biativa, sus\u021binut\u0103 de primarul Dominic Fritz, urm\u0103re\u0219te consolidarea identit\u0103\u021bii multiculturale a ora\u0219ului prin sprijinirea comunit\u0103\u021bilor etnice \u0219i promovarea patrimoniului cultural care define\u0219te Timi\u0219oara.<\/p>\n<p class=\"wp-block-paragraph\">Documentul stabile\u0219te direc\u021biile de dezvoltare pentru urm\u0103torii cinci ani \u0219i propune m\u0103suri prin care tradi\u021biile, cultura \u0219i contribu\u021bia minorit\u0103\u021bilor na\u021bionale s\u0103 fie mai bine cunoscute at\u00e2t de locuitorii ora\u0219ului, c\u00e2t \u0219i de vizitatori.<\/p>\n<h2 class=\"wp-block-heading\">Strategia are dou\u0103 direc\u021bii principale<\/h2>\n<p class=\"wp-block-paragraph\">Potrivit Prim\u0103riei Timi\u0219oara, documentul este construit pe dou\u0103 componente esen\u021biale.<\/p>\n<p class=\"wp-block-paragraph\">Prima vizeaz\u0103 sprijinirea minorit\u0103\u021bilor etnice prin proiecte dedicate \u0219i prin implicarea institu\u021biilor municipalit\u0103\u021bii, iar cea de-a doua urm\u0103re\u0219te promovarea spiritului multicultural al ora\u0219ului \u00een spa\u021biul public \u0219i \u00een rela\u021biile interna\u021bionale.<\/p>\n<p class=\"wp-block-paragraph\">Primarul Dominic Fritz afirm\u0103 c\u0103 strategia are rolul de a proteja tradi\u021biile locale \u0219i de a consolida rela\u021biile dintre comunit\u0103\u021bile care convie\u021buiesc de secole \u00een Timi\u0219oara.<\/p>\n<p class=\"wp-block-paragraph\">\u201eRolul strategiei este dublu. Pe de-o parte s\u0103 p\u0103str\u0103m tradi\u021biile mo\u0219tenite. \u0218i pe de alt\u0103 parte s\u0103 sus\u021binem \u0219i s\u0103 promov\u0103m comunit\u0103\u021bile etnice ale Timi\u0219oarei. Sunt mai multe lucrurile care ne leag\u0103 dec\u00e2t cele care ne despart, iar aceast\u0103 strategie este modul prin care transform\u0103m aceast\u0103 realitate \u00eentr-o viziune comun\u0103 pentru viitorul ora\u0219ului\u201d, a declarat Dominic Fritz.<\/p>\n<h2 class=\"wp-block-heading\">Muzeu al diversit\u0103\u021bii culturale \u0219i promovarea patrimoniului multicultural<\/h2>\n<p class=\"wp-block-paragraph\">Printre proiectele prev\u0103zute \u00een strategie se num\u0103r\u0103 \u00eenfiin\u021barea unui muzeu dedicat diversit\u0103\u021bii culturale a Timi\u0219oarei.<\/p>\n<p class=\"wp-block-paragraph\">Documentul propune, de asemenea, marcarea \u00een mai multe limbi a cl\u0103dirilor \u0219i monumentelor reprezentative pentru comunit\u0103\u021bile minoritare, precum \u0219i sus\u021binerea unor evenimente \u0219i proiecte culturale care s\u0103 contribuie la promovarea tradi\u021biilor \u0219i patrimoniului acestora.<\/p>\n<h2 class=\"wp-block-heading\">Consiliul Consultativ al Minorit\u0103\u021bilor Na\u021bionale va fi extins<\/h2>\n<p class=\"wp-block-paragraph\">Strategia prevede dezvoltarea \u0219i extinderea Consiliului Consultativ al Minorit\u0103\u021bilor Na\u021bionale, astfel \u00eenc\u00e2t reprezentan\u021bii comunit\u0103\u021bilor etnice s\u0103 fie implica\u021bi mai activ \u00een procesul decizional \u0219i \u00een dialogul cu administra\u021bia local\u0103.<\/p>\n<p class=\"wp-block-paragraph\">\u00cen acela\u0219i timp, documentul include m\u0103suri pentru promovarea diversit\u0103\u021bii culturale a Timi\u0219oarei \u0219i pe plan interna\u021bional, inclusiv prin aderarea municipiului la Re\u021beaua Ora\u0219elor Interculturale.<\/p>\n<h2 class=\"wp-block-heading\">Strategia a fost elaborat\u0103 \u00eempreun\u0103 cu speciali\u0219ti \u0219i comunit\u0103\u021bile locale<\/h2>\n<p class=\"wp-block-paragraph\">Documentul a fost realizat la ini\u021biativa Prim\u0103riei Municipiului Timi\u0219oara de speciali\u0219ti din cadrul Institutului Intercultural \u0219i al Universit\u0103\u021bii de Vest din Timi\u0219oara.<\/p>\n<p class=\"wp-block-paragraph\">Potrivit administra\u021biei locale, strategia are la baz\u0103 un amplu proces de consultare desf\u0103\u0219urat pe parcursul mai multor luni, la care au participat reprezentan\u021bi ai minorit\u0103\u021bilor na\u021bionale, institu\u021biilor publice \u0219i mediului academic.<\/p>\n<h2 class=\"wp-block-heading\">Documentul urmeaz\u0103 s\u0103 fie votat \u00een Consiliul Local<\/h2>\n<p class=\"wp-block-paragraph\">Strategia pentru prezervarea \u0219i promovarea multiculturalit\u0103\u021bii \u0219i interculturalit\u0103\u021bii Timi\u0219oarei \u00een perioada 2026\u20132030 urmeaz\u0103 s\u0103 fie supus\u0103 aprob\u0103rii Consiliului Local Timi\u0219oara.<\/p>\n<p class=\"wp-block-paragraph\">Dup\u0103 adoptare, documentul va sta la baza proiectelor \u0219i politicilor municipale dedicate conserv\u0103rii patrimoniului multicultural \u0219i promov\u0103rii dialogului intercultural \u00een urm\u0103torii ani.<\/p>\n<\/div>\n<p>[analyse_source url=&#8221;https:\/\/orasul-timisoara.ro\/local-40022\/&#8221;]<\/p>\n","protected":false},"excerpt":{"rendered":"<p>[analyse_image type=&#8221;featured&#8221; src=&#8221;https:\/\/orasul-timisoara.ro\/wp-content\/uploads\/2026\/08\/multicultural.jpg&#8221;] Administra\u021bie local\u0103Dominic Fritz propune o strategie pentru promovarea multiculturalit\u0103\u021bii \u00een Timi\u0219oara Administra\u021bie local\u0103 Investitii in Timisoara Lifestyle \u0218tiri Locale Dominic Fritz propune o strategie pentru promovarea multiculturalit\u0103\u021bii \u00een Timi\u0219oara De c\u0103tre redactia &#8211; 04\/08\/2026 Facebook Twitter WhatsApp Linkedin ReddIt Email Imprimare Prim\u0103ria Municipiului Timi\u0219oara propune adoptarea unei Strategii pentru prezervarea \u0219i promovarea [&hellip;]<\/p>\n","protected":false},"author":1,"featured_media":0,"comment_status":"open","ping_status":"","sticky":false,"template":"","format":"standard","meta":{"footnotes":""},"categories":[89],"tags":[226,189],"class_list":["post-2077754","post","type-post","status-publish","format-standard","hentry","category-romania","tag-crawlmanager","tag-orasul-timisoara-ro"],"_links":{"self":[{"href":"https:\/\/analyse.optim.biz\/index.php?rest_route=\/wp\/v2\/posts\/2077754","targetHints":{"allow":["GET"]}}],"collection":[{"href":"https:\/\/analyse.optim.biz\/index.php?rest_route=\/wp\/v2\/posts"}],"about":[{"href":"https:\/\/analyse.optim.biz\/index.php?rest_route=\/wp\/v2\/types\/post"}],"author":[{"embeddable":true,"href":"https:\/\/analyse.optim.biz\/index.php?rest_route=\/wp\/v2\/users\/1"}],"replies":[{"embeddable":true,"href":"https:\/\/analyse.optim.biz\/index.php?rest_route=%2Fwp%2Fv2%2Fcomments&post=2077754"}],"version-history":[{"count":0,"href":"https:\/\/analyse.optim.biz\/index.php?rest_route=\/wp\/v2\/posts\/2077754\/revisions"}],"wp:attachment":[{"href":"https:\/\/analyse.optim.biz\/index.php?rest_route=%2Fwp%2Fv2%2Fmedia&parent=2077754"}],"wp:term":[{"taxonomy":"category","embeddable":true,"href":"https:\/\/analyse.optim.biz\/index.php?rest_route=%2Fwp%2Fv2%2Fcategories&post=2077754"},{"taxonomy":"post_tag","embeddable":true,"href":"https:\/\/analyse.optim.biz\/index.php?rest_route=%2Fwp%2Fv2%2Ftags&post=2077754"}],"curies":[{"name":"wp","href":"https:\/\/api.w.org\/{rel}","templated":true}]}}