{"id":2077753,"date":"2026-08-04T13:00:59","date_gmt":"2026-08-04T10:00:59","guid":{"rendered":"https:\/\/analyse.optim.biz\/?p=2077753"},"modified":"2026-08-04T13:00:59","modified_gmt":"2026-08-04T10:00:59","slug":"prefectul-de-timis-dominic-fritz-ramane-primar-dar-primeste-o-sanctiune-salariala","status":"publish","type":"post","link":"https:\/\/analyse.optim.biz\/?p=2077753","title":{"rendered":"Prefectul de Timi\u0219: Dominic Fritz r\u0103m\u00e2ne primar, dar prime\u0219te o sanc\u021biune salarial\u0103"},"content":{"rendered":"<p>[analyse_image type=&#8221;featured&#8221; src=&#8221;https:\/\/orasul-timisoara.ro\/wp-content\/uploads\/2026\/08\/paul0finta.jpg&#8221;]<\/p>\n<article id=\"post-40011\" class=\"td-post-template-7 post-40011 post type-post status-publish format-standard has-post-thumbnail category-administratie category-featured category-politic category-stiri-timisoara category-stiri-nationale-si-internationale tag-agentia-nationala-de-integritate-2 tag-ani tag-codul-administrativ tag-conflict-de-interese tag-dominic-fritz tag-inalta-curte-de-casatie-si-justitie tag-judetul-timis-2 tag-paul-finta tag-prefectura-timis-2 tag-primaria-timisoara-2 tag-recas-2 tag-stiri-timisoara tag-timisoara-2 td-container-wrap\">\n<div class=\"td-full-screen-header-image-wrap\">\n<div class=\"td-container td-post-header\">\n<div class=\"td-crumb-container\">\n<div class=\"entry-crumbs\"><span><a title=\"Vede\u021bi toate articolele \u00een Administra\u021bie local\u0103\" class=\"entry-crumb\" href=\"https:\/\/orasul-timisoara.ro\/local-category\/administratie\/\">Administra\u021bie local\u0103<\/a><\/span><span class=\"td-bred-no-url-last\">Prefectul de Timi\u0219: Dominic Fritz r\u0103m\u00e2ne primar, dar prime\u0219te o sanc\u021biune salarial\u0103<\/span><\/div>\n<\/div>\n<div class=\"td-post-header-holder\">\n<div class=\"td-parallax-header\">\n<header class=\"td-post-title\">\n<ul class=\"td-category\">\n<li class=\"entry-category\"><a href=\"https:\/\/orasul-timisoara.ro\/local-category\/administratie\/\">Administra\u021bie local\u0103<\/a><\/li>\n<li class=\"entry-category\"><a href=\"https:\/\/orasul-timisoara.ro\/local-category\/politic\/\">Politic<\/a><\/li>\n<li class=\"entry-category\"><a href=\"https:\/\/orasul-timisoara.ro\/local-category\/stiri-timisoara\/\">\u0218tiri Locale<\/a><\/li>\n<li class=\"entry-category\"><a href=\"https:\/\/orasul-timisoara.ro\/local-category\/stiri-nationale-si-internationale\/\">\u0218tiri na\u021bionale \u0219i interna\u021bionale<\/a><\/li>\n<\/ul>\n<h1 class=\"entry-title\">Prefectul de Timi\u0219: Dominic Fritz r\u0103m\u00e2ne primar, dar prime\u0219te o sanc\u021biune salarial\u0103<\/h1>\n<div class=\"td-module-meta-info\">\n<div class=\"td-post-author-name\">\n<div class=\"td-author-by\">De c\u0103tre<\/div>\n<p><a href=\"https:\/\/orasul-timisoara.ro\/author\/timisoara\/\">redactia<\/a><\/p>\n<div class=\"td-author-line\"> &#8211; <\/div>\n<\/div>\n<p><span class=\"td-post-date\"><time class=\"entry-date updated td-module-date\" datetime=\"2026-08-04T16:00:59+03:00\">04\/08\/2026<\/time><\/span><\/div>\n<\/header>\n<\/div>\n<\/div>\n<\/div>\n<div id=\"td-full-screen-header-image\" class=\"td-image-gradient-style7\"><img decoding=\"async\" class=\"td-backstretch\" src=\"https:\/\/orasul-timisoara.ro\/wp-content\/uploads\/2026\/08\/paul0finta.jpg\"><\/div>\n<\/div>\n<div class=\"td-container\">\n<div class=\"td-pb-row\">\n<div class=\"td-pb-span8 td-main-content\" role=\"main\">\n<div class=\"td-ss-main-content\">\n<div class=\"td-post-sharing-top\">\n<div class=\"td-post-sharing-classic\"><iframe title=\"topFacebookLike\" frameborder src=\"https:\/\/www.facebook.com\/plugins\/like.php?href=https:\/\/orasul-timisoara.ro\/local-40011\/&amp;layout=button_count&amp;show_faces=false&amp;width=105&amp;action=like&amp;colorscheme=light&amp;height=21\"><\/iframe><\/div>\n<div id=\"td_social_sharing_article_top\" class=\"td-post-sharing td-ps-bg td-ps-notext td-post-sharing-style1 \">\n<div class=\"td-post-sharing-visible\"><a class=\"td-social-sharing-button td-social-sharing-button-js td-social-network td-social-facebook\" href=\"https:\/\/www.facebook.com\/sharer.php?u=https%3A%2F%2Forasul-timisoara.ro%2Flocal-40011%2F\" title=\"Facebook\"><\/p>\n<div class=\"td-social-but-text\">Facebook<\/div>\n<p><\/a><a class=\"td-social-sharing-button td-social-sharing-button-js td-social-network td-social-twitter\" href=\"https:\/\/twitter.com\/intent\/tweet?text=Prefectul+de+Timi%C8%99%3A+Dominic+Fritz+r%C4%83m%C3%A2ne+primar%2C+dar+prime%C8%99te+o+sanc%C8%9Biune+salarial%C4%83&amp;url=https%3A%2F%2Forasul-timisoara.ro%2Flocal-40011%2F&amp;via=orasultm\" title=\"Twitter\"><\/p>\n<div class=\"td-social-but-text\">Twitter<\/div>\n<p><\/a><a class=\"td-social-sharing-button td-social-sharing-button-js td-social-network td-social-whatsapp\" href=\"https:\/\/api.whatsapp.com\/send?text=Prefectul+de+Timi%C8%99%3A+Dominic+Fritz+r%C4%83m%C3%A2ne+primar%2C+dar+prime%C8%99te+o+sanc%C8%9Biune+salarial%C4%83%20%0A%0A%20https:\/\/orasul-timisoara.ro\/local-40011\/\" title=\"WhatsApp\"><\/p>\n<div class=\"td-social-but-text\">WhatsApp<\/div>\n<p><\/a><a class=\"td-social-sharing-button td-social-sharing-button-js td-social-network td-social-linkedin\" href=\"https:\/\/www.linkedin.com\/shareArticle?mini=true&amp;url=https:\/\/orasul-timisoara.ro\/local-40011\/&amp;title=Prefectul+de+Timi%C8%99%3A+Dominic+Fritz+r%C4%83m%C3%A2ne+primar%2C+dar+prime%C8%99te+o+sanc%C8%9Biune+salarial%C4%83\" title=\"Linkedin\"><\/p>\n<div class=\"td-social-but-text\">Linkedin<\/div>\n<p><\/a><a class=\"td-social-sharing-button td-social-sharing-button-js td-social-network td-social-reddit\" href=\"https:\/\/reddit.com\/submit?url=https:\/\/orasul-timisoara.ro\/local-40011\/&amp;title=Prefectul+de+Timi%C8%99%3A+Dominic+Fritz+r%C4%83m%C3%A2ne+primar%2C+dar+prime%C8%99te+o+sanc%C8%9Biune+salarial%C4%83\" title=\"ReddIt\"><\/p>\n<div class=\"td-social-but-text\">ReddIt<\/div>\n<p><\/a><a class=\"td-social-sharing-button td-social-sharing-button-js td-social-network td-social-mail\" href=\"mailto:?subject=Prefectul%20de%20Timi%C8%99:%20Dominic%20Fritz%20r%C4%83m%C3%A2ne%20primar,%20dar%20prime%C8%99te%20o%20sanc%C8%9Biune%20salarial%C4%83&amp;body=https:\/\/orasul-timisoara.ro\/local-40011\/\" title=\"Email\"><\/p>\n<div class=\"td-social-but-text\">Email<\/div>\n<p><\/a><a class=\"td-social-sharing-button td-social-sharing-button-js td-social-network td-social-print\" href=\"https:\/\/orasul-timisoara.ro\/local-40011\/\" title=\"Imprimare\"><\/p>\n<div class=\"td-social-but-text\">Imprimare<\/div>\n<p><\/a><\/div>\n<\/div>\n<\/div>\n<div class=\"td-post-content tagdiv-type\">\n<p class=\"wp-block-paragraph\">Prefectul jude\u021bului Timi\u0219, Paul Finta, a anun\u021bat mar\u021bi, 4 august, c\u0103 a semnat ordinul de sanc\u021bionare disciplinar\u0103 a primarului municipiului Timi\u0219oara, Dominic Fritz, ca urmare a r\u0103m\u00e2nerii definitive a deciziei prin care Agen\u021bia Na\u021bional\u0103 de Integritate (ANI) a constatat existen\u021ba unui conflict de interese administrativ.<\/p>\n<p class=\"wp-block-paragraph\">Potrivit prefectului, sanc\u021biunea const\u0103 \u00een diminuarea indemniza\u021biei primarului cu 10% pentru o perioad\u0103 de \u0219ase luni. Paul Finta a precizat c\u0103 m\u0103sura nu afecteaz\u0103 mandatul actual al edilului, care \u00ee\u0219i continu\u0103 activitatea la conducerea Prim\u0103riei Timi\u0219oara.<\/p>\n<h2 class=\"wp-block-heading\">Ordinul de sanc\u021bionare a fost semnat de Prefectura Timi\u0219<\/h2>\n<p class=\"wp-block-paragraph\">\u00cen cadrul unei conferin\u021be de pres\u0103, prefectul Paul Finta a anun\u021bat c\u0103 a semnat Ordinul nr. 702 din 4 august 2026 privind sanc\u021bionarea disciplinar\u0103 a primarului Dominic Fritz.<\/p>\n<p class=\"wp-block-paragraph\">\u201eAm semnat ast\u0103zi ordinul prefectului cu num\u0103rul 702\/04.08.2026 privind sanc\u021bionarea disciplinar\u0103 a domnului primar al municipiului Timi\u0219oara, Dominic Samuel Fritz. Sanc\u021biunea disciplinar\u0103 prevede diminuarea indemniza\u021biei de primar cu 10% pentru \u0219ase luni de zile\u201d, a declarat prefectul.<\/p>\n<h2 class=\"wp-block-heading\">Decizia vine dup\u0103 hot\u0103r\u00e2rea definitiv\u0103 a \u00cenaltei Cur\u021bi<\/h2>\n<p class=\"wp-block-paragraph\">Paul Finta a explicat c\u0103 m\u0103sura a fost luat\u0103 dup\u0103 ce Agen\u021bia Na\u021bional\u0103 de Integritate a transmis Prefecturii Timi\u0219 documentele aferente dosarului, \u00een urma r\u0103m\u00e2nerii definitive a hot\u0103r\u00e2rii \u00cenaltei Cur\u021bi de Casa\u021bie \u0219i Justi\u021bie.<\/p>\n<p class=\"wp-block-paragraph\">Prefectul a precizat c\u0103 institu\u021bia pe care o conduce a solicitat puncte de vedere at\u00e2t Ministerului Afacerilor Interne, c\u00e2t \u0219i ANI, pentru clarificarea cadrului legal aplicabil \u00een aceast\u0103 situa\u021bie.<\/p>\n<h2 class=\"wp-block-heading\">Ministerul Afacerilor Interne a indicat temeiul legal<\/h2>\n<p class=\"wp-block-paragraph\">Potrivit prefectului, Ministerul Afacerilor Interne a comunicat c\u0103 dispozi\u021biile aplicabile sunt cele prev\u0103zute de articolul 228, alineatul (5), din Ordonan\u021ba de Urgen\u021b\u0103 nr. 57\/2019 privind Codul administrativ.<\/p>\n<p class=\"wp-block-paragraph\">\u00cen acela\u0219i timp, Paul Finta a afirmat c\u0103 Agen\u021bia Na\u021bional\u0103 de Integritate nu a transmis un r\u0103spuns oficial la solicit\u0103rile de clarificare formulate de Prefectura Timi\u0219, \u00eens\u0103 a publicat ulterior un comunicat \u00een care arat\u0103 c\u0103, \u00een cazurile similare de conflict de interese aflate \u00een eviden\u021b\u0103, nu a fost dispus\u0103 \u00eencetarea mandatelor de primar.<\/p>\n<h2 class=\"wp-block-heading\">Prefectul invoc\u0103 precedentul primarului din Reca\u0219<\/h2>\n<p class=\"wp-block-paragraph\">\u00cen argumentarea deciziei, prefectul a f\u0103cut referire \u0219i la un caz similar din jude\u021bul Timi\u0219.<\/p>\n<p class=\"wp-block-paragraph\">Acesta a amintit c\u0103, \u00een anul 2023, fostul prefect al jude\u021bului a dispus aceea\u0219i sanc\u021biune disciplinar\u0103 \u00een cazul primarului ora\u0219ului Reca\u0219, aflat \u00eentr-o situa\u021bie de conflict de interese administrativ, respectiv diminuarea indemniza\u021biei cu 10% pentru o perioad\u0103 de \u0219ase luni.<\/p>\n<p class=\"wp-block-paragraph\">Potrivit lui Paul Finta, aceast\u0103 situa\u021bie a reprezentat un precedent administrativ avut \u00een vedere la emiterea ordinului.<\/p>\n<h2 class=\"wp-block-heading\">Mandatul continu\u0103, \u00eens\u0103 interdic\u021bia privind candidatura revine autorit\u0103\u021bii electorale<\/h2>\n<p class=\"wp-block-paragraph\">Prefectul a subliniat c\u0103 ordinul emis vizeaz\u0103 exclusiv sanc\u021biunea disciplinar\u0103 prev\u0103zut\u0103 de lege \u0219i nu face referire la eventualele consecin\u021be privind dreptul de a candida.<\/p>\n<p class=\"wp-block-paragraph\">Potrivit explica\u021biilor prezentate \u00een conferin\u021ba de pres\u0103, aspectele referitoare la interdic\u021bia de a candida pentru o perioad\u0103 de trei ani dup\u0103 \u00eencheierea mandatului actual nu intr\u0103 \u00een competen\u021ba Prefecturii Timi\u0219, ci vor fi analizate \u0219i aplicate, dac\u0103 este cazul, de autoritatea electoral\u0103 competent\u0103, \u00een condi\u021biile prev\u0103zute de legisla\u021bia \u00een vigoare.<\/p>\n<\/div>\n<footer>\n<div class=\"td-post-source-tags\">\n<ul class=\"td-tags td-post-small-box clearfix\">\n<li><span>ETICHETE<\/span><\/li>\n<li><a href=\"https:\/\/orasul-timisoara.ro\/local-tag\/agentia-nationala-de-integritate-2\/\">Agen\u021bia Na\u021bional\u0103 de Integritate<\/a><\/li>\n<li><a href=\"https:\/\/orasul-timisoara.ro\/local-tag\/ani\/\">ani<\/a><\/li>\n<li><a href=\"https:\/\/orasul-timisoara.ro\/local-tag\/codul-administrativ\/\">Codul Administrativ<\/a><\/li>\n<li><a href=\"https:\/\/orasul-timisoara.ro\/local-tag\/conflict-de-interese\/\">conflict de interese<\/a><\/li>\n<li><a href=\"https:\/\/orasul-timisoara.ro\/local-tag\/dominic-fritz\/\">dominic fritz<\/a><\/li>\n<li><a href=\"https:\/\/orasul-timisoara.ro\/local-tag\/inalta-curte-de-casatie-si-justitie\/\">\u00cenalta Curte de Casa\u021bie \u0219i Justi\u021bie<\/a><\/li>\n<li><a href=\"https:\/\/orasul-timisoara.ro\/local-tag\/judetul-timis-2\/\">jude\u021bul Timi\u0219<\/a><\/li>\n<li><a href=\"https:\/\/orasul-timisoara.ro\/local-tag\/paul-finta\/\">Paul Finta<\/a><\/li>\n<li><a href=\"https:\/\/orasul-timisoara.ro\/local-tag\/prefectura-timis-2\/\">Prefectura Timi\u0219<\/a><\/li>\n<li><a href=\"https:\/\/orasul-timisoara.ro\/local-tag\/primaria-timisoara-2\/\">Prim\u0103ria Timi\u0219oara<\/a><\/li>\n<li><a href=\"https:\/\/orasul-timisoara.ro\/local-tag\/recas-2\/\">Reca\u0219<\/a><\/li>\n<li><a href=\"https:\/\/orasul-timisoara.ro\/local-tag\/stiri-timisoara\/\">stiri timisoara<\/a><\/li>\n<li><a href=\"https:\/\/orasul-timisoara.ro\/local-tag\/timisoara-2\/\">timi\u0219oara<\/a><\/li>\n<\/ul>\n<\/div>\n<div class=\"td-post-sharing-bottom\">\n<div class=\"td-post-sharing-classic\"><iframe title=\"bottomFacebookLike\" frameborder src=\"https:\/\/www.facebook.com\/plugins\/like.php?href=https:\/\/orasul-timisoara.ro\/local-40011\/&amp;layout=button_count&amp;show_faces=false&amp;width=105&amp;action=like&amp;colorscheme=light&amp;height=21\"><\/iframe><\/div>\n<div id=\"td_social_sharing_article_bottom\" class=\"td-post-sharing td-ps-bg td-ps-notext td-post-sharing-style1 \">\n<div class=\"td-post-sharing-visible\"><a class=\"td-social-sharing-button td-social-sharing-button-js td-social-network td-social-facebook\" href=\"https:\/\/www.facebook.com\/sharer.php?u=https%3A%2F%2Forasul-timisoara.ro%2Flocal-40011%2F\" title=\"Facebook\"><\/p>\n<div class=\"td-social-but-text\">Facebook<\/div>\n<p><\/a><a class=\"td-social-sharing-button td-social-sharing-button-js td-social-network td-social-twitter\" href=\"https:\/\/twitter.com\/intent\/tweet?text=Prefectul+de+Timi%C8%99%3A+Dominic+Fritz+r%C4%83m%C3%A2ne+primar%2C+dar+prime%C8%99te+o+sanc%C8%9Biune+salarial%C4%83&amp;url=https%3A%2F%2Forasul-timisoara.ro%2Flocal-40011%2F&amp;via=orasultm\" title=\"Twitter\"><\/p>\n<div class=\"td-social-but-text\">Twitter<\/div>\n<p><\/a><a class=\"td-social-sharing-button td-social-sharing-button-js td-social-network td-social-whatsapp\" href=\"https:\/\/api.whatsapp.com\/send?text=Prefectul+de+Timi%C8%99%3A+Dominic+Fritz+r%C4%83m%C3%A2ne+primar%2C+dar+prime%C8%99te+o+sanc%C8%9Biune+salarial%C4%83%20%0A%0A%20https:\/\/orasul-timisoara.ro\/local-40011\/\" title=\"WhatsApp\"><\/p>\n<div class=\"td-social-but-text\">WhatsApp<\/div>\n<p><\/a><a class=\"td-social-sharing-button td-social-sharing-button-js td-social-network td-social-linkedin\" href=\"https:\/\/www.linkedin.com\/shareArticle?mini=true&amp;url=https:\/\/orasul-timisoara.ro\/local-40011\/&amp;title=Prefectul+de+Timi%C8%99%3A+Dominic+Fritz+r%C4%83m%C3%A2ne+primar%2C+dar+prime%C8%99te+o+sanc%C8%9Biune+salarial%C4%83\" title=\"Linkedin\"><\/p>\n<div class=\"td-social-but-text\">Linkedin<\/div>\n<p><\/a><a class=\"td-social-sharing-button td-social-sharing-button-js td-social-network td-social-reddit\" href=\"https:\/\/reddit.com\/submit?url=https:\/\/orasul-timisoara.ro\/local-40011\/&amp;title=Prefectul+de+Timi%C8%99%3A+Dominic+Fritz+r%C4%83m%C3%A2ne+primar%2C+dar+prime%C8%99te+o+sanc%C8%9Biune+salarial%C4%83\" title=\"ReddIt\"><\/p>\n<div class=\"td-social-but-text\">ReddIt<\/div>\n<p><\/a><a class=\"td-social-sharing-button td-social-sharing-button-js td-social-network td-social-mail\" href=\"mailto:?subject=Prefectul%20de%20Timi%C8%99:%20Dominic%20Fritz%20r%C4%83m%C3%A2ne%20primar,%20dar%20prime%C8%99te%20o%20sanc%C8%9Biune%20salarial%C4%83&amp;body=https:\/\/orasul-timisoara.ro\/local-40011\/\" title=\"Email\"><\/p>\n<div class=\"td-social-but-text\">Email<\/div>\n<p><\/a><a class=\"td-social-sharing-button td-social-sharing-button-js td-social-network td-social-print\" href=\"https:\/\/orasul-timisoara.ro\/local-40011\/\" title=\"Imprimare\"><\/p>\n<div class=\"td-social-but-text\">Imprimare<\/div>\n<p><\/a><\/div>\n<\/div>\n<\/div>\n<div class=\"td-block-row td-post-next-prev\">\n<div class=\"td-block-span6 td-post-prev-post\">\n<div class=\"td-post-next-prev-content\"><span>Articolul precedent<\/span><a href=\"https:\/\/orasul-timisoara.ro\/local-40008\/\">Dominic Fritz: \u201eNu voi ceda\u201d. Primarul Timi\u0219oarei reac\u021bioneaz\u0103 dup\u0103 sanc\u021biunea aplicat\u0103 \u00een cazul ANI<\/a><\/div>\n<\/div>\n<div class=\"td-block-span6 td-post-next-post\">\n<div class=\"td-post-next-prev-content\"><span>Articolul urm\u0103tor<\/span><a href=\"https:\/\/orasul-timisoara.ro\/local-40014\/\">Diaconu Mihai, \u201eAquaman\u201d de Timi\u0219oara, prezent la Miss Rom\u00e2nia The Crown 2026<\/a><\/div>\n<\/div>\n<\/div>\n<div class=\"td-author-name vcard author\"><span class=\"fn\"><a href=\"https:\/\/orasul-timisoara.ro\/author\/timisoara\/\">redactia<\/a><\/span><\/div>\n<p><span class=\"td-page-meta\"><\/span><span class=\"td-page-meta\"><span class=\"td-page-meta\"><\/span><\/span><span class=\"td-page-meta\"><\/span><\/footer>\n<div class=\"td_block_wrap td_block_related_posts tdi_3 td_with_ajax_pagination td-pb-border-top td_block_template_8\" data-td-block-uid=\"tdi_3\">\n<h4 class=\"td-related-title td-block-title\"><a id=\"tdi_4\" class=\"td-related-left td-cur-simple-item\" data-td_filter_value data-td_block_id=\"tdi_3\" href=\"https:\/\/orasul-timisoara.ro\/local-40011\/\">ARTICOLE SIMILARE<\/a><a id=\"tdi_5\" class=\"td-related-right\" data-td_filter_value=\"td_related_more_from_author\" data-td_block_id=\"tdi_3\" href=\"https:\/\/orasul-timisoara.ro\/local-40011\/\">DE LA ACELA\u0218I AUTOR<\/a><\/h4>\n<div id=\"tdi_3\" class=\"td_block_inner\">\n<div class=\"td-related-row\">\n<div class=\"td-related-span4\">\n<div class=\"td_module_related_posts td-animation-stack td_mod_related_posts\">\n<div class=\"td-module-image\">\n<div class=\"td-module-thumb\"><a href=\"https:\/\/orasul-timisoara.ro\/local-40022\/\" rel=\"bookmark\" class=\"td-image-wrap \" title=\"Dominic Fritz propune o strategie pentru promovarea multiculturalit\u0103\u021bii \u00een Timi\u0219oara\"><img loading=\"lazy\" decoding=\"async\" class=\"entry-thumb\" src=\"https:\/\/orasul-timisoara.ro\/wp-content\/uploads\/2026\/08\/multicultural-436x300.jpg\" alt title=\"Dominic Fritz propune o strategie pentru promovarea multiculturalit\u0103\u021bii \u00een Timi\u0219oara\" width=\"218\" height=\"150\"><\/a><\/div>\n<\/div>\n<div class=\"item-details\">\n<h3 class=\"entry-title td-module-title\"><a href=\"https:\/\/orasul-timisoara.ro\/local-40022\/\" rel=\"bookmark\" title=\"Dominic Fritz propune o strategie pentru promovarea multiculturalit\u0103\u021bii \u00een Timi\u0219oara\">Dominic Fritz propune o strategie pentru promovarea multiculturalit\u0103\u021bii \u00een Timi\u0219oara<\/a><\/h3>\n<\/div>\n<\/div>\n<\/div>\n<div class=\"td-related-span4\">\n<div class=\"td_module_related_posts td-animation-stack td_mod_related_posts\">\n<div class=\"td-module-image\">\n<div class=\"td-module-thumb\"><a href=\"https:\/\/orasul-timisoara.ro\/local-40008\/\" rel=\"bookmark\" class=\"td-image-wrap \" title=\"Dominic Fritz: \u201eNu voi ceda\u201d. Primarul Timi\u0219oarei reac\u021bioneaz\u0103 dup\u0103 sanc\u021biunea aplicat\u0103 \u00een cazul ANI\"><img loading=\"lazy\" decoding=\"async\" class=\"entry-thumb\" src=\"https:\/\/orasul-timisoara.ro\/wp-content\/uploads\/2026\/08\/dominic-fritz-banca-436x300.jpg\" alt title=\"Dominic Fritz: \u201eNu voi ceda\u201d. Primarul Timi\u0219oarei reac\u021bioneaz\u0103 dup\u0103 sanc\u021biunea aplicat\u0103 \u00een cazul ANI\" width=\"218\" height=\"150\"><\/a><\/div>\n<\/div>\n<div class=\"item-details\">\n<h3 class=\"entry-title td-module-title\"><a href=\"https:\/\/orasul-timisoara.ro\/local-40008\/\" rel=\"bookmark\" title=\"Dominic Fritz: \u201eNu voi ceda\u201d. Primarul Timi\u0219oarei reac\u021bioneaz\u0103 dup\u0103 sanc\u021biunea aplicat\u0103 \u00een cazul ANI\">Dominic Fritz: \u201eNu voi ceda\u201d. Primarul Timi\u0219oarei reac\u021bioneaz\u0103 dup\u0103 sanc\u021biunea aplicat\u0103 \u00een cazul ANI<\/a><\/h3>\n<\/div>\n<\/div>\n<\/div>\n<div class=\"td-related-span4\">\n<div class=\"td_module_related_posts td-animation-stack td_mod_related_posts\">\n<div class=\"td-module-image\">\n<div class=\"td-module-thumb\"><a href=\"https:\/\/orasul-timisoara.ro\/local-39975\/\" rel=\"bookmark\" class=\"td-image-wrap \" title=\"Dominic Fritz, de Ziua Timi\u0219oarei: \u201eNu a\u0219 vrea s\u0103 locuiesc niciunde altundeva \u00een lume\u201d\"><img loading=\"lazy\" decoding=\"async\" class=\"entry-thumb\" src=\"https:\/\/orasul-timisoara.ro\/wp-content\/uploads\/2026\/08\/dominic-fritz-piata-victoriei-436x300.jpg\" alt title=\"Dominic Fritz, de Ziua Timi\u0219oarei: \u201eNu a\u0219 vrea s\u0103 locuiesc niciunde altundeva \u00een lume\u201d\" width=\"218\" height=\"150\"><\/a><\/div>\n<\/div>\n<div class=\"item-details\">\n<h3 class=\"entry-title td-module-title\"><a href=\"https:\/\/orasul-timisoara.ro\/local-39975\/\" rel=\"bookmark\" title=\"Dominic Fritz, de Ziua Timi\u0219oarei: \u201eNu a\u0219 vrea s\u0103 locuiesc niciunde altundeva \u00een lume\u201d\">Dominic Fritz, de Ziua Timi\u0219oarei: \u201eNu a\u0219 vrea s\u0103 locuiesc niciunde altundeva \u00een lume\u201d<\/a><\/h3>\n<\/div>\n<\/div>\n<\/div>\n<\/div>\n<\/div>\n<\/div>\n<div class=\"comments\" id=\"comments\">\n<div id=\"respond\" class=\"comment-respond\">\n<h3 id=\"reply-title\" class=\"comment-reply-title\">L\u0102SA\u021aI UN MESAJ<\/h3>\n<div class=\"comment-form-input-wrap td-form-comment\">\n<div class=\"td-warning-comment\">V\u0103 rug\u0103m s\u0103 introduce\u021bi comentariul dvs.!<\/div>\n<\/div>\n<div class=\"comment-form-input-wrap td-form-author\">\n<div class=\"td-warning-author\">Introduce\u021bi aici numele dvs.<\/div>\n<\/div>\n<div class=\"comment-form-input-wrap td-form-email\">\n<div class=\"td-warning-email-error\">A\u021bi introdus o adres\u0103 de e-mail incorect\u0103!<\/div>\n<div class=\"td-warning-email\">V\u0103 rug\u0103m s\u0103 introduce\u021bi adresa dvs. de e-mail aici<\/div>\n<\/div>\n<\/div>\n<p class=\"akismet_comment_form_privacy_notice\">Acest site folose\u0219te Akismet pentru a reduce spamul. <a href=\"https:\/\/akismet.com\/privacy\/\" target=\"_blank\" rel=\"nofollow noopener\">Afl\u0103 cum sunt procesate datele comentariilor tale<\/a>.<\/p>\n<\/div>\n<\/div>\n<\/div>\n<div class=\"td-pb-span4 td-main-sidebar\" role=\"complementary\">\n<div class=\"td-ss-main-sidebar\">\n<aside id=\"block-4\" class=\"td_block_template_8 widget block-4 widget_block widget_media_image\">\n<figure class=\"wp-block-image size-full\"><img loading=\"lazy\" decoding=\"async\" width=\"336\" height=\"280\" src=\"https:\/\/orasul-timisoara.ro\/wp-content\/uploads\/2024\/11\/ReTIM-Abonamentul-Verde-Google-Ads-336x280px.gif\" alt class=\"wp-image-29257\"><\/figure>\n<\/aside>\n<div class=\"td_block_wrap td_block_social_counter td_block_widget tdi_6 td-social-style5 td-social-boxed td-pb-border-top td_block_template_8\">\n<div class=\"td-block-title-wrap\">\n<h4 class=\"td-block-title\"><span>Urm\u0103re\u0219te-ne pe Social Media<\/span><\/h4>\n<\/div>\n<div class=\"td-social-list\">\n<div class=\"td_social_type td-pb-margin-side td_social_facebook\">\n<div class=\"td-social-box\"><span class=\"td_social_info td_social_info_counter\">344,595<\/span><span class=\"td_social_info td_social_info_name\">Fani<\/span><span class=\"td_social_button\"><a href=\"https:\/\/www.facebook.com\/247timisoara\" target=\"_blank\" rel=\"nofollow\">\u00cemi place<\/a><\/span><\/div>\n<\/div>\n<div class=\"td_social_type td-pb-margin-side td_social_instagram\">\n<div class=\"td-social-box\"><span class=\"td_social_info td_social_info_counter\">4,416<\/span><span class=\"td_social_info td_social_info_name\">Cititori<\/span><span class=\"td_social_button\"><a href=\"https:\/\/instagram.com\/orasultimisoararo\/\" target=\"_blank\" rel=\"nofollow\">Conecta\u021bi-v\u0103<\/a><\/span><\/div>\n<\/div>\n<div class=\"td_social_type td-pb-margin-side td_social_rss\">\n<div class=\"td-social-box\"><span class=\"td_social_info td_social_info_counter\">12,506<\/span><span class=\"td_social_info td_social_info_name\">Cititori<\/span><span class=\"td_social_button\"><a href=\"https:\/\/orasul-timisoara.ro\/feed\/\" target=\"_blank\" rel=\"nofollow\">Conecta\u021bi-v\u0103<\/a><\/span><\/div>\n<\/div>\n<div class=\"td_social_type td-pb-margin-side td_social_tiktok\">\n<div class=\"td-social-box\"><span class=\"td_social_info td_social_info_counter\">1,500<\/span><span class=\"td_social_info td_social_info_name\">Cititori<\/span><span class=\"td_social_button\"><a href=\"https:\/\/www.tiktok.com\/@orasultimisoara\" target=\"_blank\" rel=\"nofollow\">Conecta\u021bi-v\u0103<\/a><\/span><\/div>\n<\/div>\n<div class=\"td_social_type td-pb-margin-side td_social_twitter\">\n<div class=\"td-social-box\"><span class=\"td_social_info td_social_info_counter\">1,595<\/span><span class=\"td_social_info td_social_info_name\">Cititori<\/span><span class=\"td_social_button\"><a href=\"https:\/\/twitter.com\/orasultm\" target=\"_blank\" rel=\"nofollow\">Conecta\u021bi-v\u0103<\/a><\/span><\/div>\n<\/div>\n<div class=\"td_social_type td-pb-margin-side td_social_youtube\">\n<div class=\"td-social-box\"><span class=\"td_social_info td_social_info_counter\">3,506<\/span><span class=\"td_social_info td_social_info_name\">Abona\u021bi<\/span><span class=\"td_social_button\"><a href=\"https:\/\/www.youtube.com\/channel\/UCQNsQvs2XCSIm1Z-AHRturw?sub_confirmation=1\" target=\"_blank\" rel=\"nofollow\">Abona\u021bi-v\u0103<\/a><\/span><\/div>\n<\/div>\n<\/div>\n<\/div>\n<aside id=\"text-7\" class=\"td_block_template_8 widget text-7 widget_text\">\n<h4 class=\"td-block-title\"><span>C\u0103ut\u0103ri populare pe OTM<\/span><\/h4>\n<div class=\"textwidget\"><a href=\"https:\/\/orasul-timisoara.ro\/?s=timisoara\"><span>Timisoara<\/span><\/a><a href=\"https:\/\/orasul-timisoara.ro\/?s=calin+dobra\"><span>Calin Dobra<\/span><\/a><a href=\"https:\/\/orasul-timisoara.ro\/?s=primaria+timisoara\"><span>Primaria Timisoara<\/span><\/a><a href=\"https:\/\/orasul-timisoara.ro\/?s=dominic+fritz\"><span>Dominic Fritz<\/span><\/a><a href=\"https:\/\/orasul-timisoara.ro\/?s=nicolae+robu\"><span>Nicolae Robu<\/span><\/a><a href=\"https:\/\/orasul-timisoara.ro\/?s=consiliul+local+timisoara\">Consiliul Local Timisoara<\/a><a href=\"https:\/\/orasul-timisoara.ro\/?s=consiliul+judetean+timis\"><span>Consiliul Judetean Timis<\/span><\/a><a href=\"https:\/\/orasul-timisoara.ro\/?s=cjt\"><span>CJT<\/span><\/a><a href=\"https:\/\/orasul-timisoara.ro\/?s=Alfred+Simonis\"><span>Alfred Simonis<\/span><\/a><a href=\"https:\/\/orasul-timisoara.ro\/?s=PNL\"><span>PNL<\/span><\/a><a href=\"https:\/\/orasul-timisoara.ro\/?s=coronavirus\"><span>coronavirus<\/span><\/a><a href=\"https:\/\/orasul-timisoara.ro\/?s=teatru+timisoara\">teatru Timisoara<\/a><a href=\"https:\/\/orasul-timisoara.ro\/?s=restaurante\"><span>restaurante Timisoara<\/span><\/a><a href=\"https:\/\/orasul-timisoara.ro\/?s=diskoteka\"><span>Diskoteka<\/span><\/a><a href=\"https:\/\/orasul-timisoara.ro\/?s=iulius+town\"><span>Iulius Town<\/span><\/a><a href=\"https:\/\/orasul-timisoara.ro\/?s=iulius+mall\"><span>Iulius Mall<\/span><\/a><a href=\"https:\/\/orasul-timisoara.ro\/?s=stpt\"><span>STPT<\/span><\/a><a href=\"https:\/\/orasul-timisoara.ro\/?s=alin+nica\"><span>Alin Nica<\/span><\/a><a href=\"https:\/\/orasul-timisoara.ro\/?s=psd\"><span>PSD<\/span><\/a><a href=\"https:\/\/orasul-timisoara.ro\/?s=aeroport\"><span>Aeroportul International Timisoara<\/span><\/a><a href=\"https:\/\/orasul-timisoara.ro\/?s=babes\"><span>Spitalul Victor Babes Timisoara<\/span><\/a><a href=\"https:\/\/orasul-timisoara.ro\/?s=poli\"><span>Poli Timi\u0219oara<\/span><\/a><a href=\"https:\/\/orasul-timisoara.ro\/?s=carantina\"><span>carantina<\/span><\/a><a href=\"https:\/\/orasul-timisoara.ro\/?s=aquatim\"><span>Aquatim<\/span><\/a><a href=\"https:\/\/orasul-timisoara.ro\/local-category\/stiri-timisoara\/\"><span>Stiri Timisoara<\/span><\/a><a href=\"https:\/\/orasul-timisoara.ro\/local-category\/investitii-in-timisoara\/\"><span>Investi\u021bii in Timi\u0219oara<\/span><\/a><a href=\"https:\/\/orasul-timisoara.ro\/local-9463\/\"><span>shaorma<\/span><\/a><a href=\"https:\/\/orasul-timisoara.ro\/?s=trafic\"><span>trafic rutier<\/span><\/a><a href=\"https:\/\/orasul-timisoara.ro\/?s=politia\"><span>politia locala timisoara<\/span><\/a><a href=\"https:\/\/orasul-timisoara.ro\/?s=roxana\"><span>Roxana Iliescu<\/span><\/a><a href=\"https:\/\/orasul-timisoara.ro\/?s=colterm\"><span>Colterm<\/span><\/a><a href=\"https:\/\/orasul-timisoara.ro\/?s=latcau\"><span>Ruben La\u021bc\u0103u<\/span><\/a><a href=\"https:\/\/orasul-timisoara.ro\/?s=timis\"><span>\u0218tiri din Timi\u0219<\/span><\/a><a href=\"https:\/\/orasul-timisoara.ro\/?s=spital\"><span>Spitale din Timi\u0219oara<\/span><\/a><a href=\"https:\/\/orasul-timisoara.ro\/?s=tabara\"><span>Cosmin Tab\u0103r\u0103<\/span><\/a><\/div>\n<\/aside>\n<aside id=\"rss-2\" class=\"td_block_template_8 widget rss-2 widget_rss\">\n<h4 class=\"td-block-title\"><span><a class=\"rsswidget rss-widget-feed\" href=\"https:\/\/fashionfridays.ro\/feed\"><img decoding=\"async\" class=\"rss-widget-icon\" width=\"14\" height=\"14\" src=\"https:\/\/orasul-timisoara.ro\/wp-includes\/images\/rss.png\" alt=\"RSS\" loading=\"lazy\"><\/a><a class=\"rsswidget rss-widget-title\" href=\"https:\/\/fashionfridays.ro\/\">Fashion Fridays<\/a><\/span><\/h4>\n<ul>\n<li><a class=\"rsswidget\" href=\"https:\/\/fashionfridays.ro\/romania-devine-a-29-a-piata-vogue-o-noua-era-pentru-industria-locala-de-moda\/\">Rom\u00e2nia devine a 29-a pia\u021b\u0103 Vogue: o nou\u0103 er\u0103 pentru industria local\u0103 de mod\u0103<\/a>\n<div class=\"rssSummary\">Revista Vogue \u00ee\u0219i extinde prezen\u021ba global\u0103 \u0219i va fi lansat\u0103 oficial \u00een Rom\u00e2nia \u00een prim\u0103vara anului 2027, marc\u00e2nd intrarea pe cea de-a 29-a pia\u021b\u0103 interna\u021bional\u0103. Proiectul este realizat \u00een parteneriat cu AEMME Publishing, o companie media recent \u00eenfiin\u021bat\u0103, care va publica edi\u021bia local\u0103 sub licen\u021b\u0103. Noua edi\u021bie, Vogue Rom\u00e2nia, \u00ee\u0219i propune s\u0103 combine autoritatea global\u0103 [\u2026]<\/div>\n<\/li>\n<\/ul>\n<\/aside>\n<aside id=\"rss-4\" class=\"td_block_template_8 widget rss-4 widget_rss\">\n<h4 class=\"td-block-title\"><span><a class=\"rsswidget rss-widget-feed\" href=\"https:\/\/emasini.ro\/feed\"><img decoding=\"async\" class=\"rss-widget-icon\" width=\"14\" height=\"14\" src=\"https:\/\/orasul-timisoara.ro\/wp-includes\/images\/rss.png\" alt=\"RSS\" loading=\"lazy\"><\/a><a class=\"rsswidget rss-widget-title\" href=\"https:\/\/emasini.ro\/\">eMasini<\/a><\/span><\/h4>\n<ul>\n<li><a class=\"rsswidget\" href=\"https:\/\/emasini.ro\/bmw-testeaza-noul-i4-convertible-primul-cabrio-electric-accesibil-al-marcii\/\">BMW testeaz\u0103 noul i4 Convertible, primul cabrio electric accesibil al m\u0103rcii<\/a>\n<div class=\"rssSummary\">BMW accelereaz\u0103 dezvoltarea noii genera\u021bii de modele electrice bazate pe platforma Neue Klasse, iar unul dintre cele mai interesante proiecte aflate \u00een teste este viitorul BMW i4 Convertible. Prototipul camuflat a fost surprins pe \u0219osele, confirm\u00e2nd c\u0103 produc\u0103torul german preg\u0103te\u0219te o decapotabil\u0103 electric\u0103 destinat\u0103 unui segment \u00een care oferta este, \u00een prezent, extrem de limitat\u0103. [\u2026]<\/div>\n<\/li>\n<\/ul>\n<\/aside>\n<\/div>\n<\/div>\n<\/div>\n<\/div>\n<\/article>\n<div class=\"td-post-content tagdiv-type\">\n<p class=\"wp-block-paragraph\">Prefectul jude\u021bului Timi\u0219, Paul Finta, a anun\u021bat mar\u021bi, 4 august, c\u0103 a semnat ordinul de sanc\u021bionare disciplinar\u0103 a primarului municipiului Timi\u0219oara, Dominic Fritz, ca urmare a r\u0103m\u00e2nerii definitive a deciziei prin care Agen\u021bia Na\u021bional\u0103 de Integritate (ANI) a constatat existen\u021ba unui conflict de interese administrativ.<\/p>\n<p class=\"wp-block-paragraph\">Potrivit prefectului, sanc\u021biunea const\u0103 \u00een diminuarea indemniza\u021biei primarului cu 10% pentru o perioad\u0103 de \u0219ase luni. Paul Finta a precizat c\u0103 m\u0103sura nu afecteaz\u0103 mandatul actual al edilului, care \u00ee\u0219i continu\u0103 activitatea la conducerea Prim\u0103riei Timi\u0219oara.<\/p>\n<h2 class=\"wp-block-heading\">Ordinul de sanc\u021bionare a fost semnat de Prefectura Timi\u0219<\/h2>\n<p class=\"wp-block-paragraph\">\u00cen cadrul unei conferin\u021be de pres\u0103, prefectul Paul Finta a anun\u021bat c\u0103 a semnat Ordinul nr. 702 din 4 august 2026 privind sanc\u021bionarea disciplinar\u0103 a primarului Dominic Fritz.<\/p>\n<p class=\"wp-block-paragraph\">\u201eAm semnat ast\u0103zi ordinul prefectului cu num\u0103rul 702\/04.08.2026 privind sanc\u021bionarea disciplinar\u0103 a domnului primar al municipiului Timi\u0219oara, Dominic Samuel Fritz. Sanc\u021biunea disciplinar\u0103 prevede diminuarea indemniza\u021biei de primar cu 10% pentru \u0219ase luni de zile\u201d, a declarat prefectul.<\/p>\n<h2 class=\"wp-block-heading\">Decizia vine dup\u0103 hot\u0103r\u00e2rea definitiv\u0103 a \u00cenaltei Cur\u021bi<\/h2>\n<p class=\"wp-block-paragraph\">Paul Finta a explicat c\u0103 m\u0103sura a fost luat\u0103 dup\u0103 ce Agen\u021bia Na\u021bional\u0103 de Integritate a transmis Prefecturii Timi\u0219 documentele aferente dosarului, \u00een urma r\u0103m\u00e2nerii definitive a hot\u0103r\u00e2rii \u00cenaltei Cur\u021bi de Casa\u021bie \u0219i Justi\u021bie.<\/p>\n<p class=\"wp-block-paragraph\">Prefectul a precizat c\u0103 institu\u021bia pe care o conduce a solicitat puncte de vedere at\u00e2t Ministerului Afacerilor Interne, c\u00e2t \u0219i ANI, pentru clarificarea cadrului legal aplicabil \u00een aceast\u0103 situa\u021bie.<\/p>\n<h2 class=\"wp-block-heading\">Ministerul Afacerilor Interne a indicat temeiul legal<\/h2>\n<p class=\"wp-block-paragraph\">Potrivit prefectului, Ministerul Afacerilor Interne a comunicat c\u0103 dispozi\u021biile aplicabile sunt cele prev\u0103zute de articolul 228, alineatul (5), din Ordonan\u021ba de Urgen\u021b\u0103 nr. 57\/2019 privind Codul administrativ.<\/p>\n<p class=\"wp-block-paragraph\">\u00cen acela\u0219i timp, Paul Finta a afirmat c\u0103 Agen\u021bia Na\u021bional\u0103 de Integritate nu a transmis un r\u0103spuns oficial la solicit\u0103rile de clarificare formulate de Prefectura Timi\u0219, \u00eens\u0103 a publicat ulterior un comunicat \u00een care arat\u0103 c\u0103, \u00een cazurile similare de conflict de interese aflate \u00een eviden\u021b\u0103, nu a fost dispus\u0103 \u00eencetarea mandatelor de primar.<\/p>\n<h2 class=\"wp-block-heading\">Prefectul invoc\u0103 precedentul primarului din Reca\u0219<\/h2>\n<p class=\"wp-block-paragraph\">\u00cen argumentarea deciziei, prefectul a f\u0103cut referire \u0219i la un caz similar din jude\u021bul Timi\u0219.<\/p>\n<p class=\"wp-block-paragraph\">Acesta a amintit c\u0103, \u00een anul 2023, fostul prefect al jude\u021bului a dispus aceea\u0219i sanc\u021biune disciplinar\u0103 \u00een cazul primarului ora\u0219ului Reca\u0219, aflat \u00eentr-o situa\u021bie de conflict de interese administrativ, respectiv diminuarea indemniza\u021biei cu 10% pentru o perioad\u0103 de \u0219ase luni.<\/p>\n<p class=\"wp-block-paragraph\">Potrivit lui Paul Finta, aceast\u0103 situa\u021bie a reprezentat un precedent administrativ avut \u00een vedere la emiterea ordinului.<\/p>\n<h2 class=\"wp-block-heading\">Mandatul continu\u0103, \u00eens\u0103 interdic\u021bia privind candidatura revine autorit\u0103\u021bii electorale<\/h2>\n<p class=\"wp-block-paragraph\">Prefectul a subliniat c\u0103 ordinul emis vizeaz\u0103 exclusiv sanc\u021biunea disciplinar\u0103 prev\u0103zut\u0103 de lege \u0219i nu face referire la eventualele consecin\u021be privind dreptul de a candida.<\/p>\n<p class=\"wp-block-paragraph\">Potrivit explica\u021biilor prezentate \u00een conferin\u021ba de pres\u0103, aspectele referitoare la interdic\u021bia de a candida pentru o perioad\u0103 de trei ani dup\u0103 \u00eencheierea mandatului actual nu intr\u0103 \u00een competen\u021ba Prefecturii Timi\u0219, ci vor fi analizate \u0219i aplicate, dac\u0103 este cazul, de autoritatea electoral\u0103 competent\u0103, \u00een condi\u021biile prev\u0103zute de legisla\u021bia \u00een vigoare.<\/p>\n<\/div>\n<p>[analyse_source url=&#8221;https:\/\/orasul-timisoara.ro\/local-40011\/&#8221;]<\/p>\n","protected":false},"excerpt":{"rendered":"<p>[analyse_image type=&#8221;featured&#8221; src=&#8221;https:\/\/orasul-timisoara.ro\/wp-content\/uploads\/2026\/08\/paul0finta.jpg&#8221;] Administra\u021bie local\u0103Prefectul de Timi\u0219: Dominic Fritz r\u0103m\u00e2ne primar, dar prime\u0219te o sanc\u021biune salarial\u0103 Administra\u021bie local\u0103 Politic \u0218tiri Locale \u0218tiri na\u021bionale \u0219i interna\u021bionale Prefectul de Timi\u0219: Dominic Fritz r\u0103m\u00e2ne primar, dar prime\u0219te o sanc\u021biune salarial\u0103 De c\u0103tre redactia &#8211; 04\/08\/2026 Facebook Twitter WhatsApp Linkedin ReddIt Email Imprimare Prefectul jude\u021bului Timi\u0219, Paul Finta, a [&hellip;]<\/p>\n","protected":false},"author":1,"featured_media":0,"comment_status":"open","ping_status":"","sticky":false,"template":"","format":"standard","meta":{"footnotes":""},"categories":[89],"tags":[226,189],"class_list":["post-2077753","post","type-post","status-publish","format-standard","hentry","category-romania","tag-crawlmanager","tag-orasul-timisoara-ro"],"_links":{"self":[{"href":"https:\/\/analyse.optim.biz\/index.php?rest_route=\/wp\/v2\/posts\/2077753","targetHints":{"allow":["GET"]}}],"collection":[{"href":"https:\/\/analyse.optim.biz\/index.php?rest_route=\/wp\/v2\/posts"}],"about":[{"href":"https:\/\/analyse.optim.biz\/index.php?rest_route=\/wp\/v2\/types\/post"}],"author":[{"embeddable":true,"href":"https:\/\/analyse.optim.biz\/index.php?rest_route=\/wp\/v2\/users\/1"}],"replies":[{"embeddable":true,"href":"https:\/\/analyse.optim.biz\/index.php?rest_route=%2Fwp%2Fv2%2Fcomments&post=2077753"}],"version-history":[{"count":0,"href":"https:\/\/analyse.optim.biz\/index.php?rest_route=\/wp\/v2\/posts\/2077753\/revisions"}],"wp:attachment":[{"href":"https:\/\/analyse.optim.biz\/index.php?rest_route=%2Fwp%2Fv2%2Fmedia&parent=2077753"}],"wp:term":[{"taxonomy":"category","embeddable":true,"href":"https:\/\/analyse.optim.biz\/index.php?rest_route=%2Fwp%2Fv2%2Fcategories&post=2077753"},{"taxonomy":"post_tag","embeddable":true,"href":"https:\/\/analyse.optim.biz\/index.php?rest_route=%2Fwp%2Fv2%2Ftags&post=2077753"}],"curies":[{"name":"wp","href":"https:\/\/api.w.org\/{rel}","templated":true}]}}