{"id":2077752,"date":"2026-08-04T12:54:20","date_gmt":"2026-08-04T09:54:20","guid":{"rendered":"https:\/\/analyse.optim.biz\/?p=2077752"},"modified":"2026-08-04T12:54:20","modified_gmt":"2026-08-04T09:54:20","slug":"dominic-fritz-nu-voi-ceda-primarul-timisoarei-reactioneaza-dupa-sanctiunea-aplicata-in-cazul-ani","status":"publish","type":"post","link":"https:\/\/analyse.optim.biz\/?p=2077752","title":{"rendered":"Dominic Fritz: \u201eNu voi ceda\u201d. Primarul Timi\u0219oarei reac\u021bioneaz\u0103 dup\u0103 sanc\u021biunea aplicat\u0103 \u00een cazul ANI"},"content":{"rendered":"<p>[analyse_image type=&#8221;featured&#8221; src=&#8221;https:\/\/orasul-timisoara.ro\/wp-content\/uploads\/2026\/08\/dominic-fritz-banca.jpg&#8221;]<\/p>\n<article id=\"post-40008\" class=\"td-post-template-7 post-40008 post type-post status-publish format-standard has-post-thumbnail category-administratie category-featured category-politic category-stiri-timisoara category-stiri-nationale-si-internationale tag-administratie-locala-2 tag-agentia-nationala-de-integritate-2 tag-ani tag-conflict-de-interese tag-consiliul-local-timisoara-2 tag-dominic-fritz tag-judetul-timis-2 tag-prefectura-timis-2 tag-puz tag-timisoara-2 tag-usr td-container-wrap\">\n<div class=\"td-full-screen-header-image-wrap\">\n<div class=\"td-container td-post-header\">\n<div class=\"td-crumb-container\">\n<div class=\"entry-crumbs\"><span><a title=\"Vede\u021bi toate articolele \u00een Administra\u021bie local\u0103\" class=\"entry-crumb\" href=\"https:\/\/orasul-timisoara.ro\/local-category\/administratie\/\">Administra\u021bie local\u0103<\/a><\/span><span class=\"td-bred-no-url-last\">Dominic Fritz: \u201eNu voi ceda\u201d. Primarul Timi\u0219oarei reac\u021bioneaz\u0103 dup\u0103 sanc\u021biunea aplicat\u0103 \u00een&#8230;<\/span><\/div>\n<\/div>\n<div class=\"td-post-header-holder\">\n<div class=\"td-parallax-header\">\n<header class=\"td-post-title\">\n<ul class=\"td-category\">\n<li class=\"entry-category\"><a href=\"https:\/\/orasul-timisoara.ro\/local-category\/administratie\/\">Administra\u021bie local\u0103<\/a><\/li>\n<li class=\"entry-category\"><a href=\"https:\/\/orasul-timisoara.ro\/local-category\/politic\/\">Politic<\/a><\/li>\n<li class=\"entry-category\"><a href=\"https:\/\/orasul-timisoara.ro\/local-category\/stiri-timisoara\/\">\u0218tiri Locale<\/a><\/li>\n<li class=\"entry-category\"><a href=\"https:\/\/orasul-timisoara.ro\/local-category\/stiri-nationale-si-internationale\/\">\u0218tiri na\u021bionale \u0219i interna\u021bionale<\/a><\/li>\n<\/ul>\n<h1 class=\"entry-title\">Dominic Fritz: \u201eNu voi ceda\u201d. Primarul Timi\u0219oarei reac\u021bioneaz\u0103 dup\u0103 sanc\u021biunea aplicat\u0103 \u00een cazul ANI<\/h1>\n<div class=\"td-module-meta-info\">\n<div class=\"td-post-author-name\">\n<div class=\"td-author-by\">De c\u0103tre<\/div>\n<p><a href=\"https:\/\/orasul-timisoara.ro\/author\/timisoara\/\">redactia<\/a><\/p>\n<div class=\"td-author-line\"> &#8211; <\/div>\n<\/div>\n<p><span class=\"td-post-date\"><time class=\"entry-date updated td-module-date\" datetime=\"2026-08-04T15:54:20+03:00\">04\/08\/2026<\/time><\/span><\/div>\n<\/header>\n<\/div>\n<\/div>\n<\/div>\n<div id=\"td-full-screen-header-image\" class=\"td-image-gradient-style7\"><img decoding=\"async\" class=\"td-backstretch\" src=\"https:\/\/orasul-timisoara.ro\/wp-content\/uploads\/2026\/08\/dominic-fritz-banca.jpg\"><\/div>\n<\/div>\n<div class=\"td-container\">\n<div class=\"td-pb-row\">\n<div class=\"td-pb-span8 td-main-content\" role=\"main\">\n<div class=\"td-ss-main-content\">\n<div class=\"td-post-sharing-top\">\n<div class=\"td-post-sharing-classic\"><iframe title=\"topFacebookLike\" frameborder src=\"https:\/\/www.facebook.com\/plugins\/like.php?href=https:\/\/orasul-timisoara.ro\/local-40008\/&amp;layout=button_count&amp;show_faces=false&amp;width=105&amp;action=like&amp;colorscheme=light&amp;height=21\"><\/iframe><\/div>\n<div id=\"td_social_sharing_article_top\" class=\"td-post-sharing td-ps-bg td-ps-notext td-post-sharing-style1 \">\n<div class=\"td-post-sharing-visible\"><a class=\"td-social-sharing-button td-social-sharing-button-js td-social-network td-social-facebook\" href=\"https:\/\/www.facebook.com\/sharer.php?u=https%3A%2F%2Forasul-timisoara.ro%2Flocal-40008%2F\" title=\"Facebook\"><\/p>\n<div class=\"td-social-but-text\">Facebook<\/div>\n<p><\/a><a class=\"td-social-sharing-button td-social-sharing-button-js td-social-network td-social-twitter\" href=\"https:\/\/twitter.com\/intent\/tweet?text=Dominic+Fritz%3A+%E2%80%9ENu+voi+ceda%E2%80%9D.+Primarul+Timi%C8%99oarei+reac%C8%9Bioneaz%C4%83+dup%C4%83+sanc%C8%9Biunea+aplicat%C4%83+%C3%AEn+cazul+ANI&amp;url=https%3A%2F%2Forasul-timisoara.ro%2Flocal-40008%2F&amp;via=orasultm\" title=\"Twitter\"><\/p>\n<div class=\"td-social-but-text\">Twitter<\/div>\n<p><\/a><a class=\"td-social-sharing-button td-social-sharing-button-js td-social-network td-social-whatsapp\" href=\"https:\/\/api.whatsapp.com\/send?text=Dominic+Fritz%3A+%E2%80%9ENu+voi+ceda%E2%80%9D.+Primarul+Timi%C8%99oarei+reac%C8%9Bioneaz%C4%83+dup%C4%83+sanc%C8%9Biunea+aplicat%C4%83+%C3%AEn+cazul+ANI%20%0A%0A%20https:\/\/orasul-timisoara.ro\/local-40008\/\" title=\"WhatsApp\"><\/p>\n<div class=\"td-social-but-text\">WhatsApp<\/div>\n<p><\/a><a class=\"td-social-sharing-button td-social-sharing-button-js td-social-network td-social-linkedin\" href=\"https:\/\/www.linkedin.com\/shareArticle?mini=true&amp;url=https:\/\/orasul-timisoara.ro\/local-40008\/&amp;title=Dominic+Fritz%3A+%E2%80%9ENu+voi+ceda%E2%80%9D.+Primarul+Timi%C8%99oarei+reac%C8%9Bioneaz%C4%83+dup%C4%83+sanc%C8%9Biunea+aplicat%C4%83+%C3%AEn+cazul+ANI\" title=\"Linkedin\"><\/p>\n<div class=\"td-social-but-text\">Linkedin<\/div>\n<p><\/a><a class=\"td-social-sharing-button td-social-sharing-button-js td-social-network td-social-reddit\" href=\"https:\/\/reddit.com\/submit?url=https:\/\/orasul-timisoara.ro\/local-40008\/&amp;title=Dominic+Fritz%3A+%E2%80%9ENu+voi+ceda%E2%80%9D.+Primarul+Timi%C8%99oarei+reac%C8%9Bioneaz%C4%83+dup%C4%83+sanc%C8%9Biunea+aplicat%C4%83+%C3%AEn+cazul+ANI\" title=\"ReddIt\"><\/p>\n<div class=\"td-social-but-text\">ReddIt<\/div>\n<p><\/a><a class=\"td-social-sharing-button td-social-sharing-button-js td-social-network td-social-mail\" href=\"mailto:?subject=Dominic%20Fritz:%20%E2%80%9ENu%20voi%20ceda%E2%80%9D.%20Primarul%20Timi%C8%99oarei%20reac%C8%9Bioneaz%C4%83%20dup%C4%83%20sanc%C8%9Biunea%20aplicat%C4%83%20%C3%AEn%20cazul%20ANI&amp;body=https:\/\/orasul-timisoara.ro\/local-40008\/\" title=\"Email\"><\/p>\n<div class=\"td-social-but-text\">Email<\/div>\n<p><\/a><a class=\"td-social-sharing-button td-social-sharing-button-js td-social-network td-social-print\" href=\"https:\/\/orasul-timisoara.ro\/local-40008\/\" title=\"Imprimare\"><\/p>\n<div class=\"td-social-but-text\">Imprimare<\/div>\n<p><\/a><\/div>\n<\/div>\n<\/div>\n<div class=\"td-post-content tagdiv-type\">\n<p class=\"wp-block-paragraph\">Primarul municipiului Timi\u0219oara, Dominic Fritz, a anun\u021bat c\u0103 Prefectura Timi\u0219 a emis ordinul prin care indemniza\u021bia sa va fi diminuat\u0103 cu 10% pentru o perioad\u0103 de \u0219ase luni, ca urmare a unei sanc\u021biuni aplicate \u00een cazul conflictului de interese constatat de Agen\u021bia Na\u021bional\u0103 de Integritate (ANI).<\/p>\n<p class=\"wp-block-paragraph\">\u00centr-o postare publicat\u0103 pe Facebook, edilul afirm\u0103 c\u0103 ia act de sanc\u021biunea prev\u0103zut\u0103 de lege, \u00eens\u0103 sus\u021bine c\u0103 situa\u021bia pentru care a fost sanc\u021bionat este legat\u0103 de supunerea la vot \u00een Consiliul Local a unui Plan Urbanistic Zonal (PUZ) elaborat \u00eenainte ca el s\u0103 devin\u0103 primar.<\/p>\n<h2 class=\"wp-block-heading\">Dominic Fritz: \u201eIau act de aceast\u0103 sanc\u021biune cu capul sus\u201d<\/h2>\n<p class=\"wp-block-paragraph\">Primarul Timi\u0219oarei spune c\u0103 va respecta prevederile legale \u0219i c\u0103 diminuarea salariului reprezint\u0103 sanc\u021biunea stabilit\u0103 \u00een urma deciziei ANI.<\/p>\n<p class=\"wp-block-paragraph\">\u201eAzi am primit sanc\u021biunea oficial\u0103 pentru \u00abconflictul de interese\u00bb din 2020 constatat de ANI. Prefectura Timi\u0219 a emis ordinul prin care mi se taie 10% din salariu pentru urm\u0103toarele \u0219ase luni. A\u0219a spune legea\u201d, a transmis Dominic Fritz.<\/p>\n<p class=\"wp-block-paragraph\">Acesta a ad\u0103ugat c\u0103, \u00een opinia sa, \u201edreptul \u0219i dreptatea nu sunt \u00eentotdeauna acela\u0219i lucru\u201d.<\/p>\n<h2 class=\"wp-block-heading\">Edilul contest\u0103 acuza\u021biile formulate \u00eempotriva sa<\/h2>\n<p class=\"wp-block-paragraph\">\u00cen mesajul public, Dominic Fritz afirm\u0103 c\u0103 fapta re\u021binut\u0103 \u00een sarcina sa const\u0103 \u00een supunerea la vot a unui PUZ care fusese elaborat \u00eenainte de preluarea mandatului de primar.<\/p>\n<p class=\"wp-block-paragraph\">El sus\u021bine c\u0103 nu consider\u0103 c\u0103 a beneficiat de un proces echitabil \u0219i afirm\u0103 c\u0103 \u00eempotriva sa ar fi existat o campanie politic\u0103 desf\u0103\u0219urat\u0103 de Partidul Social Democrat.<\/p>\n<h2 class=\"wp-block-heading\">Referiri la un caz similar din jude\u021bul Timi\u0219<\/h2>\n<p class=\"wp-block-paragraph\">Dominic Fritz sus\u021bine c\u0103 reprezentan\u021bi ai PSD au afirmat \u00een mod repetat c\u0103 sanc\u021biunea \u00een cazul s\u0103u ar fi trebuit s\u0103 fie \u00eencetarea mandatului de primar.<\/p>\n<p class=\"wp-block-paragraph\">Edilul aminte\u0219te \u00eens\u0103 c\u0103, \u00een anul 2023, prefectul jude\u021bului Timi\u0219 a aplicat primarului ora\u0219ului Reca\u0219, aflat \u00eentr-o situa\u021bie pe care o consider\u0103 similar\u0103, sanc\u021biunea const\u00e2nd \u00een diminuarea indemniza\u021biei, \u0219i nu \u00eencetarea mandatului.<\/p>\n<h2 class=\"wp-block-heading\">Critici privind modificarea legisla\u021biei<\/h2>\n<p class=\"wp-block-paragraph\">\u00cen aceea\u0219i postare, primarul Timi\u0219oarei afirm\u0103 c\u0103 exist\u0103 inten\u021bia modific\u0103rii legisla\u021biei astfel \u00eenc\u00e2t sanc\u021biunile aplicabile \u00een astfel de situa\u021bii s\u0103 fie schimbate.<\/p>\n<p class=\"wp-block-paragraph\">Dominic Fritz consider\u0103 c\u0103 o eventual\u0103 aplicare retroactiv\u0103 a unor asemenea prevederi ar contraveni Constitu\u021biei \u0219i sus\u021bine c\u0103 o astfel de m\u0103sur\u0103 ar reprezenta o atingere adus\u0103 votului exprimat de cet\u0103\u021beni.<\/p>\n<h2 class=\"wp-block-heading\">Dominic Fritz: \u201eNu voi ceda\u201d<\/h2>\n<p class=\"wp-block-paragraph\">La finalul mesajului, primarul Timi\u0219oarei afirm\u0103 c\u0103 va continua activitatea administrativ\u0103 \u0219i c\u0103 nu inten\u021bioneaz\u0103 s\u0103 renun\u021be la mandatul s\u0103u.<\/p>\n<p class=\"wp-block-paragraph\">\u201eNu voi ceda. Nu voi abandona nici Timi\u0219oara, nici lupta pentru o Rom\u00e2nie dreapt\u0103. Nu duc lupta asta pentru mine, ci pentru cei care \u0219i-au pus \u00eencrederea \u0219i speran\u021ba \u00een schimb\u0103rile pe care reu\u0219im s\u0103 le facem \u00een Timi\u0219oara \u0219i \u00een \u021bar\u0103\u201d, a transmis Dominic Fritz.<\/p>\n<p class=\"wp-block-paragraph\">Edilul le-a mul\u021bumit celor care i-au transmis mesaje de sus\u021binere \u0219i a declarat c\u0103 este convins c\u0103 va continua aceast\u0103 lupt\u0103 al\u0103turi de colegii s\u0103i \u0219i de cet\u0103\u021benii care \u00eei \u00eemp\u0103rt\u0103\u0219esc valorile.<\/p>\n<\/div>\n<footer>\n<div class=\"td-post-source-tags\">\n<ul class=\"td-tags td-post-small-box clearfix\">\n<li><span>ETICHETE<\/span><\/li>\n<li><a href=\"https:\/\/orasul-timisoara.ro\/local-tag\/administratie-locala-2\/\">administra\u021bie local\u0103<\/a><\/li>\n<li><a href=\"https:\/\/orasul-timisoara.ro\/local-tag\/agentia-nationala-de-integritate-2\/\">Agen\u021bia Na\u021bional\u0103 de Integritate<\/a><\/li>\n<li><a href=\"https:\/\/orasul-timisoara.ro\/local-tag\/ani\/\">ani<\/a><\/li>\n<li><a href=\"https:\/\/orasul-timisoara.ro\/local-tag\/conflict-de-interese\/\">conflict de interese<\/a><\/li>\n<li><a href=\"https:\/\/orasul-timisoara.ro\/local-tag\/consiliul-local-timisoara-2\/\">Consiliul Local Timi\u0219oara<\/a><\/li>\n<li><a href=\"https:\/\/orasul-timisoara.ro\/local-tag\/dominic-fritz\/\">dominic fritz<\/a><\/li>\n<li><a href=\"https:\/\/orasul-timisoara.ro\/local-tag\/judetul-timis-2\/\">jude\u021bul Timi\u0219<\/a><\/li>\n<li><a href=\"https:\/\/orasul-timisoara.ro\/local-tag\/prefectura-timis-2\/\">Prefectura Timi\u0219<\/a><\/li>\n<li><a href=\"https:\/\/orasul-timisoara.ro\/local-tag\/puz\/\">PUZ<\/a><\/li>\n<li><a href=\"https:\/\/orasul-timisoara.ro\/local-tag\/timisoara-2\/\">timi\u0219oara<\/a><\/li>\n<li><a href=\"https:\/\/orasul-timisoara.ro\/local-tag\/usr\/\">usr<\/a><\/li>\n<\/ul>\n<\/div>\n<div class=\"td-post-sharing-bottom\">\n<div class=\"td-post-sharing-classic\"><iframe title=\"bottomFacebookLike\" frameborder src=\"https:\/\/www.facebook.com\/plugins\/like.php?href=https:\/\/orasul-timisoara.ro\/local-40008\/&amp;layout=button_count&amp;show_faces=false&amp;width=105&amp;action=like&amp;colorscheme=light&amp;height=21\"><\/iframe><\/div>\n<div id=\"td_social_sharing_article_bottom\" class=\"td-post-sharing td-ps-bg td-ps-notext td-post-sharing-style1 \">\n<div class=\"td-post-sharing-visible\"><a class=\"td-social-sharing-button td-social-sharing-button-js td-social-network td-social-facebook\" href=\"https:\/\/www.facebook.com\/sharer.php?u=https%3A%2F%2Forasul-timisoara.ro%2Flocal-40008%2F\" title=\"Facebook\"><\/p>\n<div class=\"td-social-but-text\">Facebook<\/div>\n<p><\/a><a class=\"td-social-sharing-button td-social-sharing-button-js td-social-network td-social-twitter\" href=\"https:\/\/twitter.com\/intent\/tweet?text=Dominic+Fritz%3A+%E2%80%9ENu+voi+ceda%E2%80%9D.+Primarul+Timi%C8%99oarei+reac%C8%9Bioneaz%C4%83+dup%C4%83+sanc%C8%9Biunea+aplicat%C4%83+%C3%AEn+cazul+ANI&amp;url=https%3A%2F%2Forasul-timisoara.ro%2Flocal-40008%2F&amp;via=orasultm\" title=\"Twitter\"><\/p>\n<div class=\"td-social-but-text\">Twitter<\/div>\n<p><\/a><a class=\"td-social-sharing-button td-social-sharing-button-js td-social-network td-social-whatsapp\" href=\"https:\/\/api.whatsapp.com\/send?text=Dominic+Fritz%3A+%E2%80%9ENu+voi+ceda%E2%80%9D.+Primarul+Timi%C8%99oarei+reac%C8%9Bioneaz%C4%83+dup%C4%83+sanc%C8%9Biunea+aplicat%C4%83+%C3%AEn+cazul+ANI%20%0A%0A%20https:\/\/orasul-timisoara.ro\/local-40008\/\" title=\"WhatsApp\"><\/p>\n<div class=\"td-social-but-text\">WhatsApp<\/div>\n<p><\/a><a class=\"td-social-sharing-button td-social-sharing-button-js td-social-network td-social-linkedin\" href=\"https:\/\/www.linkedin.com\/shareArticle?mini=true&amp;url=https:\/\/orasul-timisoara.ro\/local-40008\/&amp;title=Dominic+Fritz%3A+%E2%80%9ENu+voi+ceda%E2%80%9D.+Primarul+Timi%C8%99oarei+reac%C8%9Bioneaz%C4%83+dup%C4%83+sanc%C8%9Biunea+aplicat%C4%83+%C3%AEn+cazul+ANI\" title=\"Linkedin\"><\/p>\n<div class=\"td-social-but-text\">Linkedin<\/div>\n<p><\/a><a class=\"td-social-sharing-button td-social-sharing-button-js td-social-network td-social-reddit\" href=\"https:\/\/reddit.com\/submit?url=https:\/\/orasul-timisoara.ro\/local-40008\/&amp;title=Dominic+Fritz%3A+%E2%80%9ENu+voi+ceda%E2%80%9D.+Primarul+Timi%C8%99oarei+reac%C8%9Bioneaz%C4%83+dup%C4%83+sanc%C8%9Biunea+aplicat%C4%83+%C3%AEn+cazul+ANI\" title=\"ReddIt\"><\/p>\n<div class=\"td-social-but-text\">ReddIt<\/div>\n<p><\/a><a class=\"td-social-sharing-button td-social-sharing-button-js td-social-network td-social-mail\" href=\"mailto:?subject=Dominic%20Fritz:%20%E2%80%9ENu%20voi%20ceda%E2%80%9D.%20Primarul%20Timi%C8%99oarei%20reac%C8%9Bioneaz%C4%83%20dup%C4%83%20sanc%C8%9Biunea%20aplicat%C4%83%20%C3%AEn%20cazul%20ANI&amp;body=https:\/\/orasul-timisoara.ro\/local-40008\/\" title=\"Email\"><\/p>\n<div class=\"td-social-but-text\">Email<\/div>\n<p><\/a><a class=\"td-social-sharing-button td-social-sharing-button-js td-social-network td-social-print\" href=\"https:\/\/orasul-timisoara.ro\/local-40008\/\" title=\"Imprimare\"><\/p>\n<div class=\"td-social-but-text\">Imprimare<\/div>\n<p><\/a><\/div>\n<\/div>\n<\/div>\n<div class=\"td-block-row td-post-next-prev\">\n<div class=\"td-block-span6 td-post-prev-post\">\n<div class=\"td-post-next-prev-content\"><span>Articolul precedent<\/span><a href=\"https:\/\/orasul-timisoara.ro\/local-40003\/\">Contractul de finan\u021bare pentru Institutul Regional de Oncologie Timi\u0219oara a fost semnat<\/a><\/div>\n<\/div>\n<div class=\"td-block-span6 td-post-next-post\">\n<div class=\"td-post-next-prev-content\"><span>Articolul urm\u0103tor<\/span><a href=\"https:\/\/orasul-timisoara.ro\/local-40011\/\">Prefectul de Timi\u0219: Dominic Fritz r\u0103m\u00e2ne primar, dar prime\u0219te o sanc\u021biune salarial\u0103<\/a><\/div>\n<\/div>\n<\/div>\n<div class=\"td-author-name vcard author\"><span class=\"fn\"><a href=\"https:\/\/orasul-timisoara.ro\/author\/timisoara\/\">redactia<\/a><\/span><\/div>\n<p><span class=\"td-page-meta\"><\/span><span class=\"td-page-meta\"><span class=\"td-page-meta\"><\/span><\/span><span class=\"td-page-meta\"><\/span><\/footer>\n<div class=\"td_block_wrap td_block_related_posts tdi_3 td_with_ajax_pagination td-pb-border-top td_block_template_8\" data-td-block-uid=\"tdi_3\">\n<h4 class=\"td-related-title td-block-title\"><a id=\"tdi_4\" class=\"td-related-left td-cur-simple-item\" data-td_filter_value data-td_block_id=\"tdi_3\" href=\"https:\/\/orasul-timisoara.ro\/local-40008\/\">ARTICOLE SIMILARE<\/a><a id=\"tdi_5\" class=\"td-related-right\" data-td_filter_value=\"td_related_more_from_author\" data-td_block_id=\"tdi_3\" href=\"https:\/\/orasul-timisoara.ro\/local-40008\/\">DE LA ACELA\u0218I AUTOR<\/a><\/h4>\n<div id=\"tdi_3\" class=\"td_block_inner\">\n<div class=\"td-related-row\">\n<div class=\"td-related-span4\">\n<div class=\"td_module_related_posts td-animation-stack td_mod_related_posts\">\n<div class=\"td-module-image\">\n<div class=\"td-module-thumb\"><a href=\"https:\/\/orasul-timisoara.ro\/local-40022\/\" rel=\"bookmark\" class=\"td-image-wrap \" title=\"Dominic Fritz propune o strategie pentru promovarea multiculturalit\u0103\u021bii \u00een Timi\u0219oara\"><img loading=\"lazy\" decoding=\"async\" class=\"entry-thumb\" src=\"https:\/\/orasul-timisoara.ro\/wp-content\/uploads\/2026\/08\/multicultural-436x300.jpg\" alt title=\"Dominic Fritz propune o strategie pentru promovarea multiculturalit\u0103\u021bii \u00een Timi\u0219oara\" width=\"218\" height=\"150\"><\/a><\/div>\n<\/div>\n<div class=\"item-details\">\n<h3 class=\"entry-title td-module-title\"><a href=\"https:\/\/orasul-timisoara.ro\/local-40022\/\" rel=\"bookmark\" title=\"Dominic Fritz propune o strategie pentru promovarea multiculturalit\u0103\u021bii \u00een Timi\u0219oara\">Dominic Fritz propune o strategie pentru promovarea multiculturalit\u0103\u021bii \u00een Timi\u0219oara<\/a><\/h3>\n<\/div>\n<\/div>\n<\/div>\n<div class=\"td-related-span4\">\n<div class=\"td_module_related_posts td-animation-stack td_mod_related_posts\">\n<div class=\"td-module-image\">\n<div class=\"td-module-thumb\"><a href=\"https:\/\/orasul-timisoara.ro\/local-40011\/\" rel=\"bookmark\" class=\"td-image-wrap \" title=\"Prefectul de Timi\u0219: Dominic Fritz r\u0103m\u00e2ne primar, dar prime\u0219te o sanc\u021biune salarial\u0103\"><img loading=\"lazy\" decoding=\"async\" class=\"entry-thumb\" src=\"https:\/\/orasul-timisoara.ro\/wp-content\/uploads\/2026\/08\/paul0finta-436x300.jpg\" alt title=\"Prefectul de Timi\u0219: Dominic Fritz r\u0103m\u00e2ne primar, dar prime\u0219te o sanc\u021biune salarial\u0103\" width=\"218\" height=\"150\"><\/a><\/div>\n<\/div>\n<div class=\"item-details\">\n<h3 class=\"entry-title td-module-title\"><a href=\"https:\/\/orasul-timisoara.ro\/local-40011\/\" rel=\"bookmark\" title=\"Prefectul de Timi\u0219: Dominic Fritz r\u0103m\u00e2ne primar, dar prime\u0219te o sanc\u021biune salarial\u0103\">Prefectul de Timi\u0219: Dominic Fritz r\u0103m\u00e2ne primar, dar prime\u0219te o sanc\u021biune salarial\u0103<\/a><\/h3>\n<\/div>\n<\/div>\n<\/div>\n<div class=\"td-related-span4\">\n<div class=\"td_module_related_posts td-animation-stack td_mod_related_posts\">\n<div class=\"td-module-image\">\n<div class=\"td-module-thumb\"><a href=\"https:\/\/orasul-timisoara.ro\/local-39943\/\" rel=\"bookmark\" class=\"td-image-wrap \" title=\"Opt proiecte importante pe masa Consiliului Local Timi\u0219oara \u00een \u0219edin\u021ba extraordinar\u0103 din 4 august\"><img loading=\"lazy\" decoding=\"async\" class=\"entry-thumb\" src=\"https:\/\/orasul-timisoara.ro\/wp-content\/uploads\/2021\/01\/primaria-timisoara.jpg\" alt title=\"Opt proiecte importante pe masa Consiliului Local Timi\u0219oara \u00een \u0219edin\u021ba extraordinar\u0103 din 4 august\" width=\"218\" height=\"150\"><\/a><\/div>\n<\/div>\n<div class=\"item-details\">\n<h3 class=\"entry-title td-module-title\"><a href=\"https:\/\/orasul-timisoara.ro\/local-39943\/\" rel=\"bookmark\" title=\"Opt proiecte importante pe masa Consiliului Local Timi\u0219oara \u00een \u0219edin\u021ba extraordinar\u0103 din 4 august\">Opt proiecte importante pe masa Consiliului Local Timi\u0219oara \u00een \u0219edin\u021ba extraordinar\u0103 din 4 august<\/a><\/h3>\n<\/div>\n<\/div>\n<\/div>\n<\/div>\n<\/div>\n<\/div>\n<div class=\"comments\" id=\"comments\">\n<div id=\"respond\" class=\"comment-respond\">\n<h3 id=\"reply-title\" class=\"comment-reply-title\">L\u0102SA\u021aI UN MESAJ<\/h3>\n<div class=\"comment-form-input-wrap td-form-comment\">\n<div class=\"td-warning-comment\">V\u0103 rug\u0103m s\u0103 introduce\u021bi comentariul dvs.!<\/div>\n<\/div>\n<div class=\"comment-form-input-wrap td-form-author\">\n<div class=\"td-warning-author\">Introduce\u021bi aici numele dvs.<\/div>\n<\/div>\n<div class=\"comment-form-input-wrap td-form-email\">\n<div class=\"td-warning-email-error\">A\u021bi introdus o adres\u0103 de e-mail incorect\u0103!<\/div>\n<div class=\"td-warning-email\">V\u0103 rug\u0103m s\u0103 introduce\u021bi adresa dvs. de e-mail aici<\/div>\n<\/div>\n<\/div>\n<p class=\"akismet_comment_form_privacy_notice\">Acest site folose\u0219te Akismet pentru a reduce spamul. <a href=\"https:\/\/akismet.com\/privacy\/\" target=\"_blank\" rel=\"nofollow noopener\">Afl\u0103 cum sunt procesate datele comentariilor tale<\/a>.<\/p>\n<\/div>\n<\/div>\n<\/div>\n<div class=\"td-pb-span4 td-main-sidebar\" role=\"complementary\">\n<div class=\"td-ss-main-sidebar\">\n<aside id=\"block-4\" class=\"td_block_template_8 widget block-4 widget_block widget_media_image\">\n<figure class=\"wp-block-image size-full\"><img loading=\"lazy\" decoding=\"async\" width=\"336\" height=\"280\" src=\"https:\/\/orasul-timisoara.ro\/wp-content\/uploads\/2024\/11\/ReTIM-Abonamentul-Verde-Google-Ads-336x280px.gif\" alt class=\"wp-image-29257\"><\/figure>\n<\/aside>\n<div class=\"td_block_wrap td_block_social_counter td_block_widget tdi_6 td-social-style5 td-social-boxed td-pb-border-top td_block_template_8\">\n<div class=\"td-block-title-wrap\">\n<h4 class=\"td-block-title\"><span>Urm\u0103re\u0219te-ne pe Social Media<\/span><\/h4>\n<\/div>\n<div class=\"td-social-list\">\n<div class=\"td_social_type td-pb-margin-side td_social_facebook\">\n<div class=\"td-social-box\"><span class=\"td_social_info td_social_info_counter\">344,595<\/span><span class=\"td_social_info td_social_info_name\">Fani<\/span><span class=\"td_social_button\"><a href=\"https:\/\/www.facebook.com\/247timisoara\" target=\"_blank\" rel=\"nofollow\">\u00cemi place<\/a><\/span><\/div>\n<\/div>\n<div class=\"td_social_type td-pb-margin-side td_social_instagram\">\n<div class=\"td-social-box\"><span class=\"td_social_info td_social_info_counter\">4,416<\/span><span class=\"td_social_info td_social_info_name\">Cititori<\/span><span class=\"td_social_button\"><a href=\"https:\/\/instagram.com\/orasultimisoararo\/\" target=\"_blank\" rel=\"nofollow\">Conecta\u021bi-v\u0103<\/a><\/span><\/div>\n<\/div>\n<div class=\"td_social_type td-pb-margin-side td_social_rss\">\n<div class=\"td-social-box\"><span class=\"td_social_info td_social_info_counter\">12,506<\/span><span class=\"td_social_info td_social_info_name\">Cititori<\/span><span class=\"td_social_button\"><a href=\"https:\/\/orasul-timisoara.ro\/feed\/\" target=\"_blank\" rel=\"nofollow\">Conecta\u021bi-v\u0103<\/a><\/span><\/div>\n<\/div>\n<div class=\"td_social_type td-pb-margin-side td_social_tiktok\">\n<div class=\"td-social-box\"><span class=\"td_social_info td_social_info_counter\">1,500<\/span><span class=\"td_social_info td_social_info_name\">Cititori<\/span><span class=\"td_social_button\"><a href=\"https:\/\/www.tiktok.com\/@orasultimisoara\" target=\"_blank\" rel=\"nofollow\">Conecta\u021bi-v\u0103<\/a><\/span><\/div>\n<\/div>\n<div class=\"td_social_type td-pb-margin-side td_social_twitter\">\n<div class=\"td-social-box\"><span class=\"td_social_info td_social_info_counter\">1,595<\/span><span class=\"td_social_info td_social_info_name\">Cititori<\/span><span class=\"td_social_button\"><a href=\"https:\/\/twitter.com\/orasultm\" target=\"_blank\" rel=\"nofollow\">Conecta\u021bi-v\u0103<\/a><\/span><\/div>\n<\/div>\n<div class=\"td_social_type td-pb-margin-side td_social_youtube\">\n<div class=\"td-social-box\"><span class=\"td_social_info td_social_info_counter\">3,506<\/span><span class=\"td_social_info td_social_info_name\">Abona\u021bi<\/span><span class=\"td_social_button\"><a href=\"https:\/\/www.youtube.com\/channel\/UCQNsQvs2XCSIm1Z-AHRturw?sub_confirmation=1\" target=\"_blank\" rel=\"nofollow\">Abona\u021bi-v\u0103<\/a><\/span><\/div>\n<\/div>\n<\/div>\n<\/div>\n<aside id=\"text-7\" class=\"td_block_template_8 widget text-7 widget_text\">\n<h4 class=\"td-block-title\"><span>C\u0103ut\u0103ri populare pe OTM<\/span><\/h4>\n<div class=\"textwidget\"><a href=\"https:\/\/orasul-timisoara.ro\/?s=timisoara\"><span>Timisoara<\/span><\/a><a href=\"https:\/\/orasul-timisoara.ro\/?s=calin+dobra\"><span>Calin Dobra<\/span><\/a><a href=\"https:\/\/orasul-timisoara.ro\/?s=primaria+timisoara\"><span>Primaria Timisoara<\/span><\/a><a href=\"https:\/\/orasul-timisoara.ro\/?s=dominic+fritz\"><span>Dominic Fritz<\/span><\/a><a href=\"https:\/\/orasul-timisoara.ro\/?s=nicolae+robu\"><span>Nicolae Robu<\/span><\/a><a href=\"https:\/\/orasul-timisoara.ro\/?s=consiliul+local+timisoara\">Consiliul Local Timisoara<\/a><a href=\"https:\/\/orasul-timisoara.ro\/?s=consiliul+judetean+timis\"><span>Consiliul Judetean Timis<\/span><\/a><a href=\"https:\/\/orasul-timisoara.ro\/?s=cjt\"><span>CJT<\/span><\/a><a href=\"https:\/\/orasul-timisoara.ro\/?s=Alfred+Simonis\"><span>Alfred Simonis<\/span><\/a><a href=\"https:\/\/orasul-timisoara.ro\/?s=PNL\"><span>PNL<\/span><\/a><a href=\"https:\/\/orasul-timisoara.ro\/?s=coronavirus\"><span>coronavirus<\/span><\/a><a href=\"https:\/\/orasul-timisoara.ro\/?s=teatru+timisoara\">teatru Timisoara<\/a><a href=\"https:\/\/orasul-timisoara.ro\/?s=restaurante\"><span>restaurante Timisoara<\/span><\/a><a href=\"https:\/\/orasul-timisoara.ro\/?s=diskoteka\"><span>Diskoteka<\/span><\/a><a href=\"https:\/\/orasul-timisoara.ro\/?s=iulius+town\"><span>Iulius Town<\/span><\/a><a href=\"https:\/\/orasul-timisoara.ro\/?s=iulius+mall\"><span>Iulius Mall<\/span><\/a><a href=\"https:\/\/orasul-timisoara.ro\/?s=stpt\"><span>STPT<\/span><\/a><a href=\"https:\/\/orasul-timisoara.ro\/?s=alin+nica\"><span>Alin Nica<\/span><\/a><a href=\"https:\/\/orasul-timisoara.ro\/?s=psd\"><span>PSD<\/span><\/a><a href=\"https:\/\/orasul-timisoara.ro\/?s=aeroport\"><span>Aeroportul International Timisoara<\/span><\/a><a href=\"https:\/\/orasul-timisoara.ro\/?s=babes\"><span>Spitalul Victor Babes Timisoara<\/span><\/a><a href=\"https:\/\/orasul-timisoara.ro\/?s=poli\"><span>Poli Timi\u0219oara<\/span><\/a><a href=\"https:\/\/orasul-timisoara.ro\/?s=carantina\"><span>carantina<\/span><\/a><a href=\"https:\/\/orasul-timisoara.ro\/?s=aquatim\"><span>Aquatim<\/span><\/a><a href=\"https:\/\/orasul-timisoara.ro\/local-category\/stiri-timisoara\/\"><span>Stiri Timisoara<\/span><\/a><a href=\"https:\/\/orasul-timisoara.ro\/local-category\/investitii-in-timisoara\/\"><span>Investi\u021bii in Timi\u0219oara<\/span><\/a><a href=\"https:\/\/orasul-timisoara.ro\/local-9463\/\"><span>shaorma<\/span><\/a><a href=\"https:\/\/orasul-timisoara.ro\/?s=trafic\"><span>trafic rutier<\/span><\/a><a href=\"https:\/\/orasul-timisoara.ro\/?s=politia\"><span>politia locala timisoara<\/span><\/a><a href=\"https:\/\/orasul-timisoara.ro\/?s=roxana\"><span>Roxana Iliescu<\/span><\/a><a href=\"https:\/\/orasul-timisoara.ro\/?s=colterm\"><span>Colterm<\/span><\/a><a href=\"https:\/\/orasul-timisoara.ro\/?s=latcau\"><span>Ruben La\u021bc\u0103u<\/span><\/a><a href=\"https:\/\/orasul-timisoara.ro\/?s=timis\"><span>\u0218tiri din Timi\u0219<\/span><\/a><a href=\"https:\/\/orasul-timisoara.ro\/?s=spital\"><span>Spitale din Timi\u0219oara<\/span><\/a><a href=\"https:\/\/orasul-timisoara.ro\/?s=tabara\"><span>Cosmin Tab\u0103r\u0103<\/span><\/a><\/div>\n<\/aside>\n<aside id=\"rss-2\" class=\"td_block_template_8 widget rss-2 widget_rss\">\n<h4 class=\"td-block-title\"><span><a class=\"rsswidget rss-widget-feed\" href=\"https:\/\/fashionfridays.ro\/feed\"><img decoding=\"async\" class=\"rss-widget-icon\" width=\"14\" height=\"14\" src=\"https:\/\/orasul-timisoara.ro\/wp-includes\/images\/rss.png\" alt=\"RSS\" loading=\"lazy\"><\/a><a class=\"rsswidget rss-widget-title\" href=\"https:\/\/fashionfridays.ro\/\">Fashion Fridays<\/a><\/span><\/h4>\n<ul>\n<li><a class=\"rsswidget\" href=\"https:\/\/fashionfridays.ro\/romania-devine-a-29-a-piata-vogue-o-noua-era-pentru-industria-locala-de-moda\/\">Rom\u00e2nia devine a 29-a pia\u021b\u0103 Vogue: o nou\u0103 er\u0103 pentru industria local\u0103 de mod\u0103<\/a>\n<div class=\"rssSummary\">Revista Vogue \u00ee\u0219i extinde prezen\u021ba global\u0103 \u0219i va fi lansat\u0103 oficial \u00een Rom\u00e2nia \u00een prim\u0103vara anului 2027, marc\u00e2nd intrarea pe cea de-a 29-a pia\u021b\u0103 interna\u021bional\u0103. Proiectul este realizat \u00een parteneriat cu AEMME Publishing, o companie media recent \u00eenfiin\u021bat\u0103, care va publica edi\u021bia local\u0103 sub licen\u021b\u0103. Noua edi\u021bie, Vogue Rom\u00e2nia, \u00ee\u0219i propune s\u0103 combine autoritatea global\u0103 [\u2026]<\/div>\n<\/li>\n<\/ul>\n<\/aside>\n<aside id=\"rss-4\" class=\"td_block_template_8 widget rss-4 widget_rss\">\n<h4 class=\"td-block-title\"><span><a class=\"rsswidget rss-widget-feed\" href=\"https:\/\/emasini.ro\/feed\"><img decoding=\"async\" class=\"rss-widget-icon\" width=\"14\" height=\"14\" src=\"https:\/\/orasul-timisoara.ro\/wp-includes\/images\/rss.png\" alt=\"RSS\" loading=\"lazy\"><\/a><a class=\"rsswidget rss-widget-title\" href=\"https:\/\/emasini.ro\/\">eMasini<\/a><\/span><\/h4>\n<ul>\n<li><a class=\"rsswidget\" href=\"https:\/\/emasini.ro\/bmw-testeaza-noul-i4-convertible-primul-cabrio-electric-accesibil-al-marcii\/\">BMW testeaz\u0103 noul i4 Convertible, primul cabrio electric accesibil al m\u0103rcii<\/a>\n<div class=\"rssSummary\">BMW accelereaz\u0103 dezvoltarea noii genera\u021bii de modele electrice bazate pe platforma Neue Klasse, iar unul dintre cele mai interesante proiecte aflate \u00een teste este viitorul BMW i4 Convertible. Prototipul camuflat a fost surprins pe \u0219osele, confirm\u00e2nd c\u0103 produc\u0103torul german preg\u0103te\u0219te o decapotabil\u0103 electric\u0103 destinat\u0103 unui segment \u00een care oferta este, \u00een prezent, extrem de limitat\u0103. [\u2026]<\/div>\n<\/li>\n<\/ul>\n<\/aside>\n<\/div>\n<\/div>\n<\/div>\n<\/div>\n<\/article>\n<div class=\"td-post-content tagdiv-type\">\n<p class=\"wp-block-paragraph\">Primarul municipiului Timi\u0219oara, Dominic Fritz, a anun\u021bat c\u0103 Prefectura Timi\u0219 a emis ordinul prin care indemniza\u021bia sa va fi diminuat\u0103 cu 10% pentru o perioad\u0103 de \u0219ase luni, ca urmare a unei sanc\u021biuni aplicate \u00een cazul conflictului de interese constatat de Agen\u021bia Na\u021bional\u0103 de Integritate (ANI).<\/p>\n<p class=\"wp-block-paragraph\">\u00centr-o postare publicat\u0103 pe Facebook, edilul afirm\u0103 c\u0103 ia act de sanc\u021biunea prev\u0103zut\u0103 de lege, \u00eens\u0103 sus\u021bine c\u0103 situa\u021bia pentru care a fost sanc\u021bionat este legat\u0103 de supunerea la vot \u00een Consiliul Local a unui Plan Urbanistic Zonal (PUZ) elaborat \u00eenainte ca el s\u0103 devin\u0103 primar.<\/p>\n<h2 class=\"wp-block-heading\">Dominic Fritz: \u201eIau act de aceast\u0103 sanc\u021biune cu capul sus\u201d<\/h2>\n<p class=\"wp-block-paragraph\">Primarul Timi\u0219oarei spune c\u0103 va respecta prevederile legale \u0219i c\u0103 diminuarea salariului reprezint\u0103 sanc\u021biunea stabilit\u0103 \u00een urma deciziei ANI.<\/p>\n<p class=\"wp-block-paragraph\">\u201eAzi am primit sanc\u021biunea oficial\u0103 pentru \u00abconflictul de interese\u00bb din 2020 constatat de ANI. Prefectura Timi\u0219 a emis ordinul prin care mi se taie 10% din salariu pentru urm\u0103toarele \u0219ase luni. A\u0219a spune legea\u201d, a transmis Dominic Fritz.<\/p>\n<p class=\"wp-block-paragraph\">Acesta a ad\u0103ugat c\u0103, \u00een opinia sa, \u201edreptul \u0219i dreptatea nu sunt \u00eentotdeauna acela\u0219i lucru\u201d.<\/p>\n<h2 class=\"wp-block-heading\">Edilul contest\u0103 acuza\u021biile formulate \u00eempotriva sa<\/h2>\n<p class=\"wp-block-paragraph\">\u00cen mesajul public, Dominic Fritz afirm\u0103 c\u0103 fapta re\u021binut\u0103 \u00een sarcina sa const\u0103 \u00een supunerea la vot a unui PUZ care fusese elaborat \u00eenainte de preluarea mandatului de primar.<\/p>\n<p class=\"wp-block-paragraph\">El sus\u021bine c\u0103 nu consider\u0103 c\u0103 a beneficiat de un proces echitabil \u0219i afirm\u0103 c\u0103 \u00eempotriva sa ar fi existat o campanie politic\u0103 desf\u0103\u0219urat\u0103 de Partidul Social Democrat.<\/p>\n<h2 class=\"wp-block-heading\">Referiri la un caz similar din jude\u021bul Timi\u0219<\/h2>\n<p class=\"wp-block-paragraph\">Dominic Fritz sus\u021bine c\u0103 reprezentan\u021bi ai PSD au afirmat \u00een mod repetat c\u0103 sanc\u021biunea \u00een cazul s\u0103u ar fi trebuit s\u0103 fie \u00eencetarea mandatului de primar.<\/p>\n<p class=\"wp-block-paragraph\">Edilul aminte\u0219te \u00eens\u0103 c\u0103, \u00een anul 2023, prefectul jude\u021bului Timi\u0219 a aplicat primarului ora\u0219ului Reca\u0219, aflat \u00eentr-o situa\u021bie pe care o consider\u0103 similar\u0103, sanc\u021biunea const\u00e2nd \u00een diminuarea indemniza\u021biei, \u0219i nu \u00eencetarea mandatului.<\/p>\n<h2 class=\"wp-block-heading\">Critici privind modificarea legisla\u021biei<\/h2>\n<p class=\"wp-block-paragraph\">\u00cen aceea\u0219i postare, primarul Timi\u0219oarei afirm\u0103 c\u0103 exist\u0103 inten\u021bia modific\u0103rii legisla\u021biei astfel \u00eenc\u00e2t sanc\u021biunile aplicabile \u00een astfel de situa\u021bii s\u0103 fie schimbate.<\/p>\n<p class=\"wp-block-paragraph\">Dominic Fritz consider\u0103 c\u0103 o eventual\u0103 aplicare retroactiv\u0103 a unor asemenea prevederi ar contraveni Constitu\u021biei \u0219i sus\u021bine c\u0103 o astfel de m\u0103sur\u0103 ar reprezenta o atingere adus\u0103 votului exprimat de cet\u0103\u021beni.<\/p>\n<h2 class=\"wp-block-heading\">Dominic Fritz: \u201eNu voi ceda\u201d<\/h2>\n<p class=\"wp-block-paragraph\">La finalul mesajului, primarul Timi\u0219oarei afirm\u0103 c\u0103 va continua activitatea administrativ\u0103 \u0219i c\u0103 nu inten\u021bioneaz\u0103 s\u0103 renun\u021be la mandatul s\u0103u.<\/p>\n<p class=\"wp-block-paragraph\">\u201eNu voi ceda. Nu voi abandona nici Timi\u0219oara, nici lupta pentru o Rom\u00e2nie dreapt\u0103. Nu duc lupta asta pentru mine, ci pentru cei care \u0219i-au pus \u00eencrederea \u0219i speran\u021ba \u00een schimb\u0103rile pe care reu\u0219im s\u0103 le facem \u00een Timi\u0219oara \u0219i \u00een \u021bar\u0103\u201d, a transmis Dominic Fritz.<\/p>\n<p class=\"wp-block-paragraph\">Edilul le-a mul\u021bumit celor care i-au transmis mesaje de sus\u021binere \u0219i a declarat c\u0103 este convins c\u0103 va continua aceast\u0103 lupt\u0103 al\u0103turi de colegii s\u0103i \u0219i de cet\u0103\u021benii care \u00eei \u00eemp\u0103rt\u0103\u0219esc valorile.<\/p>\n<\/div>\n<p>[analyse_source url=&#8221;https:\/\/orasul-timisoara.ro\/local-40008\/&#8221;]<\/p>\n","protected":false},"excerpt":{"rendered":"<p>[analyse_image type=&#8221;featured&#8221; src=&#8221;https:\/\/orasul-timisoara.ro\/wp-content\/uploads\/2026\/08\/dominic-fritz-banca.jpg&#8221;] Administra\u021bie local\u0103Dominic Fritz: \u201eNu voi ceda\u201d. Primarul Timi\u0219oarei reac\u021bioneaz\u0103 dup\u0103 sanc\u021biunea aplicat\u0103 \u00een&#8230; Administra\u021bie local\u0103 Politic \u0218tiri Locale \u0218tiri na\u021bionale \u0219i interna\u021bionale Dominic Fritz: \u201eNu voi ceda\u201d. Primarul Timi\u0219oarei reac\u021bioneaz\u0103 dup\u0103 sanc\u021biunea aplicat\u0103 \u00een cazul ANI De c\u0103tre redactia &#8211; 04\/08\/2026 Facebook Twitter WhatsApp Linkedin ReddIt Email Imprimare Primarul municipiului Timi\u0219oara, Dominic [&hellip;]<\/p>\n","protected":false},"author":1,"featured_media":0,"comment_status":"open","ping_status":"","sticky":false,"template":"","format":"standard","meta":{"footnotes":""},"categories":[89],"tags":[226,189],"class_list":["post-2077752","post","type-post","status-publish","format-standard","hentry","category-romania","tag-crawlmanager","tag-orasul-timisoara-ro"],"_links":{"self":[{"href":"https:\/\/analyse.optim.biz\/index.php?rest_route=\/wp\/v2\/posts\/2077752","targetHints":{"allow":["GET"]}}],"collection":[{"href":"https:\/\/analyse.optim.biz\/index.php?rest_route=\/wp\/v2\/posts"}],"about":[{"href":"https:\/\/analyse.optim.biz\/index.php?rest_route=\/wp\/v2\/types\/post"}],"author":[{"embeddable":true,"href":"https:\/\/analyse.optim.biz\/index.php?rest_route=\/wp\/v2\/users\/1"}],"replies":[{"embeddable":true,"href":"https:\/\/analyse.optim.biz\/index.php?rest_route=%2Fwp%2Fv2%2Fcomments&post=2077752"}],"version-history":[{"count":0,"href":"https:\/\/analyse.optim.biz\/index.php?rest_route=\/wp\/v2\/posts\/2077752\/revisions"}],"wp:attachment":[{"href":"https:\/\/analyse.optim.biz\/index.php?rest_route=%2Fwp%2Fv2%2Fmedia&parent=2077752"}],"wp:term":[{"taxonomy":"category","embeddable":true,"href":"https:\/\/analyse.optim.biz\/index.php?rest_route=%2Fwp%2Fv2%2Fcategories&post=2077752"},{"taxonomy":"post_tag","embeddable":true,"href":"https:\/\/analyse.optim.biz\/index.php?rest_route=%2Fwp%2Fv2%2Ftags&post=2077752"}],"curies":[{"name":"wp","href":"https:\/\/api.w.org\/{rel}","templated":true}]}}