{"id":2077751,"date":"2026-08-04T12:41:28","date_gmt":"2026-08-04T09:41:28","guid":{"rendered":"https:\/\/analyse.optim.biz\/?p=2077751"},"modified":"2026-08-04T12:41:28","modified_gmt":"2026-08-04T09:41:28","slug":"contractul-de-finantare-pentru-institutul-regional-de-oncologie-timisoara-a-fost-semnat","status":"publish","type":"post","link":"https:\/\/analyse.optim.biz\/?p=2077751","title":{"rendered":"Contractul de finan\u021bare pentru Institutul Regional de Oncologie Timi\u0219oara a fost semnat"},"content":{"rendered":"<p>[analyse_image type=&#8221;featured&#8221; src=&#8221;https:\/\/orasul-timisoara.ro\/wp-content\/uploads\/2026\/08\/Institutul-Regional-de-Oncologie-Timisoara.-3.jpg&#8221;]<\/p>\n<article id=\"post-40003\" class=\"td-post-template-7 post-40003 post type-post status-publish format-standard has-post-thumbnail category-administratie category-featured category-investitii-in-timisoara category-sanatate category-stiri-timisoara tag-alfred-simonis tag-centrul-pentru-mari-arsi tag-consiliul-judetean-timis-2 tag-infrastructura-medicala tag-institutul-regional-de-oncologie-timisoara tag-investitii-2 tag-judetul-timis-2 tag-nzeb tag-sanatate-2 tag-spital-oncologic tag-spitalul-judetean-timisoara-2 tag-stiri-timisoara tag-timisoara-2 td-container-wrap\">\n<div class=\"td-full-screen-header-image-wrap\">\n<div class=\"td-container td-post-header\">\n<div class=\"td-crumb-container\">\n<div class=\"entry-crumbs\"><span><a title=\"Vede\u021bi toate articolele \u00een Administra\u021bie local\u0103\" class=\"entry-crumb\" href=\"https:\/\/orasul-timisoara.ro\/local-category\/administratie\/\">Administra\u021bie local\u0103<\/a><\/span><span class=\"td-bred-no-url-last\">Contractul de finan\u021bare pentru Institutul Regional de Oncologie Timi\u0219oara a fost semnat<\/span><\/div>\n<\/div>\n<div class=\"td-post-header-holder\">\n<div class=\"td-parallax-header\">\n<header class=\"td-post-title\">\n<ul class=\"td-category\">\n<li class=\"entry-category\"><a href=\"https:\/\/orasul-timisoara.ro\/local-category\/administratie\/\">Administra\u021bie local\u0103<\/a><\/li>\n<li class=\"entry-category\"><a href=\"https:\/\/orasul-timisoara.ro\/local-category\/investitii-in-timisoara\/\">Investitii in Timisoara<\/a><\/li>\n<li class=\"entry-category\"><a href=\"https:\/\/orasul-timisoara.ro\/local-category\/sanatate\/\">S\u0103n\u0103tate<\/a><\/li>\n<li class=\"entry-category\"><a href=\"https:\/\/orasul-timisoara.ro\/local-category\/stiri-timisoara\/\">\u0218tiri Locale<\/a><\/li>\n<\/ul>\n<h1 class=\"entry-title\">Contractul de finan\u021bare pentru Institutul Regional de Oncologie Timi\u0219oara a fost semnat<\/h1>\n<div class=\"td-module-meta-info\">\n<div class=\"td-post-author-name\">\n<div class=\"td-author-by\">De c\u0103tre<\/div>\n<p><a href=\"https:\/\/orasul-timisoara.ro\/author\/timisoara\/\">redactia<\/a><\/p>\n<div class=\"td-author-line\"> &#8211; <\/div>\n<\/div>\n<p><span class=\"td-post-date\"><time class=\"entry-date updated td-module-date\" datetime=\"2026-08-04T15:41:28+03:00\">04\/08\/2026<\/time><\/span><\/div>\n<\/header>\n<\/div>\n<\/div>\n<\/div>\n<div id=\"td-full-screen-header-image\" class=\"td-image-gradient-style7\"><img decoding=\"async\" class=\"td-backstretch\" src=\"https:\/\/orasul-timisoara.ro\/wp-content\/uploads\/2026\/08\/Institutul-Regional-de-Oncologie-Timisoara.-3.jpg\"><\/div>\n<\/div>\n<div class=\"td-container\">\n<div class=\"td-pb-row\">\n<div class=\"td-pb-span8 td-main-content\" role=\"main\">\n<div class=\"td-ss-main-content\">\n<div class=\"td-post-sharing-top\">\n<div class=\"td-post-sharing-classic\"><iframe title=\"topFacebookLike\" frameborder src=\"https:\/\/www.facebook.com\/plugins\/like.php?href=https:\/\/orasul-timisoara.ro\/local-40003\/&amp;layout=button_count&amp;show_faces=false&amp;width=105&amp;action=like&amp;colorscheme=light&amp;height=21\"><\/iframe><\/div>\n<div id=\"td_social_sharing_article_top\" class=\"td-post-sharing td-ps-bg td-ps-notext td-post-sharing-style1 \">\n<div class=\"td-post-sharing-visible\"><a class=\"td-social-sharing-button td-social-sharing-button-js td-social-network td-social-facebook\" href=\"https:\/\/www.facebook.com\/sharer.php?u=https%3A%2F%2Forasul-timisoara.ro%2Flocal-40003%2F\" title=\"Facebook\"><\/p>\n<div class=\"td-social-but-text\">Facebook<\/div>\n<p><\/a><a class=\"td-social-sharing-button td-social-sharing-button-js td-social-network td-social-twitter\" href=\"https:\/\/twitter.com\/intent\/tweet?text=Contractul+de+finan%C8%9Bare+pentru+Institutul+Regional+de+Oncologie+Timi%C8%99oara+a+fost+semnat&amp;url=https%3A%2F%2Forasul-timisoara.ro%2Flocal-40003%2F&amp;via=orasultm\" title=\"Twitter\"><\/p>\n<div class=\"td-social-but-text\">Twitter<\/div>\n<p><\/a><a class=\"td-social-sharing-button td-social-sharing-button-js td-social-network td-social-whatsapp\" href=\"https:\/\/api.whatsapp.com\/send?text=Contractul+de+finan%C8%9Bare+pentru+Institutul+Regional+de+Oncologie+Timi%C8%99oara+a+fost+semnat%20%0A%0A%20https:\/\/orasul-timisoara.ro\/local-40003\/\" title=\"WhatsApp\"><\/p>\n<div class=\"td-social-but-text\">WhatsApp<\/div>\n<p><\/a><a class=\"td-social-sharing-button td-social-sharing-button-js td-social-network td-social-linkedin\" href=\"https:\/\/www.linkedin.com\/shareArticle?mini=true&amp;url=https:\/\/orasul-timisoara.ro\/local-40003\/&amp;title=Contractul+de+finan%C8%9Bare+pentru+Institutul+Regional+de+Oncologie+Timi%C8%99oara+a+fost+semnat\" title=\"Linkedin\"><\/p>\n<div class=\"td-social-but-text\">Linkedin<\/div>\n<p><\/a><a class=\"td-social-sharing-button td-social-sharing-button-js td-social-network td-social-reddit\" href=\"https:\/\/reddit.com\/submit?url=https:\/\/orasul-timisoara.ro\/local-40003\/&amp;title=Contractul+de+finan%C8%9Bare+pentru+Institutul+Regional+de+Oncologie+Timi%C8%99oara+a+fost+semnat\" title=\"ReddIt\"><\/p>\n<div class=\"td-social-but-text\">ReddIt<\/div>\n<p><\/a><a class=\"td-social-sharing-button td-social-sharing-button-js td-social-network td-social-mail\" href=\"mailto:?subject=Contractul%20de%20finan%C8%9Bare%20pentru%20Institutul%20Regional%20de%20Oncologie%20Timi%C8%99oara%20a%20fost%20semnat&amp;body=https:\/\/orasul-timisoara.ro\/local-40003\/\" title=\"Email\"><\/p>\n<div class=\"td-social-but-text\">Email<\/div>\n<p><\/a><a class=\"td-social-sharing-button td-social-sharing-button-js td-social-network td-social-print\" href=\"https:\/\/orasul-timisoara.ro\/local-40003\/\" title=\"Imprimare\"><\/p>\n<div class=\"td-social-but-text\">Imprimare<\/div>\n<p><\/a><\/div>\n<\/div>\n<\/div>\n<div class=\"td-post-content tagdiv-type\">\n<p class=\"wp-block-paragraph\">Construc\u021bia Institutului Regional de Oncologie Timi\u0219oara intr\u0103 \u00eentr-o nou\u0103 etap\u0103, dup\u0103 semnarea contractului de finan\u021bare al proiectului. Anun\u021bul a fost f\u0103cut de pre\u0219edintele Consiliului Jude\u021bean Timi\u0219, Alfred Simonis, care a precizat c\u0103, odat\u0103 cu acest pas, constructorul desemnat \u00een urma licita\u021biei poate \u00eencepe lucr\u0103rile la viitorul spital.<\/p>\n<p class=\"wp-block-paragraph\">Potrivit acestuia, investi\u021bia va transforma Timi\u0219oara \u00eentr-unul dintre cele mai importante centre oncologice din Rom\u00e2nia \u0219i va reprezenta cea mai mare unitate medical\u0103 de acest tip din vestul \u021b\u0103rii.<\/p>\n<h2 class=\"wp-block-heading\">Constructorul poate \u00eencepe lucr\u0103rile<\/h2>\n<p class=\"wp-block-paragraph\">Alfred Simonis a anun\u021bat c\u0103 semnarea contractului de finan\u021bare permite trecerea proiectului din etapa documenta\u021biei \u00een cea a execu\u021biei.<\/p>\n<p class=\"wp-block-paragraph\">\u201eA fost semnat contractul de finan\u021bare pentru Institutul Regional de Oncologie Timi\u0219oara. Asta \u00eenseamn\u0103 c\u0103, din acest moment, constructorul care a c\u00e2\u0219tigat licita\u021bia poate \u00eencepe construc\u021bia celui mai mare spital oncologic din vestul Rom\u00e2niei\u201d, a transmis pre\u0219edintele Consiliului Jude\u021bean Timi\u0219.<\/p>\n<h2 class=\"wp-block-heading\">Timi\u0219oara va deveni un centru regional pentru tratamentul cancerului<\/h2>\n<p class=\"wp-block-paragraph\">Potrivit lui Alfred Simonis, noul institut va consolida pozi\u021bia Timi\u0219oarei \u00een domeniul serviciilor medicale dedicate trat\u0103rii afec\u021biunilor oncologice.<\/p>\n<p class=\"wp-block-paragraph\">Edilul jude\u021bului consider\u0103 c\u0103 investi\u021bia va transforma municipiul \u00eentr-unul dintre cele mai importante centre de oncologie din Rom\u00e2nia, cu impact asupra \u00eentregii regiuni de vest.<\/p>\n<h2 class=\"wp-block-heading\">Un proiect de aproape 65.000 de metri p\u0103tra\u021bi<\/h2>\n<p class=\"wp-block-paragraph\">Viitorul Institut Regional de Oncologie va avea o suprafa\u021b\u0103 desf\u0103\u0219urat\u0103 de aproape 65.000 de metri p\u0103tra\u021bi \u0219i va fi construit conform standardului nZEB (nearly Zero Energy Building), ceea ce presupune un consum de energie aproape egal cu zero.<\/p>\n<p class=\"wp-block-paragraph\">Alfred Simonis a subliniat c\u0103 este vorba despre un proiect cu un grad ridicat de complexitate tehnic\u0103, care va contribui la modernizarea infrastructurii medicale din vestul Rom\u00e2niei.<\/p>\n<figure class=\"wp-block-gallery has-nested-images columns-default is-cropped td-modal-on-gallery wp-block-gallery-1 is-layout-flex wp-block-gallery-is-layout-flex\">\n<figure class=\"wp-block-image size-large\"><img loading=\"lazy\" decoding=\"async\" width=\"1920\" height=\"1080\" data-id=\"40004\" src=\"https:\/\/orasul-timisoara.ro\/wp-content\/uploads\/2026\/08\/Institutul-Regional-de-Oncologie-Timisoara.-1.jpg\" alt class=\"wp-image-40004\"><\/figure>\n<figure class=\"wp-block-image size-large\"><img loading=\"lazy\" decoding=\"async\" width=\"1920\" height=\"1080\" data-id=\"40006\" src=\"https:\/\/orasul-timisoara.ro\/wp-content\/uploads\/2026\/08\/Institutul-Regional-de-Oncologie-Timisoara.-2.jpg\" alt class=\"wp-image-40006\"><\/figure>\n<figure class=\"wp-block-image size-large\"><img loading=\"lazy\" decoding=\"async\" width=\"1920\" height=\"1080\" data-id=\"40005\" src=\"https:\/\/orasul-timisoara.ro\/wp-content\/uploads\/2026\/08\/Institutul-Regional-de-Oncologie-Timisoara.-3.jpg\" alt class=\"wp-image-40005\"><\/figure>\n<\/figure>\n<h2 class=\"wp-block-heading\">Una dintre cele mai importante investi\u021bii \u00een s\u0103n\u0103tate din ultimele decenii<\/h2>\n<p class=\"wp-block-paragraph\">Pre\u0219edintele Consiliului Jude\u021bean Timi\u0219 afirm\u0103 c\u0103 Institutul Regional de Oncologie \u0219i Centrul pentru Mari Ar\u0219i de la Spitalul Clinic Jude\u021bean de Urgen\u021b\u0103 \u201ePius Br\u00eenzeu\u201d din Timi\u0219oara reprezint\u0103 cele mai importante investi\u021bii \u00een domeniul s\u0103n\u0103t\u0103\u021bii realizate \u00een vestul \u021b\u0103rii \u00een ultimii 30 de ani.<\/p>\n<p class=\"wp-block-paragraph\">Potrivit acestuia, Centrul pentru Mari Ar\u0219i se afl\u0103 \u00een etapa final\u0103 de realizare, iar cele dou\u0103 proiecte vor contribui semnificativ la dezvoltarea sistemului medical regional.<\/p>\n<h2 class=\"wp-block-heading\">Investi\u021bii a\u0219teptate de zeci de ani<\/h2>\n<p class=\"wp-block-paragraph\">\u00cen mesajul publicat pe Facebook, Alfred Simonis a ar\u0103tat c\u0103 at\u00e2t Institutul Regional de Oncologie, c\u00e2t \u0219i Centrul pentru Mari Ar\u0219i sunt investi\u021bii a\u0219teptate de foarte mult timp de locuitorii jude\u021bului Timi\u0219 \u0219i ai regiunii de vest.<\/p>\n<p class=\"wp-block-paragraph\">\u201eSunt proiecte pe care timi\u0219enii le a\u0219teapt\u0103 de zeci de ani \u0219i care vor schimba modul \u00een care sunt trata\u021bi pacien\u021bii\u201d, a transmis pre\u0219edintele Consiliului Jude\u021bean Timi\u0219.<\/p>\n<p class=\"wp-block-paragraph\">Prin demararea lucr\u0103rilor la Institutul Regional de Oncologie, autorit\u0103\u021bile estimeaz\u0103 c\u0103 infrastructura medical\u0103 din Timi\u0219oara va face un pas important spre dezvoltarea unor servicii moderne dedicate diagnostic\u0103rii \u0219i trat\u0103rii pacien\u021bilor oncologici.<\/p>\n<\/div>\n<footer>\n<div class=\"td-post-source-tags\">\n<ul class=\"td-tags td-post-small-box clearfix\">\n<li><span>ETICHETE<\/span><\/li>\n<li><a href=\"https:\/\/orasul-timisoara.ro\/local-tag\/alfred-simonis\/\">alfred simonis<\/a><\/li>\n<li><a href=\"https:\/\/orasul-timisoara.ro\/local-tag\/centrul-pentru-mari-arsi\/\">Centrul pentru Mari Ar\u0219i<\/a><\/li>\n<li><a href=\"https:\/\/orasul-timisoara.ro\/local-tag\/consiliul-judetean-timis-2\/\">Consiliul Jude\u021bean Timi\u0219<\/a><\/li>\n<li><a href=\"https:\/\/orasul-timisoara.ro\/local-tag\/infrastructura-medicala\/\">infrastructur\u0103 medical\u0103<\/a><\/li>\n<li><a href=\"https:\/\/orasul-timisoara.ro\/local-tag\/institutul-regional-de-oncologie-timisoara\/\">Institutul Regional de Oncologie Timi\u0219oara<\/a><\/li>\n<li><a href=\"https:\/\/orasul-timisoara.ro\/local-tag\/investitii-2\/\">investi\u021bii<\/a><\/li>\n<li><a href=\"https:\/\/orasul-timisoara.ro\/local-tag\/judetul-timis-2\/\">jude\u021bul Timi\u0219<\/a><\/li>\n<li><a href=\"https:\/\/orasul-timisoara.ro\/local-tag\/nzeb\/\">nZEB<\/a><\/li>\n<li><a href=\"https:\/\/orasul-timisoara.ro\/local-tag\/sanatate-2\/\">s\u0103n\u0103tate<\/a><\/li>\n<li><a href=\"https:\/\/orasul-timisoara.ro\/local-tag\/spital-oncologic\/\">spital oncologic<\/a><\/li>\n<li><a href=\"https:\/\/orasul-timisoara.ro\/local-tag\/spitalul-judetean-timisoara-2\/\">Spitalul Jude\u021bean Timi\u0219oara<\/a><\/li>\n<li><a href=\"https:\/\/orasul-timisoara.ro\/local-tag\/stiri-timisoara\/\">stiri timisoara<\/a><\/li>\n<li><a href=\"https:\/\/orasul-timisoara.ro\/local-tag\/timisoara-2\/\">timi\u0219oara<\/a><\/li>\n<\/ul>\n<\/div>\n<div class=\"td-post-sharing-bottom\">\n<div class=\"td-post-sharing-classic\"><iframe title=\"bottomFacebookLike\" frameborder src=\"https:\/\/www.facebook.com\/plugins\/like.php?href=https:\/\/orasul-timisoara.ro\/local-40003\/&amp;layout=button_count&amp;show_faces=false&amp;width=105&amp;action=like&amp;colorscheme=light&amp;height=21\"><\/iframe><\/div>\n<div id=\"td_social_sharing_article_bottom\" class=\"td-post-sharing td-ps-bg td-ps-notext td-post-sharing-style1 \">\n<div class=\"td-post-sharing-visible\"><a class=\"td-social-sharing-button td-social-sharing-button-js td-social-network td-social-facebook\" href=\"https:\/\/www.facebook.com\/sharer.php?u=https%3A%2F%2Forasul-timisoara.ro%2Flocal-40003%2F\" title=\"Facebook\"><\/p>\n<div class=\"td-social-but-text\">Facebook<\/div>\n<p><\/a><a class=\"td-social-sharing-button td-social-sharing-button-js td-social-network td-social-twitter\" href=\"https:\/\/twitter.com\/intent\/tweet?text=Contractul+de+finan%C8%9Bare+pentru+Institutul+Regional+de+Oncologie+Timi%C8%99oara+a+fost+semnat&amp;url=https%3A%2F%2Forasul-timisoara.ro%2Flocal-40003%2F&amp;via=orasultm\" title=\"Twitter\"><\/p>\n<div class=\"td-social-but-text\">Twitter<\/div>\n<p><\/a><a class=\"td-social-sharing-button td-social-sharing-button-js td-social-network td-social-whatsapp\" href=\"https:\/\/api.whatsapp.com\/send?text=Contractul+de+finan%C8%9Bare+pentru+Institutul+Regional+de+Oncologie+Timi%C8%99oara+a+fost+semnat%20%0A%0A%20https:\/\/orasul-timisoara.ro\/local-40003\/\" title=\"WhatsApp\"><\/p>\n<div class=\"td-social-but-text\">WhatsApp<\/div>\n<p><\/a><a class=\"td-social-sharing-button td-social-sharing-button-js td-social-network td-social-linkedin\" href=\"https:\/\/www.linkedin.com\/shareArticle?mini=true&amp;url=https:\/\/orasul-timisoara.ro\/local-40003\/&amp;title=Contractul+de+finan%C8%9Bare+pentru+Institutul+Regional+de+Oncologie+Timi%C8%99oara+a+fost+semnat\" title=\"Linkedin\"><\/p>\n<div class=\"td-social-but-text\">Linkedin<\/div>\n<p><\/a><a class=\"td-social-sharing-button td-social-sharing-button-js td-social-network td-social-reddit\" href=\"https:\/\/reddit.com\/submit?url=https:\/\/orasul-timisoara.ro\/local-40003\/&amp;title=Contractul+de+finan%C8%9Bare+pentru+Institutul+Regional+de+Oncologie+Timi%C8%99oara+a+fost+semnat\" title=\"ReddIt\"><\/p>\n<div class=\"td-social-but-text\">ReddIt<\/div>\n<p><\/a><a class=\"td-social-sharing-button td-social-sharing-button-js td-social-network td-social-mail\" href=\"mailto:?subject=Contractul%20de%20finan%C8%9Bare%20pentru%20Institutul%20Regional%20de%20Oncologie%20Timi%C8%99oara%20a%20fost%20semnat&amp;body=https:\/\/orasul-timisoara.ro\/local-40003\/\" title=\"Email\"><\/p>\n<div class=\"td-social-but-text\">Email<\/div>\n<p><\/a><a class=\"td-social-sharing-button td-social-sharing-button-js td-social-network td-social-print\" href=\"https:\/\/orasul-timisoara.ro\/local-40003\/\" title=\"Imprimare\"><\/p>\n<div class=\"td-social-but-text\">Imprimare<\/div>\n<p><\/a><\/div>\n<\/div>\n<\/div>\n<div class=\"td-block-row td-post-next-prev\">\n<div class=\"td-block-span6 td-post-prev-post\">\n<div class=\"td-post-next-prev-content\"><span>Articolul precedent<\/span><a href=\"https:\/\/orasul-timisoara.ro\/local-40000\/\">\u0218oferi inteligen\u021bi : accident cu cinci ma\u0219ini pe DN 59A, \u00eentre Timi\u0219oara \u0219i S\u0103c\u0103laz<\/a><\/div>\n<\/div>\n<div class=\"td-block-span6 td-post-next-post\">\n<div class=\"td-post-next-prev-content\"><span>Articolul urm\u0103tor<\/span><a href=\"https:\/\/orasul-timisoara.ro\/local-40008\/\">Dominic Fritz: \u201eNu voi ceda\u201d. Primarul Timi\u0219oarei reac\u021bioneaz\u0103 dup\u0103 sanc\u021biunea aplicat\u0103 \u00een cazul ANI<\/a><\/div>\n<\/div>\n<\/div>\n<div class=\"td-author-name vcard author\"><span class=\"fn\"><a href=\"https:\/\/orasul-timisoara.ro\/author\/timisoara\/\">redactia<\/a><\/span><\/div>\n<p><span class=\"td-page-meta\"><\/span><span class=\"td-page-meta\"><span class=\"td-page-meta\"><\/span><\/span><span class=\"td-page-meta\"><\/span><\/footer>\n<div class=\"td_block_wrap td_block_related_posts tdi_3 td_with_ajax_pagination td-pb-border-top td_block_template_8\" data-td-block-uid=\"tdi_3\">\n<h4 class=\"td-related-title td-block-title\"><a id=\"tdi_4\" class=\"td-related-left td-cur-simple-item\" data-td_filter_value data-td_block_id=\"tdi_3\" href=\"https:\/\/orasul-timisoara.ro\/local-40003\/\">ARTICOLE SIMILARE<\/a><a id=\"tdi_5\" class=\"td-related-right\" data-td_filter_value=\"td_related_more_from_author\" data-td_block_id=\"tdi_3\" href=\"https:\/\/orasul-timisoara.ro\/local-40003\/\">DE LA ACELA\u0218I AUTOR<\/a><\/h4>\n<div id=\"tdi_3\" class=\"td_block_inner\">\n<div class=\"td-related-row\">\n<div class=\"td-related-span4\">\n<div class=\"td_module_related_posts td-animation-stack td_mod_related_posts\">\n<div class=\"td-module-image\">\n<div class=\"td-module-thumb\"><a href=\"https:\/\/orasul-timisoara.ro\/local-39985\/\" rel=\"bookmark\" class=\"td-image-wrap \" title=\"Alfred Simonis anun\u021b\u0103 amplasarea de tribune mobile pentru Stadionul Electrica, \u00een urma cererii mari de bilete la meciurile Politehnicii Timi\u0219oara \u00een liga secund\u0103 (video)\"><img loading=\"lazy\" decoding=\"async\" class=\"entry-thumb\" src=\"https:\/\/orasul-timisoara.ro\/wp-content\/uploads\/2026\/08\/stadion-electrica-436x300.jpg\" alt title=\"Alfred Simonis anun\u021b\u0103 amplasarea de tribune mobile pentru Stadionul Electrica, \u00een urma cererii mari de bilete la meciurile Politehnicii Timi\u0219oara \u00een liga secund\u0103 (video)\" width=\"218\" height=\"150\"><\/a><\/div>\n<\/div>\n<div class=\"item-details\">\n<h3 class=\"entry-title td-module-title\"><a href=\"https:\/\/orasul-timisoara.ro\/local-39985\/\" rel=\"bookmark\" title=\"Alfred Simonis anun\u021b\u0103 amplasarea de tribune mobile pentru Stadionul Electrica, \u00een urma cererii mari de bilete la meciurile Politehnicii Timi\u0219oara \u00een liga secund\u0103 (video)\">Alfred Simonis anun\u021b\u0103 amplasarea de tribune mobile pentru Stadionul Electrica, \u00een urma cererii mari de bilete la meciurile Politehnicii Timi\u0219oara \u00een liga secund\u0103 (video)<\/a><\/h3>\n<\/div>\n<\/div>\n<\/div>\n<div class=\"td-related-span4\">\n<div class=\"td_module_related_posts td-animation-stack td_mod_related_posts\">\n<div class=\"td-module-image\">\n<div class=\"td-module-thumb\"><a href=\"https:\/\/orasul-timisoara.ro\/local-39888\/\" rel=\"bookmark\" class=\"td-image-wrap \" title=\"Contract de peste 23 milioane de lei pentru modernizarea drumului Mo\u0219ni\u021ba Veche \u2013 Ghiroda\"><img loading=\"lazy\" decoding=\"async\" class=\"entry-thumb\" src=\"https:\/\/orasul-timisoara.ro\/wp-content\/uploads\/2026\/07\/mosnita-veche-ghiroda-436x300.jpg\" alt title=\"Contract de peste 23 milioane de lei pentru modernizarea drumului Mo\u0219ni\u021ba Veche \u2013 Ghiroda\" width=\"218\" height=\"150\"><\/a><\/div>\n<\/div>\n<div class=\"item-details\">\n<h3 class=\"entry-title td-module-title\"><a href=\"https:\/\/orasul-timisoara.ro\/local-39888\/\" rel=\"bookmark\" title=\"Contract de peste 23 milioane de lei pentru modernizarea drumului Mo\u0219ni\u021ba Veche \u2013 Ghiroda\">Contract de peste 23 milioane de lei pentru modernizarea drumului Mo\u0219ni\u021ba Veche \u2013 Ghiroda<\/a><\/h3>\n<\/div>\n<\/div>\n<\/div>\n<div class=\"td-related-span4\">\n<div class=\"td_module_related_posts td-animation-stack td_mod_related_posts\">\n<div class=\"td-module-image\">\n<div class=\"td-module-thumb\"><a href=\"https:\/\/orasul-timisoara.ro\/local-39842\/\" rel=\"bookmark\" class=\"td-image-wrap \" title=\"Alfred Simonis: Prim\u0103ria Timi\u0219oara \u00eent\u00e2rzie r\u0103spunsul pentru parcarea de l\u00e2ng\u0103 Spitalul Jude\u021bean\"><img loading=\"lazy\" decoding=\"async\" class=\"entry-thumb\" src=\"https:\/\/orasul-timisoara.ro\/wp-content\/uploads\/2026\/07\/753231628_3510704022431789_1277640302881157203_n-436x300.jpg\" alt title=\"Alfred Simonis: Prim\u0103ria Timi\u0219oara \u00eent\u00e2rzie r\u0103spunsul pentru parcarea de l\u00e2ng\u0103 Spitalul Jude\u021bean\" width=\"218\" height=\"150\"><\/a><\/div>\n<\/div>\n<div class=\"item-details\">\n<h3 class=\"entry-title td-module-title\"><a href=\"https:\/\/orasul-timisoara.ro\/local-39842\/\" rel=\"bookmark\" title=\"Alfred Simonis: Prim\u0103ria Timi\u0219oara \u00eent\u00e2rzie r\u0103spunsul pentru parcarea de l\u00e2ng\u0103 Spitalul Jude\u021bean\">Alfred Simonis: Prim\u0103ria Timi\u0219oara \u00eent\u00e2rzie r\u0103spunsul pentru parcarea de l\u00e2ng\u0103 Spitalul Jude\u021bean<\/a><\/h3>\n<\/div>\n<\/div>\n<\/div>\n<\/div>\n<\/div>\n<\/div>\n<div class=\"comments\" id=\"comments\">\n<div id=\"respond\" class=\"comment-respond\">\n<h3 id=\"reply-title\" class=\"comment-reply-title\">L\u0102SA\u021aI UN MESAJ<\/h3>\n<div class=\"comment-form-input-wrap td-form-comment\">\n<div class=\"td-warning-comment\">V\u0103 rug\u0103m s\u0103 introduce\u021bi comentariul dvs.!<\/div>\n<\/div>\n<div class=\"comment-form-input-wrap td-form-author\">\n<div class=\"td-warning-author\">Introduce\u021bi aici numele dvs.<\/div>\n<\/div>\n<div class=\"comment-form-input-wrap td-form-email\">\n<div class=\"td-warning-email-error\">A\u021bi introdus o adres\u0103 de e-mail incorect\u0103!<\/div>\n<div class=\"td-warning-email\">V\u0103 rug\u0103m s\u0103 introduce\u021bi adresa dvs. de e-mail aici<\/div>\n<\/div>\n<\/div>\n<p class=\"akismet_comment_form_privacy_notice\">Acest site folose\u0219te Akismet pentru a reduce spamul. <a href=\"https:\/\/akismet.com\/privacy\/\" target=\"_blank\" rel=\"nofollow noopener\">Afl\u0103 cum sunt procesate datele comentariilor tale<\/a>.<\/p>\n<\/div>\n<\/div>\n<\/div>\n<div class=\"td-pb-span4 td-main-sidebar\" role=\"complementary\">\n<div class=\"td-ss-main-sidebar\">\n<aside id=\"block-4\" class=\"td_block_template_8 widget block-4 widget_block widget_media_image\">\n<figure class=\"wp-block-image size-full\"><img decoding=\"async\" loading=\"lazy\" width=\"336\" height=\"280\" src=\"https:\/\/orasul-timisoara.ro\/wp-content\/uploads\/2024\/11\/ReTIM-Abonamentul-Verde-Google-Ads-336x280px.gif\" alt class=\"wp-image-29257\"><\/figure>\n<\/aside>\n<div class=\"td_block_wrap td_block_social_counter td_block_widget tdi_6 td-social-style5 td-social-boxed td-pb-border-top td_block_template_8\">\n<div class=\"td-block-title-wrap\">\n<h4 class=\"td-block-title\"><span>Urm\u0103re\u0219te-ne pe Social Media<\/span><\/h4>\n<\/div>\n<div class=\"td-social-list\">\n<div class=\"td_social_type td-pb-margin-side td_social_facebook\">\n<div class=\"td-social-box\"><span class=\"td_social_info td_social_info_counter\">344,595<\/span><span class=\"td_social_info td_social_info_name\">Fani<\/span><span class=\"td_social_button\"><a href=\"https:\/\/www.facebook.com\/247timisoara\" target=\"_blank\" rel=\"nofollow\">\u00cemi place<\/a><\/span><\/div>\n<\/div>\n<div class=\"td_social_type td-pb-margin-side td_social_instagram\">\n<div class=\"td-social-box\"><span class=\"td_social_info td_social_info_counter\">4,416<\/span><span class=\"td_social_info td_social_info_name\">Cititori<\/span><span class=\"td_social_button\"><a href=\"https:\/\/instagram.com\/orasultimisoararo\/\" target=\"_blank\" rel=\"nofollow\">Conecta\u021bi-v\u0103<\/a><\/span><\/div>\n<\/div>\n<div class=\"td_social_type td-pb-margin-side td_social_rss\">\n<div class=\"td-social-box\"><span class=\"td_social_info td_social_info_counter\">12,506<\/span><span class=\"td_social_info td_social_info_name\">Cititori<\/span><span class=\"td_social_button\"><a href=\"https:\/\/orasul-timisoara.ro\/feed\/\" target=\"_blank\" rel=\"nofollow\">Conecta\u021bi-v\u0103<\/a><\/span><\/div>\n<\/div>\n<div class=\"td_social_type td-pb-margin-side td_social_tiktok\">\n<div class=\"td-social-box\"><span class=\"td_social_info td_social_info_counter\">1,500<\/span><span class=\"td_social_info td_social_info_name\">Cititori<\/span><span class=\"td_social_button\"><a href=\"https:\/\/www.tiktok.com\/@orasultimisoara\" target=\"_blank\" rel=\"nofollow\">Conecta\u021bi-v\u0103<\/a><\/span><\/div>\n<\/div>\n<div class=\"td_social_type td-pb-margin-side td_social_twitter\">\n<div class=\"td-social-box\"><span class=\"td_social_info td_social_info_counter\">1,595<\/span><span class=\"td_social_info td_social_info_name\">Cititori<\/span><span class=\"td_social_button\"><a href=\"https:\/\/twitter.com\/orasultm\" target=\"_blank\" rel=\"nofollow\">Conecta\u021bi-v\u0103<\/a><\/span><\/div>\n<\/div>\n<div class=\"td_social_type td-pb-margin-side td_social_youtube\">\n<div class=\"td-social-box\"><span class=\"td_social_info td_social_info_counter\">3,506<\/span><span class=\"td_social_info td_social_info_name\">Abona\u021bi<\/span><span class=\"td_social_button\"><a href=\"https:\/\/www.youtube.com\/channel\/UCQNsQvs2XCSIm1Z-AHRturw?sub_confirmation=1\" target=\"_blank\" rel=\"nofollow\">Abona\u021bi-v\u0103<\/a><\/span><\/div>\n<\/div>\n<\/div>\n<\/div>\n<aside id=\"text-7\" class=\"td_block_template_8 widget text-7 widget_text\">\n<h4 class=\"td-block-title\"><span>C\u0103ut\u0103ri populare pe OTM<\/span><\/h4>\n<div class=\"textwidget\"><a href=\"https:\/\/orasul-timisoara.ro\/?s=timisoara\"><span>Timisoara<\/span><\/a><a href=\"https:\/\/orasul-timisoara.ro\/?s=calin+dobra\"><span>Calin Dobra<\/span><\/a><a href=\"https:\/\/orasul-timisoara.ro\/?s=primaria+timisoara\"><span>Primaria Timisoara<\/span><\/a><a href=\"https:\/\/orasul-timisoara.ro\/?s=dominic+fritz\"><span>Dominic Fritz<\/span><\/a><a href=\"https:\/\/orasul-timisoara.ro\/?s=nicolae+robu\"><span>Nicolae Robu<\/span><\/a><a href=\"https:\/\/orasul-timisoara.ro\/?s=consiliul+local+timisoara\">Consiliul Local Timisoara<\/a><a href=\"https:\/\/orasul-timisoara.ro\/?s=consiliul+judetean+timis\"><span>Consiliul Judetean Timis<\/span><\/a><a href=\"https:\/\/orasul-timisoara.ro\/?s=cjt\"><span>CJT<\/span><\/a><a href=\"https:\/\/orasul-timisoara.ro\/?s=Alfred+Simonis\"><span>Alfred Simonis<\/span><\/a><a href=\"https:\/\/orasul-timisoara.ro\/?s=PNL\"><span>PNL<\/span><\/a><a href=\"https:\/\/orasul-timisoara.ro\/?s=coronavirus\"><span>coronavirus<\/span><\/a><a href=\"https:\/\/orasul-timisoara.ro\/?s=teatru+timisoara\">teatru Timisoara<\/a><a href=\"https:\/\/orasul-timisoara.ro\/?s=restaurante\"><span>restaurante Timisoara<\/span><\/a><a href=\"https:\/\/orasul-timisoara.ro\/?s=diskoteka\"><span>Diskoteka<\/span><\/a><a href=\"https:\/\/orasul-timisoara.ro\/?s=iulius+town\"><span>Iulius Town<\/span><\/a><a href=\"https:\/\/orasul-timisoara.ro\/?s=iulius+mall\"><span>Iulius Mall<\/span><\/a><a href=\"https:\/\/orasul-timisoara.ro\/?s=stpt\"><span>STPT<\/span><\/a><a href=\"https:\/\/orasul-timisoara.ro\/?s=alin+nica\"><span>Alin Nica<\/span><\/a><a href=\"https:\/\/orasul-timisoara.ro\/?s=psd\"><span>PSD<\/span><\/a><a href=\"https:\/\/orasul-timisoara.ro\/?s=aeroport\"><span>Aeroportul International Timisoara<\/span><\/a><a href=\"https:\/\/orasul-timisoara.ro\/?s=babes\"><span>Spitalul Victor Babes Timisoara<\/span><\/a><a href=\"https:\/\/orasul-timisoara.ro\/?s=poli\"><span>Poli Timi\u0219oara<\/span><\/a><a href=\"https:\/\/orasul-timisoara.ro\/?s=carantina\"><span>carantina<\/span><\/a><a href=\"https:\/\/orasul-timisoara.ro\/?s=aquatim\"><span>Aquatim<\/span><\/a><a href=\"https:\/\/orasul-timisoara.ro\/local-category\/stiri-timisoara\/\"><span>Stiri Timisoara<\/span><\/a><a href=\"https:\/\/orasul-timisoara.ro\/local-category\/investitii-in-timisoara\/\"><span>Investi\u021bii in Timi\u0219oara<\/span><\/a><a href=\"https:\/\/orasul-timisoara.ro\/local-9463\/\"><span>shaorma<\/span><\/a><a href=\"https:\/\/orasul-timisoara.ro\/?s=trafic\"><span>trafic rutier<\/span><\/a><a href=\"https:\/\/orasul-timisoara.ro\/?s=politia\"><span>politia locala timisoara<\/span><\/a><a href=\"https:\/\/orasul-timisoara.ro\/?s=roxana\"><span>Roxana Iliescu<\/span><\/a><a href=\"https:\/\/orasul-timisoara.ro\/?s=colterm\"><span>Colterm<\/span><\/a><a href=\"https:\/\/orasul-timisoara.ro\/?s=latcau\"><span>Ruben La\u021bc\u0103u<\/span><\/a><a href=\"https:\/\/orasul-timisoara.ro\/?s=timis\"><span>\u0218tiri din Timi\u0219<\/span><\/a><a href=\"https:\/\/orasul-timisoara.ro\/?s=spital\"><span>Spitale din Timi\u0219oara<\/span><\/a><a href=\"https:\/\/orasul-timisoara.ro\/?s=tabara\"><span>Cosmin Tab\u0103r\u0103<\/span><\/a><\/div>\n<\/aside>\n<aside id=\"rss-2\" class=\"td_block_template_8 widget rss-2 widget_rss\">\n<h4 class=\"td-block-title\"><span><a class=\"rsswidget rss-widget-feed\" href=\"https:\/\/fashionfridays.ro\/feed\"><img decoding=\"async\" class=\"rss-widget-icon\" width=\"14\" height=\"14\" src=\"https:\/\/orasul-timisoara.ro\/wp-includes\/images\/rss.png\" alt=\"RSS\" loading=\"lazy\"><\/a><a class=\"rsswidget rss-widget-title\" href=\"https:\/\/fashionfridays.ro\/\">Fashion Fridays<\/a><\/span><\/h4>\n<ul>\n<li><a class=\"rsswidget\" href=\"https:\/\/fashionfridays.ro\/romania-devine-a-29-a-piata-vogue-o-noua-era-pentru-industria-locala-de-moda\/\">Rom\u00e2nia devine a 29-a pia\u021b\u0103 Vogue: o nou\u0103 er\u0103 pentru industria local\u0103 de mod\u0103<\/a>\n<div class=\"rssSummary\">Revista Vogue \u00ee\u0219i extinde prezen\u021ba global\u0103 \u0219i va fi lansat\u0103 oficial \u00een Rom\u00e2nia \u00een prim\u0103vara anului 2027, marc\u00e2nd intrarea pe cea de-a 29-a pia\u021b\u0103 interna\u021bional\u0103. Proiectul este realizat \u00een parteneriat cu AEMME Publishing, o companie media recent \u00eenfiin\u021bat\u0103, care va publica edi\u021bia local\u0103 sub licen\u021b\u0103. Noua edi\u021bie, Vogue Rom\u00e2nia, \u00ee\u0219i propune s\u0103 combine autoritatea global\u0103 [\u2026]<\/div>\n<\/li>\n<\/ul>\n<\/aside>\n<aside id=\"rss-4\" class=\"td_block_template_8 widget rss-4 widget_rss\">\n<h4 class=\"td-block-title\"><span><a class=\"rsswidget rss-widget-feed\" href=\"https:\/\/emasini.ro\/feed\"><img decoding=\"async\" class=\"rss-widget-icon\" width=\"14\" height=\"14\" src=\"https:\/\/orasul-timisoara.ro\/wp-includes\/images\/rss.png\" alt=\"RSS\" loading=\"lazy\"><\/a><a class=\"rsswidget rss-widget-title\" href=\"https:\/\/emasini.ro\/\">eMasini<\/a><\/span><\/h4>\n<ul>\n<li><a class=\"rsswidget\" href=\"https:\/\/emasini.ro\/bmw-testeaza-noul-i4-convertible-primul-cabrio-electric-accesibil-al-marcii\/\">BMW testeaz\u0103 noul i4 Convertible, primul cabrio electric accesibil al m\u0103rcii<\/a>\n<div class=\"rssSummary\">BMW accelereaz\u0103 dezvoltarea noii genera\u021bii de modele electrice bazate pe platforma Neue Klasse, iar unul dintre cele mai interesante proiecte aflate \u00een teste este viitorul BMW i4 Convertible. Prototipul camuflat a fost surprins pe \u0219osele, confirm\u00e2nd c\u0103 produc\u0103torul german preg\u0103te\u0219te o decapotabil\u0103 electric\u0103 destinat\u0103 unui segment \u00een care oferta este, \u00een prezent, extrem de limitat\u0103. [\u2026]<\/div>\n<\/li>\n<\/ul>\n<\/aside>\n<\/div>\n<\/div>\n<\/div>\n<\/div>\n<\/article>\n<div class=\"td-post-content tagdiv-type\">\n<p class=\"wp-block-paragraph\">Construc\u021bia Institutului Regional de Oncologie Timi\u0219oara intr\u0103 \u00eentr-o nou\u0103 etap\u0103, dup\u0103 semnarea contractului de finan\u021bare al proiectului. Anun\u021bul a fost f\u0103cut de pre\u0219edintele Consiliului Jude\u021bean Timi\u0219, Alfred Simonis, care a precizat c\u0103, odat\u0103 cu acest pas, constructorul desemnat \u00een urma licita\u021biei poate \u00eencepe lucr\u0103rile la viitorul spital.<\/p>\n<p class=\"wp-block-paragraph\">Potrivit acestuia, investi\u021bia va transforma Timi\u0219oara \u00eentr-unul dintre cele mai importante centre oncologice din Rom\u00e2nia \u0219i va reprezenta cea mai mare unitate medical\u0103 de acest tip din vestul \u021b\u0103rii.<\/p>\n<h2 class=\"wp-block-heading\">Constructorul poate \u00eencepe lucr\u0103rile<\/h2>\n<p class=\"wp-block-paragraph\">Alfred Simonis a anun\u021bat c\u0103 semnarea contractului de finan\u021bare permite trecerea proiectului din etapa documenta\u021biei \u00een cea a execu\u021biei.<\/p>\n<p class=\"wp-block-paragraph\">\u201eA fost semnat contractul de finan\u021bare pentru Institutul Regional de Oncologie Timi\u0219oara. Asta \u00eenseamn\u0103 c\u0103, din acest moment, constructorul care a c\u00e2\u0219tigat licita\u021bia poate \u00eencepe construc\u021bia celui mai mare spital oncologic din vestul Rom\u00e2niei\u201d, a transmis pre\u0219edintele Consiliului Jude\u021bean Timi\u0219.<\/p>\n<h2 class=\"wp-block-heading\">Timi\u0219oara va deveni un centru regional pentru tratamentul cancerului<\/h2>\n<p class=\"wp-block-paragraph\">Potrivit lui Alfred Simonis, noul institut va consolida pozi\u021bia Timi\u0219oarei \u00een domeniul serviciilor medicale dedicate trat\u0103rii afec\u021biunilor oncologice.<\/p>\n<p class=\"wp-block-paragraph\">Edilul jude\u021bului consider\u0103 c\u0103 investi\u021bia va transforma municipiul \u00eentr-unul dintre cele mai importante centre de oncologie din Rom\u00e2nia, cu impact asupra \u00eentregii regiuni de vest.<\/p>\n<h2 class=\"wp-block-heading\">Un proiect de aproape 65.000 de metri p\u0103tra\u021bi<\/h2>\n<p class=\"wp-block-paragraph\">Viitorul Institut Regional de Oncologie va avea o suprafa\u021b\u0103 desf\u0103\u0219urat\u0103 de aproape 65.000 de metri p\u0103tra\u021bi \u0219i va fi construit conform standardului nZEB (nearly Zero Energy Building), ceea ce presupune un consum de energie aproape egal cu zero.<\/p>\n<p class=\"wp-block-paragraph\">Alfred Simonis a subliniat c\u0103 este vorba despre un proiect cu un grad ridicat de complexitate tehnic\u0103, care va contribui la modernizarea infrastructurii medicale din vestul Rom\u00e2niei.<\/p>\n<figure class=\"wp-block-gallery has-nested-images columns-default is-cropped td-modal-on-gallery wp-block-gallery-1 is-layout-flex wp-block-gallery-is-layout-flex\">\n<figure class=\"wp-block-image size-large\"><img loading=\"lazy\" decoding=\"async\" width=\"1920\" height=\"1080\" data-id=\"40004\" src=\"https:\/\/orasul-timisoara.ro\/wp-content\/uploads\/2026\/08\/Institutul-Regional-de-Oncologie-Timisoara.-1.jpg\" alt class=\"wp-image-40004\"><\/figure>\n<figure class=\"wp-block-image size-large\"><img loading=\"lazy\" decoding=\"async\" width=\"1920\" height=\"1080\" data-id=\"40006\" src=\"https:\/\/orasul-timisoara.ro\/wp-content\/uploads\/2026\/08\/Institutul-Regional-de-Oncologie-Timisoara.-2.jpg\" alt class=\"wp-image-40006\"><\/figure>\n<figure class=\"wp-block-image size-large\"><img loading=\"lazy\" decoding=\"async\" width=\"1920\" height=\"1080\" data-id=\"40005\" src=\"https:\/\/orasul-timisoara.ro\/wp-content\/uploads\/2026\/08\/Institutul-Regional-de-Oncologie-Timisoara.-3.jpg\" alt class=\"wp-image-40005\"><\/figure>\n<\/figure>\n<h2 class=\"wp-block-heading\">Una dintre cele mai importante investi\u021bii \u00een s\u0103n\u0103tate din ultimele decenii<\/h2>\n<p class=\"wp-block-paragraph\">Pre\u0219edintele Consiliului Jude\u021bean Timi\u0219 afirm\u0103 c\u0103 Institutul Regional de Oncologie \u0219i Centrul pentru Mari Ar\u0219i de la Spitalul Clinic Jude\u021bean de Urgen\u021b\u0103 \u201ePius Br\u00eenzeu\u201d din Timi\u0219oara reprezint\u0103 cele mai importante investi\u021bii \u00een domeniul s\u0103n\u0103t\u0103\u021bii realizate \u00een vestul \u021b\u0103rii \u00een ultimii 30 de ani.<\/p>\n<p class=\"wp-block-paragraph\">Potrivit acestuia, Centrul pentru Mari Ar\u0219i se afl\u0103 \u00een etapa final\u0103 de realizare, iar cele dou\u0103 proiecte vor contribui semnificativ la dezvoltarea sistemului medical regional.<\/p>\n<h2 class=\"wp-block-heading\">Investi\u021bii a\u0219teptate de zeci de ani<\/h2>\n<p class=\"wp-block-paragraph\">\u00cen mesajul publicat pe Facebook, Alfred Simonis a ar\u0103tat c\u0103 at\u00e2t Institutul Regional de Oncologie, c\u00e2t \u0219i Centrul pentru Mari Ar\u0219i sunt investi\u021bii a\u0219teptate de foarte mult timp de locuitorii jude\u021bului Timi\u0219 \u0219i ai regiunii de vest.<\/p>\n<p class=\"wp-block-paragraph\">\u201eSunt proiecte pe care timi\u0219enii le a\u0219teapt\u0103 de zeci de ani \u0219i care vor schimba modul \u00een care sunt trata\u021bi pacien\u021bii\u201d, a transmis pre\u0219edintele Consiliului Jude\u021bean Timi\u0219.<\/p>\n<p class=\"wp-block-paragraph\">Prin demararea lucr\u0103rilor la Institutul Regional de Oncologie, autorit\u0103\u021bile estimeaz\u0103 c\u0103 infrastructura medical\u0103 din Timi\u0219oara va face un pas important spre dezvoltarea unor servicii moderne dedicate diagnostic\u0103rii \u0219i trat\u0103rii pacien\u021bilor oncologici.<\/p>\n<\/div>\n<p>[analyse_source url=&#8221;https:\/\/orasul-timisoara.ro\/local-40003\/&#8221;]<\/p>\n","protected":false},"excerpt":{"rendered":"<p>[analyse_image type=&#8221;featured&#8221; src=&#8221;https:\/\/orasul-timisoara.ro\/wp-content\/uploads\/2026\/08\/Institutul-Regional-de-Oncologie-Timisoara.-3.jpg&#8221;] Administra\u021bie local\u0103Contractul de finan\u021bare pentru Institutul Regional de Oncologie Timi\u0219oara a fost semnat Administra\u021bie local\u0103 Investitii in Timisoara S\u0103n\u0103tate \u0218tiri Locale Contractul de finan\u021bare pentru Institutul Regional de Oncologie Timi\u0219oara a fost semnat De c\u0103tre redactia &#8211; 04\/08\/2026 Facebook Twitter WhatsApp Linkedin ReddIt Email Imprimare Construc\u021bia Institutului Regional de Oncologie Timi\u0219oara intr\u0103 [&hellip;]<\/p>\n","protected":false},"author":1,"featured_media":0,"comment_status":"open","ping_status":"","sticky":false,"template":"","format":"standard","meta":{"footnotes":""},"categories":[89],"tags":[226,189],"class_list":["post-2077751","post","type-post","status-publish","format-standard","hentry","category-romania","tag-crawlmanager","tag-orasul-timisoara-ro"],"_links":{"self":[{"href":"https:\/\/analyse.optim.biz\/index.php?rest_route=\/wp\/v2\/posts\/2077751","targetHints":{"allow":["GET"]}}],"collection":[{"href":"https:\/\/analyse.optim.biz\/index.php?rest_route=\/wp\/v2\/posts"}],"about":[{"href":"https:\/\/analyse.optim.biz\/index.php?rest_route=\/wp\/v2\/types\/post"}],"author":[{"embeddable":true,"href":"https:\/\/analyse.optim.biz\/index.php?rest_route=\/wp\/v2\/users\/1"}],"replies":[{"embeddable":true,"href":"https:\/\/analyse.optim.biz\/index.php?rest_route=%2Fwp%2Fv2%2Fcomments&post=2077751"}],"version-history":[{"count":0,"href":"https:\/\/analyse.optim.biz\/index.php?rest_route=\/wp\/v2\/posts\/2077751\/revisions"}],"wp:attachment":[{"href":"https:\/\/analyse.optim.biz\/index.php?rest_route=%2Fwp%2Fv2%2Fmedia&parent=2077751"}],"wp:term":[{"taxonomy":"category","embeddable":true,"href":"https:\/\/analyse.optim.biz\/index.php?rest_route=%2Fwp%2Fv2%2Fcategories&post=2077751"},{"taxonomy":"post_tag","embeddable":true,"href":"https:\/\/analyse.optim.biz\/index.php?rest_route=%2Fwp%2Fv2%2Ftags&post=2077751"}],"curies":[{"name":"wp","href":"https:\/\/api.w.org\/{rel}","templated":true}]}}