{"id":2077750,"date":"2026-08-04T13:55:58","date_gmt":"2026-08-04T10:55:58","guid":{"rendered":"https:\/\/analyse.optim.biz\/?p=2077750"},"modified":"2026-08-04T13:55:58","modified_gmt":"2026-08-04T10:55:58","slug":"politia-locala-timisoara-incepe-controalele-dupa-intrarea-in-vigoare-a-noului-regulament-de-tonaj","status":"publish","type":"post","link":"https:\/\/analyse.optim.biz\/?p=2077750","title":{"rendered":"Poli\u021bia Local\u0103 Timi\u0219oara \u00eencepe controalele dup\u0103 intrarea \u00een vigoare a noului regulament de tonaj."},"content":{"rendered":"<p>[analyse_image type=&#8221;featured&#8221; src=&#8221;https:\/\/orasul-timisoara.ro\/wp-content\/uploads\/2026\/08\/auto2-1.jpg&#8221;]<\/p>\n<article id=\"post-40035\" class=\"td-post-template-7 post-40035 post type-post status-publish format-standard has-post-thumbnail category-administratie category-featured category-stiri-timisoara tag-5-tone tag-amenzi tag-autorizatie-de-acces tag-autovehicule-peste-3 tag-camioane tag-hcl-199-2026 tag-politia-locala-timisoara-2 tag-primaria-timisoara-2 tag-restrictie-de-tonaj tag-siguranta-rutiera-3 tag-timisoara-2 tag-trafic-rutier td-container-wrap\">\n<div class=\"td-full-screen-header-image-wrap\">\n<div class=\"td-container td-post-header\">\n<div class=\"td-crumb-container\">\n<div class=\"entry-crumbs\"><span><a title=\"Vede\u021bi toate articolele \u00een Administra\u021bie local\u0103\" class=\"entry-crumb\" href=\"https:\/\/orasul-timisoara.ro\/local-category\/administratie\/\">Administra\u021bie local\u0103<\/a><\/span><span class=\"td-bred-no-url-last\">Poli\u021bia Local\u0103 Timi\u0219oara \u00eencepe controalele dup\u0103 intrarea \u00een vigoare a noului regulament&#8230;<\/span><\/div>\n<\/div>\n<div class=\"td-post-header-holder\">\n<div class=\"td-parallax-header\">\n<header class=\"td-post-title\">\n<ul class=\"td-category\">\n<li class=\"entry-category\"><a href=\"https:\/\/orasul-timisoara.ro\/local-category\/administratie\/\">Administra\u021bie local\u0103<\/a><\/li>\n<li class=\"entry-category\"><a href=\"https:\/\/orasul-timisoara.ro\/local-category\/stiri-timisoara\/\">\u0218tiri Locale<\/a><\/li>\n<\/ul>\n<h1 class=\"entry-title\">Poli\u021bia Local\u0103 Timi\u0219oara \u00eencepe controalele dup\u0103 intrarea \u00een vigoare a noului regulament de tonaj. Camioanele de peste 3,5 tone au nevoie de autoriza\u021bie pentru acces \u00een zonele restric\u021bionate din ora\u0219<\/h1>\n<div class=\"td-module-meta-info\">\n<div class=\"td-post-author-name\">\n<div class=\"td-author-by\">De c\u0103tre<\/div>\n<p><a href=\"https:\/\/orasul-timisoara.ro\/author\/timisoara\/\">redactia<\/a><\/p>\n<div class=\"td-author-line\"> &#8211; <\/div>\n<\/div>\n<p><span class=\"td-post-date\"><time class=\"entry-date updated td-module-date\" datetime=\"2026-08-04T16:55:58+03:00\">04\/08\/2026<\/time><\/span><\/div>\n<\/header>\n<\/div>\n<\/div>\n<\/div>\n<div id=\"td-full-screen-header-image\" class=\"td-image-gradient-style7\"><img decoding=\"async\" class=\"td-backstretch\" src=\"https:\/\/orasul-timisoara.ro\/wp-content\/uploads\/2026\/08\/auto2-1.jpg\"><\/div>\n<\/div>\n<div class=\"td-container\">\n<div class=\"td-pb-row\">\n<div class=\"td-pb-span8 td-main-content\" role=\"main\">\n<div class=\"td-ss-main-content\">\n<div class=\"td-post-sharing-top\">\n<div class=\"td-post-sharing-classic\"><iframe title=\"topFacebookLike\" frameborder src=\"https:\/\/www.facebook.com\/plugins\/like.php?href=https:\/\/orasul-timisoara.ro\/local-40035\/&amp;layout=button_count&amp;show_faces=false&amp;width=105&amp;action=like&amp;colorscheme=light&amp;height=21\"><\/iframe><\/div>\n<div id=\"td_social_sharing_article_top\" class=\"td-post-sharing td-ps-bg td-ps-notext td-post-sharing-style1 \">\n<div class=\"td-post-sharing-visible\"><a class=\"td-social-sharing-button td-social-sharing-button-js td-social-network td-social-facebook\" href=\"https:\/\/www.facebook.com\/sharer.php?u=https%3A%2F%2Forasul-timisoara.ro%2Flocal-40035%2F\" title=\"Facebook\"><\/p>\n<div class=\"td-social-but-text\">Facebook<\/div>\n<p><\/a><a class=\"td-social-sharing-button td-social-sharing-button-js td-social-network td-social-twitter\" href=\"https:\/\/twitter.com\/intent\/tweet?text=Poli%C8%9Bia+Local%C4%83+Timi%C8%99oara+%C3%AEncepe+controalele+dup%C4%83+intrarea+%C3%AEn+vigoare+a+noului+regulament+de+tonaj.+Camioanele+de+peste+3%2C5+tone+au+nevoie+de+autoriza%C8%9Bie+pentru+acces+%C3%AEn+zonele+restric%C8%9Bionate+din+ora%C8%99&amp;url=https%3A%2F%2Forasul-timisoara.ro%2Flocal-40035%2F&amp;via=orasultm\" title=\"Twitter\"><\/p>\n<div class=\"td-social-but-text\">Twitter<\/div>\n<p><\/a><a class=\"td-social-sharing-button td-social-sharing-button-js td-social-network td-social-whatsapp\" href=\"https:\/\/api.whatsapp.com\/send?text=Poli%C8%9Bia+Local%C4%83+Timi%C8%99oara+%C3%AEncepe+controalele+dup%C4%83+intrarea+%C3%AEn+vigoare+a+noului+regulament+de+tonaj.+Camioanele+de+peste+3%2C5+tone+au+nevoie+de+autoriza%C8%9Bie+pentru+acces+%C3%AEn+zonele+restric%C8%9Bionate+din+ora%C8%99%20%0A%0A%20https:\/\/orasul-timisoara.ro\/local-40035\/\" title=\"WhatsApp\"><\/p>\n<div class=\"td-social-but-text\">WhatsApp<\/div>\n<p><\/a><a class=\"td-social-sharing-button td-social-sharing-button-js td-social-network td-social-linkedin\" href=\"https:\/\/www.linkedin.com\/shareArticle?mini=true&amp;url=https:\/\/orasul-timisoara.ro\/local-40035\/&amp;title=Poli%C8%9Bia+Local%C4%83+Timi%C8%99oara+%C3%AEncepe+controalele+dup%C4%83+intrarea+%C3%AEn+vigoare+a+noului+regulament+de+tonaj.+Camioanele+de+peste+3%2C5+tone+au+nevoie+de+autoriza%C8%9Bie+pentru+acces+%C3%AEn+zonele+restric%C8%9Bionate+din+ora%C8%99\" title=\"Linkedin\"><\/p>\n<div class=\"td-social-but-text\">Linkedin<\/div>\n<p><\/a><a class=\"td-social-sharing-button td-social-sharing-button-js td-social-network td-social-reddit\" href=\"https:\/\/reddit.com\/submit?url=https:\/\/orasul-timisoara.ro\/local-40035\/&amp;title=Poli%C8%9Bia+Local%C4%83+Timi%C8%99oara+%C3%AEncepe+controalele+dup%C4%83+intrarea+%C3%AEn+vigoare+a+noului+regulament+de+tonaj.+Camioanele+de+peste+3%2C5+tone+au+nevoie+de+autoriza%C8%9Bie+pentru+acces+%C3%AEn+zonele+restric%C8%9Bionate+din+ora%C8%99\" title=\"ReddIt\"><\/p>\n<div class=\"td-social-but-text\">ReddIt<\/div>\n<p><\/a><a class=\"td-social-sharing-button td-social-sharing-button-js td-social-network td-social-mail\" href=\"mailto:?subject=Poli%C8%9Bia%20Local%C4%83%20Timi%C8%99oara%20%C3%AEncepe%20controalele%20dup%C4%83%20intrarea%20%C3%AEn%20vigoare%20a%20noului%20regulament%20de%20tonaj.%20Camioanele%20de%20peste%203,5%20tone%20au%20nevoie%20de%20autoriza%C8%9Bie%20pentru%20acces%20%C3%AEn%20zonele%20restric%C8%9Bionate%20din%20ora%C8%99&amp;body=https:\/\/orasul-timisoara.ro\/local-40035\/\" title=\"Email\"><\/p>\n<div class=\"td-social-but-text\">Email<\/div>\n<p><\/a><a class=\"td-social-sharing-button td-social-sharing-button-js td-social-network td-social-print\" href=\"https:\/\/orasul-timisoara.ro\/local-40035\/\" title=\"Imprimare\"><\/p>\n<div class=\"td-social-but-text\">Imprimare<\/div>\n<p><\/a><\/div>\n<\/div>\n<\/div>\n<div class=\"td-post-content tagdiv-type\">\n<p class=\"wp-block-paragraph\">Poli\u021bia Local\u0103 Timi\u0219oara atrage aten\u021bia c\u0103, \u00eencep\u00e2nd cu 1 august 2026, a intrat \u00een vigoare noul regulament privind circula\u021bia autovehiculelor cu masa total\u0103 maxim\u0103 autorizat\u0103 mai mare de 3,5 tone \u00een zonele cu restric\u021bie de tonaj din municipiu. Noile prevederi sunt aprobate prin Hot\u0103r\u00e2rea Consiliului Local nr. 199\/2026 \u0219i \u00eenlocuiesc vechiul regulament adoptat \u00een anul 2022.<\/p>\n<p class=\"wp-block-paragraph\">Autorit\u0103\u021bile anun\u021b\u0103 c\u0103 scopul noilor reguli este protejarea infrastructurii rutiere, reducerea impactului asupra mediului \u0219i cre\u0219terea siguran\u021bei \u00een trafic. Totodat\u0103, \u0219oferii care nu respect\u0103 prevederile regulamentului risc\u0103 amenzi de p\u00e2n\u0103 la 5.000 de lei.<\/p>\n<h2 class=\"wp-block-heading\">Noul regulament se aplic\u0103 din 1 august<\/h2>\n<p class=\"wp-block-paragraph\">Potrivit Direc\u021biei Generale a Poli\u021biei Locale Timi\u0219oara, accesul autovehiculelor destinate transportului de persoane, m\u0103rfuri \u0219i utilajelor cu masa total\u0103 maxim\u0103 autorizat\u0103 de peste 3,5 tone \u00een zonele restric\u021bionate este permis doar pe baza unei autoriza\u021bii de acces valabile.<\/p>\n<p class=\"wp-block-paragraph\">Regulamentul actualizeaz\u0103 condi\u021biile de circula\u021bie pentru vehiculele de mare tonaj \u0219i adapteaz\u0103 regulile la necesit\u0103\u021bile actuale ale traficului din municipiu.<\/p>\n<h2 class=\"wp-block-heading\">Autoriza\u021biile pot fi ob\u021binute online sau de la parteneri<\/h2>\n<p class=\"wp-block-paragraph\">Conduc\u0103torii auto pot solicita autoriza\u021bia de acces prin portalul Prim\u0103riei Municipiului Timi\u0219oara, prin aplica\u021biile partenere, de la benzin\u0103riile partenere sau prin Registratura Prim\u0103riei.<\/p>\n<p class=\"wp-block-paragraph\">De asemenea, autoriza\u021biile pot fi emise sub form\u0103 de abonamente lunare sau anuale, iar tarifele \u0219i condi\u021biile de acordare sunt disponibile pe portalul administra\u021biei locale.<\/p>\n<h2 class=\"wp-block-heading\">\u0218oferii trebuie s\u0103 verifice traseul \u00eenainte de deplasare<\/h2>\n<p class=\"wp-block-paragraph\">Noul regulament stabile\u0219te c\u0103 \u0219oferii vehiculelor de mare tonaj au obliga\u021bia s\u0103 verifice dac\u0103 traseul ales include drumuri aflate sub restric\u021bie de tonaj.<\/p>\n<p class=\"wp-block-paragraph\">\u00cen acela\u0219i timp, ace\u0219tia trebuie s\u0103 se asigure c\u0103 autovehiculele respect\u0103 limitele de gabarit ale str\u0103zilor pe care urmeaz\u0103 s\u0103 circule, iar accesul este permis doar pe drumurile pentru care a fost achitat\u0103 taxa corespunz\u0103toare \u0219i a fost ob\u021binut\u0103 autoriza\u021bia necesar\u0103.<\/p>\n<h2 class=\"wp-block-heading\">Amenzi de 5.000 de lei pentru \u00eenc\u0103lcarea regulamentului<\/h2>\n<p class=\"wp-block-paragraph\">Poli\u021bia Local\u0103 avertizeaz\u0103 c\u0103 nerespectarea noilor prevederi constituie contraven\u021bie.<\/p>\n<p class=\"wp-block-paragraph\">Sunt sanc\u021bionate cu amend\u0103 de 5.000 de lei circula\u021bia \u00een zonele restric\u021bionate f\u0103r\u0103 autoriza\u021bie valabil\u0103, nerespectarea intervalului orar \u00eenscris \u00een autoriza\u021bie sau utilizarea unei autoriza\u021bii emise pentru un alt autovehicul dec\u00e2t cel pentru care a fost eliberat\u0103.<\/p>\n<h2 class=\"wp-block-heading\">Poli\u021bi\u0219tii locali au \u00eenceput controalele<\/h2>\n<p class=\"wp-block-paragraph\">Reprezentan\u021bii Serviciului Siguran\u021ba Rutier\u0103 din cadrul Poli\u021biei Locale Timi\u0219oara desf\u0103\u0219oar\u0103 deja ac\u021biuni de verificare \u00een teren.<\/p>\n<p class=\"wp-block-paragraph\">\u00cen aceast\u0103 perioad\u0103, poli\u021bi\u0219tii locali informeaz\u0103 conduc\u0103torii auto cu privire la noile obliga\u021bii \u0219i aplic\u0103 m\u0103surile prev\u0103zute de lege \u00een cazul \u00eenc\u0103lc\u0103rii regulamentului privind circula\u021bia vehiculelor de peste 3,5 tone \u00een municipiu.<\/p>\n<\/div>\n<footer>\n<div class=\"td-post-source-tags\">\n<ul class=\"td-tags td-post-small-box clearfix\">\n<li><span>ETICHETE<\/span><\/li>\n<li><a href=\"https:\/\/orasul-timisoara.ro\/local-tag\/5-tone\/\">5 tone<\/a><\/li>\n<li><a href=\"https:\/\/orasul-timisoara.ro\/local-tag\/amenzi\/\">amenzi<\/a><\/li>\n<li><a href=\"https:\/\/orasul-timisoara.ro\/local-tag\/autorizatie-de-acces\/\">autoriza\u021bie de acces<\/a><\/li>\n<li><a href=\"https:\/\/orasul-timisoara.ro\/local-tag\/autovehicule-peste-3\/\">autovehicule peste 3<\/a><\/li>\n<li><a href=\"https:\/\/orasul-timisoara.ro\/local-tag\/camioane\/\">camioane<\/a><\/li>\n<li><a href=\"https:\/\/orasul-timisoara.ro\/local-tag\/hcl-199-2026\/\">HCL 199\/2026<\/a><\/li>\n<li><a href=\"https:\/\/orasul-timisoara.ro\/local-tag\/politia-locala-timisoara-2\/\">Poli\u021bia Local\u0103 Timi\u0219oara<\/a><\/li>\n<li><a href=\"https:\/\/orasul-timisoara.ro\/local-tag\/primaria-timisoara-2\/\">Prim\u0103ria Timi\u0219oara<\/a><\/li>\n<li><a href=\"https:\/\/orasul-timisoara.ro\/local-tag\/restrictie-de-tonaj\/\">restric\u021bie de tonaj<\/a><\/li>\n<li><a href=\"https:\/\/orasul-timisoara.ro\/local-tag\/siguranta-rutiera-3\/\">siguran\u021ba rutier\u0103<\/a><\/li>\n<li><a href=\"https:\/\/orasul-timisoara.ro\/local-tag\/timisoara-2\/\">timi\u0219oara<\/a><\/li>\n<li><a href=\"https:\/\/orasul-timisoara.ro\/local-tag\/trafic-rutier\/\">trafic rutier<\/a><\/li>\n<\/ul>\n<\/div>\n<div class=\"td-post-sharing-bottom\">\n<div class=\"td-post-sharing-classic\"><iframe title=\"bottomFacebookLike\" frameborder src=\"https:\/\/www.facebook.com\/plugins\/like.php?href=https:\/\/orasul-timisoara.ro\/local-40035\/&amp;layout=button_count&amp;show_faces=false&amp;width=105&amp;action=like&amp;colorscheme=light&amp;height=21\"><\/iframe><\/div>\n<div id=\"td_social_sharing_article_bottom\" class=\"td-post-sharing td-ps-bg td-ps-notext td-post-sharing-style1 \">\n<div class=\"td-post-sharing-visible\"><a class=\"td-social-sharing-button td-social-sharing-button-js td-social-network td-social-facebook\" href=\"https:\/\/www.facebook.com\/sharer.php?u=https%3A%2F%2Forasul-timisoara.ro%2Flocal-40035%2F\" title=\"Facebook\"><\/p>\n<div class=\"td-social-but-text\">Facebook<\/div>\n<p><\/a><a class=\"td-social-sharing-button td-social-sharing-button-js td-social-network td-social-twitter\" href=\"https:\/\/twitter.com\/intent\/tweet?text=Poli%C8%9Bia+Local%C4%83+Timi%C8%99oara+%C3%AEncepe+controalele+dup%C4%83+intrarea+%C3%AEn+vigoare+a+noului+regulament+de+tonaj.+Camioanele+de+peste+3%2C5+tone+au+nevoie+de+autoriza%C8%9Bie+pentru+acces+%C3%AEn+zonele+restric%C8%9Bionate+din+ora%C8%99&amp;url=https%3A%2F%2Forasul-timisoara.ro%2Flocal-40035%2F&amp;via=orasultm\" title=\"Twitter\"><\/p>\n<div class=\"td-social-but-text\">Twitter<\/div>\n<p><\/a><a class=\"td-social-sharing-button td-social-sharing-button-js td-social-network td-social-whatsapp\" href=\"https:\/\/api.whatsapp.com\/send?text=Poli%C8%9Bia+Local%C4%83+Timi%C8%99oara+%C3%AEncepe+controalele+dup%C4%83+intrarea+%C3%AEn+vigoare+a+noului+regulament+de+tonaj.+Camioanele+de+peste+3%2C5+tone+au+nevoie+de+autoriza%C8%9Bie+pentru+acces+%C3%AEn+zonele+restric%C8%9Bionate+din+ora%C8%99%20%0A%0A%20https:\/\/orasul-timisoara.ro\/local-40035\/\" title=\"WhatsApp\"><\/p>\n<div class=\"td-social-but-text\">WhatsApp<\/div>\n<p><\/a><a class=\"td-social-sharing-button td-social-sharing-button-js td-social-network td-social-linkedin\" href=\"https:\/\/www.linkedin.com\/shareArticle?mini=true&amp;url=https:\/\/orasul-timisoara.ro\/local-40035\/&amp;title=Poli%C8%9Bia+Local%C4%83+Timi%C8%99oara+%C3%AEncepe+controalele+dup%C4%83+intrarea+%C3%AEn+vigoare+a+noului+regulament+de+tonaj.+Camioanele+de+peste+3%2C5+tone+au+nevoie+de+autoriza%C8%9Bie+pentru+acces+%C3%AEn+zonele+restric%C8%9Bionate+din+ora%C8%99\" title=\"Linkedin\"><\/p>\n<div class=\"td-social-but-text\">Linkedin<\/div>\n<p><\/a><a class=\"td-social-sharing-button td-social-sharing-button-js td-social-network td-social-reddit\" href=\"https:\/\/reddit.com\/submit?url=https:\/\/orasul-timisoara.ro\/local-40035\/&amp;title=Poli%C8%9Bia+Local%C4%83+Timi%C8%99oara+%C3%AEncepe+controalele+dup%C4%83+intrarea+%C3%AEn+vigoare+a+noului+regulament+de+tonaj.+Camioanele+de+peste+3%2C5+tone+au+nevoie+de+autoriza%C8%9Bie+pentru+acces+%C3%AEn+zonele+restric%C8%9Bionate+din+ora%C8%99\" title=\"ReddIt\"><\/p>\n<div class=\"td-social-but-text\">ReddIt<\/div>\n<p><\/a><a class=\"td-social-sharing-button td-social-sharing-button-js td-social-network td-social-mail\" href=\"mailto:?subject=Poli%C8%9Bia%20Local%C4%83%20Timi%C8%99oara%20%C3%AEncepe%20controalele%20dup%C4%83%20intrarea%20%C3%AEn%20vigoare%20a%20noului%20regulament%20de%20tonaj.%20Camioanele%20de%20peste%203,5%20tone%20au%20nevoie%20de%20autoriza%C8%9Bie%20pentru%20acces%20%C3%AEn%20zonele%20restric%C8%9Bionate%20din%20ora%C8%99&amp;body=https:\/\/orasul-timisoara.ro\/local-40035\/\" title=\"Email\"><\/p>\n<div class=\"td-social-but-text\">Email<\/div>\n<p><\/a><a class=\"td-social-sharing-button td-social-sharing-button-js td-social-network td-social-print\" href=\"https:\/\/orasul-timisoara.ro\/local-40035\/\" title=\"Imprimare\"><\/p>\n<div class=\"td-social-but-text\">Imprimare<\/div>\n<p><\/a><\/div>\n<\/div>\n<\/div>\n<div class=\"td-block-row td-post-next-prev\">\n<div class=\"td-block-span6 td-post-prev-post\">\n<div class=\"td-post-next-prev-content\"><span>Articolul precedent<\/span><a href=\"https:\/\/orasul-timisoara.ro\/local-40025\/\">Razie pe DN 6 \u00een Timi\u0219: 151 de amenzi \u0219i nou\u0103 permise re\u021binute (foto)<\/a><\/div>\n<\/div>\n<div class=\"td-block-span6 td-post-next-post\">\n<div class=\"td-post-next-prev-content\"><span>Articolul urm\u0103tor<\/span><a href=\"https:\/\/orasul-timisoara.ro\/local-40038\/\">ISU Timi\u0219 controleaz\u0103 spitalele dup\u0103 instituirea st\u0103rii de alert\u0103 \u0219i Codul Ro\u0219u de canicul\u0103<\/a><\/div>\n<\/div>\n<\/div>\n<div class=\"td-author-name vcard author\"><span class=\"fn\"><a href=\"https:\/\/orasul-timisoara.ro\/author\/timisoara\/\">redactia<\/a><\/span><\/div>\n<p><span class=\"td-page-meta\"><\/span><span class=\"td-page-meta\"><span class=\"td-page-meta\"><\/span><\/span><span class=\"td-page-meta\"><\/span><\/footer>\n<div class=\"td_block_wrap td_block_related_posts tdi_3 td_with_ajax_pagination td-pb-border-top td_block_template_8\" data-td-block-uid=\"tdi_3\">\n<h4 class=\"td-related-title td-block-title\"><a id=\"tdi_4\" class=\"td-related-left td-cur-simple-item\" data-td_filter_value data-td_block_id=\"tdi_3\" href=\"https:\/\/orasul-timisoara.ro\/local-40035\/\">ARTICOLE SIMILARE<\/a><a id=\"tdi_5\" class=\"td-related-right\" data-td_filter_value=\"td_related_more_from_author\" data-td_block_id=\"tdi_3\" href=\"https:\/\/orasul-timisoara.ro\/local-40035\/\">DE LA ACELA\u0218I AUTOR<\/a><\/h4>\n<div id=\"tdi_3\" class=\"td_block_inner\">\n<div class=\"td-related-row\">\n<div class=\"td-related-span4\">\n<div class=\"td_module_related_posts td-animation-stack td_mod_related_posts\">\n<div class=\"td-module-image\">\n<div class=\"td-module-thumb\"><a href=\"https:\/\/orasul-timisoara.ro\/local-40025\/\" rel=\"bookmark\" class=\"td-image-wrap \" title=\"Razie pe DN 6 \u00een Timi\u0219: 151 de amenzi \u0219i nou\u0103 permise re\u021binute (foto)\"><img loading=\"lazy\" decoding=\"async\" class=\"entry-thumb\" src=\"https:\/\/orasul-timisoara.ro\/wp-content\/uploads\/2026\/08\/WhatsApp-Image-2026-08-04-at-09.21.52-436x300.jpg\" alt title=\"Razie pe DN 6 \u00een Timi\u0219: 151 de amenzi \u0219i nou\u0103 permise re\u021binute (foto)\" width=\"218\" height=\"150\"><\/a><\/div>\n<\/div>\n<div class=\"item-details\">\n<h3 class=\"entry-title td-module-title\"><a href=\"https:\/\/orasul-timisoara.ro\/local-40025\/\" rel=\"bookmark\" title=\"Razie pe DN 6 \u00een Timi\u0219: 151 de amenzi \u0219i nou\u0103 permise re\u021binute (foto)\">Razie pe DN 6 \u00een Timi\u0219: 151 de amenzi \u0219i nou\u0103 permise re\u021binute (foto)<\/a><\/h3>\n<\/div>\n<\/div>\n<\/div>\n<div class=\"td-related-span4\">\n<div class=\"td_module_related_posts td-animation-stack td_mod_related_posts\">\n<div class=\"td-module-image\">\n<div class=\"td-module-thumb\"><a href=\"https:\/\/orasul-timisoara.ro\/local-39968\/\" rel=\"bookmark\" class=\"td-image-wrap \" title=\"Amenzi de peste 107.000 de lei pentru \u0219oferii care au blocat sta\u021biile de \u00eenc\u0103rcare din Timi\u0219oara\"><img loading=\"lazy\" decoding=\"async\" class=\"entry-thumb\" src=\"https:\/\/orasul-timisoara.ro\/wp-content\/uploads\/2026\/08\/BLOCAT-STATII-ALIMENTARE-436x300.jpg\" alt title=\"Amenzi de peste 107.000 de lei pentru \u0219oferii care au blocat sta\u021biile de \u00eenc\u0103rcare din Timi\u0219oara\" width=\"218\" height=\"150\"><\/a><\/div>\n<\/div>\n<div class=\"item-details\">\n<h3 class=\"entry-title td-module-title\"><a href=\"https:\/\/orasul-timisoara.ro\/local-39968\/\" rel=\"bookmark\" title=\"Amenzi de peste 107.000 de lei pentru \u0219oferii care au blocat sta\u021biile de \u00eenc\u0103rcare din Timi\u0219oara\">Amenzi de peste 107.000 de lei pentru \u0219oferii care au blocat sta\u021biile de \u00eenc\u0103rcare din Timi\u0219oara<\/a><\/h3>\n<\/div>\n<\/div>\n<\/div>\n<div class=\"td-related-span4\">\n<div class=\"td_module_related_posts td-animation-stack td_mod_related_posts\">\n<div class=\"td-module-image\">\n<div class=\"td-module-thumb\"><a href=\"https:\/\/orasul-timisoara.ro\/local-39951\/\" rel=\"bookmark\" class=\"td-image-wrap \" title=\"Restric\u021bii de circula\u021bie pentru automarfarele de peste 7,5 tone \u00een Ungaria\"><img loading=\"lazy\" decoding=\"async\" class=\"entry-thumb\" src=\"https:\/\/orasul-timisoara.ro\/wp-content\/uploads\/2026\/07\/tir-stationare-dreapta-436x300.jpg\" alt title=\"Restric\u021bii de circula\u021bie pentru automarfarele de peste 7,5 tone \u00een Ungaria\" width=\"218\" height=\"150\"><\/a><\/div>\n<\/div>\n<div class=\"item-details\">\n<h3 class=\"entry-title td-module-title\"><a href=\"https:\/\/orasul-timisoara.ro\/local-39951\/\" rel=\"bookmark\" title=\"Restric\u021bii de circula\u021bie pentru automarfarele de peste 7,5 tone \u00een Ungaria\">Restric\u021bii de circula\u021bie pentru automarfarele de peste 7,5 tone \u00een Ungaria<\/a><\/h3>\n<\/div>\n<\/div>\n<\/div>\n<\/div>\n<\/div>\n<\/div>\n<div class=\"comments\" id=\"comments\">\n<div id=\"respond\" class=\"comment-respond\">\n<h3 id=\"reply-title\" class=\"comment-reply-title\">L\u0102SA\u021aI UN MESAJ<\/h3>\n<div class=\"comment-form-input-wrap td-form-comment\">\n<div class=\"td-warning-comment\">V\u0103 rug\u0103m s\u0103 introduce\u021bi comentariul dvs.!<\/div>\n<\/div>\n<div class=\"comment-form-input-wrap td-form-author\">\n<div class=\"td-warning-author\">Introduce\u021bi aici numele dvs.<\/div>\n<\/div>\n<div class=\"comment-form-input-wrap td-form-email\">\n<div class=\"td-warning-email-error\">A\u021bi introdus o adres\u0103 de e-mail incorect\u0103!<\/div>\n<div class=\"td-warning-email\">V\u0103 rug\u0103m s\u0103 introduce\u021bi adresa dvs. de e-mail aici<\/div>\n<\/div>\n<\/div>\n<p class=\"akismet_comment_form_privacy_notice\">Acest site folose\u0219te Akismet pentru a reduce spamul. <a href=\"https:\/\/akismet.com\/privacy\/\" target=\"_blank\" rel=\"nofollow noopener\">Afl\u0103 cum sunt procesate datele comentariilor tale<\/a>.<\/p>\n<\/div>\n<\/div>\n<\/div>\n<div class=\"td-pb-span4 td-main-sidebar\" role=\"complementary\">\n<div class=\"td-ss-main-sidebar\">\n<aside id=\"block-4\" class=\"td_block_template_8 widget block-4 widget_block widget_media_image\">\n<figure class=\"wp-block-image size-full\"><img loading=\"lazy\" decoding=\"async\" width=\"336\" height=\"280\" src=\"https:\/\/orasul-timisoara.ro\/wp-content\/uploads\/2024\/11\/ReTIM-Abonamentul-Verde-Google-Ads-336x280px.gif\" alt class=\"wp-image-29257\"><\/figure>\n<\/aside>\n<div class=\"td_block_wrap td_block_social_counter td_block_widget tdi_6 td-social-style5 td-social-boxed td-pb-border-top td_block_template_8\">\n<div class=\"td-block-title-wrap\">\n<h4 class=\"td-block-title\"><span>Urm\u0103re\u0219te-ne pe Social Media<\/span><\/h4>\n<\/div>\n<div class=\"td-social-list\">\n<div class=\"td_social_type td-pb-margin-side td_social_facebook\">\n<div class=\"td-social-box\"><span class=\"td_social_info td_social_info_counter\">344,595<\/span><span class=\"td_social_info td_social_info_name\">Fani<\/span><span class=\"td_social_button\"><a href=\"https:\/\/www.facebook.com\/247timisoara\" target=\"_blank\" rel=\"nofollow\">\u00cemi place<\/a><\/span><\/div>\n<\/div>\n<div class=\"td_social_type td-pb-margin-side td_social_instagram\">\n<div class=\"td-social-box\"><span class=\"td_social_info td_social_info_counter\">4,416<\/span><span class=\"td_social_info td_social_info_name\">Cititori<\/span><span class=\"td_social_button\"><a href=\"https:\/\/instagram.com\/orasultimisoararo\/\" target=\"_blank\" rel=\"nofollow\">Conecta\u021bi-v\u0103<\/a><\/span><\/div>\n<\/div>\n<div class=\"td_social_type td-pb-margin-side td_social_rss\">\n<div class=\"td-social-box\"><span class=\"td_social_info td_social_info_counter\">12,506<\/span><span class=\"td_social_info td_social_info_name\">Cititori<\/span><span class=\"td_social_button\"><a href=\"https:\/\/orasul-timisoara.ro\/feed\/\" target=\"_blank\" rel=\"nofollow\">Conecta\u021bi-v\u0103<\/a><\/span><\/div>\n<\/div>\n<div class=\"td_social_type td-pb-margin-side td_social_tiktok\">\n<div class=\"td-social-box\"><span class=\"td_social_info td_social_info_counter\">1,500<\/span><span class=\"td_social_info td_social_info_name\">Cititori<\/span><span class=\"td_social_button\"><a href=\"https:\/\/www.tiktok.com\/@orasultimisoara\" target=\"_blank\" rel=\"nofollow\">Conecta\u021bi-v\u0103<\/a><\/span><\/div>\n<\/div>\n<div class=\"td_social_type td-pb-margin-side td_social_twitter\">\n<div class=\"td-social-box\"><span class=\"td_social_info td_social_info_counter\">1,595<\/span><span class=\"td_social_info td_social_info_name\">Cititori<\/span><span class=\"td_social_button\"><a href=\"https:\/\/twitter.com\/orasultm\" target=\"_blank\" rel=\"nofollow\">Conecta\u021bi-v\u0103<\/a><\/span><\/div>\n<\/div>\n<div class=\"td_social_type td-pb-margin-side td_social_youtube\">\n<div class=\"td-social-box\"><span class=\"td_social_info td_social_info_counter\">3,506<\/span><span class=\"td_social_info td_social_info_name\">Abona\u021bi<\/span><span class=\"td_social_button\"><a href=\"https:\/\/www.youtube.com\/channel\/UCQNsQvs2XCSIm1Z-AHRturw?sub_confirmation=1\" target=\"_blank\" rel=\"nofollow\">Abona\u021bi-v\u0103<\/a><\/span><\/div>\n<\/div>\n<\/div>\n<\/div>\n<aside id=\"text-7\" class=\"td_block_template_8 widget text-7 widget_text\">\n<h4 class=\"td-block-title\"><span>C\u0103ut\u0103ri populare pe OTM<\/span><\/h4>\n<div class=\"textwidget\"><a href=\"https:\/\/orasul-timisoara.ro\/?s=timisoara\"><span>Timisoara<\/span><\/a><a href=\"https:\/\/orasul-timisoara.ro\/?s=calin+dobra\"><span>Calin Dobra<\/span><\/a><a href=\"https:\/\/orasul-timisoara.ro\/?s=primaria+timisoara\"><span>Primaria Timisoara<\/span><\/a><a href=\"https:\/\/orasul-timisoara.ro\/?s=dominic+fritz\"><span>Dominic Fritz<\/span><\/a><a href=\"https:\/\/orasul-timisoara.ro\/?s=nicolae+robu\"><span>Nicolae Robu<\/span><\/a><a href=\"https:\/\/orasul-timisoara.ro\/?s=consiliul+local+timisoara\">Consiliul Local Timisoara<\/a><a href=\"https:\/\/orasul-timisoara.ro\/?s=consiliul+judetean+timis\"><span>Consiliul Judetean Timis<\/span><\/a><a href=\"https:\/\/orasul-timisoara.ro\/?s=cjt\"><span>CJT<\/span><\/a><a href=\"https:\/\/orasul-timisoara.ro\/?s=Alfred+Simonis\"><span>Alfred Simonis<\/span><\/a><a href=\"https:\/\/orasul-timisoara.ro\/?s=PNL\"><span>PNL<\/span><\/a><a href=\"https:\/\/orasul-timisoara.ro\/?s=coronavirus\"><span>coronavirus<\/span><\/a><a href=\"https:\/\/orasul-timisoara.ro\/?s=teatru+timisoara\">teatru Timisoara<\/a><a href=\"https:\/\/orasul-timisoara.ro\/?s=restaurante\"><span>restaurante Timisoara<\/span><\/a><a href=\"https:\/\/orasul-timisoara.ro\/?s=diskoteka\"><span>Diskoteka<\/span><\/a><a href=\"https:\/\/orasul-timisoara.ro\/?s=iulius+town\"><span>Iulius Town<\/span><\/a><a href=\"https:\/\/orasul-timisoara.ro\/?s=iulius+mall\"><span>Iulius Mall<\/span><\/a><a href=\"https:\/\/orasul-timisoara.ro\/?s=stpt\"><span>STPT<\/span><\/a><a href=\"https:\/\/orasul-timisoara.ro\/?s=alin+nica\"><span>Alin Nica<\/span><\/a><a href=\"https:\/\/orasul-timisoara.ro\/?s=psd\"><span>PSD<\/span><\/a><a href=\"https:\/\/orasul-timisoara.ro\/?s=aeroport\"><span>Aeroportul International Timisoara<\/span><\/a><a href=\"https:\/\/orasul-timisoara.ro\/?s=babes\"><span>Spitalul Victor Babes Timisoara<\/span><\/a><a href=\"https:\/\/orasul-timisoara.ro\/?s=poli\"><span>Poli Timi\u0219oara<\/span><\/a><a href=\"https:\/\/orasul-timisoara.ro\/?s=carantina\"><span>carantina<\/span><\/a><a href=\"https:\/\/orasul-timisoara.ro\/?s=aquatim\"><span>Aquatim<\/span><\/a><a href=\"https:\/\/orasul-timisoara.ro\/local-category\/stiri-timisoara\/\"><span>Stiri Timisoara<\/span><\/a><a href=\"https:\/\/orasul-timisoara.ro\/local-category\/investitii-in-timisoara\/\"><span>Investi\u021bii in Timi\u0219oara<\/span><\/a><a href=\"https:\/\/orasul-timisoara.ro\/local-9463\/\"><span>shaorma<\/span><\/a><a href=\"https:\/\/orasul-timisoara.ro\/?s=trafic\"><span>trafic rutier<\/span><\/a><a href=\"https:\/\/orasul-timisoara.ro\/?s=politia\"><span>politia locala timisoara<\/span><\/a><a href=\"https:\/\/orasul-timisoara.ro\/?s=roxana\"><span>Roxana Iliescu<\/span><\/a><a href=\"https:\/\/orasul-timisoara.ro\/?s=colterm\"><span>Colterm<\/span><\/a><a href=\"https:\/\/orasul-timisoara.ro\/?s=latcau\"><span>Ruben La\u021bc\u0103u<\/span><\/a><a href=\"https:\/\/orasul-timisoara.ro\/?s=timis\"><span>\u0218tiri din Timi\u0219<\/span><\/a><a href=\"https:\/\/orasul-timisoara.ro\/?s=spital\"><span>Spitale din Timi\u0219oara<\/span><\/a><a href=\"https:\/\/orasul-timisoara.ro\/?s=tabara\"><span>Cosmin Tab\u0103r\u0103<\/span><\/a><\/div>\n<\/aside>\n<aside id=\"rss-2\" class=\"td_block_template_8 widget rss-2 widget_rss\">\n<h4 class=\"td-block-title\"><span><a class=\"rsswidget rss-widget-feed\" href=\"https:\/\/fashionfridays.ro\/feed\"><img decoding=\"async\" class=\"rss-widget-icon\" width=\"14\" height=\"14\" src=\"https:\/\/orasul-timisoara.ro\/wp-includes\/images\/rss.png\" alt=\"RSS\" loading=\"lazy\"><\/a><a class=\"rsswidget rss-widget-title\" href=\"https:\/\/fashionfridays.ro\/\">Fashion Fridays<\/a><\/span><\/h4>\n<ul>\n<li><a class=\"rsswidget\" href=\"https:\/\/fashionfridays.ro\/romania-devine-a-29-a-piata-vogue-o-noua-era-pentru-industria-locala-de-moda\/\">Rom\u00e2nia devine a 29-a pia\u021b\u0103 Vogue: o nou\u0103 er\u0103 pentru industria local\u0103 de mod\u0103<\/a>\n<div class=\"rssSummary\">Revista Vogue \u00ee\u0219i extinde prezen\u021ba global\u0103 \u0219i va fi lansat\u0103 oficial \u00een Rom\u00e2nia \u00een prim\u0103vara anului 2027, marc\u00e2nd intrarea pe cea de-a 29-a pia\u021b\u0103 interna\u021bional\u0103. Proiectul este realizat \u00een parteneriat cu AEMME Publishing, o companie media recent \u00eenfiin\u021bat\u0103, care va publica edi\u021bia local\u0103 sub licen\u021b\u0103. Noua edi\u021bie, Vogue Rom\u00e2nia, \u00ee\u0219i propune s\u0103 combine autoritatea global\u0103 [\u2026]<\/div>\n<\/li>\n<\/ul>\n<\/aside>\n<aside id=\"rss-4\" class=\"td_block_template_8 widget rss-4 widget_rss\">\n<h4 class=\"td-block-title\"><span><a class=\"rsswidget rss-widget-feed\" href=\"https:\/\/emasini.ro\/feed\"><img decoding=\"async\" class=\"rss-widget-icon\" width=\"14\" height=\"14\" src=\"https:\/\/orasul-timisoara.ro\/wp-includes\/images\/rss.png\" alt=\"RSS\" loading=\"lazy\"><\/a><a class=\"rsswidget rss-widget-title\" href=\"https:\/\/emasini.ro\/\">eMasini<\/a><\/span><\/h4>\n<ul>\n<li><a class=\"rsswidget\" href=\"https:\/\/emasini.ro\/bmw-testeaza-noul-i4-convertible-primul-cabrio-electric-accesibil-al-marcii\/\">BMW testeaz\u0103 noul i4 Convertible, primul cabrio electric accesibil al m\u0103rcii<\/a>\n<div class=\"rssSummary\">BMW accelereaz\u0103 dezvoltarea noii genera\u021bii de modele electrice bazate pe platforma Neue Klasse, iar unul dintre cele mai interesante proiecte aflate \u00een teste este viitorul BMW i4 Convertible. Prototipul camuflat a fost surprins pe \u0219osele, confirm\u00e2nd c\u0103 produc\u0103torul german preg\u0103te\u0219te o decapotabil\u0103 electric\u0103 destinat\u0103 unui segment \u00een care oferta este, \u00een prezent, extrem de limitat\u0103. [\u2026]<\/div>\n<\/li>\n<\/ul>\n<\/aside>\n<\/div>\n<\/div>\n<\/div>\n<\/div>\n<\/article>\n<div class=\"td-post-content tagdiv-type\">\n<p class=\"wp-block-paragraph\">Poli\u021bia Local\u0103 Timi\u0219oara atrage aten\u021bia c\u0103, \u00eencep\u00e2nd cu 1 august 2026, a intrat \u00een vigoare noul regulament privind circula\u021bia autovehiculelor cu masa total\u0103 maxim\u0103 autorizat\u0103 mai mare de 3,5 tone \u00een zonele cu restric\u021bie de tonaj din municipiu. Noile prevederi sunt aprobate prin Hot\u0103r\u00e2rea Consiliului Local nr. 199\/2026 \u0219i \u00eenlocuiesc vechiul regulament adoptat \u00een anul 2022.<\/p>\n<p class=\"wp-block-paragraph\">Autorit\u0103\u021bile anun\u021b\u0103 c\u0103 scopul noilor reguli este protejarea infrastructurii rutiere, reducerea impactului asupra mediului \u0219i cre\u0219terea siguran\u021bei \u00een trafic. Totodat\u0103, \u0219oferii care nu respect\u0103 prevederile regulamentului risc\u0103 amenzi de p\u00e2n\u0103 la 5.000 de lei.<\/p>\n<h2 class=\"wp-block-heading\">Noul regulament se aplic\u0103 din 1 august<\/h2>\n<p class=\"wp-block-paragraph\">Potrivit Direc\u021biei Generale a Poli\u021biei Locale Timi\u0219oara, accesul autovehiculelor destinate transportului de persoane, m\u0103rfuri \u0219i utilajelor cu masa total\u0103 maxim\u0103 autorizat\u0103 de peste 3,5 tone \u00een zonele restric\u021bionate este permis doar pe baza unei autoriza\u021bii de acces valabile.<\/p>\n<p class=\"wp-block-paragraph\">Regulamentul actualizeaz\u0103 condi\u021biile de circula\u021bie pentru vehiculele de mare tonaj \u0219i adapteaz\u0103 regulile la necesit\u0103\u021bile actuale ale traficului din municipiu.<\/p>\n<h2 class=\"wp-block-heading\">Autoriza\u021biile pot fi ob\u021binute online sau de la parteneri<\/h2>\n<p class=\"wp-block-paragraph\">Conduc\u0103torii auto pot solicita autoriza\u021bia de acces prin portalul Prim\u0103riei Municipiului Timi\u0219oara, prin aplica\u021biile partenere, de la benzin\u0103riile partenere sau prin Registratura Prim\u0103riei.<\/p>\n<p class=\"wp-block-paragraph\">De asemenea, autoriza\u021biile pot fi emise sub form\u0103 de abonamente lunare sau anuale, iar tarifele \u0219i condi\u021biile de acordare sunt disponibile pe portalul administra\u021biei locale.<\/p>\n<h2 class=\"wp-block-heading\">\u0218oferii trebuie s\u0103 verifice traseul \u00eenainte de deplasare<\/h2>\n<p class=\"wp-block-paragraph\">Noul regulament stabile\u0219te c\u0103 \u0219oferii vehiculelor de mare tonaj au obliga\u021bia s\u0103 verifice dac\u0103 traseul ales include drumuri aflate sub restric\u021bie de tonaj.<\/p>\n<p class=\"wp-block-paragraph\">\u00cen acela\u0219i timp, ace\u0219tia trebuie s\u0103 se asigure c\u0103 autovehiculele respect\u0103 limitele de gabarit ale str\u0103zilor pe care urmeaz\u0103 s\u0103 circule, iar accesul este permis doar pe drumurile pentru care a fost achitat\u0103 taxa corespunz\u0103toare \u0219i a fost ob\u021binut\u0103 autoriza\u021bia necesar\u0103.<\/p>\n<h2 class=\"wp-block-heading\">Amenzi de 5.000 de lei pentru \u00eenc\u0103lcarea regulamentului<\/h2>\n<p class=\"wp-block-paragraph\">Poli\u021bia Local\u0103 avertizeaz\u0103 c\u0103 nerespectarea noilor prevederi constituie contraven\u021bie.<\/p>\n<p class=\"wp-block-paragraph\">Sunt sanc\u021bionate cu amend\u0103 de 5.000 de lei circula\u021bia \u00een zonele restric\u021bionate f\u0103r\u0103 autoriza\u021bie valabil\u0103, nerespectarea intervalului orar \u00eenscris \u00een autoriza\u021bie sau utilizarea unei autoriza\u021bii emise pentru un alt autovehicul dec\u00e2t cel pentru care a fost eliberat\u0103.<\/p>\n<h2 class=\"wp-block-heading\">Poli\u021bi\u0219tii locali au \u00eenceput controalele<\/h2>\n<p class=\"wp-block-paragraph\">Reprezentan\u021bii Serviciului Siguran\u021ba Rutier\u0103 din cadrul Poli\u021biei Locale Timi\u0219oara desf\u0103\u0219oar\u0103 deja ac\u021biuni de verificare \u00een teren.<\/p>\n<p class=\"wp-block-paragraph\">\u00cen aceast\u0103 perioad\u0103, poli\u021bi\u0219tii locali informeaz\u0103 conduc\u0103torii auto cu privire la noile obliga\u021bii \u0219i aplic\u0103 m\u0103surile prev\u0103zute de lege \u00een cazul \u00eenc\u0103lc\u0103rii regulamentului privind circula\u021bia vehiculelor de peste 3,5 tone \u00een municipiu.<\/p>\n<\/div>\n<p>[analyse_source url=&#8221;https:\/\/orasul-timisoara.ro\/local-40035\/&#8221;]<\/p>\n","protected":false},"excerpt":{"rendered":"<p>[analyse_image type=&#8221;featured&#8221; src=&#8221;https:\/\/orasul-timisoara.ro\/wp-content\/uploads\/2026\/08\/auto2-1.jpg&#8221;] Administra\u021bie local\u0103Poli\u021bia Local\u0103 Timi\u0219oara \u00eencepe controalele dup\u0103 intrarea \u00een vigoare a noului regulament&#8230; Administra\u021bie local\u0103 \u0218tiri Locale Poli\u021bia Local\u0103 Timi\u0219oara \u00eencepe controalele dup\u0103 intrarea \u00een vigoare a noului regulament de tonaj. Camioanele de peste 3,5 tone au nevoie de autoriza\u021bie pentru acces \u00een zonele restric\u021bionate din ora\u0219 De c\u0103tre redactia &#8211; 04\/08\/2026 [&hellip;]<\/p>\n","protected":false},"author":1,"featured_media":0,"comment_status":"open","ping_status":"","sticky":false,"template":"","format":"standard","meta":{"footnotes":""},"categories":[89],"tags":[226,189],"class_list":["post-2077750","post","type-post","status-publish","format-standard","hentry","category-romania","tag-crawlmanager","tag-orasul-timisoara-ro"],"_links":{"self":[{"href":"https:\/\/analyse.optim.biz\/index.php?rest_route=\/wp\/v2\/posts\/2077750","targetHints":{"allow":["GET"]}}],"collection":[{"href":"https:\/\/analyse.optim.biz\/index.php?rest_route=\/wp\/v2\/posts"}],"about":[{"href":"https:\/\/analyse.optim.biz\/index.php?rest_route=\/wp\/v2\/types\/post"}],"author":[{"embeddable":true,"href":"https:\/\/analyse.optim.biz\/index.php?rest_route=\/wp\/v2\/users\/1"}],"replies":[{"embeddable":true,"href":"https:\/\/analyse.optim.biz\/index.php?rest_route=%2Fwp%2Fv2%2Fcomments&post=2077750"}],"version-history":[{"count":0,"href":"https:\/\/analyse.optim.biz\/index.php?rest_route=\/wp\/v2\/posts\/2077750\/revisions"}],"wp:attachment":[{"href":"https:\/\/analyse.optim.biz\/index.php?rest_route=%2Fwp%2Fv2%2Fmedia&parent=2077750"}],"wp:term":[{"taxonomy":"category","embeddable":true,"href":"https:\/\/analyse.optim.biz\/index.php?rest_route=%2Fwp%2Fv2%2Fcategories&post=2077750"},{"taxonomy":"post_tag","embeddable":true,"href":"https:\/\/analyse.optim.biz\/index.php?rest_route=%2Fwp%2Fv2%2Ftags&post=2077750"}],"curies":[{"name":"wp","href":"https:\/\/api.w.org\/{rel}","templated":true}]}}