{"id":2077748,"date":"2026-08-02T11:56:43","date_gmt":"2026-08-02T08:56:43","guid":{"rendered":"https:\/\/analyse.optim.biz\/?p=2077748"},"modified":"2026-08-02T11:56:43","modified_gmt":"2026-08-02T08:56:43","slug":"gratia-doi-barbati-au-amenintat-mai-multe-persoane-iar-unul-dintre-ei-a-purtat-asupra-sa-un-cutit-ziarul","status":"publish","type":"post","link":"https:\/\/analyse.optim.biz\/?p=2077748","title":{"rendered":"Gratia: doi b\u0103rba\u021bi au amenin\u021bat mai multe persoane, iar unul dintre ei a purtat asupra sa un cu\u021bit &#8211; Ziarul"},"content":{"rendered":"<p>[analyse_image type=&#8221;featured&#8221; src=&#8221;https:\/\/liberinteleorman.ro\/wp-content\/uploads\/2026\/08\/IMG_9583.jpeg&#8221;]<\/p>\n<div class=\"entry-content single56__content single56__post_content single56__body_area\">\n<p><em>Poli\u021bi\u0219tii din cadrul Sec\u021biei 10 Poli\u021bie Rural\u0103 Poeni efectueaz\u0103 cercet\u0103ri \u00een cadrul unui dosar penal, \u00eentocmit sub aspectul s\u0103v\u00e2r\u0219irii infrac\u021biunilor de amenin\u021bare, tulburarea ordinii \u0219i lini\u0219tii publice \u0219i portul sau folosirea f\u0103r\u0103 drept de obiecte periculoase, fa\u021b\u0103 de doi b\u0103rba\u021bi.<\/em><\/p>\n<p>La data de 1 august a.c., \u00een timp ce se aflau \u00een incinta unei societ\u0103\u021bi comerciale, \u00een comuna Gratia, jude\u021bul Teleorman, doi b\u0103rba\u021bi ar fi amenin\u021bat mai multe persoane, ar fi tulburat ordinea \u0219i lini\u0219tea public\u0103, iar unul dintre ei ar fi purtat asupra sa un cu\u021bit.<\/p>\n<p>\u00cen urma administr\u0103rii probatoriului, a fost dispus\u0103 m\u0103sura re\u021binerii fa\u021b\u0103 de b\u0103rba\u021bii \u00een cauz\u0103.<\/p>\n<p><em>Cercet\u0103rile sunt continuate, sub coordonarea procurorului din cadrul Parchetului de pe l\u00e2ng\u0103 Judec\u0103toria Videle.<\/em><\/p>\n<\/div>\n<p>[analyse_source url=&#8221;https:\/\/liberinteleorman.ro\/gratia-doi-barbati-au-amenintat-mai-multe-persoane-iar-unul-dintre-ei-a-purtat-asupra-sa-un-cutit\/&#8221;]<\/p>\n","protected":false},"excerpt":{"rendered":"<p>[analyse_image type=&#8221;featured&#8221; src=&#8221;https:\/\/liberinteleorman.ro\/wp-content\/uploads\/2026\/08\/IMG_9583.jpeg&#8221;] Poli\u021bi\u0219tii din cadrul Sec\u021biei 10 Poli\u021bie Rural\u0103 Poeni efectueaz\u0103 cercet\u0103ri \u00een cadrul unui dosar penal, \u00eentocmit sub aspectul s\u0103v\u00e2r\u0219irii infrac\u021biunilor de amenin\u021bare, tulburarea ordinii \u0219i lini\u0219tii publice \u0219i portul sau folosirea f\u0103r\u0103 drept de obiecte periculoase, fa\u021b\u0103 de doi b\u0103rba\u021bi. La data de 1 august a.c., \u00een timp ce se aflau \u00een [&hellip;]<\/p>\n","protected":false},"author":1,"featured_media":0,"comment_status":"open","ping_status":"","sticky":false,"template":"","format":"standard","meta":{"footnotes":""},"categories":[89],"tags":[226,181],"class_list":["post-2077748","post","type-post","status-publish","format-standard","hentry","category-romania","tag-crawlmanager","tag-liberinteleorman-ro"],"_links":{"self":[{"href":"https:\/\/analyse.optim.biz\/index.php?rest_route=\/wp\/v2\/posts\/2077748","targetHints":{"allow":["GET"]}}],"collection":[{"href":"https:\/\/analyse.optim.biz\/index.php?rest_route=\/wp\/v2\/posts"}],"about":[{"href":"https:\/\/analyse.optim.biz\/index.php?rest_route=\/wp\/v2\/types\/post"}],"author":[{"embeddable":true,"href":"https:\/\/analyse.optim.biz\/index.php?rest_route=\/wp\/v2\/users\/1"}],"replies":[{"embeddable":true,"href":"https:\/\/analyse.optim.biz\/index.php?rest_route=%2Fwp%2Fv2%2Fcomments&post=2077748"}],"version-history":[{"count":0,"href":"https:\/\/analyse.optim.biz\/index.php?rest_route=\/wp\/v2\/posts\/2077748\/revisions"}],"wp:attachment":[{"href":"https:\/\/analyse.optim.biz\/index.php?rest_route=%2Fwp%2Fv2%2Fmedia&parent=2077748"}],"wp:term":[{"taxonomy":"category","embeddable":true,"href":"https:\/\/analyse.optim.biz\/index.php?rest_route=%2Fwp%2Fv2%2Fcategories&post=2077748"},{"taxonomy":"post_tag","embeddable":true,"href":"https:\/\/analyse.optim.biz\/index.php?rest_route=%2Fwp%2Fv2%2Ftags&post=2077748"}],"curies":[{"name":"wp","href":"https:\/\/api.w.org\/{rel}","templated":true}]}}