{"id":2077747,"date":"2026-08-02T10:17:22","date_gmt":"2026-08-02T07:17:22","guid":{"rendered":"https:\/\/analyse.optim.biz\/?p=2077747"},"modified":"2026-08-02T10:17:22","modified_gmt":"2026-08-02T07:17:22","slug":"cosmesti-un-barbat-si-a-lovit-fiul-cu-un-cutit-ziarul-liber-in-teleorman","status":"publish","type":"post","link":"https:\/\/analyse.optim.biz\/?p=2077747","title":{"rendered":"Cosme\u0219ti: un b\u0103rbat \u0219i-a lovit fiul cu un cu\u021bit &#8211; Ziarul Liber in Teleorman"},"content":{"rendered":"<p>[analyse_image type=&#8221;featured&#8221; src=&#8221;https:\/\/liberinteleorman.ro\/wp-content\/uploads\/2026\/08\/IMG_9576.jpeg&#8221;]<\/p>\n<div class=\"entry-content single56__content single56__post_content single56__body_area\">\n<p><em>Poli\u021bi\u0219tii din cadrul Sec\u021biei 9 Poli\u021bie Rural\u0103 Videle efectueaz\u0103 cercet\u0103ri \u00een cadrul unui dosar penal, \u00eentocmit sub aspectul s\u0103v\u00e2r\u0219irii infrac\u021biunii de violen\u021b\u0103 \u00een familie.<\/em><\/p>\n<p>La data de 1 august a.c., poli\u021bi\u0219tii au fost sesiza\u021bi despre faptul c\u0103, un b\u0103rbat \u0219i-ar fi lovit fiul cu un cu\u021bit, \u00een comuna Cosme\u0219ti, jude\u021bul Teleorman.<\/p>\n<p>Persoana v\u0103t\u0103mat\u0103 nu a necesitat \u00eengrijiri medicale de specialitate.<\/p>\n<p>\u00cen urma administr\u0103rii probatoriului, a fost dispus\u0103 m\u0103sura re\u021binerii fa\u021b\u0103 de b\u0103rbat.<\/p>\n<p><em>Cercet\u0103rile sunt continuate, sub coordonarea procurorului din cadrul Parchetului de pe l\u00e2ng\u0103 Judec\u0103toria Videle.<\/em><\/p>\n<\/div>\n<p>[analyse_source url=&#8221;https:\/\/liberinteleorman.ro\/cosmesti-un-barbat-si-a-lovit-fiul-cu-un-cutit\/&#8221;]<\/p>\n","protected":false},"excerpt":{"rendered":"<p>[analyse_image type=&#8221;featured&#8221; src=&#8221;https:\/\/liberinteleorman.ro\/wp-content\/uploads\/2026\/08\/IMG_9576.jpeg&#8221;] Poli\u021bi\u0219tii din cadrul Sec\u021biei 9 Poli\u021bie Rural\u0103 Videle efectueaz\u0103 cercet\u0103ri \u00een cadrul unui dosar penal, \u00eentocmit sub aspectul s\u0103v\u00e2r\u0219irii infrac\u021biunii de violen\u021b\u0103 \u00een familie. La data de 1 august a.c., poli\u021bi\u0219tii au fost sesiza\u021bi despre faptul c\u0103, un b\u0103rbat \u0219i-ar fi lovit fiul cu un cu\u021bit, \u00een comuna Cosme\u0219ti, jude\u021bul Teleorman. Persoana [&hellip;]<\/p>\n","protected":false},"author":1,"featured_media":0,"comment_status":"open","ping_status":"","sticky":false,"template":"","format":"standard","meta":{"footnotes":""},"categories":[89],"tags":[226,181],"class_list":["post-2077747","post","type-post","status-publish","format-standard","hentry","category-romania","tag-crawlmanager","tag-liberinteleorman-ro"],"_links":{"self":[{"href":"https:\/\/analyse.optim.biz\/index.php?rest_route=\/wp\/v2\/posts\/2077747","targetHints":{"allow":["GET"]}}],"collection":[{"href":"https:\/\/analyse.optim.biz\/index.php?rest_route=\/wp\/v2\/posts"}],"about":[{"href":"https:\/\/analyse.optim.biz\/index.php?rest_route=\/wp\/v2\/types\/post"}],"author":[{"embeddable":true,"href":"https:\/\/analyse.optim.biz\/index.php?rest_route=\/wp\/v2\/users\/1"}],"replies":[{"embeddable":true,"href":"https:\/\/analyse.optim.biz\/index.php?rest_route=%2Fwp%2Fv2%2Fcomments&post=2077747"}],"version-history":[{"count":0,"href":"https:\/\/analyse.optim.biz\/index.php?rest_route=\/wp\/v2\/posts\/2077747\/revisions"}],"wp:attachment":[{"href":"https:\/\/analyse.optim.biz\/index.php?rest_route=%2Fwp%2Fv2%2Fmedia&parent=2077747"}],"wp:term":[{"taxonomy":"category","embeddable":true,"href":"https:\/\/analyse.optim.biz\/index.php?rest_route=%2Fwp%2Fv2%2Fcategories&post=2077747"},{"taxonomy":"post_tag","embeddable":true,"href":"https:\/\/analyse.optim.biz\/index.php?rest_route=%2Fwp%2Fv2%2Ftags&post=2077747"}],"curies":[{"name":"wp","href":"https:\/\/api.w.org\/{rel}","templated":true}]}}