{"id":2077745,"date":"2026-08-03T10:39:08","date_gmt":"2026-08-03T07:39:08","guid":{"rendered":"https:\/\/analyse.optim.biz\/?p=2077745"},"modified":"2026-08-03T10:39:08","modified_gmt":"2026-08-03T07:39:08","slug":"val-de-caldura-in-teleorman-ziarul-liber-in-teleorman","status":"publish","type":"post","link":"https:\/\/analyse.optim.biz\/?p=2077745","title":{"rendered":"Val de c\u0103ldur\u0103 \u00een Teleorman &#8211; Ziarul Liber in Teleorman"},"content":{"rendered":"<p>[analyse_image type=&#8221;featured&#8221; src=&#8221;https:\/\/liberinteleorman.ro\/wp-content\/uploads\/2026\/08\/IMG_9680.jpeg&#8221;]<\/p>\n<div class=\"entry-content single56__content single56__post_content single56__body_area\">\n<p>\ud83d\udc68\u200d\ud83d\ude92\ud83d\udc49Valul de c\u0103ldur\u0103 r\u0103m\u00e2ne prezent \u00een mai bine de jum\u0103tate din \u021bar\u0103 p\u00e2n\u0103 m\u00e2ine, ora 10:00, urm\u00e2nd s\u0103 se extind\u0103 \u0219i s\u0103 se accentueze \u00een \u00eentreaga \u021bar\u0103, p\u00e2n\u0103 pe 05 august, ora 10:00.<\/p>\n<p>Pentru a v\u0103 proteja:<\/p>\n<p>\ud83d\udca7 be\u021bi ap\u0103 \u00een mod regulat;<\/p>\n<p>\u2600\ufe0f evita\u021bi expunerea la soare \u0219i efortul fizic \u00een orele de v\u00e2rf;<\/p>\n<p>\ud83c\udfe0 r\u0103m\u00e2ne\u021bi, pe c\u00e2t posibil, \u00een spa\u021bii r\u0103coroase;<\/p>\n<p>\ud83d\udc75 verifica\u021bi starea copiilor, v\u00e2rstnicilor \u0219i a persoanelor vulnerabile;<\/p>\n<p>\ud83d\ude97 nu l\u0103sa\u021bi niciodat\u0103 copiii sau animalele de companie singure \u00een autoturism, nici m\u0103car pentru c\u00e2teva minute.<\/p>\n<p>Detalii actualizate despre avertiz\u0103rile meteorologice pot fi consultate pe site-ul Administra\u021biei Na\u021bionale de Meteorologie, iar recomand\u0103ri utile sunt disponibile pe fiipregatit.ro \u0219i \u00een aplica\u021bia DSU.<\/p>\n<p>Sursa: IGSU \u2013 Inspectoratul General pentru Situatii de Urgenta, Romania<\/p>\n<\/div>\n<p>[analyse_source url=&#8221;https:\/\/liberinteleorman.ro\/val-de-caldura-in-teleorman\/&#8221;]<\/p>\n","protected":false},"excerpt":{"rendered":"<p>[analyse_image type=&#8221;featured&#8221; src=&#8221;https:\/\/liberinteleorman.ro\/wp-content\/uploads\/2026\/08\/IMG_9680.jpeg&#8221;] \ud83d\udc68\u200d\ud83d\ude92\ud83d\udc49Valul de c\u0103ldur\u0103 r\u0103m\u00e2ne prezent \u00een mai bine de jum\u0103tate din \u021bar\u0103 p\u00e2n\u0103 m\u00e2ine, ora 10:00, urm\u00e2nd s\u0103 se extind\u0103 \u0219i s\u0103 se accentueze \u00een \u00eentreaga \u021bar\u0103, p\u00e2n\u0103 pe 05 august, ora 10:00. Pentru a v\u0103 proteja: \ud83d\udca7 be\u021bi ap\u0103 \u00een mod regulat; \u2600\ufe0f evita\u021bi expunerea la soare \u0219i efortul fizic \u00een [&hellip;]<\/p>\n","protected":false},"author":1,"featured_media":0,"comment_status":"open","ping_status":"","sticky":false,"template":"","format":"standard","meta":{"footnotes":""},"categories":[89],"tags":[226,181],"class_list":["post-2077745","post","type-post","status-publish","format-standard","hentry","category-romania","tag-crawlmanager","tag-liberinteleorman-ro"],"_links":{"self":[{"href":"https:\/\/analyse.optim.biz\/index.php?rest_route=\/wp\/v2\/posts\/2077745","targetHints":{"allow":["GET"]}}],"collection":[{"href":"https:\/\/analyse.optim.biz\/index.php?rest_route=\/wp\/v2\/posts"}],"about":[{"href":"https:\/\/analyse.optim.biz\/index.php?rest_route=\/wp\/v2\/types\/post"}],"author":[{"embeddable":true,"href":"https:\/\/analyse.optim.biz\/index.php?rest_route=\/wp\/v2\/users\/1"}],"replies":[{"embeddable":true,"href":"https:\/\/analyse.optim.biz\/index.php?rest_route=%2Fwp%2Fv2%2Fcomments&post=2077745"}],"version-history":[{"count":0,"href":"https:\/\/analyse.optim.biz\/index.php?rest_route=\/wp\/v2\/posts\/2077745\/revisions"}],"wp:attachment":[{"href":"https:\/\/analyse.optim.biz\/index.php?rest_route=%2Fwp%2Fv2%2Fmedia&parent=2077745"}],"wp:term":[{"taxonomy":"category","embeddable":true,"href":"https:\/\/analyse.optim.biz\/index.php?rest_route=%2Fwp%2Fv2%2Fcategories&post=2077745"},{"taxonomy":"post_tag","embeddable":true,"href":"https:\/\/analyse.optim.biz\/index.php?rest_route=%2Fwp%2Fv2%2Ftags&post=2077745"}],"curies":[{"name":"wp","href":"https:\/\/api.w.org\/{rel}","templated":true}]}}