{"id":2077730,"date":"2026-08-03T13:22:36","date_gmt":"2026-08-03T10:22:36","guid":{"rendered":"https:\/\/analyse.optim.biz\/?p=2077730"},"modified":"2026-08-03T13:22:36","modified_gmt":"2026-08-03T10:22:36","slug":"drumul-judetean-din-fintina-mare-intra-in-reparatii-un-tronson-de-trei-kilometri-va-fi-asfaltat-pina-la-sfirsitul-saptaminii","status":"publish","type":"post","link":"https:\/\/analyse.optim.biz\/?p=2077730","title":{"rendered":"Drumul jude\u021bean din F\u00eent\u00eena Mare intr\u0103 \u00een repara\u021bii. Un tronson de trei kilometri va fi asfaltat p\u00een\u0103 la sf\u00eer\u0219itul s\u0103pt\u0103m\u00eenii"},"content":{"rendered":"<p>[analyse_image type=&#8221;featured&#8221; src=&#8221;https:\/\/www.radiotop.ro\/img\/media\/2026\/08\/IMG-20260803-WA0011.jpg&#8221;]<\/p>\n<div class=\"entry-content no-share\">\n<div class=\"content-inner \">\n<div class=\"jeg_preview_slider gallery_1\" data-selector=\"gallery_1\">\n<div class=\"jeg_preview_holder\">\n<div class=\"jeg_preview_media\">\n<div class=\"jeg_preview_media_holder\">\n<h3>\u00a0<\/h3>\n<div class=\"jeg_preview_control\">\n<div class=\"left_control\">\n<div class=\"counter\"><span class=\"current\">1<\/span> of  3<\/div>\n<\/div>\n<div class=\"zoom\"><span class=\"reduce\">&#8211;<\/span><span class=\"increase\">+<\/span><\/div>\n<\/div>\n<\/div>\n<\/div>\n<div class=\"jeg_preview_bottom_slider\"><a data-id=\"0\" data-title data-image=\"https:\/\/www.radiotop.ro\/img\/media\/2026\/08\/IMG-20260803-WA0004.jpg\" href=\"https:\/\/www.radiotop.ro\/img\/media\/2026\/08\/IMG-20260803-WA0004.jpg\" class=\"jeg_preview_item active\"><\/p>\n<div class=\"jeg_preview_item_thumbnail\"><img loading=\"lazy\" decoding=\"async\" width=\"120\" height=\"86\" src=\"https:\/\/www.radiotop.ro\/img\/media\/2026\/08\/IMG-20260803-WA0004-120x86.jpg\" class=\"attachment-jnews-120x86 size-jnews-120x86\" alt><\/div>\n<p><\/a><a data-id=\"1\" data-title data-image=\"https:\/\/www.radiotop.ro\/img\/media\/2026\/08\/IMG-20260803-WA0007.jpg\" href=\"https:\/\/www.radiotop.ro\/img\/media\/2026\/08\/IMG-20260803-WA0007.jpg\" class=\"jeg_preview_item \"><\/p>\n<div class=\"jeg_preview_item_thumbnail\"><img loading=\"lazy\" decoding=\"async\" width=\"120\" height=\"86\" src=\"https:\/\/www.radiotop.ro\/img\/media\/2026\/08\/IMG-20260803-WA0007-120x86.jpg\" class=\"attachment-jnews-120x86 size-jnews-120x86\" alt><\/div>\n<p><\/a><a data-id=\"2\" data-title data-image=\"https:\/\/www.radiotop.ro\/img\/media\/2026\/08\/IMG-20260803-WA0005.jpg\" href=\"https:\/\/www.radiotop.ro\/img\/media\/2026\/08\/IMG-20260803-WA0005.jpg\" class=\"jeg_preview_item \"><\/p>\n<div class=\"jeg_preview_item_thumbnail\"><img loading=\"lazy\" decoding=\"async\" width=\"120\" height=\"86\" src=\"https:\/\/www.radiotop.ro\/img\/media\/2026\/08\/IMG-20260803-WA0005-120x86.jpg\" class=\"attachment-jnews-120x86 size-jnews-120x86\" alt><\/div>\n<p><\/a><\/div>\n<\/div>\n<\/div>\n<p>Consiliul Jude\u021bean Suceava a anun\u021bat \u00eenceperea lucr\u0103rilor de asfaltare pe un tronson de aproximativ trei kilometri din DJ 155P, pe raza comunei F\u00eent\u00eena Mare. Potrivit pre\u0219edintelui CJ, Gheorghe \u0218oldan, drumul nu a mai fost asfaltat din anul 2014, iar lucr\u0103rile ar urma s\u0103 fie \u00eencheiate p\u00een\u0103 la sf\u00eer\u0219itul acestei s\u0103pt\u0103m\u00eeni.<\/p>\n<p>Domnul \u0218oldan a mai transmis c\u0103, \u00een continuarea tronsonului aflat \u00een lucru, exist\u0103 o por\u021biune de drum din extravilan, acoperit\u0103 doar cu balast \u0219i piatr\u0103, pentru care documenta\u021bia de avizare a fost deja finalizat\u0103. A declarat pre\u0219edintele Consiliului Jude\u021bean: \u201dUrmeaz\u0103 s\u0103 lans\u0103m licita\u021bia pentru proiectare \u0219i execu\u021bie\u201d.<\/p>\n<p>Acesta a ad\u0103ugat c\u0103 administra\u021bia jude\u021bean\u0103 continu\u0103 modernizarea infrastructurii rutiere, \u201dcu cel mai mare buget alocat p\u00een\u0103 acum pentru infrastructura rutier\u0103 a jude\u021bului\u201d.<\/p>\n<\/div>\n<\/div>\n<div class=\"content-inner \">\n<div class=\"jeg_preview_slider gallery_1\" data-selector=\"gallery_1\">\n<div class=\"jeg_preview_holder\">\n<div class=\"jeg_preview_media\">\n<div class=\"jeg_preview_media_holder\">\n<h3>\u00a0<\/h3>\n<div class=\"jeg_preview_control\">\n<div class=\"left_control\">\n<div class=\"counter\"><span class=\"current\">1<\/span> of  3<\/div>\n<\/div>\n<div class=\"zoom\"><span class=\"reduce\">&#8211;<\/span><span class=\"increase\">+<\/span><\/div>\n<\/div>\n<\/div>\n<\/div>\n<div class=\"jeg_preview_bottom_slider\"><a data-id=\"0\" data-title data-image=\"https:\/\/www.radiotop.ro\/img\/media\/2026\/08\/IMG-20260803-WA0004.jpg\" href=\"https:\/\/www.radiotop.ro\/img\/media\/2026\/08\/IMG-20260803-WA0004.jpg\" class=\"jeg_preview_item active\"><\/p>\n<div class=\"jeg_preview_item_thumbnail\"><img loading=\"lazy\" decoding=\"async\" width=\"120\" height=\"86\" src=\"https:\/\/www.radiotop.ro\/img\/media\/2026\/08\/IMG-20260803-WA0004-120x86.jpg\" class=\"attachment-jnews-120x86 size-jnews-120x86\" alt><\/div>\n<p><\/a><a data-id=\"1\" data-title data-image=\"https:\/\/www.radiotop.ro\/img\/media\/2026\/08\/IMG-20260803-WA0007.jpg\" href=\"https:\/\/www.radiotop.ro\/img\/media\/2026\/08\/IMG-20260803-WA0007.jpg\" class=\"jeg_preview_item \"><\/p>\n<div class=\"jeg_preview_item_thumbnail\"><img loading=\"lazy\" decoding=\"async\" width=\"120\" height=\"86\" src=\"https:\/\/www.radiotop.ro\/img\/media\/2026\/08\/IMG-20260803-WA0007-120x86.jpg\" class=\"attachment-jnews-120x86 size-jnews-120x86\" alt><\/div>\n<p><\/a><a data-id=\"2\" data-title data-image=\"https:\/\/www.radiotop.ro\/img\/media\/2026\/08\/IMG-20260803-WA0005.jpg\" href=\"https:\/\/www.radiotop.ro\/img\/media\/2026\/08\/IMG-20260803-WA0005.jpg\" class=\"jeg_preview_item \"><\/p>\n<div class=\"jeg_preview_item_thumbnail\"><img loading=\"lazy\" decoding=\"async\" width=\"120\" height=\"86\" src=\"https:\/\/www.radiotop.ro\/img\/media\/2026\/08\/IMG-20260803-WA0005-120x86.jpg\" class=\"attachment-jnews-120x86 size-jnews-120x86\" alt><\/div>\n<p><\/a><\/div>\n<\/div>\n<\/div>\n<p>Consiliul Jude\u021bean Suceava a anun\u021bat \u00eenceperea lucr\u0103rilor de asfaltare pe un tronson de aproximativ trei kilometri din DJ 155P, pe raza comunei F\u00eent\u00eena Mare. Potrivit pre\u0219edintelui CJ, Gheorghe \u0218oldan, drumul nu a mai fost asfaltat din anul 2014, iar lucr\u0103rile ar urma s\u0103 fie \u00eencheiate p\u00een\u0103 la sf\u00eer\u0219itul acestei s\u0103pt\u0103m\u00eeni.<\/p>\n<p>Domnul \u0218oldan a mai transmis c\u0103, \u00een continuarea tronsonului aflat \u00een lucru, exist\u0103 o por\u021biune de drum din extravilan, acoperit\u0103 doar cu balast \u0219i piatr\u0103, pentru care documenta\u021bia de avizare a fost deja finalizat\u0103. A declarat pre\u0219edintele Consiliului Jude\u021bean: \u201dUrmeaz\u0103 s\u0103 lans\u0103m licita\u021bia pentru proiectare \u0219i execu\u021bie\u201d.<\/p>\n<p>Acesta a ad\u0103ugat c\u0103 administra\u021bia jude\u021bean\u0103 continu\u0103 modernizarea infrastructurii rutiere, \u201dcu cel mai mare buget alocat p\u00een\u0103 acum pentru infrastructura rutier\u0103 a jude\u021bului\u201d.<\/p>\n<\/div>\n<p>[analyse_source url=&#8221;https:\/\/www.radiotop.ro\/administratie\/drumul-judetean-din-fintina-mare-intra-in-reparatii-un-tronson-de-trei-kilometri-va-fi-asfaltat-pina-la-sfirsitul-saptaminii.html&#8221;]<\/p>\n","protected":false},"excerpt":{"rendered":"<p>[analyse_image type=&#8221;featured&#8221; src=&#8221;https:\/\/www.radiotop.ro\/img\/media\/2026\/08\/IMG-20260803-WA0011.jpg&#8221;] \u00a0 1 of 3 &#8211;+ Consiliul Jude\u021bean Suceava a anun\u021bat \u00eenceperea lucr\u0103rilor de asfaltare pe un tronson de aproximativ trei kilometri din DJ 155P, pe raza comunei F\u00eent\u00eena Mare. Potrivit pre\u0219edintelui CJ, Gheorghe \u0218oldan, drumul nu a mai fost asfaltat din anul 2014, iar lucr\u0103rile ar urma s\u0103 fie \u00eencheiate p\u00een\u0103 la [&hellip;]<\/p>\n","protected":false},"author":1,"featured_media":0,"comment_status":"open","ping_status":"","sticky":false,"template":"","format":"standard","meta":{"footnotes":""},"categories":[89],"tags":[226,163],"class_list":["post-2077730","post","type-post","status-publish","format-standard","hentry","category-romania","tag-crawlmanager","tag-radiotop-ro"],"_links":{"self":[{"href":"https:\/\/analyse.optim.biz\/index.php?rest_route=\/wp\/v2\/posts\/2077730","targetHints":{"allow":["GET"]}}],"collection":[{"href":"https:\/\/analyse.optim.biz\/index.php?rest_route=\/wp\/v2\/posts"}],"about":[{"href":"https:\/\/analyse.optim.biz\/index.php?rest_route=\/wp\/v2\/types\/post"}],"author":[{"embeddable":true,"href":"https:\/\/analyse.optim.biz\/index.php?rest_route=\/wp\/v2\/users\/1"}],"replies":[{"embeddable":true,"href":"https:\/\/analyse.optim.biz\/index.php?rest_route=%2Fwp%2Fv2%2Fcomments&post=2077730"}],"version-history":[{"count":0,"href":"https:\/\/analyse.optim.biz\/index.php?rest_route=\/wp\/v2\/posts\/2077730\/revisions"}],"wp:attachment":[{"href":"https:\/\/analyse.optim.biz\/index.php?rest_route=%2Fwp%2Fv2%2Fmedia&parent=2077730"}],"wp:term":[{"taxonomy":"category","embeddable":true,"href":"https:\/\/analyse.optim.biz\/index.php?rest_route=%2Fwp%2Fv2%2Fcategories&post=2077730"},{"taxonomy":"post_tag","embeddable":true,"href":"https:\/\/analyse.optim.biz\/index.php?rest_route=%2Fwp%2Fv2%2Ftags&post=2077730"}],"curies":[{"name":"wp","href":"https:\/\/api.w.org\/{rel}","templated":true}]}}