{"id":2077728,"date":"2026-08-03T11:32:46","date_gmt":"2026-08-03T08:32:46","guid":{"rendered":"https:\/\/analyse.optim.biz\/?p=2077728"},"modified":"2026-08-03T11:32:46","modified_gmt":"2026-08-03T08:32:46","slug":"primaria-suceava-anunta-ca-scoala-miron-costin-ar-urma-sa-aiba-un-etaj-nou-si-dotari-moderne-pina-la-sfirsitul-lunii-septembrie","status":"publish","type":"post","link":"https:\/\/analyse.optim.biz\/?p=2077728","title":{"rendered":"Prim\u0103ria Suceava anun\u021b\u0103 c\u0103 \u0218coala \u201dMiron Costin\u201d ar urma s\u0103 aib\u0103 un etaj nou \u0219i dot\u0103ri moderne p\u00een\u0103 la sf\u00eer\u0219itul lunii septembrie"},"content":{"rendered":"<p>[analyse_image type=&#8221;featured&#8221; src=&#8221;https:\/\/www.radiotop.ro\/img\/media\/2022\/03\/scoala-miron-costin.jpg&#8221;]<\/p>\n<div class=\"entry-content no-share\">\n<div class=\"content-inner \">\n<p>Lucr\u0103rile de mansardare \u0219i modernizare a \u0218colii Gimnaziale \u201dMiron Costin\u201d din Suceava ar urma s\u0103 fie finalizate p\u00een\u0103 la sf\u00eer\u0219itul lunii septembrie 2026, potrivit informa\u021biilor publicate de Prim\u0103ria Suceava.<\/p>\n<p>Investi\u021bia, \u00een valoare total\u0103 de peste 9,4 milioane de lei, este finan\u021bat\u0103 prin Programul Regional Nord-Est 2021-2027 \u0219i prevede extinderea pe vertical\u0103 a cl\u0103dirii, amenajarea unor noi spa\u021bii pentru desf\u0103\u0219urarea cursurilor, precum \u0219i dotarea \u0219colii cu echipamente didactice \u0219i tehnologice moderne. Proiectul include \u0219i lucr\u0103ri pentru cre\u0219terea eficien\u021bei energetice \u0219i m\u0103suri care s\u0103 faciliteze accesul elevilor din grupurile vulnerabile la educa\u021bie.<\/p>\n<p>Potrivit municipalit\u0103\u021bii, \u201dcei mai importan\u021bi beneficiari direc\u021bi ai proiectului s\u00eent elevii din cadrul \u0218colii Gimnaziale &lt;Miron Costin&gt; Suceava\u201d, care vor avea la dispozi\u021bie o infrastructur\u0103 educa\u021bional\u0103 modern\u0103 \u0219i adaptat\u0103 cerin\u021belor actuale.<\/p>\n<\/div>\n<\/div>\n<div class=\"content-inner \">\n<p>Lucr\u0103rile de mansardare \u0219i modernizare a \u0218colii Gimnaziale \u201dMiron Costin\u201d din Suceava ar urma s\u0103 fie finalizate p\u00een\u0103 la sf\u00eer\u0219itul lunii septembrie 2026, potrivit informa\u021biilor publicate de Prim\u0103ria Suceava.<\/p>\n<p>Investi\u021bia, \u00een valoare total\u0103 de peste 9,4 milioane de lei, este finan\u021bat\u0103 prin Programul Regional Nord-Est 2021-2027 \u0219i prevede extinderea pe vertical\u0103 a cl\u0103dirii, amenajarea unor noi spa\u021bii pentru desf\u0103\u0219urarea cursurilor, precum \u0219i dotarea \u0219colii cu echipamente didactice \u0219i tehnologice moderne. Proiectul include \u0219i lucr\u0103ri pentru cre\u0219terea eficien\u021bei energetice \u0219i m\u0103suri care s\u0103 faciliteze accesul elevilor din grupurile vulnerabile la educa\u021bie.<\/p>\n<p>Potrivit municipalit\u0103\u021bii, \u201dcei mai importan\u021bi beneficiari direc\u021bi ai proiectului s\u00eent elevii din cadrul \u0218colii Gimnaziale &lt;Miron Costin&gt; Suceava\u201d, care vor avea la dispozi\u021bie o infrastructur\u0103 educa\u021bional\u0103 modern\u0103 \u0219i adaptat\u0103 cerin\u021belor actuale.<\/p>\n<\/div>\n<p>[analyse_source url=&#8221;https:\/\/www.radiotop.ro\/administratie\/primaria-suceava-anunta-ca-scoala-miron-costin-ar-urma-sa-aiba-un-etaj-nou-si-dotari-moderne-pina-la-sfirsitul-lunii-septembrie.html&#8221;]<\/p>\n","protected":false},"excerpt":{"rendered":"<p>[analyse_image type=&#8221;featured&#8221; src=&#8221;https:\/\/www.radiotop.ro\/img\/media\/2022\/03\/scoala-miron-costin.jpg&#8221;] Lucr\u0103rile de mansardare \u0219i modernizare a \u0218colii Gimnaziale \u201dMiron Costin\u201d din Suceava ar urma s\u0103 fie finalizate p\u00een\u0103 la sf\u00eer\u0219itul lunii septembrie 2026, potrivit informa\u021biilor publicate de Prim\u0103ria Suceava. Investi\u021bia, \u00een valoare total\u0103 de peste 9,4 milioane de lei, este finan\u021bat\u0103 prin Programul Regional Nord-Est 2021-2027 \u0219i prevede extinderea pe vertical\u0103 a [&hellip;]<\/p>\n","protected":false},"author":1,"featured_media":0,"comment_status":"open","ping_status":"","sticky":false,"template":"","format":"standard","meta":{"footnotes":""},"categories":[89],"tags":[226,163],"class_list":["post-2077728","post","type-post","status-publish","format-standard","hentry","category-romania","tag-crawlmanager","tag-radiotop-ro"],"_links":{"self":[{"href":"https:\/\/analyse.optim.biz\/index.php?rest_route=\/wp\/v2\/posts\/2077728","targetHints":{"allow":["GET"]}}],"collection":[{"href":"https:\/\/analyse.optim.biz\/index.php?rest_route=\/wp\/v2\/posts"}],"about":[{"href":"https:\/\/analyse.optim.biz\/index.php?rest_route=\/wp\/v2\/types\/post"}],"author":[{"embeddable":true,"href":"https:\/\/analyse.optim.biz\/index.php?rest_route=\/wp\/v2\/users\/1"}],"replies":[{"embeddable":true,"href":"https:\/\/analyse.optim.biz\/index.php?rest_route=%2Fwp%2Fv2%2Fcomments&post=2077728"}],"version-history":[{"count":0,"href":"https:\/\/analyse.optim.biz\/index.php?rest_route=\/wp\/v2\/posts\/2077728\/revisions"}],"wp:attachment":[{"href":"https:\/\/analyse.optim.biz\/index.php?rest_route=%2Fwp%2Fv2%2Fmedia&parent=2077728"}],"wp:term":[{"taxonomy":"category","embeddable":true,"href":"https:\/\/analyse.optim.biz\/index.php?rest_route=%2Fwp%2Fv2%2Fcategories&post=2077728"},{"taxonomy":"post_tag","embeddable":true,"href":"https:\/\/analyse.optim.biz\/index.php?rest_route=%2Fwp%2Fv2%2Ftags&post=2077728"}],"curies":[{"name":"wp","href":"https:\/\/api.w.org\/{rel}","templated":true}]}}