{"id":2077727,"date":"2026-08-04T18:03:22","date_gmt":"2026-08-04T15:03:22","guid":{"rendered":"https:\/\/analyse.optim.biz\/?p=2077727"},"modified":"2026-08-04T18:03:22","modified_gmt":"2026-08-04T15:03:22","slug":"primaria-suceava-casatoriile-civile-vor-fi-oficiate-din-octombrie-intr-un-spatiu-din-iulius-mall","status":"publish","type":"post","link":"https:\/\/analyse.optim.biz\/?p=2077727","title":{"rendered":"Prim\u0103ria Suceava: C\u0103s\u0103toriile civile vor fi oficiate, din octombrie, \u00eentr-un spa\u021biu din Iulius Mall"},"content":{"rendered":"<p>[analyse_image type=&#8221;featured&#8221; src=&#8221;https:\/\/www.radiotop.ro\/img\/media\/2026\/08\/FB_IMG_1785865712463.jpg&#8221;]<\/p>\n<div class=\"entry-content no-share\">\n<div class=\"content-inner \">\n<div class=\"jeg_preview_slider gallery_1\" data-selector=\"gallery_1\">\n<div class=\"jeg_preview_holder\">\n<div class=\"jeg_preview_media\">\n<div class=\"jeg_preview_media_holder\">\n<h3>\u00a0<\/h3>\n<div class=\"jeg_preview_control\">\n<div class=\"left_control\">\n<div class=\"counter\"><span class=\"current\">1<\/span> of  3<\/div>\n<\/div>\n<div class=\"zoom\"><span class=\"reduce\">&#8211;<\/span><span class=\"increase\">+<\/span><\/div>\n<\/div>\n<\/div>\n<\/div>\n<div class=\"jeg_preview_bottom_slider\"><a data-id=\"0\" data-title data-image=\"https:\/\/www.radiotop.ro\/img\/media\/2026\/08\/FB_IMG_1785865716938.jpg\" href=\"https:\/\/www.radiotop.ro\/img\/media\/2026\/08\/FB_IMG_1785865716938.jpg\" class=\"jeg_preview_item active\"><\/p>\n<div class=\"jeg_preview_item_thumbnail\"><img loading=\"lazy\" decoding=\"async\" width=\"120\" height=\"86\" src=\"https:\/\/www.radiotop.ro\/img\/media\/2026\/08\/FB_IMG_1785865716938-120x86.jpg\" class=\"attachment-jnews-120x86 size-jnews-120x86\" alt><\/div>\n<p><\/a><a data-id=\"1\" data-title data-image=\"https:\/\/www.radiotop.ro\/img\/media\/2026\/08\/FB_IMG_1785865714665.jpg\" href=\"https:\/\/www.radiotop.ro\/img\/media\/2026\/08\/FB_IMG_1785865714665.jpg\" class=\"jeg_preview_item \"><\/p>\n<div class=\"jeg_preview_item_thumbnail\"><img loading=\"lazy\" decoding=\"async\" width=\"120\" height=\"86\" src=\"https:\/\/www.radiotop.ro\/img\/media\/2026\/08\/FB_IMG_1785865714665-120x86.jpg\" class=\"attachment-jnews-120x86 size-jnews-120x86\" alt><\/div>\n<p><\/a><a data-id=\"2\" data-title data-image=\"https:\/\/www.radiotop.ro\/img\/media\/2026\/08\/FB_IMG_1785865712463.jpg\" href=\"https:\/\/www.radiotop.ro\/img\/media\/2026\/08\/FB_IMG_1785865712463.jpg\" class=\"jeg_preview_item \"><\/p>\n<div class=\"jeg_preview_item_thumbnail\"><img loading=\"lazy\" decoding=\"async\" width=\"120\" height=\"86\" src=\"https:\/\/www.radiotop.ro\/img\/media\/2026\/08\/FB_IMG_1785865712463-120x86.jpg\" class=\"attachment-jnews-120x86 size-jnews-120x86\" alt><\/div>\n<p><\/a><\/div>\n<\/div>\n<\/div>\n<p>Primarul Sucevei, Vasile R\u00eembu, a anun\u021bat c\u0103, \u00eencep\u00eend cu a treia decad\u0103 a lunii octombrie, c\u0103s\u0103toriile civile nu vor mai fi oficiate \u00een actualul spa\u021biu din Prim\u0103rie, ci \u00eentr-o loca\u021bie din complexul Iulius Mall, aflat\u0103 \u00een curs de amenajare.<\/p>\n<p>Primarul a ar\u0103tat c\u0103 schimbarea este f\u0103cut\u0103 deoarece actualul spa\u021biu, aflat la subsolul Prim\u0103riei, nu este potrivit pentru un astfel de moment. A transmis Vasile R\u00eembu: \u201eAcel &lt;DA&gt; vrem s\u0103 fie sim\u021bit pe m\u0103sura iubirii cu care este rostit\u201d.<\/p>\n<p>Vasile R\u00eembu a mai povestit c\u0103, \u00een timpul unei vizite la noua loca\u021bie, un t\u00een\u0103r i-a spus \u00een glum\u0103: \u201eDomnule primar, \u0219ti\u021bi c\u0103 aici ve\u021bi deschide casa celor mai frumoase promisiuni?\u201d, replic\u0103 despre care a afirmat c\u0103 l-a l\u0103sat f\u0103r\u0103 cuvinte.<\/p>\n<\/div>\n<\/div>\n<div class=\"content-inner \">\n<div class=\"jeg_preview_slider gallery_1\" data-selector=\"gallery_1\">\n<div class=\"jeg_preview_holder\">\n<div class=\"jeg_preview_media\">\n<div class=\"jeg_preview_media_holder\">\n<h3>\u00a0<\/h3>\n<div class=\"jeg_preview_control\">\n<div class=\"left_control\">\n<div class=\"counter\"><span class=\"current\">1<\/span> of  3<\/div>\n<\/div>\n<div class=\"zoom\"><span class=\"reduce\">&#8211;<\/span><span class=\"increase\">+<\/span><\/div>\n<\/div>\n<\/div>\n<\/div>\n<div class=\"jeg_preview_bottom_slider\"><a data-id=\"0\" data-title data-image=\"https:\/\/www.radiotop.ro\/img\/media\/2026\/08\/FB_IMG_1785865716938.jpg\" href=\"https:\/\/www.radiotop.ro\/img\/media\/2026\/08\/FB_IMG_1785865716938.jpg\" class=\"jeg_preview_item active\"><\/p>\n<div class=\"jeg_preview_item_thumbnail\"><img loading=\"lazy\" decoding=\"async\" width=\"120\" height=\"86\" src=\"https:\/\/www.radiotop.ro\/img\/media\/2026\/08\/FB_IMG_1785865716938-120x86.jpg\" class=\"attachment-jnews-120x86 size-jnews-120x86\" alt><\/div>\n<p><\/a><a data-id=\"1\" data-title data-image=\"https:\/\/www.radiotop.ro\/img\/media\/2026\/08\/FB_IMG_1785865714665.jpg\" href=\"https:\/\/www.radiotop.ro\/img\/media\/2026\/08\/FB_IMG_1785865714665.jpg\" class=\"jeg_preview_item \"><\/p>\n<div class=\"jeg_preview_item_thumbnail\"><img loading=\"lazy\" decoding=\"async\" width=\"120\" height=\"86\" src=\"https:\/\/www.radiotop.ro\/img\/media\/2026\/08\/FB_IMG_1785865714665-120x86.jpg\" class=\"attachment-jnews-120x86 size-jnews-120x86\" alt><\/div>\n<p><\/a><a data-id=\"2\" data-title data-image=\"https:\/\/www.radiotop.ro\/img\/media\/2026\/08\/FB_IMG_1785865712463.jpg\" href=\"https:\/\/www.radiotop.ro\/img\/media\/2026\/08\/FB_IMG_1785865712463.jpg\" class=\"jeg_preview_item \"><\/p>\n<div class=\"jeg_preview_item_thumbnail\"><img loading=\"lazy\" decoding=\"async\" width=\"120\" height=\"86\" src=\"https:\/\/www.radiotop.ro\/img\/media\/2026\/08\/FB_IMG_1785865712463-120x86.jpg\" class=\"attachment-jnews-120x86 size-jnews-120x86\" alt><\/div>\n<p><\/a><\/div>\n<\/div>\n<\/div>\n<p>Primarul Sucevei, Vasile R\u00eembu, a anun\u021bat c\u0103, \u00eencep\u00eend cu a treia decad\u0103 a lunii octombrie, c\u0103s\u0103toriile civile nu vor mai fi oficiate \u00een actualul spa\u021biu din Prim\u0103rie, ci \u00eentr-o loca\u021bie din complexul Iulius Mall, aflat\u0103 \u00een curs de amenajare.<\/p>\n<p>Primarul a ar\u0103tat c\u0103 schimbarea este f\u0103cut\u0103 deoarece actualul spa\u021biu, aflat la subsolul Prim\u0103riei, nu este potrivit pentru un astfel de moment. A transmis Vasile R\u00eembu: \u201eAcel &lt;DA&gt; vrem s\u0103 fie sim\u021bit pe m\u0103sura iubirii cu care este rostit\u201d.<\/p>\n<p>Vasile R\u00eembu a mai povestit c\u0103, \u00een timpul unei vizite la noua loca\u021bie, un t\u00een\u0103r i-a spus \u00een glum\u0103: \u201eDomnule primar, \u0219ti\u021bi c\u0103 aici ve\u021bi deschide casa celor mai frumoase promisiuni?\u201d, replic\u0103 despre care a afirmat c\u0103 l-a l\u0103sat f\u0103r\u0103 cuvinte.<\/p>\n<\/div>\n<p>[analyse_source url=&#8221;https:\/\/www.radiotop.ro\/administratie\/primaria-suceava-casatoriile-civile-vor-fi-oficiate-din-octombrie-intr-un-spatiu-din-iulius-mall.html&#8221;]<\/p>\n","protected":false},"excerpt":{"rendered":"<p>[analyse_image type=&#8221;featured&#8221; src=&#8221;https:\/\/www.radiotop.ro\/img\/media\/2026\/08\/FB_IMG_1785865712463.jpg&#8221;] \u00a0 1 of 3 &#8211;+ Primarul Sucevei, Vasile R\u00eembu, a anun\u021bat c\u0103, \u00eencep\u00eend cu a treia decad\u0103 a lunii octombrie, c\u0103s\u0103toriile civile nu vor mai fi oficiate \u00een actualul spa\u021biu din Prim\u0103rie, ci \u00eentr-o loca\u021bie din complexul Iulius Mall, aflat\u0103 \u00een curs de amenajare. Primarul a ar\u0103tat c\u0103 schimbarea este f\u0103cut\u0103 deoarece [&hellip;]<\/p>\n","protected":false},"author":1,"featured_media":0,"comment_status":"open","ping_status":"","sticky":false,"template":"","format":"standard","meta":{"footnotes":""},"categories":[89],"tags":[226,163],"class_list":["post-2077727","post","type-post","status-publish","format-standard","hentry","category-romania","tag-crawlmanager","tag-radiotop-ro"],"_links":{"self":[{"href":"https:\/\/analyse.optim.biz\/index.php?rest_route=\/wp\/v2\/posts\/2077727","targetHints":{"allow":["GET"]}}],"collection":[{"href":"https:\/\/analyse.optim.biz\/index.php?rest_route=\/wp\/v2\/posts"}],"about":[{"href":"https:\/\/analyse.optim.biz\/index.php?rest_route=\/wp\/v2\/types\/post"}],"author":[{"embeddable":true,"href":"https:\/\/analyse.optim.biz\/index.php?rest_route=\/wp\/v2\/users\/1"}],"replies":[{"embeddable":true,"href":"https:\/\/analyse.optim.biz\/index.php?rest_route=%2Fwp%2Fv2%2Fcomments&post=2077727"}],"version-history":[{"count":0,"href":"https:\/\/analyse.optim.biz\/index.php?rest_route=\/wp\/v2\/posts\/2077727\/revisions"}],"wp:attachment":[{"href":"https:\/\/analyse.optim.biz\/index.php?rest_route=%2Fwp%2Fv2%2Fmedia&parent=2077727"}],"wp:term":[{"taxonomy":"category","embeddable":true,"href":"https:\/\/analyse.optim.biz\/index.php?rest_route=%2Fwp%2Fv2%2Fcategories&post=2077727"},{"taxonomy":"post_tag","embeddable":true,"href":"https:\/\/analyse.optim.biz\/index.php?rest_route=%2Fwp%2Fv2%2Ftags&post=2077727"}],"curies":[{"name":"wp","href":"https:\/\/api.w.org\/{rel}","templated":true}]}}