{"id":2077698,"date":"2026-08-04T16:26:00","date_gmt":"2026-08-04T13:26:00","guid":{"rendered":"https:\/\/analyse.optim.biz\/?p=2077698"},"modified":"2026-08-04T16:26:00","modified_gmt":"2026-08-04T13:26:00","slug":"handbal-in-weekend-memorialul-constantin-capatana-la-borna-sase","status":"publish","type":"post","link":"https:\/\/analyse.optim.biz\/?p=2077698","title":{"rendered":"Handbal, \u00een weekend. Memorialul \u201cConstantin C\u0103p\u0103\u021b\u00e2n\u0103\u201d, la borna \u0219ase"},"content":{"rendered":"<p>[analyse_image type=&#8221;featured&#8221; src=&#8221;https:\/\/www.campusbuzau.ro\/wp-content\/uploads\/2026\/08\/memorial-constantin-capatana-editia-6-afis-pentru-site.jpghttps:\/\/www.campusbuzau.ro\/wp-content\/uploads\/2026\/08\/memorial-constantin-capatana-editia-6-afis-pentru-site.jpg&#8221;]<\/p>\n<div class=\"entry-content\">\n<p><strong><em><mark class=\"has-inline-color has-maincolor-color\">Cea de-a \u0219asea edi\u021bie a Memorialului \u201eConstantin C\u0103p\u0103\u021b\u00e2n\u0103\u201d se va derula pe 7 \u0219i 8 august\u00a0 \u0219i va avea, din nou, un afi\u0219 c\u00e2t se poate de atractiv pentru fanii handbalului. Pe l\u00e2ng\u0103 echipa gazd\u0103 , HC Buz\u0103u,\u00a0 vor participa Potaissa Turda, CSM Vaslui \u0219i CSM Bucure\u0219ti, ultima fiind \u0219i adversara \u201clupilor\u201d din semifinala Supercupei Rom\u00e2niei.<\/mark><\/em><\/strong><\/p>\n<p>Vineri dup\u0103-amiaz\u0103, patrulaterul va fi deschis de \u00eent\u00e2lnirea CSM Bucure\u0219ti-CSM Vaslui, urm\u00e2nd ca echipa local\u0103 s\u0103 evolueze de la 18.30, \u00een compania celor de la Potaissa. Cel mai probabil, \u00eenaintea acestei partide va avea loc \u0219i prezentarea lotului pe care se bazeaz\u0103 Serhyi Bebeshko \u00een acest sezon.<\/p>\n<p>Un lot cu doar patru nout\u0103\u021bi, dintre care doi sportivi care au mai evoluat la Buz\u0103u, Ivan Mosic \u0219i Daniel Susanu. Ceilal\u021bi doi nou-veni\u021bi sunt Claudiu Lazurc\u0103 \u0219i Alex Buc\u0103taru, transfera\u021bi de la Suceava, respectiv Turda.<\/p>\n<p>\u00cen cea de-a doua zi a memorialului, partidele se vor juca la matineu. Finala mic\u0103 este programat\u0103 de la 11:00, \u00een timp ce ultimul act al minicompeti\u021biei se joac\u0103 de la 12:30.<\/p>\n<p>Constantin C\u0103p\u0103\u021b\u00e2n\u0103, cel \u00een amintirea c\u0103ruia este organizat memorialul, este o figur\u0103 ilustr\u0103 \u00een via\u021ba mi\u0219c\u0103rii sportive buzoiene. T\u00e2n\u0103rul profesor de sport care ajungea la Buz\u0103u la finele anilor \u201950 aducea \u00een urbe handbalul \u00een \u0219apte, o noutate absolut\u0103 pe atunci, \u00eentruc\u00e2t Rom\u00e2nia excela la acela\u0219i sport, dar cu 11 juc\u0103tori. <\/p>\n<p>Cu o echip\u0103 format\u0103 din hasdeieni \u0219i elevi ai Liceului Pedagogic, c\u00e2\u0219tiga titlul na\u021bional la juniori. Romeo Iamandi, Traian Ene, George Mihala\u0219cu, Ion Arg\u0103seal\u0103, Mircea Toader, Corneliu Salomia \u0219i necunoscutul pe atunci Cornel Penu erau componen\u021bii lotului buzoian.<\/p>\n<figure class=\"wp-block-embed is-type-video is-provider-youtube wp-block-embed-youtube wp-embed-aspect-16-9 wp-has-aspect-ratio\">\n<div class=\"wp-block-embed__wrapper\">\n<iframe loading=\"lazy\" title=\"MEMORIALUL CONSTANTIN C\u0102P\u0102\u0162\u00c2N\u0102, PE 7-8 AUGUST width=\"500\" height=\"281\" src=\"https:\/\/www.youtube.com\/embed\/P_AedYHdrFc?feature=oembed\" frameborder allow=\"accelerometer; autoplay; clipboard-write; encrypted-media; gyroscope; picture-in-picture; web-share\" referrerpolicy=\"strict-origin-when-cross-origin\" allowfullscreen><\/iframe>\n<\/div>\n<\/figure>\n<\/div>\n<p>[analyse_source url=&#8221;https:\/\/www.campusbuzau.ro\/handbal-in-weekend-memorialul-constantin-capatana-la-borna-sase\/&#8221;]<\/p>\n","protected":false},"excerpt":{"rendered":"<p>[analyse_image type=&#8221;featured&#8221; src=&#8221;https:\/\/www.campusbuzau.ro\/wp-content\/uploads\/2026\/08\/memorial-constantin-capatana-editia-6-afis-pentru-site.jpghttps:\/\/www.campusbuzau.ro\/wp-content\/uploads\/2026\/08\/memorial-constantin-capatana-editia-6-afis-pentru-site.jpg&#8221;] Cea de-a \u0219asea edi\u021bie a Memorialului \u201eConstantin C\u0103p\u0103\u021b\u00e2n\u0103\u201d se va derula pe 7 \u0219i 8 august\u00a0 \u0219i va avea, din nou, un afi\u0219 c\u00e2t se poate de atractiv pentru fanii handbalului. Pe l\u00e2ng\u0103 echipa gazd\u0103 , HC Buz\u0103u,\u00a0 vor participa Potaissa Turda, CSM Vaslui \u0219i CSM Bucure\u0219ti, ultima fiind \u0219i adversara \u201clupilor\u201d [&hellip;]<\/p>\n","protected":false},"author":1,"featured_media":0,"comment_status":"open","ping_status":"","sticky":false,"template":"","format":"standard","meta":{"footnotes":""},"categories":[2],"tags":[118,226],"class_list":["post-2077698","post","type-post","status-publish","format-standard","hentry","category-politics","tag-campusbuzau-ro","tag-crawlmanager"],"_links":{"self":[{"href":"https:\/\/analyse.optim.biz\/index.php?rest_route=\/wp\/v2\/posts\/2077698","targetHints":{"allow":["GET"]}}],"collection":[{"href":"https:\/\/analyse.optim.biz\/index.php?rest_route=\/wp\/v2\/posts"}],"about":[{"href":"https:\/\/analyse.optim.biz\/index.php?rest_route=\/wp\/v2\/types\/post"}],"author":[{"embeddable":true,"href":"https:\/\/analyse.optim.biz\/index.php?rest_route=\/wp\/v2\/users\/1"}],"replies":[{"embeddable":true,"href":"https:\/\/analyse.optim.biz\/index.php?rest_route=%2Fwp%2Fv2%2Fcomments&post=2077698"}],"version-history":[{"count":0,"href":"https:\/\/analyse.optim.biz\/index.php?rest_route=\/wp\/v2\/posts\/2077698\/revisions"}],"wp:attachment":[{"href":"https:\/\/analyse.optim.biz\/index.php?rest_route=%2Fwp%2Fv2%2Fmedia&parent=2077698"}],"wp:term":[{"taxonomy":"category","embeddable":true,"href":"https:\/\/analyse.optim.biz\/index.php?rest_route=%2Fwp%2Fv2%2Fcategories&post=2077698"},{"taxonomy":"post_tag","embeddable":true,"href":"https:\/\/analyse.optim.biz\/index.php?rest_route=%2Fwp%2Fv2%2Ftags&post=2077698"}],"curies":[{"name":"wp","href":"https:\/\/api.w.org\/{rel}","templated":true}]}}