{"id":2077696,"date":"2026-08-04T16:26:00","date_gmt":"2026-08-04T13:26:00","guid":{"rendered":"https:\/\/analyse.optim.biz\/?p=2077696"},"modified":"2026-08-04T16:26:00","modified_gmt":"2026-08-04T13:26:00","slug":"tabara-din-parc-copiii-descopera-natura","status":"publish","type":"post","link":"https:\/\/analyse.optim.biz\/?p=2077696","title":{"rendered":"Tab\u0103ra din parc. Copiii descoper\u0103 natura"},"content":{"rendered":"<p>[analyse_image type=&#8221;featured&#8221; src=&#8221;https:\/\/www.campusbuzau.ro\/wp-content\/uploads\/2026\/08\/vlcsnap-2026-08-04-10h18m33s091.jpghttps:\/\/www.campusbuzau.ro\/wp-content\/uploads\/2026\/08\/vlcsnap-2026-08-04-10h18m33s091.jpg&#8221;]<\/p>\n<div class=\"entry-content\">\n<p><strong><em>Prima Tab\u0103r\u0103 Urban\u0103 din Parcul Marghiloman se va deschide pe 5 august, la ora 10. Peste 200 de copii s-au \u00eenscris s\u0103 participe la acvtivit\u0103\u021bile \u00een aer liber de la Casa Gr\u0103dinarului, unde vor descoperi \u00eempreun\u0103 natura.Prima edi\u021bie a taberei se va \u00eencheia pe 4 septembrie 2026.<\/em><\/strong><\/p>\n<p>M\u00e2ine, 5 august, la ora 10, \u00een Parcul Marghiloman, la Casa Gr\u0103dinarului \u00ee\u0219i va deschide por\u021bile prima edi\u021bie a Taberei Urbane.<\/p>\n<p>\u00cen afar\u0103 de atelierele practice la care vor participa, pentru copii va fi interesant s\u0103 exploreze sera \u0219i curtea Casei Gr\u0103dinarului \u0219i s\u0103 descopere c\u0103 ro\u0219iile, legumele \u0219i alte plante chiar cresc \u00een gr\u0103din\u0103 \u0219i nu \u00een galantarele magazinelor ori la pia\u021b\u0103.<\/p>\n<p>Tab\u0103ra din Parcul Marghiloman va func\u021biona conform unui program bine g\u00e2ndit, care s\u0103 ofere posibilitatea ca to\u021bi copiii \u00eenscri\u0219i s\u0103 poat\u0103 participa activ la activit\u0103\u021bile preg\u0103tite pentru ei.<\/p>\n<p>S-au \u00eenscris la aceast\u0103 prim\u0103 edi\u021bie a Taberei Urbane peste 200 de copii dornici s\u0103 ajung\u0103 \u00een Tab\u0103r\u0103, care va fi organizat\u0103 pe serii \u0219i pe categorii de v\u00e2rst\u0103.<\/p>\n<p>Organizatorii s-au g\u00e2ndit s\u0103 continue Taberele Urbane \u0219i pe perioada altor vacan\u021be din an, pentru c\u0103 sera \u0219i Casa Gr\u0103dinarului sunt \u00eenc\u0103lzite \u0219i se pot desf\u0103\u0219ura activit\u0103\u021bi specifice \u0219i atunci c\u00e2nd afar\u0103 este frig.<\/p>\n<p>\u00cen cur\u00e2nd vor sosi \u0219i mai multe g\u0103ini care vor avea \u201ecasa\u201d lor \u0219i care vor fi \u00eengrijite de copii.<\/p>\n<p>P\u00e2n\u0103 atunci, \u00een Tab\u0103r\u0103 nu sunt prezen\u021bi dec\u00e2t doi pisoi juc\u0103u\u0219i \u0219i o broasc\u0103 \u021bestoas\u0103 lene\u0219\u0103 despre care nu se \u0219tie precis dac\u0103 doarme nonstop sau dac\u0103 mediteaz\u0103.<\/p>\n<p>Nu ar fi exclus ca buzoienii s\u0103-i \u00eent\u00e2lneasc\u0103 pe micii gr\u0103dinari cu un stand cu legume, zarzavaturi \u0219i alte plante deosebite la t\u00e2rgul Toamna Buzoian\u0103 2026, cea mai mare pia\u021b\u0103 urban\u0103 agro-alimentar\u0103 din Buz\u0103u.<\/p>\n<figure class=\"wp-block-embed is-type-video is-provider-youtube wp-block-embed-youtube wp-embed-aspect-16-9 wp-has-aspect-ratio\">\n<div class=\"wp-block-embed__wrapper\">\n<iframe loading=\"lazy\" title=\"PRIMA TAB\u0102R\u0102 URBAN\u0102 SE VA DESCHIDE PE 5 AUGUST\" width=\"500\" height=\"281\" src=\"https:\/\/www.youtube.com\/embed\/PZkYX2jGkVE?feature=oembed\" frameborder allow=\"accelerometer; autoplay; clipboard-write; encrypted-media; gyroscope; picture-in-picture; web-share\" referrerpolicy=\"strict-origin-when-cross-origin\" allowfullscreen><\/iframe>\n<\/div>\n<\/figure>\n<\/div>\n<p>[analyse_source url=&#8221;https:\/\/www.campusbuzau.ro\/tabara-din-parc-copiii-descopera-natura\/&#8221;]<\/p>\n","protected":false},"excerpt":{"rendered":"<p>[analyse_image type=&#8221;featured&#8221; src=&#8221;https:\/\/www.campusbuzau.ro\/wp-content\/uploads\/2026\/08\/vlcsnap-2026-08-04-10h18m33s091.jpghttps:\/\/www.campusbuzau.ro\/wp-content\/uploads\/2026\/08\/vlcsnap-2026-08-04-10h18m33s091.jpg&#8221;] Prima Tab\u0103r\u0103 Urban\u0103 din Parcul Marghiloman se va deschide pe 5 august, la ora 10. Peste 200 de copii s-au \u00eenscris s\u0103 participe la acvtivit\u0103\u021bile \u00een aer liber de la Casa Gr\u0103dinarului, unde vor descoperi \u00eempreun\u0103 natura.Prima edi\u021bie a taberei se va \u00eencheia pe 4 septembrie 2026. M\u00e2ine, 5 august, la ora [&hellip;]<\/p>\n","protected":false},"author":1,"featured_media":0,"comment_status":"open","ping_status":"","sticky":false,"template":"","format":"standard","meta":{"footnotes":""},"categories":[2],"tags":[118,226],"class_list":["post-2077696","post","type-post","status-publish","format-standard","hentry","category-politics","tag-campusbuzau-ro","tag-crawlmanager"],"_links":{"self":[{"href":"https:\/\/analyse.optim.biz\/index.php?rest_route=\/wp\/v2\/posts\/2077696","targetHints":{"allow":["GET"]}}],"collection":[{"href":"https:\/\/analyse.optim.biz\/index.php?rest_route=\/wp\/v2\/posts"}],"about":[{"href":"https:\/\/analyse.optim.biz\/index.php?rest_route=\/wp\/v2\/types\/post"}],"author":[{"embeddable":true,"href":"https:\/\/analyse.optim.biz\/index.php?rest_route=\/wp\/v2\/users\/1"}],"replies":[{"embeddable":true,"href":"https:\/\/analyse.optim.biz\/index.php?rest_route=%2Fwp%2Fv2%2Fcomments&post=2077696"}],"version-history":[{"count":0,"href":"https:\/\/analyse.optim.biz\/index.php?rest_route=\/wp\/v2\/posts\/2077696\/revisions"}],"wp:attachment":[{"href":"https:\/\/analyse.optim.biz\/index.php?rest_route=%2Fwp%2Fv2%2Fmedia&parent=2077696"}],"wp:term":[{"taxonomy":"category","embeddable":true,"href":"https:\/\/analyse.optim.biz\/index.php?rest_route=%2Fwp%2Fv2%2Fcategories&post=2077696"},{"taxonomy":"post_tag","embeddable":true,"href":"https:\/\/analyse.optim.biz\/index.php?rest_route=%2Fwp%2Fv2%2Ftags&post=2077696"}],"curies":[{"name":"wp","href":"https:\/\/api.w.org\/{rel}","templated":true}]}}