{"id":2077689,"date":"2026-08-04T16:24:00","date_gmt":"2026-08-04T13:24:00","guid":{"rendered":"https:\/\/analyse.optim.biz\/?p=2077689"},"modified":"2026-08-04T16:24:00","modified_gmt":"2026-08-04T13:24:00","slug":"perioada-critica-din-cauza-caniculei-buzaul-sub-cod-de-temperaturi-extreme-pana-vineri","status":"publish","type":"post","link":"https:\/\/analyse.optim.biz\/?p=2077689","title":{"rendered":"Perioad\u0103 critic\u0103 din cauza caniculei. Buz\u0103ul, sub cod de temperaturi extreme p\u00e2n\u0103 vineri"},"content":{"rendered":"<p>[analyse_image type=&#8221;featured&#8221; src=&#8221;https:\/\/www.campusbuzau.ro\/wp-content\/uploads\/2025\/07\/canicula-piata-dacia.jpghttps:\/\/www.campusbuzau.ro\/wp-content\/uploads\/2025\/07\/canicula-piata-dacia.jpg&#8221;]<\/p>\n<div class=\"entry-content\">\n<p><strong><em><mark class=\"has-inline-color has-maincolor-color\">Urmeaz\u0103 o perioad\u0103 de cel pu\u021bin trei zile caniculare \u00een toat\u0103 \u021bara, inclusiv \u00een zona Buz\u0103ului. Meteorologii au emis mai multe aten\u021bion\u0103ri de canicul\u0103 \u0219i disconfort termic accentuat. De ast\u0103zi p\u00e2n\u0103 vineri, termometrele vor indica temperaturi maxime de 36-37 de grade Celsius. <\/mark><\/em><\/strong><\/p>\n<p>\u00cen toate aceste zile, indicele temperatur\u0103-umezeal\u0103 (ITU) va dep\u0103\u0219i pragul critic de 80 de unit\u0103\u021bi. Se a\u0219teapt\u0103 ca num\u0103rul buzoienilor care solicit\u0103 ajutorul Ambulan\u021bei s\u0103 creasc\u0103 \u00een urm\u0103toarele zile. \u00cen acest context, autorit\u0103\u021bile \u00eendeamn\u0103 popula\u021bia, \u00een primul r\u00e2nd, s\u0103 evite expunerea la soare \u00een intervalul orar 10:00-18:00 \u0219i s\u0103 consume c\u00e2t mai multe lichide, de preferat b\u0103uturi non-alcoolice. <\/p>\n<figure class=\"wp-block-image size-full is-resized\"><img loading=\"lazy\" decoding=\"async\" width=\"900\" height=\"506\" src=\"https:\/\/www.campusbuzau.ro\/wp-content\/uploads\/2026\/06\/CANICULA.jpg\" alt class=\"wp-image-155016\"><\/figure>\n<p>\u00cen aceste zile \u201ede foc\u201d, \u00een alert\u0103 maxim\u0103 este \u0219i ISU Buz\u0103u. Pe fondul temperaturilor ridicate, incendiile de vegeta\u021bie uscat\u0103 se pot declan\u0219a cu u\u0219urin\u021b\u0103. De asemenea, reprezentan\u021bii ISU Buz\u0103u atrag aten\u021bia \u0219i asupra unui alt pericol: \u00eenotul \u00een locuri neamenajate \u0219i nesupravegheate poate fi fatal!<\/p>\n<p>R\u0103cirea treptat\u0103 a vremii va \u00eencepe dup\u0103 data de 7 august, c\u00e2nd instabilitatea atmosferic\u0103 se va accentua, iar \u00een mare parte din \u021bar\u0103 vor ap\u0103rea averse \u00eenso\u021bite de desc\u0103rc\u0103ri electrice \u0219i furtuni.<\/p>\n<figure class=\"wp-block-embed is-type-video is-provider-youtube wp-block-embed-youtube wp-embed-aspect-16-9 wp-has-aspect-ratio\">\n<div class=\"wp-block-embed__wrapper\">\n<iframe loading=\"lazy\" title=\"BUZ\u0102UL, SUB COD DE TEMPERATURI EXTREME P\u00c2N\u0102 VINERI\" width=\"500\" height=\"281\" src=\"https:\/\/www.youtube.com\/embed\/-jl7_9CDon8?feature=oembed\" frameborder allow=\"accelerometer; autoplay; clipboard-write; encrypted-media; gyroscope; picture-in-picture; web-share\" referrerpolicy=\"strict-origin-when-cross-origin\" allowfullscreen><\/iframe>\n<\/div>\n<\/figure>\n<\/div>\n<p>[analyse_source url=&#8221;https:\/\/www.campusbuzau.ro\/perioada-critica-din-cauza-caniculei-buzaul-sub-cod-de-temperaturi-extreme-pana-vineri\/&#8221;]<\/p>\n","protected":false},"excerpt":{"rendered":"<p>[analyse_image type=&#8221;featured&#8221; src=&#8221;https:\/\/www.campusbuzau.ro\/wp-content\/uploads\/2025\/07\/canicula-piata-dacia.jpghttps:\/\/www.campusbuzau.ro\/wp-content\/uploads\/2025\/07\/canicula-piata-dacia.jpg&#8221;] Urmeaz\u0103 o perioad\u0103 de cel pu\u021bin trei zile caniculare \u00een toat\u0103 \u021bara, inclusiv \u00een zona Buz\u0103ului. Meteorologii au emis mai multe aten\u021bion\u0103ri de canicul\u0103 \u0219i disconfort termic accentuat. De ast\u0103zi p\u00e2n\u0103 vineri, termometrele vor indica temperaturi maxime de 36-37 de grade Celsius. \u00cen toate aceste zile, indicele temperatur\u0103-umezeal\u0103 (ITU) va dep\u0103\u0219i pragul [&hellip;]<\/p>\n","protected":false},"author":1,"featured_media":0,"comment_status":"open","ping_status":"","sticky":false,"template":"","format":"standard","meta":{"footnotes":""},"categories":[2],"tags":[118,226],"class_list":["post-2077689","post","type-post","status-publish","format-standard","hentry","category-politics","tag-campusbuzau-ro","tag-crawlmanager"],"_links":{"self":[{"href":"https:\/\/analyse.optim.biz\/index.php?rest_route=\/wp\/v2\/posts\/2077689","targetHints":{"allow":["GET"]}}],"collection":[{"href":"https:\/\/analyse.optim.biz\/index.php?rest_route=\/wp\/v2\/posts"}],"about":[{"href":"https:\/\/analyse.optim.biz\/index.php?rest_route=\/wp\/v2\/types\/post"}],"author":[{"embeddable":true,"href":"https:\/\/analyse.optim.biz\/index.php?rest_route=\/wp\/v2\/users\/1"}],"replies":[{"embeddable":true,"href":"https:\/\/analyse.optim.biz\/index.php?rest_route=%2Fwp%2Fv2%2Fcomments&post=2077689"}],"version-history":[{"count":0,"href":"https:\/\/analyse.optim.biz\/index.php?rest_route=\/wp\/v2\/posts\/2077689\/revisions"}],"wp:attachment":[{"href":"https:\/\/analyse.optim.biz\/index.php?rest_route=%2Fwp%2Fv2%2Fmedia&parent=2077689"}],"wp:term":[{"taxonomy":"category","embeddable":true,"href":"https:\/\/analyse.optim.biz\/index.php?rest_route=%2Fwp%2Fv2%2Fcategories&post=2077689"},{"taxonomy":"post_tag","embeddable":true,"href":"https:\/\/analyse.optim.biz\/index.php?rest_route=%2Fwp%2Fv2%2Ftags&post=2077689"}],"curies":[{"name":"wp","href":"https:\/\/api.w.org\/{rel}","templated":true}]}}