{"id":2077682,"date":"2026-08-03T16:07:00","date_gmt":"2026-08-03T13:07:00","guid":{"rendered":"https:\/\/analyse.optim.biz\/?p=2077682"},"modified":"2026-08-03T16:07:00","modified_gmt":"2026-08-03T13:07:00","slug":"doua-trasee-noi-transbus-va-intra-si-in-cartierele-orizont-si-titulescu","status":"publish","type":"post","link":"https:\/\/analyse.optim.biz\/?p=2077682","title":{"rendered":"Dou\u0103 trasee noi. TransBus va intra \u0219i \u00een cartierele Orizont \u0219i Titulescu"},"content":{"rendered":"<p>[analyse_image type=&#8221;featured&#8221; src=&#8221;https:\/\/www.campusbuzau.ro\/wp-content\/uploads\/2026\/04\/autobuz-transbus-program-vacanta-de-paste-elevi.jpghttps:\/\/www.campusbuzau.ro\/wp-content\/uploads\/2026\/04\/autobuz-transbus-program-vacanta-de-paste-elevi.jpg&#8221;]<\/p>\n<div class=\"entry-content\">\n<p><strong><em>Prim\u0103ria Buz\u0103u urmeaz\u0103 s\u0103 dea \u00een folosin\u021b\u0103 \u00eenc\u0103 dou\u0103 trasee de transport \u00een comun. Ele vor fi deservite de microbuze electrice din lotul achizi\u021bionat de cur\u00e2nd. La \u00eenceputul noului an \u0219colar ar putea fi pus \u00een practic\u0103 \u0219i transportul elevilor de acas\u0103 la \u0219coal\u0103 \u0219i retur, tor cu ajutorul microbuzeleor electrice.<\/em><\/strong><\/p>\n<p>Edilii ora\u0219ului s-au g\u00e2ndit cum s\u0103 foloseasc\u0103 \u0219i mai eficient noile mijloace auto electrice de transport \u00een comun.<\/p>\n<p>Este vorba despre cele 18 microbuze electrice ale TransBus-ului pentru care au fost g\u00e2ndite dou\u0103 trasee noi.<\/p>\n<p>Cartierele Orizont \u0219i Titulescu nu sunt \u00eenc\u0103 conectate la re\u021beaua urban\u0103 de transport c\u0103l\u0103tori dar urmeaz\u0103 s\u0103 fie o dat\u0103 cu \u00eenfiin\u021barea viitoarelor trasee.<\/p>\n<p>La \u0218coala num\u0103rul 11 sta\u021bia de c\u0103l\u0103tori va fi amplasat\u0103 pe strada Chiristigii, \u00een zona Inspectoratului de Poli\u021bie, foarte aproape de intrarea \u00een unitatea de \u00eenv\u0103\u021b\u0103m\u00e2nt.<\/p>\n<p>\u0218i ideea ini\u021bial\u0103 \u00een leg\u0103tur\u0103 cu folosirea microbuzelor electrice pentru transportul elevilor la \u0219coal\u0103 \u0219i invers \u00eenc\u0103 mai este actual\u0103 \u0219i urmeaz\u0103 s\u0103 fie pus\u0103 \u00een practic\u0103.<\/p>\n<p>Microbuzele electrice vor intra pe noile trasee de transport \u00een comun \u00een urm\u0103toarea perioad\u0103 de timp.<\/p>\n<figure class=\"wp-block-embed is-type-video is-provider-youtube wp-block-embed-youtube wp-embed-aspect-16-9 wp-has-aspect-ratio\">\n<div class=\"wp-block-embed__wrapper\">\n<iframe loading=\"lazy\" title=\"2 TRASEE NOI PENTRU TRANSBUS\" width=\"500\" height=\"281\" src=\"https:\/\/www.youtube.com\/embed\/dq8TTzADQkw?feature=oembed\" frameborder allow=\"accelerometer; autoplay; clipboard-write; encrypted-media; gyroscope; picture-in-picture; web-share\" referrerpolicy=\"strict-origin-when-cross-origin\" allowfullscreen><\/iframe>\n<\/div>\n<\/figure>\n<\/div>\n<p>[analyse_source url=&#8221;https:\/\/www.campusbuzau.ro\/doua-trasee-noi-transbus-va-intra-si-in-cartierele-orizont-si-titulescu\/&#8221;]<\/p>\n","protected":false},"excerpt":{"rendered":"<p>[analyse_image type=&#8221;featured&#8221; src=&#8221;https:\/\/www.campusbuzau.ro\/wp-content\/uploads\/2026\/04\/autobuz-transbus-program-vacanta-de-paste-elevi.jpghttps:\/\/www.campusbuzau.ro\/wp-content\/uploads\/2026\/04\/autobuz-transbus-program-vacanta-de-paste-elevi.jpg&#8221;] Prim\u0103ria Buz\u0103u urmeaz\u0103 s\u0103 dea \u00een folosin\u021b\u0103 \u00eenc\u0103 dou\u0103 trasee de transport \u00een comun. Ele vor fi deservite de microbuze electrice din lotul achizi\u021bionat de cur\u00e2nd. La \u00eenceputul noului an \u0219colar ar putea fi pus \u00een practic\u0103 \u0219i transportul elevilor de acas\u0103 la \u0219coal\u0103 \u0219i retur, tor cu ajutorul microbuzeleor electrice. Edilii [&hellip;]<\/p>\n","protected":false},"author":1,"featured_media":0,"comment_status":"open","ping_status":"","sticky":false,"template":"","format":"standard","meta":{"footnotes":""},"categories":[2],"tags":[118,226],"class_list":["post-2077682","post","type-post","status-publish","format-standard","hentry","category-politics","tag-campusbuzau-ro","tag-crawlmanager"],"_links":{"self":[{"href":"https:\/\/analyse.optim.biz\/index.php?rest_route=\/wp\/v2\/posts\/2077682","targetHints":{"allow":["GET"]}}],"collection":[{"href":"https:\/\/analyse.optim.biz\/index.php?rest_route=\/wp\/v2\/posts"}],"about":[{"href":"https:\/\/analyse.optim.biz\/index.php?rest_route=\/wp\/v2\/types\/post"}],"author":[{"embeddable":true,"href":"https:\/\/analyse.optim.biz\/index.php?rest_route=\/wp\/v2\/users\/1"}],"replies":[{"embeddable":true,"href":"https:\/\/analyse.optim.biz\/index.php?rest_route=%2Fwp%2Fv2%2Fcomments&post=2077682"}],"version-history":[{"count":0,"href":"https:\/\/analyse.optim.biz\/index.php?rest_route=\/wp\/v2\/posts\/2077682\/revisions"}],"wp:attachment":[{"href":"https:\/\/analyse.optim.biz\/index.php?rest_route=%2Fwp%2Fv2%2Fmedia&parent=2077682"}],"wp:term":[{"taxonomy":"category","embeddable":true,"href":"https:\/\/analyse.optim.biz\/index.php?rest_route=%2Fwp%2Fv2%2Fcategories&post=2077682"},{"taxonomy":"post_tag","embeddable":true,"href":"https:\/\/analyse.optim.biz\/index.php?rest_route=%2Fwp%2Fv2%2Ftags&post=2077682"}],"curies":[{"name":"wp","href":"https:\/\/api.w.org\/{rel}","templated":true}]}}