{"id":2077678,"date":"2026-08-03T16:05:00","date_gmt":"2026-08-03T13:05:00","guid":{"rendered":"https:\/\/analyse.optim.biz\/?p=2077678"},"modified":"2026-08-03T16:05:00","modified_gmt":"2026-08-03T13:05:00","slug":"controale-anaf-cu-amenzi-si-dosare-penale-evaziunea-fiscala-ramane-o-problema-majora-in-buzau","status":"publish","type":"post","link":"https:\/\/analyse.optim.biz\/?p=2077678","title":{"rendered":"Controale ANAF cu amenzi \u0219i dosare penale. Evaziunea fiscal\u0103 r\u0103m\u00e2ne o problem\u0103 major\u0103 \u00een Buz\u0103u"},"content":{"rendered":"<p>[analyse_image type=&#8221;featured&#8221; src=&#8221;https:\/\/www.campusbuzau.ro\/wp-content\/uploads\/2026\/05\/anaf-buzau.jpghttps:\/\/www.campusbuzau.ro\/wp-content\/uploads\/2026\/05\/anaf-buzau.jpg&#8221;]<\/p>\n<div class=\"entry-content\">\n<p><strong><em><mark class=\"has-inline-color has-maincolor-color\">Evaziunea fiscal\u0103 r\u00e2m\u00e2ne o problem\u0103 major\u0103 \u00een jude\u021bul Buz\u0103u, au avertizat reprezentan\u021bii Administra\u021biei Finan\u021belor Publice. Comer\u021bul cu ma\u0219ini second-hand aduse din vestul Europei, construc\u021biile \u0219i comer\u021bul cu ridicata al cerealelor au fost sectoarele \u00a0afectate cel mai mult de fenomenul evaziunii fiscale.<\/mark><\/em><\/strong><\/p>\n<p>Amploarea situa\u021biei este reflectat\u0103 de rezultatele controalelor ANAF. At\u00e2t anul trecut, c\u00e2t \u0219i \u00een prima jum\u0103tate a acestui an, verific\u0103rile efectuate \u00een jude\u021bul Buz\u0103u s-au soldat nu doar cu numeroase amenzi, ci \u0219i cu dosare penale.<\/p>\n<p>De la an la an, activitatea de inspec\u021bie fiscal\u0103 este desf\u0103\u0219urat\u0103 de un num\u0103r tot mai mic de inspectori. Aceast\u0103 situa\u021bie este cauzat\u0103 de deficitul acut de personal cu care se confrunt\u0103 ANAF Buz\u0103u. Pentru ocuparea tuturor posturilor prev\u0103zute \u00een organigram\u0103, institu\u021bia ar mai avea nevoie, \u00een total, de 51 de angaja\u021bi. <\/p>\n<figure class=\"wp-block-image size-full is-resized\"><img loading=\"lazy\" decoding=\"async\" width=\"860\" height=\"549\" src=\"https:\/\/www.campusbuzau.ro\/wp-content\/uploads\/2026\/08\/valentin-orsa.jpg\" alt class=\"wp-image-156053\"><figcaption class=\"wp-element-caption\"><strong>Valentin Or\u0219a, directorul AJFP Buz\u0103u<\/strong><\/figcaption><\/figure>\n<p>ANAF se afl\u0103 la finalul unui amplu proces de digitalizare. Contribuabilii din Rom\u00e2nia au la dispozi\u021bie instrumente noi, precum Spa\u021biul Privat Virtual (SPV) pentru depunerea declara\u021biilor online, e-Factura pentru facturarea electronic\u0103, e-TVA sau e-Transport. Din p\u0103cate, acest proces menit s\u0103 reduc\u0103 birocra\u021bia se confrunt\u0103 cu probleme legate de func\u021bionalitate \u0219i implementare tehnic\u0103.<\/p>\n<figure class=\"wp-block-embed is-type-video is-provider-youtube wp-block-embed-youtube wp-embed-aspect-16-9 wp-has-aspect-ratio\">\n<div class=\"wp-block-embed__wrapper\">\n<iframe loading=\"lazy\" title=\"DIRECTOR FINAN\u021aE: EVAZIUNEA FISCAL\u0102 R\u0102M\u00c2NE O PROBLEM\u0102 MAJOR\u0102\" width=\"500\" height=\"281\" src=\"https:\/\/www.youtube.com\/embed\/LExjprR1U4w?feature=oembed\" frameborder allow=\"accelerometer; autoplay; clipboard-write; encrypted-media; gyroscope; picture-in-picture; web-share\" referrerpolicy=\"strict-origin-when-cross-origin\" allowfullscreen><\/iframe>\n<\/div>\n<\/figure>\n<\/div>\n<p>[analyse_source url=&#8221;https:\/\/www.campusbuzau.ro\/controale-anaf-cu-amenzi-si-dosare-penale-evaziunea-fiscala-ramane-o-problema-majora-in-buzau\/&#8221;]<\/p>\n","protected":false},"excerpt":{"rendered":"<p>[analyse_image type=&#8221;featured&#8221; src=&#8221;https:\/\/www.campusbuzau.ro\/wp-content\/uploads\/2026\/05\/anaf-buzau.jpghttps:\/\/www.campusbuzau.ro\/wp-content\/uploads\/2026\/05\/anaf-buzau.jpg&#8221;] Evaziunea fiscal\u0103 r\u00e2m\u00e2ne o problem\u0103 major\u0103 \u00een jude\u021bul Buz\u0103u, au avertizat reprezentan\u021bii Administra\u021biei Finan\u021belor Publice. Comer\u021bul cu ma\u0219ini second-hand aduse din vestul Europei, construc\u021biile \u0219i comer\u021bul cu ridicata al cerealelor au fost sectoarele \u00a0afectate cel mai mult de fenomenul evaziunii fiscale. Amploarea situa\u021biei este reflectat\u0103 de rezultatele controalelor ANAF. At\u00e2t anul trecut, [&hellip;]<\/p>\n","protected":false},"author":1,"featured_media":0,"comment_status":"open","ping_status":"","sticky":false,"template":"","format":"standard","meta":{"footnotes":""},"categories":[2],"tags":[118,226],"class_list":["post-2077678","post","type-post","status-publish","format-standard","hentry","category-politics","tag-campusbuzau-ro","tag-crawlmanager"],"_links":{"self":[{"href":"https:\/\/analyse.optim.biz\/index.php?rest_route=\/wp\/v2\/posts\/2077678","targetHints":{"allow":["GET"]}}],"collection":[{"href":"https:\/\/analyse.optim.biz\/index.php?rest_route=\/wp\/v2\/posts"}],"about":[{"href":"https:\/\/analyse.optim.biz\/index.php?rest_route=\/wp\/v2\/types\/post"}],"author":[{"embeddable":true,"href":"https:\/\/analyse.optim.biz\/index.php?rest_route=\/wp\/v2\/users\/1"}],"replies":[{"embeddable":true,"href":"https:\/\/analyse.optim.biz\/index.php?rest_route=%2Fwp%2Fv2%2Fcomments&post=2077678"}],"version-history":[{"count":0,"href":"https:\/\/analyse.optim.biz\/index.php?rest_route=\/wp\/v2\/posts\/2077678\/revisions"}],"wp:attachment":[{"href":"https:\/\/analyse.optim.biz\/index.php?rest_route=%2Fwp%2Fv2%2Fmedia&parent=2077678"}],"wp:term":[{"taxonomy":"category","embeddable":true,"href":"https:\/\/analyse.optim.biz\/index.php?rest_route=%2Fwp%2Fv2%2Fcategories&post=2077678"},{"taxonomy":"post_tag","embeddable":true,"href":"https:\/\/analyse.optim.biz\/index.php?rest_route=%2Fwp%2Fv2%2Ftags&post=2077678"}],"curies":[{"name":"wp","href":"https:\/\/api.w.org\/{rel}","templated":true}]}}